{"id":30924,"date":"2020-10-23T07:07:58","date_gmt":"2020-10-23T06:07:58","guid":{"rendered":"https:\/\/speyer24news.com\/?p=30924"},"modified":"2020-10-23T07:18:34","modified_gmt":"2020-10-23T06:18:34","slug":"corona-stadtnotizen-verkehrsnotizen-aus-speyer","status":"publish","type":"post","link":"https:\/\/speyer24news.com\/?p=30924","title":{"rendered":"Corona, Stadtnotizen &#038; Verkehrsnotizen aus Speyer"},"content":{"rendered":"<style type=\"text\/css\">\r\n\t.ads_top_disp{}\r\n\t.ads_top_corner_disp{ float:left; margin:0px 10px 10px 0px; }\r\n\t.ads_first_p_disp{}\r\n\t.ads_bottom_disp{}\r\n\t<\/style>\n<h1 class=\"wp-block-heading\" style=\"text-align:center\">Coronafallzahlen<\/h1>\n\n\n\n<figure class=\"wp-block-image\"><img decoding=\"async\" loading=\"lazy\" width=\"800\" height=\"400\" src=\"https:\/\/speyer24news.com\/wp-content\/uploads\/2020\/02\/virus-1812092_1920.jpg\" alt=\"\" class=\"wp-image-25128\" srcset=\"https:\/\/speyer24news.com\/wp-content\/uploads\/2020\/02\/virus-1812092_1920.jpg 800w, https:\/\/speyer24news.com\/wp-content\/uploads\/2020\/02\/virus-1812092_1920-300x150.jpg 300w, https:\/\/speyer24news.com\/wp-content\/uploads\/2020\/02\/virus-1812092_1920-768x384.jpg 768w\" sizes=\"(max-width: 800px) 100vw, 800px\" \/><\/figure>\n\n\n\n<h2 class=\"wp-block-heading\">Donnerstag, 22.10.2020<\/h2>\n\n\n\n<p>Anzahl best\u00e4tigter F\u00e4lle von Coronavirus (SARS-CoV-2)-Infektionen in der Stadt Speyer: 197 (+ 7)<br>Davon bereits genesen: 162<br>Todesf\u00e4lle: 2<br>Personen in Quarant\u00e4ne: 84<br>Gemeldete F\u00e4lle der letzten sieben Tage pro 100.000 Einwohner*innen: 36<br>Warnstufe: Orange<\/p>\n\n\n\n<p><em>Stand: 22.10.2020, 15:30 Uhr<\/em><\/p>\n\n\n\n<p><em>Kreisgesundheitsamt Rhein-Pfalz-Kreis<br>23.10.2020<\/em><\/p>\n\n\n\n<h2 class=\"wp-block-heading\">Mittwoch, 21.10.2020<\/h2>\n\n\n\n<p>Anzahl best\u00e4tigter F\u00e4lle von Coronavirus (SARS-CoV-2)-Infektionen in der Stadt Speyer: 190 (+ 2)<br>Davon bereits genesen: 162<br>Todesf\u00e4lle: 2<br>Personen in Quarant\u00e4ne: 74<br>Gemeldete F\u00e4lle der letzten sieben Tage pro 100.000 Einwohner*innen: 20<br>Warnstufe: Gelb<\/p>\n\n\n\n<p><em>Stand: 21.10.2020, 15:30 Uhr<\/em><\/p>\n\n\n\n<p><em>Kreisgesundheitsamt Rhein-Pfalz-Kreis<br>22.10.2020<\/em><\/p>\n\n\n\n<h2 class=\"wp-block-heading\"><strong>Steigende Corona-Fallzahlen in Speyer: Warnstufe Orange erreicht \u2013 11. CoBeLVO bis 30. November 2020 verl\u00e4ngert<\/strong><\/h2>\n\n\n\n<div class=\"wp-block-image\"><figure class=\"aligncenter\"><img decoding=\"async\" loading=\"lazy\" width=\"800\" height=\"411\" src=\"https:\/\/speyer24news.com\/wp-content\/uploads\/2020\/10\/122191469_3779282788767845_4813416184154740381_o.jpg\" alt=\"\" class=\"wp-image-30929\" srcset=\"https:\/\/speyer24news.com\/wp-content\/uploads\/2020\/10\/122191469_3779282788767845_4813416184154740381_o.jpg 800w, https:\/\/speyer24news.com\/wp-content\/uploads\/2020\/10\/122191469_3779282788767845_4813416184154740381_o-300x154.jpg 300w, https:\/\/speyer24news.com\/wp-content\/uploads\/2020\/10\/122191469_3779282788767845_4813416184154740381_o-768x395.jpg 768w\" sizes=\"(max-width: 800px) 100vw, 800px\" \/><figcaption>Seit Donnerstag (22.10.2020) auf Warnstufe &#8222;Orange&#8220;<\/figcaption><\/figure><\/div>\n\n\n\n<p>Am Donnerstag, 22 Oktober 2020, hat die Stadt Speyer Warnstufe Orange des Corona Warn- und Aktionsplanes des Landes Rheinland-Pfalz erreicht. Mit einem Inzidenzwert von 36 Neuinfektionen pro 100.000 Einwohner*innen in den letzten sieben Tagen hat Speyer den Grenzwert von 35 knapp \u00fcberschritten.<\/p>\n\n\n\n<p>\u201eDer schnelle Anstieg der Fallzahlen und der Wechsel von Gr\u00fcn auf zun\u00e4chst Gelb und nun Orange innerhalb von nur zwei Tagen zeigt, wie dynamisch die Lage ist. Es gilt nun zu verhindern, dass wir in die rote Phase rutschen. Dazu kann jede und jeder einzelne von uns seinen Teil beitragen. Beachten Sie die bekannten AHA-Regeln, sorgen Sie in Innenr\u00e4umen f\u00fcr eine regelm\u00e4\u00dfige und ausreichende Bel\u00fcftung und nehmen Sie R\u00fccksicht aufeinander\u201c, appelliert Oberb\u00fcrgermeisterin Stefanie Seiler.<\/p>\n\n\n\n<p>Gem\u00e4\u00df den Vorgaben des Corona Warn- und Aktionsplans des Landes Rheinland-Pfalz wird am morgigen Freitagnachmittag eine Corona-Task-Force zusammentreten und \u00fcber m\u00f6gliche Ma\u00dfnahmen zur Eind\u00e4mmung der weiteren Ausbreitung des Coronavirus entscheiden. Die Stadt Speyer wird im Anschluss daran mittels einer Pressemitteilung und deren Ver\u00f6ffentlichungen unter&nbsp;<a href=\"https:\/\/deref-web.de\/mail\/client\/1erN5_NI5UQ\/dereferrer\/?redirectUrl=http%3A%2F%2Fwww.speyer.de%2Fcorona\" target=\"_blank\" rel=\"noreferrer noopener\">www.speyer.de\/corona<\/a>&nbsp;\u00fcber die weiteren Schritte informieren.<\/p>\n\n\n\n<p>Bereits sicher ist, dass der Kommunale Vollzugsdienst ab sofort wieder verst\u00e4rkt die Einhaltung der Regelungen der geltenden 11. Corona Bek\u00e4mpfungsverordnung \u00fcberpr\u00fcfen wird. Dar\u00fcber hinaus wird ab kommender Woche Montag, 26. Oktober 2020, die pers\u00f6nliche Vorsprache bei s\u00e4mtlichen Dienststellen der Stadtverwaltung Speyer nur noch nach vorheriger Terminvereinbarung m\u00f6glich sein. Termine k\u00f6nnen entweder telefonisch oder per E-Mail vereinbart werden.<\/p>\n\n\n\n<p><br>Dar\u00fcber hinaus sei darauf hingewiesen, dass in allen Verwaltungs- und Dienstgeb\u00e4uden der Stadtverwaltung nach wie vor die Verpflichtung zum Tragen einer Mund-Nasen-Bedeckung besteht.<\/p>\n\n\n\n<p>Weiterhin hat das Land Rheinland-Pfalz heute die F\u00fcnfte \u00c4nderungsverordnung zur Elften Corona-Bek\u00e4mpfungsverordnung (11. CoBeLVO) ver\u00f6ffentlicht. Demnach werden ab Montag, 26. Oktober 2020, private Feierlichkeiten und Zusammenk\u00fcnfte nur noch mit maximal 25 gleichzeitig anwesenden Personen erlaubt sein \u2013 unabh\u00e4ngig von der jeweiligen Inzidenz. Dies gilt auch in angemieteten oder zur Verf\u00fcgung gestellten R\u00e4umlichkeiten oder Fl\u00e4chen unter Beachtung der allgemeinen Schutzma\u00dfnahmen. Au\u00dferdem wurde die 11. CoBeLVO bis einschlie\u00dflich 30. November 2020 verl\u00e4ngert.<\/p>\n\n\n\n<p>Das Abstrichzentrum in der Halle 101 nimmt wie bereits mitgeteilt am morgigen Freitag seinen Betrieb auf. Personen aus dem Einzugsgebiet Speyer, die von der Nationalen Teststrategie des Bundesministeriums f\u00fcr Gesundheit erfasst werden, k\u00f6nnen sich dann montags, mittwochs und freitags jeweils zwischen 15 und 18 Uhr in der Halle 101 auf SARS-CoV-2 testen lassen.<\/p>\n\n\n\n<p>Eine vorherige telefonische Terminvereinbarung \u00fcber die Hotline des DRK ist&nbsp;<strong>zwingend erforderlich<\/strong>. Diese ist von montags bis freitags von 9 bis 13 Uhr unter der Telefonnummer 0 62 32 \u2013 600 214 erreichbar.<\/p>\n\n\n\n<p>Die jeweils aktuellen Zahlen f\u00fcr Speyer sowie alle geltenden Rechtgrundlagen und Neuigkeiten zum Thema k\u00f6nnen jederzeit unter\u00a0<a rel=\"noreferrer noopener\" href=\"https:\/\/deref-web.de\/mail\/client\/1erN5_NI5UQ\/dereferrer\/?redirectUrl=http%3A%2F%2Fwww.speyer.de%2Fcorona\" target=\"_blank\">www.speyer.de\/corona<\/a>\u00a0abgerufen werden.\u00a0<\/p>\n\n\n\n<p><em>Stadt Speyer<br>23.10.2020<\/em><\/p>\n\n\n\n<h2 class=\"wp-block-heading\"><strong>Abstrichzentrum in der Halle 101 wird reaktiviert<\/strong><\/h2>\n\n\n\n<div class=\"wp-block-image\"><figure class=\"aligncenter\"><img decoding=\"async\" loading=\"lazy\" width=\"500\" height=\"757\" src=\"https:\/\/speyer24news.com\/wp-content\/uploads\/2020\/03\/20200326_155113.jpg\" alt=\"\" class=\"wp-image-26116\" srcset=\"https:\/\/speyer24news.com\/wp-content\/uploads\/2020\/03\/20200326_155113.jpg 500w, https:\/\/speyer24news.com\/wp-content\/uploads\/2020\/03\/20200326_155113-198x300.jpg 198w\" sizes=\"(max-width: 500px) 100vw, 500px\" \/><\/figure><\/div>\n\n\n\n<p>Aufgrund der steigenden Infektionszahlen wird die Stadt Speyer gemeinsam mit dem DRK Kreisverband Speyer und dem medizinischen Fachberater der Stadt, Dr. Klaus-Peter Wresch, am kommenden <strong>Freitag, 23. Oktober 2020<\/strong>, das Abstrichzentrum in der Halle 101 reaktivieren.<\/p>\n\n\n\n<p>\u201eNach wie vor ist es uns ein besonderes Anliegen, eine wohnortnahe und niedrigschwellige Testm\u00f6glichkeiten f\u00fcr die B\u00fcrgerinnen und B\u00fcrger zu schaffen und gleichzeitig Patientenstr\u00f6me sinnvoll zu steuern und die Praxen der niedergelassenen \u00c4rzte zu entlasten. Die erneute Reaktivierung des Abstrichzentrums war f\u00fcr uns daher obligatorisch\u201c, erl\u00e4utert Oberb\u00fcrgermeisterin Stefanie Seiler.<\/p>\n\n\n\n<p>Ab Freitag, 23. Oktober k\u00f6nnen sich Personen aus dem Einzugsgebiet Speyer, die von der Nationalen Teststrategie des Bundesministeriums f\u00fcr Gesundheit erfasst werden,&nbsp;<strong>montags, mittwochs und freitags<\/strong>&nbsp;jeweils zwischen&nbsp;<strong>15 und 18 Uhr<\/strong>&nbsp;in der Halle 101 auf SARS-CoV-2 testen lassen.<\/p>\n\n\n\n<p>Eine vorherige telefonische&nbsp;<strong>Terminvereinbarung<\/strong>&nbsp;\u00fcber die Hotline des DRK ist&nbsp;<strong>zwingend erforderlich<\/strong>. Diese ist von montags bis freitags von 9 bis 13 Uhr unter der Telefonnummer&nbsp;<a>0 62 32 \u2013 600 214<\/a>&nbsp;erreichbar.<\/p>\n\n\n\n<h4 class=\"wp-block-heading\"><strong>Wer kann sich testen lassen?<\/strong><\/h4>\n\n\n\n<p>Personen, die von der Nationalen Teststrategie des Bundesministeriums f\u00fcr Gesundheit erfasst werden, also:<\/p>\n\n\n\n<ul><li>Kontaktpersonen der Kategorie I nach Kontakt zu einem best\u00e4tigten COVID-19-Fall innerhalb der letzten zehn Tage<\/li><li>Personen, die \u00fcber die Corona-Warn-App \u00fcber ein erh\u00f6htes Infektionsrisiko informiert wurden<\/li><li>Personen, die sich innerhalb der letzten zehn Tage in einem Risikogebiet im In- und Ausland aufgehalten haben<\/li><\/ul>\n\n\n\n<ul><li>Personen mit Symptomen (Fieber, trockener Husten, Atemnot, Geruchs- oder Geschmacksverlust etc.) sollten sich wegen eines Testtermins telefonisch mit ihrem Hausarzt bzw. ihrer Haus\u00e4rztin in Verbindung setzen und das weitere Vorgehen besprechen.<\/li><\/ul>\n\n\n\n<h4 class=\"wp-block-heading\"><strong>Was kostet der Test?<\/strong><\/h4>\n\n\n\n<p>Der Test ist f\u00fcr Personen, die von der Nationalen Teststrategie des Bundesministeriums f\u00fcr Gesundheit erfasst werden, kostenlos (s.o.).<\/p>\n\n\n\n<h4 class=\"wp-block-heading\"><strong>Wie erhalte ich mein Testergebnis?<\/strong><\/h4>\n\n\n\n<p>Personen, die im Abstrichzentrum getestet wurden, k\u00f6nnen ihr Testergebnis in der Regel innerhalb von 48 Stunden elektronisch einsehen. Im Falle eines positiven Testergebnisses werden sie zus\u00e4tzlich telefonisch informiert. Au\u00dferdem meldet sich dann auch das zust\u00e4ndige Gesundheitsamt.<\/p>\n\n\n\n<p>Die Stadt Speyer selbst hat aus datenschutzrechtlichen Gr\u00fcnden keinen Zugriff auf die Testergebnisse.<\/p>\n\n\n\n<h4 class=\"wp-block-heading\"><strong>Was gilt als Risikogebiet?<\/strong><\/h4>\n\n\n\n<p>Als Risikogebiete gelten Staaten oder Regionen innerhalb und au\u00dferhalb der Bundesrepublik Deutschland, in denen ein erh\u00f6htes Infektionsrisiko mit SARS-CoV-2 besteht.<\/p>\n\n\n\n<p>F\u00fcr Staaten und Regionen au\u00dferhalb von Deutschland erfolgt die Einstufung als Risikogebiet durch das Bundesministerium f\u00fcr Gesundheit, das Ausw\u00e4rtige Amt und das Bundeministerium des Innern, f\u00fcr Bau und Heimat. Ver\u00f6ffentlicht wird die entsprechende Auflistung durch das Robert Koch Institut.<\/p>\n\n\n\n<p>Regionen innerhalb der Bundesrepublik gelten als Risikogebiet, solange dort laut der Ver\u00f6ffentlichungen des Robert Koch Instituts innerhalb eines Zeitraums von sieben Tagen mehr als 50 Neuinfektionen pro 100.000 Einwohner*innen auftreten. Der t\u00e4gliche Lagebericht des Robert Koch Instituts kann unter&nbsp;<a href=\"https:\/\/deref-web.de\/mail\/client\/QF3X2jIxwus\/dereferrer\/?redirectUrl=https%3A%2F%2Fwww.rki.de%2FDE%2FContent%2FInfAZ%2FN%2FNeuartiges_Coronavirus%2FSituationsberichte%2FGesamt.html\" target=\"_blank\" rel=\"noreferrer noopener\">https:\/\/www.rki.de\/DE\/Content\/InfAZ\/N\/Neuartiges_Coronavirus\/Situationsberichte\/Gesamt.html<\/a>&nbsp;abgerufen werden.<\/p>\n\n\n\n<h4 class=\"wp-block-heading\"><strong>Was sollten symptomatische Personen tun, die weder eine*n Hausarzt\/Haus\u00e4rztin noch eine der Hotlines erreichen?<\/strong><\/h4>\n\n\n\n<p>Wenn nur leichte Symptome vorhanden sind, sollten Betroffene sich selbst isolieren, d.h. zu Hause bleiben und Kontakte meiden. Falls diese unvermeidlich sind, sollten die AHA-Regeln eingehalten werden&nbsp;(Abstand von mindestens 1,5 Metern &#8211; Hygieneregeln beachten &#8211; Alltagsmasken tragen). Sollten die Beschwerden zunehmen, sollte zun\u00e4chst nochmals versucht werden, die bundesweite Rufnummer des Kassen\u00e4rztlichen Notdienstes in Deutschland 116117 anzurufen. In Notf\u00e4llen (z.B. Atemnot) ist umgehend der Notruf 112 zu kontaktieren.<\/p>\n\n\n\n<h4 class=\"wp-block-heading\"><strong>Werden Schnelltests, Antigen- oder Antik\u00f6rpertests angeboten?<\/strong><\/h4>\n\n\n\n<p>Nein, es werden ausschlie\u00dflich PCR-Tests mit Labordiagnostik angeboten, da diese die genauesten Ergebnisse liefern. Antik\u00f6rpertests sind dar\u00fcber hinaus nicht dazu geeignet, eine akute Infektion mit dem Coronavirus nachzuweisen.<\/p>\n\n\n\n<p><em>Stadt Speyer<br>22.10.2020<\/em><\/p>\n\n\n\n<h1 class=\"wp-block-heading\" style=\"text-align:center\">Stadtnotizen<\/h1>\n\n\n\n<figure class=\"wp-block-image\"><img decoding=\"async\" loading=\"lazy\" width=\"800\" height=\"600\" src=\"https:\/\/speyer24news.com\/wp-content\/uploads\/2020\/01\/Speyer-Stadtnachrichten-2.jpg\" alt=\"\" class=\"wp-image-23901\" srcset=\"https:\/\/speyer24news.com\/wp-content\/uploads\/2020\/01\/Speyer-Stadtnachrichten-2.jpg 800w, https:\/\/speyer24news.com\/wp-content\/uploads\/2020\/01\/Speyer-Stadtnachrichten-2-300x225.jpg 300w, https:\/\/speyer24news.com\/wp-content\/uploads\/2020\/01\/Speyer-Stadtnachrichten-2-768x576.jpg 768w, https:\/\/speyer24news.com\/wp-content\/uploads\/2020\/01\/Speyer-Stadtnachrichten-2-678x509.jpg 678w, https:\/\/speyer24news.com\/wp-content\/uploads\/2020\/01\/Speyer-Stadtnachrichten-2-326x245.jpg 326w, https:\/\/speyer24news.com\/wp-content\/uploads\/2020\/01\/Speyer-Stadtnachrichten-2-80x60.jpg 80w\" sizes=\"(max-width: 800px) 100vw, 800px\" \/><\/figure>\n\n\n\n<h2 class=\"wp-block-heading\"><strong>Stadtvorstand beschlie\u00dft Verl\u00e4ngerung der zinslosen Stundung der Gewerbesteuer<\/strong><\/h2>\n\n\n\n<p>Zur Unterst\u00fctzung der durch die Auswirkungen der Corona-Pandemie angeschlagenen Unternehmen erm\u00f6glicht die Stadt Speyer die zinslose Stundung der Festsetzung der<strong> Gewerbesteuer 2018 bis zum 31. M\u00e4rz 2021<\/strong>. Dies hat der Stadtvorstand beschlossen.<\/p>\n\n\n\n<p>Gewerbetreibende, die von diesem Angebot Gebrauch machen m\u00f6chten, m\u00fcssen einen erneuten Antrag bei der st\u00e4dtischen Steuerabteilung stellen, da bisher beantragte Stundungen zum Jahresende 2020 auslaufen. Der Antrag kann per E-Mail an&nbsp;<a href=\"mailto:peter.imo@stadt-speyer.de\" target=\"_blank\" rel=\"noreferrer noopener\">peter.imo@stadt-speyer.de<\/a>&nbsp;gestellt werden und muss eine kurze Begr\u00fcndung beinhalten, warum die Stundung beantragt wird (beispielsweise Umsatzausfall durch Schlie\u00dfung).&nbsp;<\/p>\n\n\n\n<p>Die Festsetzung der Gewerbesteuer 2019 ist ohnehin bis zum 31. M\u00e4rz 2021 zinslos.<\/p>\n\n\n\n<p>\u201eWir befinden uns nach wie vor in einer Ausnahmesituation, in der viele Betriebe von unsicheren Zukunftsaussichten geplagt mit Sorge die t\u00e4gliche Entwicklung der Fallzahlen beobachten, w\u00e4hrend sie gleichzeitig noch mit den Folgen des Lockdowns im Fr\u00fchjahr k\u00e4mpfen. Mit der Verl\u00e4ngerung der M\u00f6glichkeit der zinslosen Stundung der Gewerbesteuer m\u00f6chten wir weiterhin unb\u00fcrokratisch Entlastung erm\u00f6glichen, um die Auswirkungen der Corona-Pandemie wenigstens abzumildern\u201c, erl\u00e4utert Oberb\u00fcrgermeisterin Seiler die Entscheidung des Stadtvorstandes.<\/p>\n\n\n\n<p>Dar\u00fcber hinaus kann f\u00fcr die Gewerbesteuervorauszahlungen 2021 beim zust\u00e4ndigen Finanzamt eine Herabsetzung bis auf null beantragt werden. Die Kontaktdaten der jeweiligen Ansprechpartner*innen des Finanzamts finden Unternehmen auf ihrem Steuerbescheid.<\/p>\n\n\n\n<p><em>Stadt Speyer<br>22.10.2020<\/em><\/p>\n\n\n\n<h2 class=\"wp-block-heading\"><strong>Stadtwerke warnen vor falschen Anrufen<\/strong><\/h2>\n\n\n\n<figure class=\"wp-block-image\"><img decoding=\"async\" src=\"https:\/\/speyer24news.com\/wp-content\/uploads\/2020\/10\/Telefonbetrug.jpg\" alt=\"\" class=\"wp-image-30925\"\/><\/figure>\n\n\n\n<p>Am Dienstag (20.10.) riefen zahlreiche Kunden bei den Stadtwerken Speyer (SWS) an. Diese informierten dar\u00fcber, dass sie mit Stichwort \u201eStromvertragsoptimierung\u201c angeblich von den SWS angerufen wurden und Z\u00e4hlerst\u00e4nde und Z\u00e4hlernummern mitteilen sollten. Geraten diese Daten in falsche H\u00e4nde, k\u00f6nnen dar\u00fcber \u2013 ungewollt \u2013 Vertr\u00e4ge zustande kommen. Die SWS distanzieren sich von den Anrufen.<\/p>\n\n\n\n<p>Die Stadtwerke stellen klar, dass sie weder Kooperationen mit anderen Energieh\u00e4ndlern haben noch Vertr\u00e4ge\/Tarifwechsel am Telefon anbieten bzw. Z\u00e4hlerdaten abfragen. Die SWS raten, generell keine pers\u00f6nlichen Daten, Z\u00e4hlerst\u00e4nde, Energieverbr\u00e4uche, Bankverbindungen usw. weiterzugeben. Wird man unerw\u00fcnscht kontaktiert, sollten Name, Firma und Telefonnummer des Anrufers notiert werden. Sofern genaue Angaben zu den Anrufern gemacht werden k\u00f6nnen, ist es m\u00f6glich, gemeinsam juristische Schritte einzuleiten. Gegen einige Wettbewerber konnten die SWS mit Unterst\u00fctzung engagierter Kunden bereits erfolgreich gerichtlich vorgehen, worauf die unseri\u00f6sen Aktivit\u00e4ten per Gerichtsbeschluss untersagt wurden. Dennoch kommt es immer wieder zu entsprechenden Vorf\u00e4llen.<\/p>\n\n\n\n<p>Unterst\u00fctzung erhalten Kunden bei den SWS unter Telefon 06232\/625-1110 oder E-Mail: <a href=\"vertrieb@stadtwerke-speyer.de\">vertrieb@stadtwerke-speyer.de<\/a>.<\/p>\n\n\n\n<p><em>Stadtwerke Speyer (SWS) GmbH<br>22.10.2020<\/em><\/p>\n\n\n\n<h2 class=\"wp-block-heading\"><strong>Jugendf\u00f6rderung bietet Werkstattkurs im Streetdance an<\/strong><\/h2>\n\n\n\n<div class=\"wp-block-image\"><figure class=\"alignleft is-resized\"><img decoding=\"async\" loading=\"lazy\" src=\"https:\/\/speyer24news.com\/wp-content\/uploads\/2020\/01\/JuF\u00f6-Speyer.png\" alt=\"\" class=\"wp-image-24520\" width=\"253\" height=\"189\"\/><\/figure><\/div>\n\n\n\n<p>Langeweile in der dunklen, kalten Jahreszeit? Das muss nicht sein! Nach den Herbstferien bietet die Jugendf\u00f6rderung verschiedene Werkstattkurse an. Im Werkstattkurs \u201eStreetdance\u201c gibt es aktuell noch freie Pl\u00e4tze.<\/p>\n\n\n\n<p>Das Angebot richtet sich an Kinder im Alter von 8 bis 11 Jahren und findet <strong>ab dem 5. November 2020 immer donnerstags<\/strong> von 16:00 bis 17:30 Uhr in der Jugendf\u00f6rderung Speyer, Seekatzstra\u00dfe 5, statt.<\/p>\n\n\n\n<p>In der Gruppe werden verschiedene Tanzstile wie Hip Hop, Breakdance, Jazz oder Modern ausprobiert. Dabei sind keinerlei Vorkenntnisse erforderlich. Die eigenen Ideen der Kinder finden sich in einer gemeinsam einstudierten Performance wieder.<\/p>\n\n\n\n<p>Der Kurs findet in einer festen Kleingruppe statt, daher ist auch eine Anmeldung erforderlich. Entsprechende Hygiene- und Schutzma\u00dfnahmen werden selbstverst\u00e4ndlich getroffen. Weitere Informationen zum Werkstattkurs sowie die Anmeldemasken sind auf der Homepage der Jugendf\u00f6rderung&nbsp;<a rel=\"noreferrer noopener\" href=\"https:\/\/deref-web.de\/mail\/client\/TDaI6i91rbM\/dereferrer\/?redirectUrl=http%3A%2F%2Fwww.juf%C3%B6.de\" target=\"_blank\">www.juf\u00f6.de<\/a>&nbsp;zu finden.<\/p>\n\n\n\n<p><em>Stadt Speyer \/ Jugendf\u00f6rderung<br>22.10.2020<\/em><\/p>\n\n\n\n<h2 class=\"wp-block-heading\"><strong>SWS: Digitale Wege nutzen<\/strong><\/h2>\n\n\n\n<figure class=\"wp-block-image\"><img decoding=\"async\" src=\"https:\/\/speyer24news.com\/wp-content\/uploads\/2020\/01\/SWS-Logo-1-1024x356.jpg\" alt=\"\" class=\"wp-image-24475\"\/><\/figure>\n\n\n\n<p>Aufgrund der aktuell steigenden Corona-Zahlen bitten die Stadtwerke Speyer (SWS) darum, den pers\u00f6nlichen Kontakt nur dann zu suchen, wenn es dringend erforderlich ist. Die SWS sind telefonisch (06232\/625-0), per E-Mail (<a href=\"mailto:office@stadtwerke-speyer.de\" target=\"_blank\" rel=\"noreferrer noopener\">office@stadtwerke-speyer.de<\/a>) und \u00fcber das Kundenportal (<a href=\"https:\/\/deref-web.de\/mail\/client\/_Fiy0KaNjb4\/dereferrer\/?redirectUrl=http%3A%2F%2Fwww.stadtwerke-speyer.de%2Fkundenportal\" target=\"_blank\" rel=\"noreferrer noopener\">www.stadtwerke-speyer.de\/kundenportal<\/a>) zu erreichen.<\/p>\n\n\n\n<p>Der Kassenautomat f\u00fcr Bareinzahlungen steht im Kundenzentrum zur Verf\u00fcgung. Prepayment-Karten k\u00f6nnen zu den regul\u00e4ren \u00d6ffnungszeiten aufgeladen werden.<\/p>\n\n\n\n<p>Die SWS bitten die Kundschaft, die turnusm\u00e4\u00dfige Ablesung ihrer Energie- und Wasserz\u00e4hler selbst vorzunehmen. Ablesekarten werden zum gewohnten Zeitfenster an die Haushalte verteilt. Teilbetrags\u00e4nderungen sind digital m\u00f6glich.<\/p>\n\n\n\n<p>\u00d6ffnungszeiten Kundenzentrum, Industriestra\u00dfe 23:<br>Mo, Di, Mi: 7.30 bis 16.00 Uhr<\/p>\n\n\n\n<p>Do: 7.30 bis 18.00 Uhr<\/p>\n\n\n\n<p>Fr: 7.30 bis 13.00 Uhr<\/p>\n\n\n\n<p>Aktuelle Hinweise:&nbsp;<a rel=\"noreferrer noopener\" href=\"https:\/\/deref-web.de\/mail\/client\/AQh2Tvk3XIc\/dereferrer\/?redirectUrl=http%3A%2F%2Fwww.stadtwerke-speyer.de\" target=\"_blank\">www.stadtwerke-speyer.de<\/a>&nbsp;oder MeinSpeyer-App<\/p>\n\n\n\n<p><em>Stadtwerke Speyer (SWS) GmbH<br>22.10.2020<\/em><\/p>\n\n\n\n<h2 class=\"wp-block-heading\"><strong>Softwareumstellung im Fundb\u00fcro<\/strong><\/h2>\n\n\n\n<p>Aufgrund einer gro\u00dfen Softwareumstellung im Fundb\u00fcro, die voraussichtlich bis Anfang November andauern wird, ist vor\u00fcbergehend nur ein eingeschr\u00e4nkter Service m\u00f6glich.<\/p>\n\n\n\n<p>Ausk\u00fcnfte zu Fundsachen k\u00f6nnen nur dienstags und donnerstags gegeben werden, die Abgabe von Fundgegenst\u00e4nden ist aber wie gewohnt zu den \u00fcblichen \u00d6ffnungszeiten im B\u00fcrgerb\u00fcro in der Maximilianstra\u00dfe gew\u00e4hrleistet.<\/p>\n\n\n\n<p>F\u00fcr R\u00fcckfragen zu Fundsachen steht dienstags und donnerstags ein\/e Ansprechpartner*in telefonisch unter 06232 14-2444 zur Verf\u00fcgung.<\/p>\n\n\n\n<p><em>Stadt Speyer \/ Fundb\u00fcro<br>22.10.2020<\/em><\/p>\n\n\n\n<h1 class=\"wp-block-heading\" style=\"text-align:center\">Verkehrsnotizen<\/h1>\n\n\n\n<figure class=\"wp-block-image\"><img decoding=\"async\" loading=\"lazy\" width=\"800\" height=\"565\" src=\"https:\/\/speyer24news.com\/wp-content\/uploads\/2020\/01\/Baustelle-2.jpg\" alt=\"\" class=\"wp-image-23900\" srcset=\"https:\/\/speyer24news.com\/wp-content\/uploads\/2020\/01\/Baustelle-2.jpg 800w, https:\/\/speyer24news.com\/wp-content\/uploads\/2020\/01\/Baustelle-2-300x212.jpg 300w, https:\/\/speyer24news.com\/wp-content\/uploads\/2020\/01\/Baustelle-2-768x542.jpg 768w\" sizes=\"(max-width: 800px) 100vw, 800px\" \/><\/figure>\n\n\n\n<h2 class=\"wp-block-heading\"><strong>Stra\u00dfe Am Technik Museum gesperrt<\/strong><\/h2>\n\n\n\n<p>Ab <strong>Dienstag, 27. Oktober 2020<\/strong>, werden im Gehwegbereich der Industriestra\u00dfe f\u00fcnf Beleuchtungsmasten neu gesetzt. Die Arbeiten, die etwa 14 Tage in Anspruch nehmen werden, machen von der Aral Tankstelle kommend eine Sperrung der Stra\u00dfe Am Technik Museum erforderlich. Der Verkehr wird an der Baustelle \u00fcber die bereits gesperrte Linksabbiegespur vorbei geleitet. Der Gehweg im Baustellenbereich wird gesperrt. Fu\u00dfg\u00e4nger*innen werden \u00fcber die Ampel Am Technik Museum und die Ampel im Bereich der Feuerwehr gef\u00fchrt.<\/p>\n\n\n\n<p>Die Umleitung f\u00fcr den KFZ-Verkehr in Fahrtrichtung Festplatz, aus dem Industriegebiet kommend, erfolgt \u00fcber die Heinkelstra\u00dfe, Am Neuen Rheinhafen und die Geibstra\u00dfe.<\/p>\n\n\n\n<h2 class=\"wp-block-heading\"><strong>Sophie-de-la-Roche-Stra\u00dfe gesperrt<\/strong><\/h2>\n\n\n\n<p>Aufgrund von Fassadenarbeiten wird die Sophie-de-la-Roche-Stra\u00dfe auf H\u00f6he der Hausnummer 8 am <strong>29. Oktober 2020<\/strong> von 9 bis voraussichtlich 13 Uhr f\u00fcr den Durchgangsverkehr gesperrt. F\u00fcr die Dauer der Ma\u00dfnahme wird die Einbahnstra\u00dfenregelung aufgehoben und die Stra\u00dfe beidseitig als Sackgasse ausgewiesen.<\/p>\n\n\n\n<p>F\u00fcr R\u00fcckfragen steht die Stra\u00dfenverkehrsbeh\u00f6rde unter der Rufnummer 14-2938 zur Verf\u00fcgung.<\/p>\n\n\n\n<h2 class=\"wp-block-heading\"><strong>Teilsperrung des Parkplatzes an der Stadthalle<\/strong><\/h2>\n\n\n\n<p>Wegen einer Veranstaltung wird der \u00f6stliche Teilbereich des Parkplatzes an der Stadthalle am <strong>Mittwoch, 28. Oktober 2020<\/strong> f\u00fcr den Individualverkehr gesperrt. Auch Jahres- und Monatsparkscheininhaber*innen k\u00f6nnen an diesem Tag ihre Fahrzeuge nicht dort abstellen.<\/p>\n\n\n\n<p><em>Stadt Speyer<br>22.10.2020<\/em><\/p>\n\n\n\n<h2 class=\"wp-block-heading\"><strong>Eurichsgasse gesperrt<\/strong><\/h2>\n\n\n\n<p>Aufgrund von Dacharbeiten wird die Eurichsgasse in H\u00f6he der Hausnummer 3 <strong>ab dem 23. Oktober bis voraussichtlich 30. Oktober 2020<\/strong> f\u00fcr den Durchgangsverkehr gesperrt.<\/p>\n\n\n\n<p>F\u00fcr die Dauer der Ma\u00dfnahme wird die Stra\u00dfe beidseitig als Sackgasse ausgewiesen und die Einbahnstra\u00dfenregelung aufgehoben.<\/p>\n\n\n\n<p>F\u00fcr R\u00fcckfragen steht die Stra\u00dfenverkehrsbeh\u00f6rde unter der Telefonnummer 14-2938 zur Verf\u00fcgung.<\/p>\n\n\n\n<p><em>Stadt Speyer<br>22.10.2020<\/em><\/p>\n\n\n\n<h2 class=\"wp-block-heading\"><strong>Bankett- und Muldenaushub-Arbeiten am Geh- und Radweg<\/strong><\/h2>\n\n\n\n<p>Seit Mittwoch, den 21. Oktober 2020, finden parallel der B 39 im Bereich Priesterseminar Bauma\u00dfnahmen statt.&nbsp;In den betroffenen Bereichen werden die Bankette abgehoben und die Mulde, die zur Entw\u00e4sserung notwendig ist, wieder hergestellt.<\/p>\n\n\n\n<p>Die Arbeiten sind in zwei Bauabschnitte aufgeteilt: Der erste&nbsp;Bauabschnitt beginnt am 21. Oktober und wird voraussichtlich bis zum 28. Oktober 2020 andauern. Hierf\u00fcr ist eine Sperrung des Geh- und Radwegs zwischen den Stra\u00dfen Am Germansberg und Im Palmer vorgesehen.<\/p>\n\n\n\n<p>Die Arbeiten des zweiten&nbsp;Bauabschnitts werden voraussichtlich vom 28. Oktober <strong>bis 04. November <\/strong>erfolgen. Hierbei werden der Geh- und Radweg zwischen Im Palmer bis&nbsp;zur Einm\u00fcndung Closweg gesperrt.<\/p>\n\n\n\n<p>Eine Sperrung ist deshalb erforderlich, da in den angegebenen Abschnitten Gro\u00dfger\u00e4te wie Bagger und LKW zum Einsatz kommen.<\/p>\n\n\n\n<p>Eine Umleitung wird nicht ausgewiesen, da das \u00f6rtliche Stra\u00dfennetz parallel des Weges genutzt werden kann.<\/p>\n\n\n\n<p>F\u00fcr R\u00fcckfragen steht Ihnen die Tiefbauabteilung unter 14-2237 zur Verf\u00fcgung.<\/p>\n\n\n\n<p><em>Stadt Speyer<br>22.10.2020<\/em><\/p>\n\n\n\n<h2 class=\"wp-block-heading\"><strong>Sanierung der Fugen in der Hasenpfuhlstra\u00dfe<\/strong><\/h2>\n\n\n\n<p>Seit Montag, 19. Oktober 2020, werden die Fugen in der Hasenpfuhlstra\u00dfe im Abschnitt Mittelsteg bis Sonnengasse saniert.<\/p>\n\n\n\n<p>Die Bauzeit ist auf insgesamt <strong>ca. f\u00fcnf Wochen<\/strong> angelegt, sofern die Witterungsbedingungen dies zulassen.<\/p>\n\n\n\n<p>Die Arbeiten sind in drei Bauabschnitte aufgeteilt. Der erste Bauabschnitt verl\u00e4uft vom Mittelsteg bis zur Widdergasse\/B\u00e4rengasse, der zweite von der B\u00e4rengasse bis zur Hausnummer 42 und der dritte von der Hausnummer 42 bis zur Sonnengasse.<\/p>\n\n\n\n<p>Es ist zwingend zu beachten, dass die abgesperrten Fl\u00e4chen\/Arbeitsbereiche nicht betreten werden d\u00fcrfen, da das Fugenmaterial zun\u00e4chst aush\u00e4rten muss.<\/p>\n\n\n\n<p>Um einen reibungslosen Ablauf zu gew\u00e4hrleisten, ist es erforderlich, die Hasenpfuhlstra\u00dfe f\u00fcr die jeweiligen Bauabschnitte f\u00fcr den Stra\u00dfenverkehr komplett zu sperren. Randbereiche wie Gehwege bleiben frei, sodass ein Durchgang f\u00fcr Fu\u00dfg\u00e4nger und Anwohner sichergestellt ist. &nbsp;&nbsp;&nbsp;&nbsp;&nbsp;<\/p>\n\n\n\n<p>Eine Umleitung wird eingerichtet und die Zu- und Abfahrten sind \u00fcber die Widdergasse und die B\u00e4rengasse gew\u00e4hrleistet.<\/p>\n\n\n\n<p>W\u00e4hrend der Bauma\u00dfnahme ist das Parken im Baustellenbereich nicht m\u00f6glich. Als Ersatz stehen den Anwohnern der Hasenpfuhlstra\u00dfe, B\u00e4rengasse und Widdergasse mit einem Anwohnerausweis die Parkpl\u00e4tze auf dem unteren Domparkplatz zur Verf\u00fcgung.<\/p>\n\n\n\n<p>F\u00fcr weitere R\u00fcckfragen steht Ihnen die Tiefbauabteilung unter 14-2237 oder die Stra\u00dfenverkehrsbeh\u00f6rde, unter 14-2938 zur Verf\u00fcgung.<\/p>\n\n\n\n<p><em>Stadt Speyer<br>22.10.2020<\/em><\/p>\n","protected":false},"excerpt":{"rendered":"<div class=\"mh-excerpt\"><p>Coronafallzahlen Donnerstag, 22.10.2020 Anzahl best\u00e4tigter F\u00e4lle von Coronavirus (SARS-CoV-2)-Infektionen in der Stadt Speyer: 197 (+ 7)Davon bereits genesen: 162Todesf\u00e4lle: 2Personen in Quarant\u00e4ne: 84Gemeldete F\u00e4lle der letzten sieben Tage pro 100.000 Einwohner*innen: 36Warnstufe: Orange Stand: 22.10.2020, <a class=\"mh-excerpt-more\" href=\"https:\/\/speyer24news.com\/?p=30924\" title=\"Corona, Stadtnotizen &#038; Verkehrsnotizen aus Speyer\">[&#8230;]<\/a><\/p>\n<\/div>","protected":false},"author":3,"featured_media":23902,"comment_status":"open","ping_status":"open","sticky":false,"template":"","format":"standard","meta":{"_monsterinsights_skip_tracking":false,"_monsterinsights_sitenote_active":false,"_monsterinsights_sitenote_note":"","_monsterinsights_sitenote_category":0,"footnotes":""},"categories":[47],"tags":[6366,8523,6401,6940,8725,8281,6358,7003,7151,8729,8726,8732,42,5202,8731,8730,6,1296,31,1442,8728,8727],"aioseo_notices":[],"amp_enabled":true,"_links":{"self":[{"href":"https:\/\/speyer24news.com\/index.php?rest_route=\/wp\/v2\/posts\/30924"}],"collection":[{"href":"https:\/\/speyer24news.com\/index.php?rest_route=\/wp\/v2\/posts"}],"about":[{"href":"https:\/\/speyer24news.com\/index.php?rest_route=\/wp\/v2\/types\/post"}],"author":[{"embeddable":true,"href":"https:\/\/speyer24news.com\/index.php?rest_route=\/wp\/v2\/users\/3"}],"replies":[{"embeddable":true,"href":"https:\/\/speyer24news.com\/index.php?rest_route=%2Fwp%2Fv2%2Fcomments&post=30924"}],"version-history":[{"count":2,"href":"https:\/\/speyer24news.com\/index.php?rest_route=\/wp\/v2\/posts\/30924\/revisions"}],"predecessor-version":[{"id":30930,"href":"https:\/\/speyer24news.com\/index.php?rest_route=\/wp\/v2\/posts\/30924\/revisions\/30930"}],"wp:featuredmedia":[{"embeddable":true,"href":"https:\/\/speyer24news.com\/index.php?rest_route=\/wp\/v2\/media\/23902"}],"wp:attachment":[{"href":"https:\/\/speyer24news.com\/index.php?rest_route=%2Fwp%2Fv2%2Fmedia&parent=30924"}],"wp:term":[{"taxonomy":"category","embeddable":true,"href":"https:\/\/speyer24news.com\/index.php?rest_route=%2Fwp%2Fv2%2Fcategories&post=30924"},{"taxonomy":"post_tag","embeddable":true,"href":"https:\/\/speyer24news.com\/index.php?rest_route=%2Fwp%2Fv2%2Ftags&post=30924"}],"curies":[{"name":"wp","href":"https:\/\/api.w.org\/{rel}","templated":true}]}}