{"id":30944,"date":"2020-10-23T17:32:30","date_gmt":"2020-10-23T16:32:30","guid":{"rendered":"https:\/\/speyer24news.com\/?p=30944"},"modified":"2020-10-23T17:32:32","modified_gmt":"2020-10-23T16:32:32","slug":"speyer-aktuell-39","status":"publish","type":"post","link":"https:\/\/speyer24news.com\/?p=30944","title":{"rendered":"Speyer Aktuell"},"content":{"rendered":"<style type=\"text\/css\">\r\n\t.ads_top_disp{}\r\n\t.ads_top_corner_disp{ float:left; margin:0px 10px 10px 0px; }\r\n\t.ads_first_p_disp{}\r\n\t.ads_bottom_disp{}\r\n\t<\/style>\n<h2 class=\"wp-block-heading\"><strong>Coronabedingte Verst\u00e4rkerfahrten im Sch\u00fclerverkehr<\/strong><\/h2>\n\n\n\n<figure class=\"wp-block-image\"><img decoding=\"async\" loading=\"lazy\" width=\"800\" height=\"533\" src=\"https:\/\/speyer24news.com\/wp-content\/uploads\/2020\/06\/london-4416306_1920.jpg\" alt=\"\" class=\"wp-image-28570\" srcset=\"https:\/\/speyer24news.com\/wp-content\/uploads\/2020\/06\/london-4416306_1920.jpg 800w, https:\/\/speyer24news.com\/wp-content\/uploads\/2020\/06\/london-4416306_1920-300x200.jpg 300w, https:\/\/speyer24news.com\/wp-content\/uploads\/2020\/06\/london-4416306_1920-768x512.jpg 768w\" sizes=\"(max-width: 800px) 100vw, 800px\" \/><\/figure>\n\n\n\n<p>Ab Montag, 26. Oktober 2020, setzt die Stadt Speyer am Morgen w\u00e4hrend der Hauptverkehrszeit zwei zus\u00e4tzliche Busse f\u00fcr die Sch\u00fclerbef\u00f6rderung ein. Damit reagiert die Stadt auf den Bedarf an zus\u00e4tzlichen Fahrten, um \u00fcberf\u00fcllte Busse zu vermeiden. Nach der Zusage des Landes, eine festgelegte Anzahl an Verst\u00e4rkerbussen finanziell zu f\u00f6rdern und nach \u00dcberpr\u00fcfung der betrieblichen M\u00f6glichkeiten wurde nun der Einsatz von zwei zus\u00e4tzlichen Wagen des Busunternehmens Palatina Bus in die Wege geleitet.<\/p>\n\n\n\n<p>Schuldezernentin Monika Kabs betont dar\u00fcber hinaus, dass \u201edie Stadt Speyer in den kommenden Tagen und Wochen beobachtet, wie sich die Auslastung der Busse in der k\u00e4lteren Jahreszeit entwickelt und gegebenenfalls weitere Ma\u00dfnahmen in die Wege leiten wird.\u201c<\/p>\n\n\n\n<p>Die Linien 507 und 573, die abschnittsweise einer starken Belastung ausgesetzt sind, werden wie folgt unterst\u00fctzt:<\/p>\n\n\n\n<h4 class=\"wp-block-heading\"><strong>Linie 507 (Harthausen \u2013 Hanhofen \u2013 Dudenhofen \u2013 Speyer):<\/strong><\/h4>\n\n\n\n<p><em>von<\/em>&nbsp;Harthausen, Autohaus Engel: 07:08 Uhr<\/p>\n\n\n\n<p><em>nach<\/em>&nbsp;Speyer, Karl-Leiling-Allee: 07:45 Uhr<\/p>\n\n\n\n<h4 class=\"wp-block-heading\"><strong>Linie 573 (Iggelheim \u2013 Speyer)<\/strong><\/h4>\n\n\n\n<p><em>von<\/em>&nbsp;Iggelheim, Eisenbahnstra\u00dfe Hin: 06:56 Uhr<\/p>\n\n\n\n<p><em>nach<\/em>&nbsp;Speyer, Stadthalle R\u00fcck: 07:18 Uhr<\/p>\n\n\n\n<p><em>Leerfahrt nach Dudenhofen, Kirche<\/em><\/p>\n\n\n\n<h4 class=\"wp-block-heading\"><strong>Linie 507 (Dudenhofen \u2013 Speyer)<\/strong><\/h4>\n\n\n\n<p><em>von<\/em>&nbsp;Dudenhofen, Kirche: 07:31 Uhr<\/p>\n\n\n\n<p><em>nach<\/em>\u00a0Speyer, Karl-Leiling-Allee: 07:53 Uhr<\/p>\n\n\n\n<p><em>Stadtverwaltung Speyer<br>23.10.2020<\/em><\/p>\n\n\n\n<h2 class=\"wp-block-heading\"><strong>Warnung vor Blaualgen im Speyerlachsee<\/strong><\/h2>\n\n\n\n<figure class=\"wp-block-image\"><img decoding=\"async\" src=\"https:\/\/speyer24news.com\/wp-content\/uploads\/2020\/10\/Achtung-Wichtig-1.png\" alt=\"\" class=\"wp-image-30945\"\/><\/figure>\n\n\n\n<p>Die Stadtverwaltung Speyer informiert, dass am Speyerlachsee ein Gesundheitsrisiko durch potenziell toxische Cyanobakterien (Blaualgen) im Wasser bestehen. Das Landesamt f\u00fcr Umwelt hat bei der routinem\u00e4\u00dfigen Untersuchung am Donnerstag, 22. Oktober 2020 eine Massenentwicklung der sogenannten Blaualge beobachtet.<\/p>\n\n\n\n<h4 class=\"wp-block-heading\"><strong>Gesundheitsauswirkungen auf Mensch und Tier<\/strong><\/h4>\n\n\n\n<p>Diese Art der Cyanobakterien ist toxisch und kann bei der Aufnahme der Aerosole bei empfindlichen Menschen zu Asthma f\u00fchren. Eltern von kleineren Kindern, \u00e4ltere Menschen sowie Menschen mit einem geschw\u00e4chten Immunsystem sollten daher besondere Vorsicht walten lassen.<\/p>\n\n\n\n<p>Grunds\u00e4tzlich ist die Alge f\u00fcr den Menschen aber nur dann sch\u00e4dlich, wenn sie direkt und in gro\u00dfen Mengen eingenommen wird. Halter von Tieren sollten aber darauf achten, dass diese nicht ins Wasser gehen oder davon trinken. Schon geringe Mengen k\u00f6nnen f\u00fcr die Tiere t\u00f6dlich sein.<\/p>\n\n\n\n<h4 class=\"wp-block-heading\"><strong>Verhalten bei Kontakt mit den Blaualgen:<\/strong><\/h4>\n\n\n\n<ul><li>Auff\u00e4llig gef\u00e4rbte Bereiche meiden<\/li><li>Kein Wasser schlucken<\/li><li>Hautkontakt mit gr\u00fcnlich gef\u00e4rbten Antreibungen\/Schlieren insbesondere bei Kleinkindern meiden<\/li><li>Nach Kontakt betroffene Bereiche gr\u00fcndlich mit Frischwasser abwaschen\/-duschen<\/li><li>Tiere kein Wasser trinken lassen<\/li><\/ul>\n\n\n\n<p><em>Stadtverwaltung Speyer<br>23.10.2020<\/em><\/p>\n","protected":false},"excerpt":{"rendered":"<div class=\"mh-excerpt\"><p>Coronabedingte Verst\u00e4rkerfahrten im Sch\u00fclerverkehr Ab Montag, 26. Oktober 2020, setzt die Stadt Speyer am Morgen w\u00e4hrend der Hauptverkehrszeit zwei zus\u00e4tzliche Busse f\u00fcr die Sch\u00fclerbef\u00f6rderung ein. Damit reagiert die Stadt auf den Bedarf an zus\u00e4tzlichen Fahrten, <a class=\"mh-excerpt-more\" href=\"https:\/\/speyer24news.com\/?p=30944\" title=\"Speyer Aktuell\">[&#8230;]<\/a><\/p>\n<\/div>","protected":false},"author":3,"featured_media":23902,"comment_status":"open","ping_status":"open","sticky":false,"template":"","format":"standard","meta":{"_monsterinsights_skip_tracking":false,"_monsterinsights_sitenote_active":false,"_monsterinsights_sitenote_note":"","_monsterinsights_sitenote_category":0,"footnotes":""},"categories":[9],"tags":[8734,6345,6401,6359,6358,8733,6,8735,8736],"aioseo_notices":[],"amp_enabled":true,"_links":{"self":[{"href":"https:\/\/speyer24news.com\/index.php?rest_route=\/wp\/v2\/posts\/30944"}],"collection":[{"href":"https:\/\/speyer24news.com\/index.php?rest_route=\/wp\/v2\/posts"}],"about":[{"href":"https:\/\/speyer24news.com\/index.php?rest_route=\/wp\/v2\/types\/post"}],"author":[{"embeddable":true,"href":"https:\/\/speyer24news.com\/index.php?rest_route=\/wp\/v2\/users\/3"}],"replies":[{"embeddable":true,"href":"https:\/\/speyer24news.com\/index.php?rest_route=%2Fwp%2Fv2%2Fcomments&post=30944"}],"version-history":[{"count":1,"href":"https:\/\/speyer24news.com\/index.php?rest_route=\/wp\/v2\/posts\/30944\/revisions"}],"predecessor-version":[{"id":30946,"href":"https:\/\/speyer24news.com\/index.php?rest_route=\/wp\/v2\/posts\/30944\/revisions\/30946"}],"wp:featuredmedia":[{"embeddable":true,"href":"https:\/\/speyer24news.com\/index.php?rest_route=\/wp\/v2\/media\/23902"}],"wp:attachment":[{"href":"https:\/\/speyer24news.com\/index.php?rest_route=%2Fwp%2Fv2%2Fmedia&parent=30944"}],"wp:term":[{"taxonomy":"category","embeddable":true,"href":"https:\/\/speyer24news.com\/index.php?rest_route=%2Fwp%2Fv2%2Fcategories&post=30944"},{"taxonomy":"post_tag","embeddable":true,"href":"https:\/\/speyer24news.com\/index.php?rest_route=%2Fwp%2Fv2%2Ftags&post=30944"}],"curies":[{"name":"wp","href":"https:\/\/api.w.org\/{rel}","templated":true}]}}