{"id":30947,"date":"2020-10-23T17:56:09","date_gmt":"2020-10-23T16:56:09","guid":{"rendered":"https:\/\/speyer24news.com\/?p=30947"},"modified":"2020-10-23T17:56:10","modified_gmt":"2020-10-23T16:56:10","slug":"ludwigshafen-4","status":"publish","type":"post","link":"https:\/\/speyer24news.com\/?p=30947","title":{"rendered":"Ludwigshafen"},"content":{"rendered":"<style type=\"text\/css\">\r\n\t.ads_top_disp{}\r\n\t.ads_top_corner_disp{ float:left; margin:0px 10px 10px 0px; }\r\n\t.ads_first_p_disp{}\r\n\t.ads_bottom_disp{}\r\n\t<\/style>\n<div class=\"wp-block-image\"><figure class=\"aligncenter\"><img decoding=\"async\" loading=\"lazy\" width=\"180\" height=\"199\" src=\"https:\/\/speyer24news.com\/wp-content\/uploads\/2020\/01\/Ludwigshafen-Wappen.jpg\" alt=\"\" class=\"wp-image-24393\"\/><\/figure><\/div>\n\n\n\n<h2 class=\"wp-block-heading\"><strong>Corona-Virus: Stadtverwaltung erl\u00e4sst Allgemeinverf\u00fcgung zur Eind\u00e4mmung der Infektionszahlen<\/strong><\/h2>\n\n\n\n<div class=\"wp-block-image\"><figure class=\"aligncenter\"><img decoding=\"async\" loading=\"lazy\" width=\"500\" height=\"500\" src=\"https:\/\/speyer24news.com\/wp-content\/uploads\/2020\/02\/virus-4810549_1920.png\" alt=\"\" class=\"wp-image-25116\" srcset=\"https:\/\/speyer24news.com\/wp-content\/uploads\/2020\/02\/virus-4810549_1920.png 500w, https:\/\/speyer24news.com\/wp-content\/uploads\/2020\/02\/virus-4810549_1920-150x150.png 150w, https:\/\/speyer24news.com\/wp-content\/uploads\/2020\/02\/virus-4810549_1920-300x300.png 300w\" sizes=\"(max-width: 500px) 100vw, 500px\" \/><\/figure><\/div>\n\n\n\n<p>Anl\u00e4sslich steigender Infektionszahlen in Ludwigshafen hat die Stadtverwaltung am Donnerstag, 22. Oktober 2020, eine Allgemeinverf\u00fcgung erlassen, die unter anderem Einschr\u00e4nkungen des \u00f6ffentlichen Lebens, versch\u00e4rfte Kontaktbeschr\u00e4nkungen, eine Maskenpflicht im Innenstadtbereich und Sperrstunden beinhaltet. Sie gilt ab <strong>Freitag, 23. Oktober 2020, 0 Uhr.<\/strong> Auf die Inhalte der Allgemeinverf\u00fcgung, die zun\u00e4chst bis 22. November 2020 g\u00fcltig ist, hatten sich bei Gespr\u00e4chen der Corona Task Force die Stadt Ludwigshafen und das Land Rheinland-Pfalz verst\u00e4ndigt.<\/p>\n\n\n\n<p>Im Zuge der Feinabstimmung wurden in einigen wenigen Bereichen noch einmal Anpassungen vorgenommen. So regelt die Verf\u00fcgung beispielsweise, dass auf dem gesamten Berliner Platz Maskenpflicht besteht, gemeinsames sportliches Training in Hallen und anderen Innensportanlagen nur mit bis zu f\u00fcnf Personen bei festen Kleingruppen erlaubt ist sowie Gruppenkursen in Fitness-, Tanzstudios und \u00e4hnlichen Einrichtungen nur mit bis zu zehn Personen angeboten werden d\u00fcrfen.<\/p>\n\n\n\n<div class=\"wp-block-image\"><figure class=\"aligncenter\"><img decoding=\"async\" loading=\"lazy\" width=\"872\" height=\"875\" src=\"https:\/\/speyer24news.com\/wp-content\/uploads\/2020\/10\/LU-Maskenpflicht.png\" alt=\"\" class=\"wp-image-30948\" srcset=\"https:\/\/speyer24news.com\/wp-content\/uploads\/2020\/10\/LU-Maskenpflicht.png 872w, https:\/\/speyer24news.com\/wp-content\/uploads\/2020\/10\/LU-Maskenpflicht-150x150.png 150w, https:\/\/speyer24news.com\/wp-content\/uploads\/2020\/10\/LU-Maskenpflicht-300x300.png 300w, https:\/\/speyer24news.com\/wp-content\/uploads\/2020\/10\/LU-Maskenpflicht-768x771.png 768w\" sizes=\"(max-width: 872px) 100vw, 872px\" \/><\/figure><\/div>\n\n\n\n<h3 class=\"wp-block-heading\">Hier\nnoch einmal die wesentlichen Regelungen im \u00dcberblick:<\/h3>\n\n\n\n<h4 class=\"wp-block-heading\"><strong>Veranstaltungen<\/strong><\/h4>\n\n\n\n<p><strong>Veranstaltungen im Freien<\/strong> sind nur mit bis zu 100 gleichzeitig anwesenden Personen unter Beachtung der allgemeinen Schutzma\u00dfnahmen zul\u00e4ssig.<\/p>\n\n\n\n<p><strong>Veranstaltungen in\ngeschlossenen R\u00e4umen<\/strong>\nsind nur mit bis zu 50 gleichzeitig anwesenden Personen unter Beachtung der\nallgemeinen Schutzma\u00dfnamen zul\u00e4ssig.<\/p>\n\n\n\n<p><strong>Veranstaltungen nicht\ngewerblicher Art<\/strong> mit\nzuvor eindeutig festgelegtem Personenkreis sind nur mit bis zu zehn\ngleichzeitig anwesenden Personen im \u00f6ffentlichen Raum, auch in angemieteten\noder zur Verf\u00fcgung gestellten R\u00e4umlichkeiten oder Fl\u00e4chen zul\u00e4ssig<\/p>\n\n\n\n<h4 class=\"wp-block-heading\"><strong>Maskenpflicht (Mund-Nasen-Bedeckung)<\/strong><\/h4>\n\n\n\n<div class=\"wp-block-image\"><figure class=\"aligncenter\"><img decoding=\"async\" loading=\"lazy\" width=\"500\" height=\"707\" src=\"https:\/\/speyer24news.com\/wp-content\/uploads\/2020\/10\/Lu-Maskenpflicht-2.png\" alt=\"\" class=\"wp-image-30949\" srcset=\"https:\/\/speyer24news.com\/wp-content\/uploads\/2020\/10\/Lu-Maskenpflicht-2.png 500w, https:\/\/speyer24news.com\/wp-content\/uploads\/2020\/10\/Lu-Maskenpflicht-2-212x300.png 212w\" sizes=\"(max-width: 500px) 100vw, 500px\" \/><\/figure><\/div>\n\n\n\n<p><strong>Maskenpflicht<\/strong> gilt in einem definierten <strong>Innenstadtbereich<\/strong><\/p>\n\n\n\n<p><strong>Maskenpflicht<\/strong> gilt an allen <strong>Schulen<\/strong> im Stadtgebiet Ludwigshafen w\u00e4hrend der gesamten Schulzeit,\neinschlie\u00dflich des Unterrichts. Ausgenommen davon sind Grundschulen, die\nPrimarstufe an F\u00f6rderschulen sowie Schulen mit dem F\u00f6rderschwerpunkt\nganzheitliche Entwicklung oder dem F\u00f6rderschwerpunkt motorische Entwicklung.<\/p>\n\n\n\n<p>Bei\nder <strong>Erwachsenenbildung<\/strong>, beruflichen\nBildung oder Weiterbildung und in privaten Bildungseinrichtungen ist eine\nMund-Nasen-Bedeckung auch im Unterricht zu tragen.<\/p>\n\n\n\n<h4 class=\"wp-block-heading\"><strong>Gastronomie\nund Handel<\/strong><\/h4>\n\n\n\n<p>Gastst\u00e4tten wie Restaurants, Kneipen, Schank- und Speisewirtschaften, Strau\u00dfwirtschaften, Bars, Mensen, Kantinen, Hotelrestaurants und -bars, Eisdielen und Eiscaf\u00e9s d\u00fcrfen zwischen 23 Uhr und 6 Uhr keine alkoholhaltigen Getr\u00e4nke ausschenken oder zum Au\u00dfer-Haus-Verzehr abgeben<br>Verkaufsst\u00e4tten und \u00e4hnliche Einrichtungen, insbesondere Tankstellen, Kioske, Einzelhandelsgesch\u00e4fte und Superm\u00e4rkte d\u00fcrfen zwischen 23 Uhr und 6 Uhr keine alkoholhaltigen Getr\u00e4nke abgeben.\u00a0\u00a0\u00a0\u00a0\u00a0<\/p>\n\n\n\n<p>F\u00fcr\ndie Gastronomie ist 23 Uhr Sperrstunde.<\/p>\n\n\n\n<h4 class=\"wp-block-heading\"><strong>Sport\nund Freizeit<\/strong><\/h4>\n\n\n\n<p>F\u00fcr\ndas gemeinsame sportliche Training sind nur bis zu zehn Personen auf <strong>Sportanlagen im Freien<\/strong> bei festen\nKleingruppen zul\u00e4ssig. Wettkampfsimulationen sowie Kontaktsport im Training\nsind verboten. Von den Beschr\u00e4nkungen ausgenommen ist der\nPflichtwettkampfbetrieb in allen Sportarten und Klassen. <\/p>\n\n\n\n<p>Zuschauer*innen\nsind nicht zugelassen<\/p>\n\n\n\n<p>Von\nden Beschr\u00e4nkungen ausgenommen ist der Trainings- und Wettkampfbetrieb im\nLeistungs- und Profisport.<\/p>\n\n\n\n<p>Auf\n<strong>Sportanlagen im Innenbereich (Hallen,\netc.)<\/strong> ist das gemeinsame sportliche Training nur mit bis zu f\u00fcnf Personen\nbei festen Kleingruppen zul\u00e4ssig. Wettkampfsimulationen sowie Kontaktsport im\nTraining sind verboten. Von den Beschr\u00e4nkungen ausgenommen ist der\nPflichtwettkampfbetrieb in allen Sportarten und Klassen. Ferner wird die Anzahl\nder zeitgleich anwesenden Personen auf eine Person pro zehn Quadratmeter Fl\u00e4che\nbegrenzt. Zuschauer*innen sind nicht zugelassen.<\/p>\n\n\n\n<p>Von\nden Beschr\u00e4nkungen ausgenommen ist der Trainings- und Wettkampfbetrieb im\nLeistungs- und Profisport.<\/p>\n\n\n\n<p>Gruppenkursen\nin <strong>Tanzstudios<\/strong> und \u00e4hnlichen\nEinrichtungen sind nur mit bis zu 10 Personen zul\u00e4ssig.<\/p>\n\n\n\n<p>Gruppenkursen\nin <strong>Fitnessstudios<\/strong> und \u00e4hnlichen\nEinrichtungen sind nur mit bis zu 10 Personen zul\u00e4ssig.<\/p>\n\n\n\n<h4 class=\"wp-block-heading\"><strong>Messen\nund Spielhallen<\/strong><\/h4>\n\n\n\n<p>Messen,\nAusstellungen und Floh- und Tr\u00f6delm\u00e4rkte, Spezialm\u00e4rkte und \u00e4hnlichen M\u00e4rkten\ni.S.d. LMAMG, auf denen verschiedene Waren angeboten werden, sind nicht\nerlaubt. Wochenm\u00e4rkte d\u00fcrfen stattfinden<\/p>\n\n\n\n<p>In\nSpielhallen, Wettvermittlungsstellen sowie Internetcaf\u00e9s und \u00e4hnlichen\nEinrichtungen gilt, dass die Anzahl der zeitgleich anwesenden Personen auf eine\nPerson pro zehn Quadratmeter Verkaufs- oder Besucherfl\u00e4che begrenzt wird.<\/p>\n\n\n\n<p>Oberb\u00fcrgermeisterin\nJutta Steinruck appelliert an die B\u00fcrger*innen, sich an die ausgeweiteten\nVorgaben zu halten, um sich selbst und andere Menschen bestm\u00f6glich zu sch\u00fctzen.\n&#8222;Im Sinne der Gesundheit aller, ist es wichtig, dass die versch\u00e4rften\nKontaktbeschr\u00e4nkungen eingehalten sowie die bestehenden Abstandsgebote und\nHygieneregeln konsequent beachtet werden, damit die Zahl der Neuninfektionen\nzur\u00fcckgedr\u00e4ngt werden kann. Dies kann nur gelingen, wenn wir als st\u00e4dtische\nGemeinschaft an einem Strang ziehen. Uns ist bewusst, dass wir den Menschen mit\ndiesen Kontaktbeschr\u00e4nkungen viel zumuten. Wir werden die Infektionszahlen aber\nsehr genau beobachten, im Fall von sinkenden Zahlen in den kommenden Wochen ist\nes m\u00f6glich, die Beschr\u00e4nkungen schrittweise zu lockern&#8220;, erg\u00e4nzt\nSteinruck.<\/p>\n\n\n\n<h4 class=\"wp-block-heading\"><strong>Schilder\nweisen auf Maskenpflicht hin<\/strong><\/h4>\n\n\n\n<p>Bis zum Wochenende wird die Stadtverwaltung in der Innenstadt mit rund 100 Schildern auf die ab morgen geltende Maskenpflicht aufmerksam machen. Diese Schilder werden kurzfristig provisorisch angebracht und im Lauf der kommenden Wochen durch eine feste Beschilderung ersetzt. Die Schilder weisen in mehreren Sprachen (Deutsch, Englisch, Franz\u00f6sisch, T\u00fcrkisch und Arabisch) auf die Maskenpflicht hin.<\/p>\n\n\n\n<p>Maskenpflicht besteht in der Prinzregentenstra\u00dfe, Bismarckstra\u00dfe, Ludwigstra\u00dfe, auf dem Rathausplatz, dem Ludwigsplatz, in der Schulstra\u00dfe (zwischen Bismarckstra\u00dfe und Ludwigsplatz), Bahnhofstra\u00dfe (zwischen Berliner Stra\u00dfe und Rhein-Galerie), Kaiser-Wilhelm-Stra\u00dfe (zwischen Bismarckstra\u00dfe und Zollhofstra\u00dfe), Wredestra\u00dfe (zwischen Bismarckstra\u00dfe und Lichtenbergerstra\u00dfe), auf dem Berliner Platz und in der Mundenheimer Stra\u00dfe (zwischen Yorckstra\u00dfe und Pfalzgrafenstra\u00dfe).<\/p>\n\n\n\n<p><em>Stadt Ludwigshafen am Rhein<br>23.10.2020<\/em><\/p>\n","protected":false},"excerpt":{"rendered":"<div class=\"mh-excerpt\"><p>Corona-Virus: Stadtverwaltung erl\u00e4sst Allgemeinverf\u00fcgung zur Eind\u00e4mmung der Infektionszahlen Anl\u00e4sslich steigender Infektionszahlen in Ludwigshafen hat die Stadtverwaltung am Donnerstag, 22. Oktober 2020, eine Allgemeinverf\u00fcgung erlassen, die unter anderem Einschr\u00e4nkungen des \u00f6ffentlichen Lebens, versch\u00e4rfte Kontaktbeschr\u00e4nkungen, eine Maskenpflicht <a class=\"mh-excerpt-more\" href=\"https:\/\/speyer24news.com\/?p=30947\" title=\"Ludwigshafen\">[&#8230;]<\/a><\/p>\n<\/div>","protected":false},"author":3,"featured_media":24395,"comment_status":"open","ping_status":"open","sticky":false,"template":"","format":"standard","meta":{"_monsterinsights_skip_tracking":false,"_monsterinsights_sitenote_active":false,"_monsterinsights_sitenote_note":"","_monsterinsights_sitenote_category":0,"footnotes":""},"categories":[2098],"tags":[8738,5904,8737,153,2144,6727],"aioseo_notices":[],"amp_enabled":true,"_links":{"self":[{"href":"https:\/\/speyer24news.com\/index.php?rest_route=\/wp\/v2\/posts\/30947"}],"collection":[{"href":"https:\/\/speyer24news.com\/index.php?rest_route=\/wp\/v2\/posts"}],"about":[{"href":"https:\/\/speyer24news.com\/index.php?rest_route=\/wp\/v2\/types\/post"}],"author":[{"embeddable":true,"href":"https:\/\/speyer24news.com\/index.php?rest_route=\/wp\/v2\/users\/3"}],"replies":[{"embeddable":true,"href":"https:\/\/speyer24news.com\/index.php?rest_route=%2Fwp%2Fv2%2Fcomments&post=30947"}],"version-history":[{"count":1,"href":"https:\/\/speyer24news.com\/index.php?rest_route=\/wp\/v2\/posts\/30947\/revisions"}],"predecessor-version":[{"id":30950,"href":"https:\/\/speyer24news.com\/index.php?rest_route=\/wp\/v2\/posts\/30947\/revisions\/30950"}],"wp:featuredmedia":[{"embeddable":true,"href":"https:\/\/speyer24news.com\/index.php?rest_route=\/wp\/v2\/media\/24395"}],"wp:attachment":[{"href":"https:\/\/speyer24news.com\/index.php?rest_route=%2Fwp%2Fv2%2Fmedia&parent=30947"}],"wp:term":[{"taxonomy":"category","embeddable":true,"href":"https:\/\/speyer24news.com\/index.php?rest_route=%2Fwp%2Fv2%2Fcategories&post=30947"},{"taxonomy":"post_tag","embeddable":true,"href":"https:\/\/speyer24news.com\/index.php?rest_route=%2Fwp%2Fv2%2Ftags&post=30947"}],"curies":[{"name":"wp","href":"https:\/\/api.w.org\/{rel}","templated":true}]}}