{"id":31076,"date":"2020-11-03T08:38:02","date_gmt":"2020-11-03T07:38:02","guid":{"rendered":"https:\/\/speyer24news.com\/?p=31076"},"modified":"2020-11-03T08:38:04","modified_gmt":"2020-11-03T07:38:04","slug":"corona-stadtnotizen-und-verkehrsnotizen-aus-speyer-2","status":"publish","type":"post","link":"https:\/\/speyer24news.com\/?p=31076","title":{"rendered":"Corona, Stadtnotizen und Verkehrsnotizen aus Speyer"},"content":{"rendered":"<style type=\"text\/css\">\r\n\t.ads_top_disp{}\r\n\t.ads_top_corner_disp{ float:left; margin:0px 10px 10px 0px; }\r\n\t.ads_first_p_disp{}\r\n\t.ads_bottom_disp{}\r\n\t<\/style>\n<h1 class=\"wp-block-heading\" style=\"text-align:center\">Corona-Fallzahlen<\/h1>\n\n\n\n<figure class=\"wp-block-image\"><img decoding=\"async\" loading=\"lazy\" width=\"800\" height=\"400\" src=\"https:\/\/speyer24news.com\/wp-content\/uploads\/2020\/02\/virus-1812092_1920.jpg\" alt=\"\" class=\"wp-image-25128\" srcset=\"https:\/\/speyer24news.com\/wp-content\/uploads\/2020\/02\/virus-1812092_1920.jpg 800w, https:\/\/speyer24news.com\/wp-content\/uploads\/2020\/02\/virus-1812092_1920-300x150.jpg 300w, https:\/\/speyer24news.com\/wp-content\/uploads\/2020\/02\/virus-1812092_1920-768x384.jpg 768w\" sizes=\"(max-width: 800px) 100vw, 800px\" \/><\/figure>\n\n\n\n<h2 class=\"wp-block-heading\">Montag, 02.11.2020<\/h2>\n\n\n\n<p>Anzahl best\u00e4tigter F\u00e4lle von Coronavirus (SARS-CoV-2)-Infektionen in der Stadt Speyer: 284 (+ 12)<br>Davon bereits genesen: 172<br>Todesf\u00e4lle: 2<br>Gemeldete F\u00e4lle der letzten sieben Tage pro 100.000 Einwohner*innen: 118,7<br>Warnstufe: Rot<\/p>\n\n\n\n<p><em>Stand: 02.11.2020, 14:00 Uhr<\/em><\/p>\n\n\n\n<p><em>Kreisgesundheitsamt Rhein-Pfalz-Kreis<br>03.11.2020<\/em><\/p>\n\n\n\n<h1 class=\"wp-block-heading\" style=\"text-align:center\">Stadtnotizen<\/h1>\n\n\n\n<div class=\"wp-block-image\"><figure class=\"aligncenter\"><img decoding=\"async\" loading=\"lazy\" width=\"800\" height=\"600\" src=\"https:\/\/speyer24news.com\/wp-content\/uploads\/2020\/01\/Speyer-Stadtnachrichten-2.jpg\" alt=\"\" class=\"wp-image-23901\" srcset=\"https:\/\/speyer24news.com\/wp-content\/uploads\/2020\/01\/Speyer-Stadtnachrichten-2.jpg 800w, https:\/\/speyer24news.com\/wp-content\/uploads\/2020\/01\/Speyer-Stadtnachrichten-2-300x225.jpg 300w, https:\/\/speyer24news.com\/wp-content\/uploads\/2020\/01\/Speyer-Stadtnachrichten-2-768x576.jpg 768w, https:\/\/speyer24news.com\/wp-content\/uploads\/2020\/01\/Speyer-Stadtnachrichten-2-678x509.jpg 678w, https:\/\/speyer24news.com\/wp-content\/uploads\/2020\/01\/Speyer-Stadtnachrichten-2-326x245.jpg 326w, https:\/\/speyer24news.com\/wp-content\/uploads\/2020\/01\/Speyer-Stadtnachrichten-2-80x60.jpg 80w\" sizes=\"(max-width: 800px) 100vw, 800px\" \/><\/figure><\/div>\n\n\n\n<h2 class=\"wp-block-heading\"><strong>\u201eEin wichtiger und wertvoller Austausch\u201c &#8211; Nachtrag zum Rathausgespr\u00e4ch am 2. September 2020<\/strong><\/h2>\n\n\n\n<p>Gemeinsam mit dem Institut f\u00fcr Gerontologie der Universit\u00e4t Heidelberg hat die Stadt Speyer im vergangenen September zum Rathausgespr\u00e4ch eingeladen. Im Rahmen des Projektes \u201ePflegenden Angeh\u00f6rigen von Menschen mit Demenz eine Stimme geben\u201c bekamen pflegende Angeh\u00f6rige die M\u00f6glichkeit, gemeinsam mit verschiedenen kommunalen Akteuren der Stadt Speyer, unter anderem mit der B\u00fcrgermeisterin Monika Kabs, \u00fcber ihre Ressourcen und Bedarfe zu diskutieren und sich auszutauschen. Die rund dreist\u00fcndige Veranstaltung wurde durch das Institut f\u00fcr Gerontologie moderiert und erwies sich als impulsgebend.<\/p>\n\n\n\n<p>Im Nachklang der Veranstaltung traf sich Mitte Oktober ein Gro\u00dfteil der teilnehmenden kommunalen Akteure erneut, um das Rathausgespr\u00e4ch zu reflektieren, zu bewerten und ein m\u00f6gliches Vorgehen hinsichtlich einer (Weiter-)Entwicklung bedarfsgerechter Unterst\u00fctzungsangebote f\u00fcr pflegende Angeh\u00f6rige von Menschen mit Demenz zu diskutieren. B\u00fcrgermeisterin Kabs nimmt aus dem Rathausgespr\u00e4ch mit, \u201edass der Bedarf an Unterst\u00fctzung f\u00fcr pflegende Angeh\u00f6rige immens gro\u00df ist\u201c und ist gemeinsam mit der Caritas bereits dabei, durch den Ausbau des Wohn- und Betreuungsangebots u.a. f\u00fcr Menschen mit Demenz, diesen Bedarf zu adressieren. Dirk Ohl von der VHS Speyer war froh, an diesem Abend \u201eaus erstem Munde zu erfahren, welche Probleme da denn tats\u00e4chlich auftreten\u201c. Pfarrerin Daniela K\u00f6rber sah im Rathausgespr\u00e4ch einen \u201ewichtigen Austausch\u201c, der sehr wertvoll f\u00fcr alle Anwesenden war. Michael Handermann vom Pflegedienst Handermann &amp; Sch\u00e4fer empfand den Dialog in der Kommune als etwas sehr Emotionales und freut sich \u00fcber viele an das Rathausgespr\u00e4ch ankn\u00fcpfende Beratungsanfragen.<\/p>\n\n\n\n<p>Die kommunalen Akteure sind sich einig, dass Veranstaltungen in diesem Format wiederholt bzw. fortgef\u00fchrt sowie f\u00fcr pflegende Angeh\u00f6rige oder Senior*innen im Allgemeinen ge\u00f6ffnet werden sollten. Obwohl die Stadt Speyer bereits \u00fcber sehr viele Angebote verf\u00fcgt, besteht bei den Diskutierenden der Wunsch nach intensiverer Netzwerkarbeit in Kombination mit einem besseren Informationsfluss durch verst\u00e4rkte \u00d6ffentlichkeitsarbeit. Hierzu soll einerseits die Aktualisierung des Wegweisers Demenz der Stadt Speyer dienen, die bereits auf die Agenda des Netzwerks Demenz geschrieben wurde, andererseits aber auch die bef\u00fcrwortete Fortf\u00fchrung der Rathausgespr\u00e4che.<\/p>\n\n\n\n<p>Um dem Wunsch nach Unterst\u00fctzung der pflegenden Angeh\u00f6rigen nachzukommen, ist Ria Krampitz vom Seniorenb\u00fcro Speyer derzeit in der Planung einer Nachbarschaftshilfe. Auch das Anliegen, dass Angebote f\u00fcr pflegende Angeh\u00f6rige und\/oder Menschen mit Demenz oft zu Zeiten stattfinden, zu denen Berufst\u00e4tige verhindert sind, wird von den Beteiligten zuk\u00fcnftig st\u00e4rker ber\u00fccksichtigt. Zudem ist f\u00fcr das kommende Semester an der VHS Speyer ein neuer Kurs f\u00fcr pflegende Angeh\u00f6rige geplant.<\/p>\n\n\n\n<p>Die kommunalen Akteure waren sich einig, den Ansto\u00df des Rathausgespr\u00e4ches nutzen zu wollen, um weitere Unterst\u00fctzungsma\u00dfnahmen f\u00fcr pflegende Angeh\u00f6rige von Menschen mit Demenz in Speyer zu realisieren.<\/p>\n\n\n\n<p><em>Stadtverwaltung Speyer<br>03.11.2020<\/em><\/p>\n\n\n\n<h2 class=\"wp-block-heading\"><strong>Erreichbarkeit und Angebote der Fr\u00fchen Hilfen Speyer<\/strong><\/h2>\n\n\n\n<p>Die Fr\u00fchen Hilfen sind weiterhin unter Tel. 0 62 32 \u2013 14 29 24 oder 14 29 25 dienstags bis donnerstags zwischen 9 und 11 Uhr und mittwochs zwischen 14 und 16 Uhr und unter&nbsp;<a href=\"mailto:fruehehilfen@stadt-speyer.de\" target=\"_blank\" rel=\"noreferrer noopener\">fruehehilfen@stadt-speyer.de<\/a>&nbsp;erreichbar. Eine Terminvereinbarung ist erforderlich.<\/p>\n\n\n\n<p>Angebote wie Beratung, der Einsatz von Familienhebammen und Familiengesundheits- und Kinderkrankenschwestern, alltagspraktische Hilfen etc. k\u00f6nnen wahrgenommen werden. Die Gruppenangebote (Caf\u00e9 AnNa in Speyer-S\u00fcd, Zwillingsgruppe, M\u00fcttergespr\u00e4chsgruppe und V\u00e4tertreff) ruhen derzeit pandemiebedingt.<\/p>\n\n\n\n<p><em>Stadtverwaltung Speyer<br>03.11.2020<\/em><\/p>\n\n\n\n<h1 class=\"wp-block-heading\" style=\"text-align:center\">Verkehrsnotizen<\/h1>\n\n\n\n<figure class=\"wp-block-image\"><img decoding=\"async\" loading=\"lazy\" width=\"800\" height=\"565\" src=\"https:\/\/speyer24news.com\/wp-content\/uploads\/2020\/01\/Baustelle-2.jpg\" alt=\"\" class=\"wp-image-23900\" srcset=\"https:\/\/speyer24news.com\/wp-content\/uploads\/2020\/01\/Baustelle-2.jpg 800w, https:\/\/speyer24news.com\/wp-content\/uploads\/2020\/01\/Baustelle-2-300x212.jpg 300w, https:\/\/speyer24news.com\/wp-content\/uploads\/2020\/01\/Baustelle-2-768x542.jpg 768w\" sizes=\"(max-width: 800px) 100vw, 800px\" \/><\/figure>\n\n\n\n<h2 class=\"wp-block-heading\"><strong>Eichendorffstra\u00dfe gesperrt<\/strong><\/h2>\n\n\n\n<p>Aufgrund von Leitungsarbeiten im Auftrag der Stadtwerke Speyer wird die Eichendorffstra\u00dfe auf H\u00f6he der Hausnummer 29 zwischen der Albert-Einstein-Stra\u00dfe und der Sophie-de-la-Roche-Stra\u00dfe <strong>ab 03. November bis voraussichtlich 08. Dezember 2020<\/strong> f\u00fcr den Durchgangsverkehr gesperrt. Die Einbahnstra\u00dfenregelung wird aufgehoben.<\/p>\n\n\n\n<p>F\u00fcr R\u00fcckfragen steht die Stra\u00dfenverkehrsbeh\u00f6rde unter der Rufnummer 14-2938 zur Verf\u00fcgung.<\/p>\n\n\n\n<p><em>Stadtverwaltung Speyer<br>03.11.2020<\/em><\/p>\n","protected":false},"excerpt":{"rendered":"<div class=\"mh-excerpt\"><p>Corona-Fallzahlen Montag, 02.11.2020 Anzahl best\u00e4tigter F\u00e4lle von Coronavirus (SARS-CoV-2)-Infektionen in der Stadt Speyer: 284 (+ 12)Davon bereits genesen: 172Todesf\u00e4lle: 2Gemeldete F\u00e4lle der letzten sieben Tage pro 100.000 Einwohner*innen: 118,7Warnstufe: Rot Stand: 02.11.2020, 14:00 Uhr Kreisgesundheitsamt <a class=\"mh-excerpt-more\" href=\"https:\/\/speyer24news.com\/?p=31076\" title=\"Corona, Stadtnotizen und Verkehrsnotizen aus Speyer\">[&#8230;]<\/a><\/p>\n<\/div>","protected":false},"author":3,"featured_media":23902,"comment_status":"open","ping_status":"open","sticky":false,"template":"","format":"standard","meta":{"_monsterinsights_skip_tracking":false,"_monsterinsights_sitenote_active":false,"_monsterinsights_sitenote_note":"","_monsterinsights_sitenote_category":0,"footnotes":""},"categories":[47],"tags":[8195,6940,6358,7003,6342,8472,8244,5644,8774,8245,8193,7737,6],"aioseo_notices":[],"amp_enabled":true,"_links":{"self":[{"href":"https:\/\/speyer24news.com\/index.php?rest_route=\/wp\/v2\/posts\/31076"}],"collection":[{"href":"https:\/\/speyer24news.com\/index.php?rest_route=\/wp\/v2\/posts"}],"about":[{"href":"https:\/\/speyer24news.com\/index.php?rest_route=\/wp\/v2\/types\/post"}],"author":[{"embeddable":true,"href":"https:\/\/speyer24news.com\/index.php?rest_route=\/wp\/v2\/users\/3"}],"replies":[{"embeddable":true,"href":"https:\/\/speyer24news.com\/index.php?rest_route=%2Fwp%2Fv2%2Fcomments&post=31076"}],"version-history":[{"count":1,"href":"https:\/\/speyer24news.com\/index.php?rest_route=\/wp\/v2\/posts\/31076\/revisions"}],"predecessor-version":[{"id":31077,"href":"https:\/\/speyer24news.com\/index.php?rest_route=\/wp\/v2\/posts\/31076\/revisions\/31077"}],"wp:featuredmedia":[{"embeddable":true,"href":"https:\/\/speyer24news.com\/index.php?rest_route=\/wp\/v2\/media\/23902"}],"wp:attachment":[{"href":"https:\/\/speyer24news.com\/index.php?rest_route=%2Fwp%2Fv2%2Fmedia&parent=31076"}],"wp:term":[{"taxonomy":"category","embeddable":true,"href":"https:\/\/speyer24news.com\/index.php?rest_route=%2Fwp%2Fv2%2Fcategories&post=31076"},{"taxonomy":"post_tag","embeddable":true,"href":"https:\/\/speyer24news.com\/index.php?rest_route=%2Fwp%2Fv2%2Ftags&post=31076"}],"curies":[{"name":"wp","href":"https:\/\/api.w.org\/{rel}","templated":true}]}}