{"id":31114,"date":"2020-11-07T07:40:44","date_gmt":"2020-11-07T06:40:44","guid":{"rendered":"https:\/\/speyer24news.com\/?p=31114"},"modified":"2020-11-07T07:40:44","modified_gmt":"2020-11-07T06:40:44","slug":"corona-virus-stadtnotizen-und-verkehrsnotizen-aus-speyer-2","status":"publish","type":"post","link":"https:\/\/speyer24news.com\/?p=31114","title":{"rendered":"Corona-Virus, Stadtnotizen und Verkehrsnotizen aus Speyer"},"content":{"rendered":"<style type=\"text\/css\">\r\n\t.ads_top_disp{}\r\n\t.ads_top_corner_disp{ float:left; margin:0px 10px 10px 0px; }\r\n\t.ads_first_p_disp{}\r\n\t.ads_bottom_disp{}\r\n\t<\/style>\n<h1 class=\"wp-block-heading\" style=\"text-align:center\">Corona-Fallzahlen<\/h1>\n\n\n\n<figure class=\"wp-block-image\"><img decoding=\"async\" loading=\"lazy\" width=\"800\" height=\"400\" src=\"https:\/\/speyer24news.com\/wp-content\/uploads\/2020\/02\/virus-1812092_1920.jpg\" alt=\"\" class=\"wp-image-25128\" srcset=\"https:\/\/speyer24news.com\/wp-content\/uploads\/2020\/02\/virus-1812092_1920.jpg 800w, https:\/\/speyer24news.com\/wp-content\/uploads\/2020\/02\/virus-1812092_1920-300x150.jpg 300w, https:\/\/speyer24news.com\/wp-content\/uploads\/2020\/02\/virus-1812092_1920-768x384.jpg 768w\" sizes=\"(max-width: 800px) 100vw, 800px\" \/><\/figure>\n\n\n\n<h2 class=\"wp-block-heading\">Freitag, 06.11.2020<\/h2>\n\n\n\n<p>Anzahl best\u00e4tigter F\u00e4lle von Coronavirus (SARS-CoV-2)-Infektionen in der Stadt Speyer: 328 (+ 10)<br>Davon bereits genesen: 177<br>Todesf\u00e4lle: 2<br>Gemeldete F\u00e4lle der letzten sieben Tage pro 100.000 Einwohner*innen: 118,7<br>Warnstufe: Rot<\/p>\n\n\n\n<p><em>Stand: 06.11.2020, 14:00 Uhr<\/em><\/p>\n\n\n\n<p><em>Kreisgesundheitsamt Rhein-Pfalz-Kreis<br>07.11.2020<\/em><\/p>\n\n\n\n<h1 class=\"wp-block-heading\" style=\"text-align:center\">Stadtnotiz<\/h1>\n\n\n\n<figure class=\"wp-block-image\"><img decoding=\"async\" loading=\"lazy\" width=\"800\" height=\"600\" src=\"https:\/\/speyer24news.com\/wp-content\/uploads\/2020\/01\/Speyer-Stadtnachrichten-2.jpg\" alt=\"\" class=\"wp-image-23901\" srcset=\"https:\/\/speyer24news.com\/wp-content\/uploads\/2020\/01\/Speyer-Stadtnachrichten-2.jpg 800w, https:\/\/speyer24news.com\/wp-content\/uploads\/2020\/01\/Speyer-Stadtnachrichten-2-300x225.jpg 300w, https:\/\/speyer24news.com\/wp-content\/uploads\/2020\/01\/Speyer-Stadtnachrichten-2-768x576.jpg 768w, https:\/\/speyer24news.com\/wp-content\/uploads\/2020\/01\/Speyer-Stadtnachrichten-2-678x509.jpg 678w, https:\/\/speyer24news.com\/wp-content\/uploads\/2020\/01\/Speyer-Stadtnachrichten-2-326x245.jpg 326w, https:\/\/speyer24news.com\/wp-content\/uploads\/2020\/01\/Speyer-Stadtnachrichten-2-80x60.jpg 80w\" sizes=\"(max-width: 800px) 100vw, 800px\" \/><\/figure>\n\n\n\n<h2 class=\"wp-block-heading\"><strong>Oberb\u00fcrgermeisterin ermutigt zu Eink\u00e4ufen im ortsans\u00e4ssigen Einzelhandel<\/strong><\/h2>\n\n\n\n<figure class=\"wp-block-image\"><img decoding=\"async\" loading=\"lazy\" width=\"800\" height=\"614\" src=\"https:\/\/speyer24news.com\/wp-content\/uploads\/2020\/11\/OB-Seiler-2018_Altstadt-Bild-2.jpg\" alt=\"\" class=\"wp-image-31097\" srcset=\"https:\/\/speyer24news.com\/wp-content\/uploads\/2020\/11\/OB-Seiler-2018_Altstadt-Bild-2.jpg 800w, https:\/\/speyer24news.com\/wp-content\/uploads\/2020\/11\/OB-Seiler-2018_Altstadt-Bild-2-300x230.jpg 300w, https:\/\/speyer24news.com\/wp-content\/uploads\/2020\/11\/OB-Seiler-2018_Altstadt-Bild-2-768x589.jpg 768w, https:\/\/speyer24news.com\/wp-content\/uploads\/2020\/11\/OB-Seiler-2018_Altstadt-Bild-2-80x60.jpg 80w\" sizes=\"(max-width: 800px) 100vw, 800px\" \/><\/figure>\n\n\n\n<p>Die Wochen vor Weihnachten sind allj\u00e4hrlich eine stressige,&nbsp;aber auch eine sehr umsatzstarke Zeit f\u00fcr den Einzelhandel. Der&nbsp;gewohnte Andrang&nbsp;wird&nbsp;dieses Jahr jedoch&nbsp;mit Blick auf die Corona-Pandemie sicher kleiner ausfallen und hinter den Gesch\u00e4ften liegen bereits schwere Monate.&nbsp;Denn w\u00e4hrend der&nbsp;Onlinehandel&nbsp;weiterhin floriert, leidet&nbsp;der station\u00e4re Handel&nbsp;mehr denn je. \u201eViele Menschen bleiben vorsichtshalber zu Hause und erledigen ihre Eink\u00e4ufe lieber online. Gerade kleinere L\u00e4den, die&nbsp;einen Onlineshop bewusst oder auch aus finanziellen Gr\u00fcnden nicht&nbsp;anbieten, werden&nbsp;von dieser Entwicklung besonders hart getroffen\u201c, warnt Oberb\u00fcrgermeisterin Stefanie Seiler. Sie&nbsp;ermutigt daher die&nbsp;Speyerer*innen&nbsp;unter&nbsp;Einhaltung der AHA-Regeln&nbsp;\u2013 Abstand, Hygiene, Alltagsmaske&nbsp;\u2013,&nbsp;ihre Eink\u00e4ufe vor Ort zu erledigen. \u201eBitte unterst\u00fctzen Sie den ortsans\u00e4ssigen Handel, der unsere Innenstadt so vielf\u00e4ltig und lebendig macht\u201c, so Seiler.<\/p>\n\n\n\n<p>Zugleich dankt die Stadtchefin den Mitarbeiter*innen, die seit dem Fr\u00fchjahr unter erschwerten Bedingungen ihr Gesch\u00e4ft aufrecht erhalten:\u00a0\u201eIch wei\u00df, wie hart dieses Jahr f\u00fcr Sie ist und wie viel Sie tagt\u00e4glich leisten. Das Coronavirus hat\u00a0uns in diesem Jahr\u00a0nur eine kleine Verschnaufpause geg\u00f6nnt.\u00a0F\u00fcr\u00a0Ihren Einsatz und Ihr Engagement\u00a0danke ich Ihnen daher sehr. Sie sind es, die das Einkaufen in Speyer so einzigartig machen.\u201c Deshalb gilt heute ganz besonders: \u201eSupport your local\u201c \u2013 unterst\u00fctzen Sie den Einzelhandel vor Ort, der f\u00fcr Qualit\u00e4t und Fachberatung steht.<\/p>\n\n\n\n<figure class=\"wp-block-image\"><img decoding=\"async\" loading=\"lazy\" width=\"600\" height=\"179\" src=\"https:\/\/speyer24news.com\/wp-content\/uploads\/2020\/04\/Lokal-Help-Logo.png\" alt=\"\" class=\"wp-image-26139\" srcset=\"https:\/\/speyer24news.com\/wp-content\/uploads\/2020\/04\/Lokal-Help-Logo.png 600w, https:\/\/speyer24news.com\/wp-content\/uploads\/2020\/04\/Lokal-Help-Logo-300x90.png 300w\" sizes=\"(max-width: 600px) 100vw, 600px\" \/><\/figure>\n\n\n\n<p>F\u00fcr diejenigen, die dennoch lieber von zu Hause aus ihre Bestellungen aufgeben m\u00f6chten, nehmen einige Speyerer Gesch\u00e4fte auch online oder telefonisch Bestellungen entgegen. Unter\u00a0<a rel=\"noreferrer noopener\" href=\"https:\/\/deref-web.de\/mail\/client\/T524OLHB7wU\/dereferrer\/?redirectUrl=http%3A%2F%2Fwww.speyer.de%2Flieferdienste\" target=\"_blank\">www.speyer.de\/lieferdienste<\/a>\u00a0befindet sich eine \u00dcbersicht der Speyerer Gesch\u00e4fte sowie der Gastronomie, die Lieferdienste anbieten. Auch Gutscheine k\u00f6nnen online bestellt und bezahlt werden und damit die Gewerbetreibenden unterst\u00fctzen.\u00a0Auf\u00a0<a rel=\"noreferrer noopener\" href=\"https:\/\/deref-web.de\/mail\/client\/pMKwYku2jMY\/dereferrer\/?redirectUrl=http%3A%2F%2Fwww.lokal.help%2Fspeyer%3Ffbclid%3DIwAR3L7STo5WAmZSIQr77oayiqfDg8dF9HOlvKE57xQ7L8PsVhu09wUuE1O6o\" target=\"_blank\">www.lokal.help\/speyer<\/a>\u00a0werden zahlreiche M\u00f6glichkeiten aufgezeigt, Freude zu bereiten \u2013\u00a0von Kosmetikstudios \u00fcber Kinos bis hin zu den vielf\u00e4ltigen Einzelhandelsgesch\u00e4ften.<\/p>\n\n\n\n<p><em>Text: Stadtverwaltung Speyer Foto: Daniel Lukac<br>06.11.2020<\/em><\/p>\n\n\n\n<h1 class=\"wp-block-heading\" style=\"text-align:center\">Verkehrsnotiz<\/h1>\n\n\n\n<figure class=\"wp-block-image\"><img decoding=\"async\" loading=\"lazy\" width=\"800\" height=\"565\" src=\"https:\/\/speyer24news.com\/wp-content\/uploads\/2020\/01\/Baustelle-2.jpg\" alt=\"\" class=\"wp-image-23900\" srcset=\"https:\/\/speyer24news.com\/wp-content\/uploads\/2020\/01\/Baustelle-2.jpg 800w, https:\/\/speyer24news.com\/wp-content\/uploads\/2020\/01\/Baustelle-2-300x212.jpg 300w, https:\/\/speyer24news.com\/wp-content\/uploads\/2020\/01\/Baustelle-2-768x542.jpg 768w\" sizes=\"(max-width: 800px) 100vw, 800px\" \/><\/figure>\n\n\n\n<h2 class=\"wp-block-heading\"><strong>Gr\u00fcnschnittarbeiten in der Industriestra\u00dfe<\/strong><\/h2>\n\n\n\n<div class=\"wp-block-image\"><figure class=\"aligncenter\"><img decoding=\"async\" loading=\"lazy\" width=\"800\" height=\"533\" src=\"https:\/\/speyer24news.com\/wp-content\/uploads\/2020\/11\/helmet-2915451_1920.jpg\" alt=\"\" class=\"wp-image-31115\" srcset=\"https:\/\/speyer24news.com\/wp-content\/uploads\/2020\/11\/helmet-2915451_1920.jpg 800w, https:\/\/speyer24news.com\/wp-content\/uploads\/2020\/11\/helmet-2915451_1920-300x200.jpg 300w, https:\/\/speyer24news.com\/wp-content\/uploads\/2020\/11\/helmet-2915451_1920-768x512.jpg 768w\" sizes=\"(max-width: 800px) 100vw, 800px\" \/><\/figure><\/div>\n\n\n\n<p>Am <strong>12. November 2020<\/strong> wird die Industriestra\u00dfe zwischen Joachim-Becher-Stra\u00dfe und Stockholmer Stra\u00dfe f\u00fcr Gr\u00fcnschnittarbeiten der Abteilung Stadtgr\u00fcn halbseitig gesperrt und als Einbahnstra\u00dfe aus Richtung Stockholmer Stra\u00dfe ausgewiesen. Eine Umleitung \u00fcber die Joachim-Becher-Stra\u00dfe wird ausgewiesen. F\u00fcr R\u00fcckfragen steht die Stra\u00dfenverkehrsbeh\u00f6rde unter der Telefonnummer 142938 zur Verf\u00fcgung.<\/p>\n\n\n\n<p><em>Stadtverwaltung Speyer<br>07.11.2020<\/em><\/p>\n","protected":false},"excerpt":{"rendered":"<div class=\"mh-excerpt\"><p>Corona-Fallzahlen Freitag, 06.11.2020 Anzahl best\u00e4tigter F\u00e4lle von Coronavirus (SARS-CoV-2)-Infektionen in der Stadt Speyer: 328 (+ 10)Davon bereits genesen: 177Todesf\u00e4lle: 2Gemeldete F\u00e4lle der letzten sieben Tage pro 100.000 Einwohner*innen: 118,7Warnstufe: Rot Stand: 06.11.2020, 14:00 Uhr Kreisgesundheitsamt <a class=\"mh-excerpt-more\" href=\"https:\/\/speyer24news.com\/?p=31114\" title=\"Corona-Virus, Stadtnotizen und Verkehrsnotizen aus Speyer\">[&#8230;]<\/a><\/p>\n<\/div>","protected":false},"author":3,"featured_media":23902,"comment_status":"open","ping_status":"open","sticky":false,"template":"","format":"standard","meta":{"_monsterinsights_skip_tracking":false,"_monsterinsights_sitenote_active":false,"_monsterinsights_sitenote_note":"","_monsterinsights_sitenote_category":0,"footnotes":""},"categories":[47],"tags":[8781,6940,6358,7003,6342,3285,6849,6371,8780,6,1296,1114],"aioseo_notices":[],"amp_enabled":true,"_links":{"self":[{"href":"https:\/\/speyer24news.com\/index.php?rest_route=\/wp\/v2\/posts\/31114"}],"collection":[{"href":"https:\/\/speyer24news.com\/index.php?rest_route=\/wp\/v2\/posts"}],"about":[{"href":"https:\/\/speyer24news.com\/index.php?rest_route=\/wp\/v2\/types\/post"}],"author":[{"embeddable":true,"href":"https:\/\/speyer24news.com\/index.php?rest_route=\/wp\/v2\/users\/3"}],"replies":[{"embeddable":true,"href":"https:\/\/speyer24news.com\/index.php?rest_route=%2Fwp%2Fv2%2Fcomments&post=31114"}],"version-history":[{"count":1,"href":"https:\/\/speyer24news.com\/index.php?rest_route=\/wp\/v2\/posts\/31114\/revisions"}],"predecessor-version":[{"id":31116,"href":"https:\/\/speyer24news.com\/index.php?rest_route=\/wp\/v2\/posts\/31114\/revisions\/31116"}],"wp:featuredmedia":[{"embeddable":true,"href":"https:\/\/speyer24news.com\/index.php?rest_route=\/wp\/v2\/media\/23902"}],"wp:attachment":[{"href":"https:\/\/speyer24news.com\/index.php?rest_route=%2Fwp%2Fv2%2Fmedia&parent=31114"}],"wp:term":[{"taxonomy":"category","embeddable":true,"href":"https:\/\/speyer24news.com\/index.php?rest_route=%2Fwp%2Fv2%2Fcategories&post=31114"},{"taxonomy":"post_tag","embeddable":true,"href":"https:\/\/speyer24news.com\/index.php?rest_route=%2Fwp%2Fv2%2Ftags&post=31114"}],"curies":[{"name":"wp","href":"https:\/\/api.w.org\/{rel}","templated":true}]}}