{"id":31128,"date":"2020-11-11T08:17:40","date_gmt":"2020-11-11T07:17:40","guid":{"rendered":"https:\/\/speyer24news.com\/?p=31128"},"modified":"2020-11-11T08:17:40","modified_gmt":"2020-11-11T07:17:40","slug":"corona-und-stadtnotizen-aus-speyer-4","status":"publish","type":"post","link":"https:\/\/speyer24news.com\/?p=31128","title":{"rendered":"Corona und Stadtnotizen aus Speyer"},"content":{"rendered":"<style type=\"text\/css\">\r\n\t.ads_top_disp{}\r\n\t.ads_top_corner_disp{ float:left; margin:0px 10px 10px 0px; }\r\n\t.ads_first_p_disp{}\r\n\t.ads_bottom_disp{}\r\n\t<\/style>\n<h1 class=\"wp-block-heading\" style=\"text-align:center\">Corona-Fallzahlen<\/h1>\n\n\n\n<figure class=\"wp-block-image\"><img decoding=\"async\" loading=\"lazy\" width=\"800\" height=\"400\" src=\"https:\/\/speyer24news.com\/wp-content\/uploads\/2020\/02\/virus-1812092_1920.jpg\" alt=\"\" class=\"wp-image-25128\" srcset=\"https:\/\/speyer24news.com\/wp-content\/uploads\/2020\/02\/virus-1812092_1920.jpg 800w, https:\/\/speyer24news.com\/wp-content\/uploads\/2020\/02\/virus-1812092_1920-300x150.jpg 300w, https:\/\/speyer24news.com\/wp-content\/uploads\/2020\/02\/virus-1812092_1920-768x384.jpg 768w\" sizes=\"(max-width: 800px) 100vw, 800px\" \/><\/figure>\n\n\n\n<h2 class=\"wp-block-heading\">Dienstag (10.11.2020)<\/h2>\n\n\n\n<p>Anzahl best\u00e4tigter F\u00e4lle von Coronavirus (SARS-CoV-2)-Infektionen in der Stadt Speyer: 346 (+ 14)<br>Davon bereits genesen: 185<br>Todesf\u00e4lle: 2<br>Gemeldete F\u00e4lle der letzten sieben Tage pro 100.000 Einwohner*innen: 112,7<br>Warnstufe: Rot<\/p>\n\n\n\n<p><em>Stand: 10.11.2020, 14:00 Uhr<\/em><\/p>\n\n\n\n<p><em>Kreisgesundheitsamt Rhein-Pfalz-Kreis<br>11.11.2020<\/em><\/p>\n\n\n\n<h2 class=\"wp-block-heading\"><strong>Positive Testergebnisse in der Gemeinschaftsunterkunft Birkenweg 94b<\/strong><\/h2>\n\n\n\n<figure class=\"wp-block-image\"><img decoding=\"async\" loading=\"lazy\" width=\"800\" height=\"346\" src=\"https:\/\/speyer24news.com\/wp-content\/uploads\/2020\/02\/coronavirus-4817450_1920.jpg\" alt=\"\" class=\"wp-image-25126\" srcset=\"https:\/\/speyer24news.com\/wp-content\/uploads\/2020\/02\/coronavirus-4817450_1920.jpg 800w, https:\/\/speyer24news.com\/wp-content\/uploads\/2020\/02\/coronavirus-4817450_1920-300x130.jpg 300w, https:\/\/speyer24news.com\/wp-content\/uploads\/2020\/02\/coronavirus-4817450_1920-768x332.jpg 768w\" sizes=\"(max-width: 800px) 100vw, 800px\" \/><\/figure>\n\n\n\n<p>In der Gemeinschaftsunterkunft f\u00fcr Asylbewerber*innen im Birkenweg 94b wurde vergangene Woche eine dreik\u00f6pfige Familie durch einen niedergelassenen Arzt positiv auf das Coronavirus getestet. Die Familie und eine Kontaktperson wurden umgehend separiert und unter Quarant\u00e4ne gestellt.<\/p>\n\n\n\n<p>Zuvor hatte die Familie allerdings Kontakt zu zwei st\u00e4dtischen Angestellten, die in der Unterkunft eingesetzt sind und in regelm\u00e4\u00dfigen Abst\u00e4nden Gespr\u00e4che mit den dort untergebrachten Gefl\u00fcchteten f\u00fchren. Seit dem gestrigen Sonntag liegen nun von beiden st\u00e4dtischen Kolleg*innen ebenfalls positive Befunde vor. Da aufgrund dieser Konstellation nicht auszuschlie\u00dfen ist, dass sich das Virus innerhalb der Unterkunft weiterverbreitet hat, wird nun das gesamte Haus B unter Quarant\u00e4ne gestellt. Dar\u00fcber hinaus wurde am Dienstag, 10. November 2020, eine Reihentestung durchgef\u00fchrt.<\/p>\n\n\n\n<p>In der Unterkunft sind derzeit 30 Asylbewerber*innen untergebracht.<\/p>\n\n\n\n<p><em>Stadt Speyer<br>11.11.2020<\/em><\/p>\n\n\n\n<h1 class=\"wp-block-heading\" style=\"text-align:center\">Stadtnotizen<\/h1>\n\n\n\n<figure class=\"wp-block-image\"><img decoding=\"async\" loading=\"lazy\" width=\"800\" height=\"600\" src=\"https:\/\/speyer24news.com\/wp-content\/uploads\/2020\/01\/Speyer-Stadtnachrichten-2.jpg\" alt=\"\" class=\"wp-image-23901\" srcset=\"https:\/\/speyer24news.com\/wp-content\/uploads\/2020\/01\/Speyer-Stadtnachrichten-2.jpg 800w, https:\/\/speyer24news.com\/wp-content\/uploads\/2020\/01\/Speyer-Stadtnachrichten-2-300x225.jpg 300w, https:\/\/speyer24news.com\/wp-content\/uploads\/2020\/01\/Speyer-Stadtnachrichten-2-768x576.jpg 768w, https:\/\/speyer24news.com\/wp-content\/uploads\/2020\/01\/Speyer-Stadtnachrichten-2-678x509.jpg 678w, https:\/\/speyer24news.com\/wp-content\/uploads\/2020\/01\/Speyer-Stadtnachrichten-2-326x245.jpg 326w, https:\/\/speyer24news.com\/wp-content\/uploads\/2020\/01\/Speyer-Stadtnachrichten-2-80x60.jpg 80w\" sizes=\"(max-width: 800px) 100vw, 800px\" \/><\/figure>\n\n\n\n<h2 class=\"wp-block-heading\"><strong>Wiederer\u00f6ffnung der Au\u00dfenstelle des Speyerer Standesamts im Diakonissen-Stiftungskrankenhaus<\/strong><\/h2>\n\n\n\n<figure class=\"wp-block-image\"><img decoding=\"async\" loading=\"lazy\" width=\"800\" height=\"601\" src=\"https:\/\/speyer24news.com\/wp-content\/uploads\/2020\/11\/birth-896099_1920.jpg\" alt=\"\" class=\"wp-image-31109\" srcset=\"https:\/\/speyer24news.com\/wp-content\/uploads\/2020\/11\/birth-896099_1920.jpg 800w, https:\/\/speyer24news.com\/wp-content\/uploads\/2020\/11\/birth-896099_1920-300x225.jpg 300w, https:\/\/speyer24news.com\/wp-content\/uploads\/2020\/11\/birth-896099_1920-768x577.jpg 768w, https:\/\/speyer24news.com\/wp-content\/uploads\/2020\/11\/birth-896099_1920-678x509.jpg 678w, https:\/\/speyer24news.com\/wp-content\/uploads\/2020\/11\/birth-896099_1920-326x245.jpg 326w, https:\/\/speyer24news.com\/wp-content\/uploads\/2020\/11\/birth-896099_1920-80x60.jpg 80w\" sizes=\"(max-width: 800px) 100vw, 800px\" \/><figcaption>Ab 16.11.20 wieder im Diakonissen-Stiftungskrankenhaus Speyer m\u00f6glich, die Beurkundung von Neugeborenen.<\/figcaption><\/figure>\n\n\n\n<p>Es kehrt wieder ein St\u00fcck Normalit\u00e4t ein: Am <strong>Montag, 16. November 2020<\/strong>, \u00f6ffnet das Standesamt Speyer nach seiner mehrmonatigen Pause, bedingt durch die Einschr\u00e4nkungen der Corona-Pandemie sowie durch einen inzwischen behobenen Personalengpass, wieder seine Au\u00dfenstelle im Diakonissen-Stiftungskrankenhaus. Montags und mittwochs zwischen 9 und 13 Uhr sowie zwischen 14 und 16 Uhr haben frischgebackene Eltern, deren Kind im Diakonissen-Stiftungskrankenhaus zur Welt kommt, dann wieder die M\u00f6glichkeit, die Geburt des Nachwuchses direkt vor Ort beurkunden zu lassen. Dieser besondere Service kommt vor allem den 80-85 Prozent der Eltern zugute, deren Kind zwar in Speyer zur Welt kommt, die ihren Wohnsitz aber nicht im Stadtgebiet haben. Sie sparen sich einen separaten Gang zum Standesamt und k\u00f6nnen die Geburtsurkunde, die unter anderem f\u00fcr die Beantragung von Eltern- und Kindergeld sowie zur Vorlage bei der Sozialversicherung zeitnah ben\u00f6tigt wird, direkt aus dem Krankenhaus mit nach Hause nehmen.<\/p>\n\n\n\n<p><em>Stadt Speyer<br>11.11.2020<\/em><\/p>\n\n\n\n<h2 class=\"wp-block-heading\"><strong>Telefonische Erreichbarkeit der Ordnungsbeh\u00f6rde<\/strong><\/h2>\n\n\n\n<figure class=\"wp-block-image\"><img decoding=\"async\" loading=\"lazy\" width=\"768\" height=\"367\" src=\"https:\/\/speyer24news.com\/wp-content\/uploads\/2020\/11\/Telefon.png\" alt=\"\" class=\"wp-image-31129\" srcset=\"https:\/\/speyer24news.com\/wp-content\/uploads\/2020\/11\/Telefon.png 768w, https:\/\/speyer24news.com\/wp-content\/uploads\/2020\/11\/Telefon-300x143.png 300w\" sizes=\"(max-width: 768px) 100vw, 768px\" \/><\/figure>\n\n\n\n<p>Um die Erreichbarkeit der Ordnungsbeh\u00f6rde zu optimieren und eine zeitnahe Bearbeitung der Anliegen zu gew\u00e4hrleisten, hat die Stadt Speyer eine neue Hotline eingerichtet. &nbsp;&nbsp;&nbsp;&nbsp;&nbsp;&nbsp;&nbsp;&nbsp;&nbsp;&nbsp;&nbsp;<br>Ab sofort ist die Hotline unter 06232 14-2469 zu den gewohnten \u00d6ffnungszeiten der Ordnungsbeh\u00f6rde erreichbar:<\/p>\n\n\n\n<ul><li><strong>Montag \u2013 Freitag: 08:00 \u2013 12:00 Uhr<\/strong><\/li><li><strong>Dienstag: 14:00 \u2013 16:00 Uhr<\/strong><\/li><li><strong>Donnerstag: 14:00 \u2013 18:00 Uhr<\/strong><\/li><\/ul>\n\n\n\n<p><em>Stadt Speyer<br>11.11.2020<\/em><\/p>\n\n\n\n<h2 class=\"wp-block-heading\"><strong>WoLa @ Corona &#8211; Wie die Einrichtung St. Martin unter Corona-Bedingungen und mit entsprechendem Hygienekonzept feiert<\/strong><\/h2>\n\n\n\n<div class=\"wp-block-image\"><figure class=\"aligncenter\"><img decoding=\"async\" loading=\"lazy\" width=\"800\" height=\"589\" src=\"https:\/\/speyer24news.com\/wp-content\/uploads\/2020\/11\/WoLa-St.-Martin.jpg\" alt=\"\" class=\"wp-image-31130\" srcset=\"https:\/\/speyer24news.com\/wp-content\/uploads\/2020\/11\/WoLa-St.-Martin.jpg 800w, https:\/\/speyer24news.com\/wp-content\/uploads\/2020\/11\/WoLa-St.-Martin-300x221.jpg 300w, https:\/\/speyer24news.com\/wp-content\/uploads\/2020\/11\/WoLa-St.-Martin-768x565.jpg 768w, https:\/\/speyer24news.com\/wp-content\/uploads\/2020\/11\/WoLa-St.-Martin-80x60.jpg 80w\" sizes=\"(max-width: 800px) 100vw, 800px\" \/><figcaption>Feiern trotz Corona wenigstens ein kleines St. Martinsfest&#8230; die WoLa-Kinder.<\/figcaption><\/figure><\/div>\n\n\n\n<p>Selbstgebastelte Laternen, Lagerfeuer, Kinderpunsch, Waffeln, Gesang und der spannenden Geschichte des Heiligen Martins im Mondlicht lauschen \u2013 das ist allj\u00e4hrlich im November ein liebgewonnenes Ritual, nicht nur der WoLa-Kinder.<\/p>\n\n\n\n<p>Nachdem in diesem Jahr bereits unz\u00e4hlige Feste aufgrund der Corona-Pandemie abgesagt werden mussten, kamen die p\u00e4dagogischen Fachkr\u00e4fte der st\u00e4dtischen Kindertagesst\u00e4tte \u201eWoLa, ein Haus f\u00fcr Kinder\u201c in der Teambesprechung mit einer kreativen Idee auf das Leitungsteam in Person von Sabrina W\u00f6hlert und Alison Grewenig zu: Schaffen wir es, mit den Kindern ein sch\u00f6nes St. Martins- Fest unter Einhaltung der Hygienerichtlinien zu feiern \u2013 ganz nach dem Motto \u201eSt. Martin in der WoLa @ Corona&#8220;?<\/p>\n\n\n\n<p>Schnell bildete sich eine Planungsgruppe mit engagierten Erzieher*innen aus Krippe, Kindergarten und Hort. Einladungen und Laternen wurden von den Kindern begeistert gebastelt. Die K\u00fcchenkr\u00e4fte gaben schnell eine Gro\u00dfbestellung f\u00fcr Kinderpunsch, Waffelteig und Hefeg\u00e4nse auf. Die WoLa-Eltern zeigten froh, dass ihre Kinder dieses sch\u00f6ne Erlebnis auch in dieser au\u00dfergew\u00f6hnlichen Zeit erleben d\u00fcrfen und akzeptierten daher schnell, dass sie leider weiterhin nicht auf das Gel\u00e4nde der WoLa d\u00fcrfen. So wird am heutigen Martinstag gruppenweise mit Laternen eine Runde ums Feuer gelaufen und &#8211; nat\u00fcrlich nach dem H\u00e4ndewaschen &#8211; eine leckere Waffel genossen.<\/p>\n\n\n\n<p>Und wer wei\u00df? Vielleicht k\u00f6nnen auch die Nachbarn in der Wormser Landstra\u00dfe am Fest teilhaben, wenn sie am Ende des Tages durch das Fenster ein fr\u00f6hliches \u201eMein Licht ist aus, wir geh\u2018n nach Haus, rabimmel, rabammel, rabumm\u201c h\u00f6ren.<\/p>\n\n\n\n<p><em>Stadt Speyer<br>11.11.2020<\/em><\/p>\n\n\n\n<h2 class=\"wp-block-heading\"><strong>Neues Gesetz treibt Erdgaspreise<\/strong><\/h2>\n\n\n\n<h3 class=\"wp-block-heading\"><strong>Auch Strom und Fernw\u00e4rme teurer, Wasserpreise konstant<\/strong><\/h3>\n\n\n\n<figure class=\"wp-block-image\"><img decoding=\"async\" src=\"https:\/\/speyer24news.com\/wp-content\/uploads\/2020\/01\/SWS-Logo-1-1024x356.jpg\" alt=\"\" class=\"wp-image-24475\"\/><\/figure>\n\n\n\n<p>Die Stadtwerke Speyer (SWS) passen zum 1. Januar ihre Strom-, Erdgas- und Fernw\u00e4rmepreise an. \u201eH\u00f6here Einkaufspreise und vorgelagerte Netzentgelte zwingen uns beim Strom zur Anpassung der Konditionen\u201c, informiert SWS-Gesch\u00e4ftsf\u00fchrer Wolfgang B\u00fchring.<\/p>\n\n\n\n<p>Beim Erdgas werde ab 1. Januar bundesweit erstmals eine staatliche CO<sub>2<\/sub>-Bepreisung eingef\u00fchrt, von der alle Energieversorger betroffen seien, f\u00fchrt B\u00fchring weiter aus. Zus\u00e4tzlich w\u00fcrden auch beim Erdgas gestiegene Netzentgelte den Preis belasten. \u201eDank realisierter Beschaffungsvorteile k\u00f6nnen wir bei fast allen Vertr\u00e4gen einen&nbsp;Teil&nbsp;der Kosten kompensieren\u201c, sagt B\u00fchring&nbsp;und erg\u00e4nzt: \u201eDie Erdgaspreise sind&nbsp;seit 2016 konstant gewesen.\u201c<\/p>\n\n\n\n<p>Im Detail steigen die Strom-Arbeitspreise f\u00fcr die Grundversorgung um brutto 0,73 Cent\/Kilowattstunde. F\u00fcr eine Familie in einem Reihenhaus (Verbrauch&nbsp;3.000&nbsp;Kilowattstunden) macht die Anpassung monatlich 1,83&nbsp;Euro (brutto) aus. Bei Erdgas werden die Arbeitspreise f\u00fcr die Grundversorgung um 0,52 Cent\/Kilowattstunde (brutto) erh\u00f6ht. Dadurch fallen f\u00fcr einen durchschnittlichen Haushalt (Verbrauch 20.000 Kilowattstunden) h\u00f6here&nbsp;Kosten von monatlich 8,67 Euro (brutto) an. Die Arbeitspreise f\u00fcr Fernw\u00e4rmevertr\u00e4ge steigen um&nbsp;maximal 0,21&nbsp;Cent\/Kilowattstunde (brutto). Ein durchschnittlicher&nbsp;Haushalt (Verbrauch 20.000 Kilowattstunden) zahlt dann monatlich&nbsp;3,50&nbsp;Euro (brutto) mehr. &nbsp;<\/p>\n\n\n\n<p>Die Kosten f\u00fcr Wasser bleiben zum Jahreswechsel stabil.&nbsp;<\/p>\n\n\n\n<p>Alle Kunden werden in den n\u00e4chsten Tagen per Brief \u00fcber die Anpassungen informiert. Je nach Vertragsmodell kann es Abweichungen zu den genannten Beispielen geben.<\/p>\n\n\n\n<p><em>Stadtwerke Speyer (SWS) GmbH<br>11.11.2020<\/em><\/p>\n\n\n\n<h2 class=\"wp-block-heading\"><strong>100 Tage Ehrenamt \u2013 Stadt Speyer dankt dem DRK f\u00fcr seinen Einsatz<\/strong><\/h2>\n\n\n\n<div class=\"wp-block-image\"><figure class=\"aligncenter\"><img decoding=\"async\" loading=\"lazy\" width=\"500\" height=\"757\" src=\"https:\/\/speyer24news.com\/wp-content\/uploads\/2020\/03\/20200326_155113.jpg\" alt=\"\" class=\"wp-image-26116\" srcset=\"https:\/\/speyer24news.com\/wp-content\/uploads\/2020\/03\/20200326_155113.jpg 500w, https:\/\/speyer24news.com\/wp-content\/uploads\/2020\/03\/20200326_155113-198x300.jpg 198w\" sizes=\"(max-width: 500px) 100vw, 500px\" \/><figcaption>Ein Mitarbeiter des Deutschen Roten Kreuz (DRK) nimmt eine Abstrichprobe bei einer Patientin.<\/figcaption><\/figure><\/div>\n\n\n\n<p>Am Freitag leistete das Deutsche Rote Kreuz (DRK) seinen 100. Einsatztag im Corona-Abstrichzentrum in der Halle 101. Seit \u00d6ffnung des Abstrichzentrums am 11. M\u00e4rz 2020 unterst\u00fctzen zahlreiche Freiwillige die Stadt Speyer bei den Testungen auf das Coronavirus und leisten somit einen wertvollen Beitrag im Kampf gegen das Infektionsgeschehen.<\/p>\n\n\n\n<p>Oberb\u00fcrgermeisterin Stefanie Seiler wendet sich an die vielz\u00e4hligen ehrenamtlich aktiven Speyerer*innen und dankt ihnen herzlich f\u00fcr ihr unerm\u00fcdliches Engagement: \u201eWir stehen vor einer gro\u00dfen Herausforderung, aber mit Menschen wie Ihnen k\u00f6nnen wir der Pandemie gest\u00e4rkt entgegentreten\u201c, zeigt sich die Oberb\u00fcrgermeisterin beeindruckt.<\/p>\n\n\n\n<p>Um die Wertsch\u00e4tzung der geleisteten Arbeit zum Ausdruck zu bringen, soll n\u00e4chstes Jahr ein Dankesfest zu Ehren aller helfenden H\u00e4nde stattfinden: \u201eIch hoffe sehr, wir k\u00f6nnen n\u00e4chstes Jahr mit ein wenig Abstand zur\u00fcckblicken und Ihren Beitrag zur Pandemiebek\u00e4mpfung geb\u00fchrend w\u00fcrdigen\u201c, so Stefanie Seiler.<\/p>\n\n\n\n<p><em>Stadt Speyer<br>11.11.2020<\/em><\/p>\n\n\n\n<h2 class=\"wp-block-heading\"><strong>\u201eZukunftsinvestitionen\nin Krisenzeiten nicht verschleppen\u201c <\/strong><strong><\/strong><\/h2>\n\n\n\n<h3 class=\"wp-block-heading\"><strong>IG BAU: Speyer investierte 118 Euro pro Kopf in Infrastruktur<\/strong><\/h3>\n\n\n\n<div class=\"wp-block-image\"><figure class=\"aligncenter\"><img decoding=\"async\" loading=\"lazy\" width=\"800\" height=\"533\" src=\"https:\/\/speyer24news.com\/wp-content\/uploads\/2020\/11\/Gleisbauer.jpg\" alt=\"\" class=\"wp-image-31131\" srcset=\"https:\/\/speyer24news.com\/wp-content\/uploads\/2020\/11\/Gleisbauer.jpg 800w, https:\/\/speyer24news.com\/wp-content\/uploads\/2020\/11\/Gleisbauer-300x200.jpg 300w, https:\/\/speyer24news.com\/wp-content\/uploads\/2020\/11\/Gleisbauer-768x512.jpg 768w\" sizes=\"(max-width: 800px) 100vw, 800px\" \/><figcaption>Gleisbauer arbeiten an den Verkehrswegen von morgen. Durch die wirtschaftlichen Folgen der Corona-Pandemie k\u00f6nnten nun wichtige Zukunftsinvestitionen auf der Strecke bleiben, warnt die Gewerkschaft IG BAU.<br><em>Foto: IG BAU<\/em><\/figcaption><\/figure><\/div>\n\n\n\n<p>Vom neuen Radweg bis zum\nsanierten Schuldach: Trotz sinkender Steuereinnahmen durch die Corona-Pandemie\nsoll Speyer wichtige\nZukunftsinvestitionen nicht verschleppen. Dazu hat die Industriegewerkschaft\nBauen-Agrar-Umwelt (IG BAU) die Verantwortlichen in der Kommunalpolitik\naufgerufen. Im vergangenen Jahr investierte die\nStadt laut Kassenstatistik 5,9 Millionen Euro in \u00f6ffentliche Infrastruktur\n\u2013 das sind 118&nbsp;Euro pro Kopf, wie\neine Abfrage der Gewerkschaft bei den Statistik\u00e4mtern der L\u00e4nder ergab. \u201eDieses\nohnehin niedrige Level muss mit Blick auf den jahrelangen Investitionsstau\ngehalten werden, auch wenn die K\u00e4mmerer aktuell auf jeden Euro schauen m\u00fcssen.\nEin Sparen an der Infrastruktur w\u00e4re ein Sparen am falschen Ende\u201c, sagt R\u00fcdiger Wunderlich,\nBezirksvorsitzender der IG&nbsp;BAU Rheinhessen-Vorderpfalz.<\/p>\n\n\n\n<p>Neue Kitas, renovierte \u00c4mter\nund moderne Wasserleitungen seien f\u00fcr eine nachhaltige regionale\nWirtschaftsentwicklung in den kommenden Jahren von entscheidender Bedeutung.\n\u201eKommunale Investitionen sichern zugleich viele Arbeitspl\u00e4tze vor Ort \u2013 ob beim\nDachdeckermeister oder im Architekturb\u00fcro\u201c, so der\nGewerkschafter. Allein das\nBauhauptgewerbe besch\u00e4ftigt in Speyer laut Arbeitsagentur rund 500 Menschen.<\/p>\n\n\n\n<p>\u201eHinzu kommt ein gro\u00dfer\nNachholbedarf in puncto Verkehrswende. Nur wenn fl\u00e4chendeckend deutlich mehr in\nGleise, Radwege und Ladestationen f\u00fcr Elektroautos investiert wird, sind die\nKlimaziele erreichbar\u201c, betont Wunderlich.\nGleiches gelte bei der energetischen Geb\u00e4udesanierung, die in \u00f6ffentlichen\nGeb\u00e4uden h\u00e4ufig besonders dringend sei.<\/p>\n\n\n\n<p>Mit Blick auf die angespannte\nkommunale Kassenlage verweist die IG BAU auf die Hilfen aus den sogenannten\nCorona-Konjunkturpaketen. Danach erstattet der Bund den Kommunen Ausf\u00e4lle bei\nder Gewerbesteuer \u2013 ihrer wichtigsten Einnahmequelle \u2013 im laufenden Jahr mit\nbis zu 6,1 Milliarden Euro. Weitere 4,8 Milliarden Euro sollen die L\u00e4nder\nbeisteuern. Zus\u00e4tzliche Milliardenhilfen gibt es bei den Hartz-IV-Kosten sowie\nf\u00fcr die Gesundheits\u00e4mter und die Kindertagesbetreuung. \u201eKlar ist, dass die\nBundesregierung auch in den n\u00e4chsten Jahren gefordert ist, um die Kommunen bei\nden Folgen der Coronakrise zu entlasten. Dass die Investitionen vor Ort jetzt\nstabil bleiben, ist keine Luxusfrage, sondern entscheidend f\u00fcr den Zusammenhalt\nder Gesellschaft und unsere Zukunft\u201c, so Wunderlich.<\/p>\n\n\n\n<p>Im bundesweiten Vergleich belegt Speyer mit einer Investitionsquote von 118\u00a0Euro pro Einwohner f\u00fcr Infrastruktur einen der hinteren Pl\u00e4tze.<\/p>\n\n\n\n<p><em>Industriegewerkschaft Bauen-Agrar-Umwelt, Bezirksverband Rheinhessen-Vorderpfalz<br>11.11.2020<\/em><\/p>\n","protected":false},"excerpt":{"rendered":"<div class=\"mh-excerpt\"><p>Corona-Fallzahlen Dienstag (10.11.2020) Anzahl best\u00e4tigter F\u00e4lle von Coronavirus (SARS-CoV-2)-Infektionen in der Stadt Speyer: 346 (+ 14)Davon bereits genesen: 185Todesf\u00e4lle: 2Gemeldete F\u00e4lle der letzten sieben Tage pro 100.000 Einwohner*innen: 112,7Warnstufe: Rot Stand: 10.11.2020, 14:00 Uhr Kreisgesundheitsamt <a class=\"mh-excerpt-more\" href=\"https:\/\/speyer24news.com\/?p=31128\" title=\"Corona und Stadtnotizen aus Speyer\">[&#8230;]<\/a><\/p>\n<\/div>","protected":false},"author":3,"featured_media":23902,"comment_status":"open","ping_status":"open","sticky":false,"template":"","format":"standard","meta":{"_monsterinsights_skip_tracking":false,"_monsterinsights_sitenote_active":false,"_monsterinsights_sitenote_note":"","_monsterinsights_sitenote_category":0,"footnotes":""},"categories":[9],"tags":[6401,6940,8281,6359,6358,7003,6342,237,1064,8783,6449,8787,8788,8785,8784,6,8786,1296,1442],"aioseo_notices":[],"amp_enabled":true,"_links":{"self":[{"href":"https:\/\/speyer24news.com\/index.php?rest_route=\/wp\/v2\/posts\/31128"}],"collection":[{"href":"https:\/\/speyer24news.com\/index.php?rest_route=\/wp\/v2\/posts"}],"about":[{"href":"https:\/\/speyer24news.com\/index.php?rest_route=\/wp\/v2\/types\/post"}],"author":[{"embeddable":true,"href":"https:\/\/speyer24news.com\/index.php?rest_route=\/wp\/v2\/users\/3"}],"replies":[{"embeddable":true,"href":"https:\/\/speyer24news.com\/index.php?rest_route=%2Fwp%2Fv2%2Fcomments&post=31128"}],"version-history":[{"count":1,"href":"https:\/\/speyer24news.com\/index.php?rest_route=\/wp\/v2\/posts\/31128\/revisions"}],"predecessor-version":[{"id":31132,"href":"https:\/\/speyer24news.com\/index.php?rest_route=\/wp\/v2\/posts\/31128\/revisions\/31132"}],"wp:featuredmedia":[{"embeddable":true,"href":"https:\/\/speyer24news.com\/index.php?rest_route=\/wp\/v2\/media\/23902"}],"wp:attachment":[{"href":"https:\/\/speyer24news.com\/index.php?rest_route=%2Fwp%2Fv2%2Fmedia&parent=31128"}],"wp:term":[{"taxonomy":"category","embeddable":true,"href":"https:\/\/speyer24news.com\/index.php?rest_route=%2Fwp%2Fv2%2Fcategories&post=31128"},{"taxonomy":"post_tag","embeddable":true,"href":"https:\/\/speyer24news.com\/index.php?rest_route=%2Fwp%2Fv2%2Ftags&post=31128"}],"curies":[{"name":"wp","href":"https:\/\/api.w.org\/{rel}","templated":true}]}}