{"id":31163,"date":"2020-11-13T09:10:29","date_gmt":"2020-11-13T08:10:29","guid":{"rendered":"https:\/\/speyer24news.com\/?p=31163"},"modified":"2021-01-14T08:21:21","modified_gmt":"2021-01-14T07:21:21","slug":"speyer-44","status":"publish","type":"post","link":"https:\/\/speyer24news.com\/?p=31163","title":{"rendered":"Speyer"},"content":{"rendered":"<style type=\"text\/css\">\r\n\t.ads_top_disp{}\r\n\t.ads_top_corner_disp{ float:left; margin:0px 10px 10px 0px; }\r\n\t.ads_first_p_disp{}\r\n\t.ads_bottom_disp{}\r\n\t<\/style>\n<h2 class=\"wp-block-heading\"><strong>Stadt erm\u00f6glicht St\u00e4nde im Stadtgebiet<\/strong><\/h2>\n\n\n\n<h3 class=\"wp-block-heading\"><strong>Absage des Kunsthandwerkermarktes<\/strong> und des Weihnachtsmarkts<\/h3>\n\n\n\n<div class=\"wp-block-image\"><figure class=\"aligncenter\"><img decoding=\"async\" loading=\"lazy\" width=\"800\" height=\"600\" src=\"https:\/\/speyer24news.com\/wp-content\/uploads\/2020\/11\/DSC05938.jpg\" alt=\"\" class=\"wp-image-31164\" srcset=\"https:\/\/speyer24news.com\/wp-content\/uploads\/2020\/11\/DSC05938.jpg 800w, https:\/\/speyer24news.com\/wp-content\/uploads\/2020\/11\/DSC05938-300x225.jpg 300w, https:\/\/speyer24news.com\/wp-content\/uploads\/2020\/11\/DSC05938-768x576.jpg 768w, https:\/\/speyer24news.com\/wp-content\/uploads\/2020\/11\/DSC05938-678x509.jpg 678w, https:\/\/speyer24news.com\/wp-content\/uploads\/2020\/11\/DSC05938-326x245.jpg 326w, https:\/\/speyer24news.com\/wp-content\/uploads\/2020\/11\/DSC05938-80x60.jpg 80w\" sizes=\"(max-width: 800px) 100vw, 800px\" \/><figcaption>So wird es in diesem Jahr leider nicht aussehen, es findet kein Weihnachtsmarkt, kein Weihnachtsdorf und kein Kunsthandwerkermarkt statt.<\/figcaption><\/figure><\/div>\n\n\n\n<p>Aufgrund der weiterhin schnell steigenden Zahl an Corona-Neuinfektionen kann in Speyer in diesem Jahr weder ein klassischer Weihnachtsmarkt noch ein Weihnachtsdorf stattfinden. Auch der beliebte Kunsthandwerkermarkt im Rathausinnenhof muss aufgrund der aktuellen Entwicklungen abgesagt werden. Stattdessen wird die Stadt Speyer den ortsans\u00e4ssigen Schausteller*innen ab Montag, 16. November 2020 die Aufstellung ihrer Verkaufsst\u00e4nde im Stadtgebiet erm\u00f6glichen. Als Alternative f\u00fcr die Kunsthandwerker*innen ist f\u00fcr Fr\u00fchjahr\/Sommer 2021 die Durchf\u00fchrung eines Kunsthandwerkermarkts in der Innenstadt geplant.<\/p>\n\n\n\n<p>\u201eIch bedauere die Absage unseres Weihnachtsmarktes sehr, insbesondere weil ich wei\u00df, wie hart sie die Schaustellerinnen und Schausteller nach diesem ohnehin nervenaufreibenden Jahr trifft. Schon im Sommer haben wir alle Hebel in Bewegungen gesetzt, um mit dem gastronomischen Angebot im Domgarten das Beste aus der Situation herauszuholen\u201c, erinnert Oberb\u00fcrgermeisterin Stefanie Seiler. \u201eDie Voraussetzungen, unter denen wir jetzt planen mussten, sind andere, die Lage ist dynamischer, die Eind\u00e4mmungsma\u00dfnahmen strenger als im Sommer. Trotzdem war und ist es uns wichtig, die Schaustellerei so gut es geht zu unterst\u00fctzen\u201c, f\u00fchrt Seiler weiter aus.<\/p>\n\n\n\n<div class=\"wp-block-image\"><figure class=\"aligncenter\"><img decoding=\"async\" loading=\"lazy\" width=\"800\" height=\"600\" src=\"https:\/\/speyer24news.com\/wp-content\/uploads\/2020\/11\/DSC05889.jpg\" alt=\"\" class=\"wp-image-31165\" srcset=\"https:\/\/speyer24news.com\/wp-content\/uploads\/2020\/11\/DSC05889.jpg 800w, https:\/\/speyer24news.com\/wp-content\/uploads\/2020\/11\/DSC05889-300x225.jpg 300w, https:\/\/speyer24news.com\/wp-content\/uploads\/2020\/11\/DSC05889-768x576.jpg 768w, https:\/\/speyer24news.com\/wp-content\/uploads\/2020\/11\/DSC05889-678x509.jpg 678w, https:\/\/speyer24news.com\/wp-content\/uploads\/2020\/11\/DSC05889-326x245.jpg 326w, https:\/\/speyer24news.com\/wp-content\/uploads\/2020\/11\/DSC05889-80x60.jpg 80w\" sizes=\"(max-width: 800px) 100vw, 800px\" \/><\/figure><\/div>\n\n\n\n<p>Analog zu den Regelungen der Gastronomie k\u00f6nnen die Schausteller*innen daher ab Montag, 16. November 2020, Speisen und Getr\u00e4nke zum Mitnehmen anbieten. Dabei sind: Harald Klauder mit einem Cr\u00eapes- und Waffelstand auf dem Festplatz, Thilo von Olnhausen mit einem S\u00fc\u00dfwaren- und Mandelstand auf dem Parkplatz des EDEKA Stiegler-Marktes in der St. German-Stra\u00dfe, Freddy Zinnecker mit einem Imbisswagen sowie einem Cr\u00eapes- und Mandelstand auf dem K\u00f6nigsplatz und Alexander Lemke, der allerdings nur an den Wochenenden \u00f6ffnet, mit einem Cr\u00eapes-Stand am Flaggenmast. Private Aufstellm\u00f6glichkeiten haben sich dar\u00fcber hinaus bereits Felix Stengler mit einem Food-Truck auf dem Parkplatz des Dehner-Marktes und Beate Wittmann mit S\u00fc\u00dfwaren im Nu\u00dfbaumweg organisiert.<\/p>\n\n\n\n<div class=\"wp-block-image\"><figure class=\"aligncenter\"><img decoding=\"async\" loading=\"lazy\" width=\"800\" height=\"600\" src=\"https:\/\/speyer24news.com\/wp-content\/uploads\/2020\/11\/IMG_20190714_211124.jpg\" alt=\"\" class=\"wp-image-31166\" srcset=\"https:\/\/speyer24news.com\/wp-content\/uploads\/2020\/11\/IMG_20190714_211124.jpg 800w, https:\/\/speyer24news.com\/wp-content\/uploads\/2020\/11\/IMG_20190714_211124-300x225.jpg 300w, https:\/\/speyer24news.com\/wp-content\/uploads\/2020\/11\/IMG_20190714_211124-768x576.jpg 768w, https:\/\/speyer24news.com\/wp-content\/uploads\/2020\/11\/IMG_20190714_211124-678x509.jpg 678w, https:\/\/speyer24news.com\/wp-content\/uploads\/2020\/11\/IMG_20190714_211124-326x245.jpg 326w, https:\/\/speyer24news.com\/wp-content\/uploads\/2020\/11\/IMG_20190714_211124-80x60.jpg 80w\" sizes=\"(max-width: 800px) 100vw, 800px\" \/><figcaption>Leider wieder nicht mit dabei, 2. Vorsitzende des Schaustellerverbandes Benita Barth<\/figcaption><\/figure><\/div>\n\n\n\n<p>\u201eDie Stadt ist in diesem Jahr enger zusammen ger\u00fcckt. Ich sp\u00fcre t\u00e4glich den gro\u00dfen Zusammenhalt und die Solidarit\u00e4t der Menschen untereinander. Daher m\u00f6chte ich alle Speyererinnen und Speyerer einladen, unsere Schaustellerinnen und Schausteller ebenso zu unterst\u00fctzen wie unsere Gastronomie und unseren Einzelhandel. Sie alle pr\u00e4gen unsere Stadt und machen sie zu diesem liebens- und lebenswerten Ort. Lassen Sie uns das gemeinsam erhalten\u201c, so der Appell der Stadtchefin.<\/p>\n\n\n\n<p><em>Text: Stadtverwaltung Speyer Foto: Speyer 24\/7 News<br>13.11.2020<\/em><\/p>\n","protected":false},"excerpt":{"rendered":"<div class=\"mh-excerpt\"><p>Stadt erm\u00f6glicht St\u00e4nde im Stadtgebiet Absage des Kunsthandwerkermarktes und des Weihnachtsmarkts Aufgrund der weiterhin schnell steigenden Zahl an Corona-Neuinfektionen kann in Speyer in diesem Jahr weder ein klassischer Weihnachtsmarkt noch ein Weihnachtsdorf stattfinden. Auch der <a class=\"mh-excerpt-more\" href=\"https:\/\/speyer24news.com\/?p=31163\" title=\"Speyer\">[&#8230;]<\/a><\/p>\n<\/div>","protected":false},"author":3,"featured_media":31169,"comment_status":"open","ping_status":"open","sticky":false,"template":"","format":"standard","meta":{"_monsterinsights_skip_tracking":false,"_monsterinsights_sitenote_active":false,"_monsterinsights_sitenote_note":"","_monsterinsights_sitenote_category":0,"footnotes":""},"categories":[9],"tags":[6367,6940,5904,6358,4586,6,8800,4582],"aioseo_notices":[],"amp_enabled":true,"_links":{"self":[{"href":"https:\/\/speyer24news.com\/index.php?rest_route=\/wp\/v2\/posts\/31163"}],"collection":[{"href":"https:\/\/speyer24news.com\/index.php?rest_route=\/wp\/v2\/posts"}],"about":[{"href":"https:\/\/speyer24news.com\/index.php?rest_route=\/wp\/v2\/types\/post"}],"author":[{"embeddable":true,"href":"https:\/\/speyer24news.com\/index.php?rest_route=\/wp\/v2\/users\/3"}],"replies":[{"embeddable":true,"href":"https:\/\/speyer24news.com\/index.php?rest_route=%2Fwp%2Fv2%2Fcomments&post=31163"}],"version-history":[{"count":1,"href":"https:\/\/speyer24news.com\/index.php?rest_route=\/wp\/v2\/posts\/31163\/revisions"}],"predecessor-version":[{"id":31168,"href":"https:\/\/speyer24news.com\/index.php?rest_route=\/wp\/v2\/posts\/31163\/revisions\/31168"}],"wp:featuredmedia":[{"embeddable":true,"href":"https:\/\/speyer24news.com\/index.php?rest_route=\/wp\/v2\/media\/31169"}],"wp:attachment":[{"href":"https:\/\/speyer24news.com\/index.php?rest_route=%2Fwp%2Fv2%2Fmedia&parent=31163"}],"wp:term":[{"taxonomy":"category","embeddable":true,"href":"https:\/\/speyer24news.com\/index.php?rest_route=%2Fwp%2Fv2%2Fcategories&post=31163"},{"taxonomy":"post_tag","embeddable":true,"href":"https:\/\/speyer24news.com\/index.php?rest_route=%2Fwp%2Fv2%2Ftags&post=31163"}],"curies":[{"name":"wp","href":"https:\/\/api.w.org\/{rel}","templated":true}]}}