{"id":31174,"date":"2020-11-15T08:40:15","date_gmt":"2020-11-15T07:40:15","guid":{"rendered":"https:\/\/speyer24news.com\/?p=31174"},"modified":"2020-11-15T08:40:15","modified_gmt":"2020-11-15T07:40:15","slug":"corona-stadtnotizen-verkehrsnotizen-aus-speyer-3","status":"publish","type":"post","link":"https:\/\/speyer24news.com\/?p=31174","title":{"rendered":"Corona, Stadtnotizen &#038; Verkehrsnotizen aus Speyer"},"content":{"rendered":"<style type=\"text\/css\">\r\n\t.ads_top_disp{}\r\n\t.ads_top_corner_disp{ float:left; margin:0px 10px 10px 0px; }\r\n\t.ads_first_p_disp{}\r\n\t.ads_bottom_disp{}\r\n\t<\/style>\n<h1 class=\"wp-block-heading\" style=\"text-align:center\">Corona-Fallzahlen<\/h1>\n\n\n\n<figure class=\"wp-block-image\"><img decoding=\"async\" loading=\"lazy\" width=\"800\" height=\"400\" src=\"https:\/\/speyer24news.com\/wp-content\/uploads\/2020\/02\/virus-1812092_1920.jpg\" alt=\"\" class=\"wp-image-25128\" srcset=\"https:\/\/speyer24news.com\/wp-content\/uploads\/2020\/02\/virus-1812092_1920.jpg 800w, https:\/\/speyer24news.com\/wp-content\/uploads\/2020\/02\/virus-1812092_1920-300x150.jpg 300w, https:\/\/speyer24news.com\/wp-content\/uploads\/2020\/02\/virus-1812092_1920-768x384.jpg 768w\" sizes=\"(max-width: 800px) 100vw, 800px\" \/><\/figure>\n\n\n\n<h2 class=\"wp-block-heading\">Freitag, 13.11.2020<\/h2>\n\n\n\n<p>Anzahl best\u00e4tigter F\u00e4lle von Coronavirus (SARS-CoV-2)-Infektionen in der Stadt Speyer: 465 (+ 27)<br>Davon bereits genesen: 187<br>Todesf\u00e4lle: 2<br>Gemeldete F\u00e4lle der letzten sieben Tage pro 100.000 Einwohner*innen: 269,0<br>Warnstufe: Rot<\/p>\n\n\n\n<p><em>Stand: 13.11.2020, 14:00 Uhr<\/em><\/p>\n\n\n\n<h2 class=\"wp-block-heading\">Donnerstag, 12.11.2020<\/h2>\n\n\n\n<p>Anzahl best\u00e4tigter F\u00e4lle von Coronavirus (SARS-CoV-2)-Infektionen in der Stadt Speyer: 438 (+ 46)<br>Davon bereits genesen: 185<br>Todesf\u00e4lle: 2<br>Gemeldete F\u00e4lle der letzten sieben Tage pro 100.000 Einwohner*innen: 227,4<br>Warnstufe: Rot<\/p>\n\n\n\n<p><em>Stand: 12.11.2020, 14:00 Uh<\/em>r<\/p>\n\n\n\n<p><em>Kreisgesundheitsamt Rhein-Pfalz-Kreis<br>15.11.2020<\/em><\/p>\n\n\n\n<h1 class=\"wp-block-heading\" style=\"text-align:center\">Stadtnotizen<\/h1>\n\n\n\n<figure class=\"wp-block-image\"><img decoding=\"async\" loading=\"lazy\" width=\"800\" height=\"600\" src=\"https:\/\/speyer24news.com\/wp-content\/uploads\/2020\/01\/Speyer-Stadtnachrichten-2.jpg\" alt=\"\" class=\"wp-image-23901\" srcset=\"https:\/\/speyer24news.com\/wp-content\/uploads\/2020\/01\/Speyer-Stadtnachrichten-2.jpg 800w, https:\/\/speyer24news.com\/wp-content\/uploads\/2020\/01\/Speyer-Stadtnachrichten-2-300x225.jpg 300w, https:\/\/speyer24news.com\/wp-content\/uploads\/2020\/01\/Speyer-Stadtnachrichten-2-768x576.jpg 768w, https:\/\/speyer24news.com\/wp-content\/uploads\/2020\/01\/Speyer-Stadtnachrichten-2-678x509.jpg 678w, https:\/\/speyer24news.com\/wp-content\/uploads\/2020\/01\/Speyer-Stadtnachrichten-2-326x245.jpg 326w, https:\/\/speyer24news.com\/wp-content\/uploads\/2020\/01\/Speyer-Stadtnachrichten-2-80x60.jpg 80w\" sizes=\"(max-width: 800px) 100vw, 800px\" \/><\/figure>\n\n\n\n<h2 class=\"wp-block-heading\"><strong>Kultur trotz(t) Corona \u2013 Speyer.Kultur Xmas Special<\/strong><\/h2>\n\n\n\n<div class=\"wp-block-image\"><figure class=\"aligncenter\"><img decoding=\"async\" src=\"https:\/\/speyer24news.com\/wp-content\/uploads\/2020\/06\/Speyer-Kultur-Corona.jpg\" alt=\"\" class=\"wp-image-28115\"\/><\/figure><\/div>\n\n\n\n<p>Noch ist nicht klar, ob und unter welchen Bedingungen im Dezember wieder Kulturveranstaltungen stattfinden k\u00f6nnen. Aber die Vorweihnachtszeit und den Jahreswechsel ganz ohne Konzerte zu erleben, sei nur schwer vorstellbar, sagen Kulturb\u00fcrgermeisterin Monika Kabs und Fachbereichsleiter Matthias Nowack einhellig beim Pressegespr\u00e4ch im Rathaus. Und deshalb halte man fest an den Pl\u00e4nen zu einer kleinen Konzertreihe am Wochenende vor Weihnachten, auch wenn sie \u201enur\u201c unter strengen Hygieneauflagen und mit begrenzten Besucherzahlen stattfinden kann. Bei dem so geplanten\u00a0<strong>\u201eXmas-Special\u201c vom 18. bis 20. Dezember<\/strong>\u00a0werden vor allem Speyerer Musikerinnen und Musiker auf der B\u00fchne der Stadthalle stehen.<\/p>\n\n\n\n<div class=\"wp-block-image\"><figure class=\"aligncenter\"><img decoding=\"async\" loading=\"lazy\" width=\"500\" height=\"718\" src=\"https:\/\/speyer24news.com\/wp-content\/uploads\/2020\/11\/Rudolph-und-die-Renntiere-3-\u00a9-Gerald-schilling.jpg\" alt=\"\" class=\"wp-image-31175\" srcset=\"https:\/\/speyer24news.com\/wp-content\/uploads\/2020\/11\/Rudolph-und-die-Renntiere-3-\u00a9-Gerald-schilling.jpg 500w, https:\/\/speyer24news.com\/wp-content\/uploads\/2020\/11\/Rudolph-und-die-Renntiere-3-\u00a9-Gerald-schilling-209x300.jpg 209w\" sizes=\"(max-width: 500px) 100vw, 500px\" \/><figcaption>Rudolph und die Renntiere am Freitag, 18.12.2020<br><em>Foto: \u00a9 Gerald Schilling<\/em><\/figcaption><\/figure><\/div>\n\n\n\n<p>Der Konzertreigen kurz vor Weihnachten beginnt am\u00a0<strong>Freitag, 18. Dezember, 20 Uhr<\/strong>\u00a0mit Speyers dienst\u00e4ltester Rock\u2019n\u2019Roll Kapelle, mit \u201eRudolph und den Renntieren\u201c. Das klassische Rock\u2019n\u2019Roll Trio, bestehend aus Thomas Hoppe an der Gitarre und Gesang, Vladimir Stalinsky am Kontrabass und Mike Fehn am Schlagzeug spielt moderne amerikanische Tanzmusik und deutsche Wirtschaftswunderschlager aus den 50er bis fr\u00fchen 60er Jahren des vergangenen Jahrhunderts im authentischen Sound und Stil dieser goldenen Zeit. Ein Stelldichein mit Elvis, Chuck Berry, Peter Kraus und Ted Herold. Im Dezember fehlen nat\u00fcrlich auch nicht die legend\u00e4ren Renntier-Interpretationen internationaler Weihnachtshits inklusive der Kultweihnachtsbaumkugeln.<\/p>\n\n\n\n<div class=\"wp-block-image\"><figure class=\"aligncenter\"><img decoding=\"async\" loading=\"lazy\" width=\"600\" height=\"597\" src=\"https:\/\/speyer24news.com\/wp-content\/uploads\/2020\/11\/Jimi-Hering-Weihnachrs-Experience-\u00a9-Stephan-Hering-Cerin.png\" alt=\"\" class=\"wp-image-31176\" srcset=\"https:\/\/speyer24news.com\/wp-content\/uploads\/2020\/11\/Jimi-Hering-Weihnachrs-Experience-\u00a9-Stephan-Hering-Cerin.png 600w, https:\/\/speyer24news.com\/wp-content\/uploads\/2020\/11\/Jimi-Hering-Weihnachrs-Experience-\u00a9-Stephan-Hering-Cerin-150x150.png 150w, https:\/\/speyer24news.com\/wp-content\/uploads\/2020\/11\/Jimi-Hering-Weihnachrs-Experience-\u00a9-Stephan-Hering-Cerin-300x300.png 300w\" sizes=\"(max-width: 600px) 100vw, 600px\" \/><figcaption>Jimi Hering Weihnachts Experience am Samstag 19.12.2020<br><em>Foto: \u00a9 Stephan Hering Cerin<\/em><\/figcaption><\/figure><\/div>\n\n\n\n<p>Weiter geht\u00b4s am\u00a0<strong>Samstag, 19. Dezember, 20 Uhr<\/strong>\u00a0mit der \u201eJimi Hering Weihnachts Experience\u201c. Alle Jahre wieder holen die wahren Helden des Minimalismus im Allgemeinen und der Vorweihnachtszeit im Besonderen die Maronen aus dem ewigen Feuer der Belanglosigkeit, dass selbst die Herren aus dem Morgenland blass werden (ja, alle drei) und die Myrrhe ob ihres nutzlosen Daseins vor Scham welkt. In einem heiter-besinnlichen, zuweilen furiosen Weihnachts-Mash-Up geben sich deutsche Weihnachtstradition, Rock, Blues, Soul und Jazz ein munteres Stelldichein. Das alles dargeboten im speziellen Jimi Hering Sound und unter Anwendung aller zur Verf\u00fcgung stehenden Mittel. Ungez\u00fcgelte Fantasie, liebevolle Respektlosigkeit und detailverliebte Spontanit\u00e4t. Unterhaltsamer kann man wohl kaum auf das Christkind warten.<\/p>\n\n\n\n<div class=\"wp-block-image\"><figure class=\"aligncenter\"><img decoding=\"async\" loading=\"lazy\" width=\"800\" height=\"534\" src=\"https:\/\/speyer24news.com\/wp-content\/uploads\/2020\/11\/lehmler-3-sw-\u00a9-Alexandra-Lehmler.jpg\" alt=\"\" class=\"wp-image-31177\" srcset=\"https:\/\/speyer24news.com\/wp-content\/uploads\/2020\/11\/lehmler-3-sw-\u00a9-Alexandra-Lehmler.jpg 800w, https:\/\/speyer24news.com\/wp-content\/uploads\/2020\/11\/lehmler-3-sw-\u00a9-Alexandra-Lehmler-300x200.jpg 300w, https:\/\/speyer24news.com\/wp-content\/uploads\/2020\/11\/lehmler-3-sw-\u00a9-Alexandra-Lehmler-768x513.jpg 768w\" sizes=\"(max-width: 800px) 100vw, 800px\" \/><figcaption> Jazz-Saxophonistin Alexandra Lehmler tritt am Sonntag, 20.12.2020 auf.<br> <em>Foto: \u00a9 Alexandra Lehmler<\/em><\/figcaption><\/figure><\/div>\n\n\n\n<p>Am\u00a0<strong>Sonntag, 20. Dezember, 20 Uhr<\/strong>\u00a0wird die Jazz-Saxophonistin Alexandra Lehmler \u2013 eine der Vorzeigemusikerinnen der deutschen Szene \u2013 mit ihrem parit\u00e4tisch besetzten deutsch-franz\u00f6sischen Quartett \u201esans mots\u201c Musik erklingen lassen, die in h\u00f6chstem Ma\u00dfe lebendig ist: Die Tr\u00e4gerin des Jazzpreises Baden-W\u00fcrttemberg 2014 und Stipendiatin der Kunststiftung Baden-W\u00fcrttemberg ist eine brillante \u00dcberzeugungst\u00e4terin mit dem Hang zum Besonderen, die eine sehr pers\u00f6nliche Balance zwischen Leidenschaft und Ausdruckswillen einerseits und der Sinnlichkeit von Groove und Melodie andererseits anstrebt. Zusammen mit dem italienischen Gitarristen Federico Casagrande, dem franz\u00f6sischen Schlagzeuger Patrice Heral und dem Kontrabassisten Matthias TC Debus verwendet sie Motive aus der Weltmusik und bewegt sich mit gleicher \u00dcberzeugung in minimalistischen oder elektrifizierten Klanglandschaften.<\/p>\n\n\n\n<p>Wir m\u00fcssen flexibel und rasch auf ver\u00e4nderte Rahmenbedingungen und neue Corona-Verordnungen reagieren, hei\u00dft es aus dem Kulturb\u00fcro der Stadt. Das urspr\u00fcnglich in der Halle 101 in Zusammenarbeit mit dem Rockmusikerverein geplante \u201eXmas Special\u201c ist jetzt in die Stadthalle verlegt worden, nachdem die Halle 101 im Dezember durch das Corona Abstrichzentrum belegt ist. Karten f\u00fcr die drei Weihnachtskonzerte gibt es zum Preis von 15 Euro bei allen Reservix-Vorverkaufsstellen. \u00dcbrigens: Man kann auch ein Kultur.Support Ticket zum Preis von 20 Euro kaufen, um die Speyerer Xmas-Konzerte zu erleben.<\/p>\n\n\n\n<p><em>Text: Stadtverwaltung Speyer Foto: (1) Gerald Schilling; (2) Stephan Hering Cerin; (3) Alexandra Lehmler<br>15.11.2020<\/em><\/p>\n\n\n\n<h1 class=\"wp-block-heading\" style=\"text-align:center\">Verkehrsnotizen<\/h1>\n\n\n\n<figure class=\"wp-block-image\"><img decoding=\"async\" loading=\"lazy\" width=\"800\" height=\"565\" src=\"https:\/\/speyer24news.com\/wp-content\/uploads\/2020\/01\/Baustelle-2.jpg\" alt=\"\" class=\"wp-image-23900\" srcset=\"https:\/\/speyer24news.com\/wp-content\/uploads\/2020\/01\/Baustelle-2.jpg 800w, https:\/\/speyer24news.com\/wp-content\/uploads\/2020\/01\/Baustelle-2-300x212.jpg 300w, https:\/\/speyer24news.com\/wp-content\/uploads\/2020\/01\/Baustelle-2-768x542.jpg 768w\" sizes=\"(max-width: 800px) 100vw, 800px\" \/><\/figure>\n\n\n\n<h2 class=\"wp-block-heading\"><strong>Von-Denis-Stra\u00dfe gesperrt<\/strong><\/h2>\n\n\n\n<p>Die Von-Denis-Stra\u00dfe wird auf H\u00f6he der Hausnummer 7 aufgrund von Kranarbeiten <strong>ab Montag, 23. November bis voraussichtlich 27. November <\/strong>2020 erneut f\u00fcr den Durchgangsverkehr gesperrt.<\/p>\n\n\n\n<p>F\u00fcr die Dauer der Ma\u00dfnahme wird die Stra\u00dfe einseitig als Sackgasse ausgewiesen.<\/p>\n\n\n\n<h2 class=\"wp-block-heading\"><strong>Weisgerberstra\u00dfe gesperrt<\/strong><\/h2>\n\n\n\n<p>Die Weisgerberstra\u00dfe wird auf H\u00f6he der Hausnummer 35 aufgrund von Arbeiten im Auftrag der EBS Speyer <strong>von Montag, 23. November bis voraussichtlich Freitag, 4. Dezember 2020<\/strong> f\u00fcr den Durchgangsverkehr komplett gesperrt. F\u00fcr die Dauer der Ma\u00dfnahme wird die Stra\u00dfe beidseitig als Sackgasse ausgewiesen.<\/p>\n\n\n\n<h2 class=\"wp-block-heading\"><strong>Schipkapassbr\u00fccke gesperrt<\/strong><\/h2>\n\n\n\n<p>Die Schipkapassbr\u00fccke wird auf H\u00f6he Burgstra\u00dfe 21 aufgrund von Montagearbeiten <strong>ab Montag, 7. Dezember bis voraussichtlich Freitag, 11. Dezember 2020 vollgesperrt<\/strong>. Die Bahngleise k\u00f6nnen \u00fcber die naheliegende Schneckennudelbr\u00fccke weiterhin \u00fcberquert werden.<\/p>\n\n\n\n<p>F\u00fcr R\u00fcckfragen steht die Stra\u00dfenverkehrsbeh\u00f6rde unter der Rufnummer 14-2938 zur Verf\u00fcgung.<\/p>\n\n\n\n<p><em>Stadtverwaltung Speyer<br>15.11.2020<\/em><\/p>\n","protected":false},"excerpt":{"rendered":"<div class=\"mh-excerpt\"><p>Corona-Fallzahlen Freitag, 13.11.2020 Anzahl best\u00e4tigter F\u00e4lle von Coronavirus (SARS-CoV-2)-Infektionen in der Stadt Speyer: 465 (+ 27)Davon bereits genesen: 187Todesf\u00e4lle: 2Gemeldete F\u00e4lle der letzten sieben Tage pro 100.000 Einwohner*innen: 269,0Warnstufe: Rot Stand: 13.11.2020, 14:00 Uhr Donnerstag, <a class=\"mh-excerpt-more\" href=\"https:\/\/speyer24news.com\/?p=31174\" title=\"Corona, Stadtnotizen &#038; Verkehrsnotizen aus Speyer\">[&#8230;]<\/a><\/p>\n<\/div>","protected":false},"author":3,"featured_media":23902,"comment_status":"open","ping_status":"open","sticky":false,"template":"","format":"standard","meta":{"_monsterinsights_skip_tracking":false,"_monsterinsights_sitenote_active":false,"_monsterinsights_sitenote_note":"","_monsterinsights_sitenote_category":0,"footnotes":""},"categories":[47],"tags":[6367,6358,7003,5801,6342,8803,6,8801,6570,1114,5324,8802],"aioseo_notices":[],"amp_enabled":true,"_links":{"self":[{"href":"https:\/\/speyer24news.com\/index.php?rest_route=\/wp\/v2\/posts\/31174"}],"collection":[{"href":"https:\/\/speyer24news.com\/index.php?rest_route=\/wp\/v2\/posts"}],"about":[{"href":"https:\/\/speyer24news.com\/index.php?rest_route=\/wp\/v2\/types\/post"}],"author":[{"embeddable":true,"href":"https:\/\/speyer24news.com\/index.php?rest_route=\/wp\/v2\/users\/3"}],"replies":[{"embeddable":true,"href":"https:\/\/speyer24news.com\/index.php?rest_route=%2Fwp%2Fv2%2Fcomments&post=31174"}],"version-history":[{"count":1,"href":"https:\/\/speyer24news.com\/index.php?rest_route=\/wp\/v2\/posts\/31174\/revisions"}],"predecessor-version":[{"id":31178,"href":"https:\/\/speyer24news.com\/index.php?rest_route=\/wp\/v2\/posts\/31174\/revisions\/31178"}],"wp:featuredmedia":[{"embeddable":true,"href":"https:\/\/speyer24news.com\/index.php?rest_route=\/wp\/v2\/media\/23902"}],"wp:attachment":[{"href":"https:\/\/speyer24news.com\/index.php?rest_route=%2Fwp%2Fv2%2Fmedia&parent=31174"}],"wp:term":[{"taxonomy":"category","embeddable":true,"href":"https:\/\/speyer24news.com\/index.php?rest_route=%2Fwp%2Fv2%2Fcategories&post=31174"},{"taxonomy":"post_tag","embeddable":true,"href":"https:\/\/speyer24news.com\/index.php?rest_route=%2Fwp%2Fv2%2Ftags&post=31174"}],"curies":[{"name":"wp","href":"https:\/\/api.w.org\/{rel}","templated":true}]}}