{"id":31190,"date":"2020-11-16T07:18:07","date_gmt":"2020-11-16T06:18:07","guid":{"rendered":"https:\/\/speyer24news.com\/?p=31190"},"modified":"2020-11-16T07:19:33","modified_gmt":"2020-11-16T06:19:33","slug":"31190","status":"publish","type":"post","link":"https:\/\/speyer24news.com\/?p=31190","title":{"rendered":"Geschwindigkeitsmessung \/ Blitzer"},"content":{"rendered":"<style type=\"text\/css\">\r\n\t.ads_top_disp{}\r\n\t.ads_top_corner_disp{ float:left; margin:0px 10px 10px 0px; }\r\n\t.ads_first_p_disp{}\r\n\t.ads_bottom_disp{}\r\n\t<\/style>\n<h2 class=\"wp-block-heading\">Geschwindigkeitskontrollen f\u00fcr die Woche vom 16. bis 20. November<\/h2>\n\n\n\n<figure class=\"wp-block-image\"><img decoding=\"async\" loading=\"lazy\" width=\"640\" height=\"497\" src=\"https:\/\/speyer24news.com\/wp-content\/uploads\/2020\/01\/Kontrolle-BaW\u00fc.jpg\" alt=\"\" class=\"wp-image-23874\" srcset=\"https:\/\/speyer24news.com\/wp-content\/uploads\/2020\/01\/Kontrolle-BaW\u00fc.jpg 640w, https:\/\/speyer24news.com\/wp-content\/uploads\/2020\/01\/Kontrolle-BaW\u00fc-300x233.jpg 300w\" sizes=\"(max-width: 640px) 100vw, 640px\" \/><\/figure>\n\n\n\n<p><strong>(Mannheim) &#8211; <\/strong>Die Stadt Mannheim f\u00fchrt vom 16. bis 20. November in folgenden Stra\u00dfen Radarkontrollen durch:<\/p>\n\n\n\n<ul><li><strong> An der Radrennbahn<\/strong><\/li><li><strong> Atterseestra\u00dfe<\/strong><\/li><li><strong> Carl-Benz-Stra\u00dfe<\/strong><\/li><li><strong> Frobeniusstra\u00dfe<\/strong><\/li><li><strong> Geibelstra\u00dfe<\/strong><\/li><li><strong> Grenadierstra\u00dfe (Erich-K\u00e4stner-Schule)<\/strong><\/li><li><strong> Herbststra\u00dfe<\/strong><\/li><li><strong> K\u00e4fertaler Stra\u00dfe<\/strong><\/li><li><strong> Mallaustra\u00dfe<\/strong><\/li><li><strong> Murgstra\u00dfe<\/strong><\/li><li><strong> Mutterstadter Platz (Rheinauschule)<\/strong><\/li><li><strong> Osterburker Stra\u00dfe<\/strong><\/li><li><strong> Oswaldstra\u00dfe<\/strong><\/li><li><strong> Rheinauer Ring<\/strong><\/li><li><strong> Rohrhofer Stra\u00dfe<\/strong><\/li><li><strong> R\u00f6merstra\u00dfe (Wallstadtschule)<\/strong><\/li><li><strong> Wilhelm-Peters-Stra\u00dfe (Gerhard-Hauptmann-Schule)<\/strong><\/li><li><strong> Winterstra\u00dfe (Pfingstbergschule)<\/strong><\/li><li><strong> Zum Herrenried (K\u00e4the-Kollwitz-Schule)<\/strong><\/li><\/ul>\n\n\n\n<p>Kurzfristige \u00c4nderungen oder zus\u00e4tzliche Messstellen sind aus aktuellem Anlass m\u00f6glich.<\/p>\n\n\n\n<p><em>Stadt Mannheim<br>16.11.2020<\/em><\/p>\n\n\n\n<h2 class=\"wp-block-heading\">Radarkontrollen f\u00fcr die Woche vom 16. November bis 22. November 2020<\/h2>\n\n\n\n<figure class=\"wp-block-image\"><img decoding=\"async\" src=\"https:\/\/speyer24news.com\/wp-content\/uploads\/2020\/01\/Radarkontrolle_1.jpg\" alt=\"\" class=\"wp-image-23873\"\/><\/figure>\n\n\n\n<p><strong>(Ludwigshafen) &#8211; <\/strong>Die Stadt nimmt in folgenden Stadtteilen Radarkontrollen vor.<\/p>\n\n\n\n<ul><li><strong> Montag, 16. November: Edigheim, Pfingstweide und Friesenheim<\/strong><\/li><li><strong> Dienstag, 17. November: Maudach, Mitte und Gartenstadt<\/strong><\/li><li><strong> Mittwoch, 18. November: Rheing\u00f6nheim, Mundenheim und <\/strong> <strong>Oggersheim<\/strong><\/li><li><strong> Donnerstag, 19. November: Oppau, Nord und S\u00fcd<\/strong><\/li><li><strong> Freitag, 20. November: Oggersheim, Ruchheim und West<\/strong><\/li><li><strong> Samstag, 21. November: Mundenheim und Friesenheim<\/strong><\/li><\/ul>\n\n\n\n<p>Kurzfristige \u00c4nderungen beh\u00e4lt sich der Bereich Stra\u00dfenverkehr vor. Kontrollen k\u00f6nnen auch kurzfristig an anderen Stellen stattfinden.<\/p>\n\n\n\n<p><em>Stadt Ludwigshafen am Rhein<br>16.11.2020<\/em><\/p>\n","protected":false},"excerpt":{"rendered":"<div class=\"mh-excerpt\"><p>Geschwindigkeitskontrollen f\u00fcr die Woche vom 16. bis 20. November (Mannheim) &#8211; Die Stadt Mannheim f\u00fchrt vom 16. bis 20. November in folgenden Stra\u00dfen Radarkontrollen durch: An der Radrennbahn Atterseestra\u00dfe Carl-Benz-Stra\u00dfe Frobeniusstra\u00dfe Geibelstra\u00dfe Grenadierstra\u00dfe (Erich-K\u00e4stner-Schule) Herbststra\u00dfe <a class=\"mh-excerpt-more\" href=\"https:\/\/speyer24news.com\/?p=31190\" title=\"Geschwindigkeitsmessung \/ Blitzer\">[&#8230;]<\/a><\/p>\n<\/div>","protected":false},"author":3,"featured_media":0,"comment_status":"open","ping_status":"open","sticky":false,"template":"","format":"standard","meta":{"_monsterinsights_skip_tracking":false,"_monsterinsights_sitenote_active":false,"_monsterinsights_sitenote_note":"","_monsterinsights_sitenote_category":0,"footnotes":""},"categories":[64],"tags":[18,4819,4814,19,4822,4817,4228,947,4820,4815,779,4821,4816,227,17,7068,7004,949,4818,4813,1310,948],"aioseo_notices":[],"amp_enabled":true,"_links":{"self":[{"href":"https:\/\/speyer24news.com\/index.php?rest_route=\/wp\/v2\/posts\/31190"}],"collection":[{"href":"https:\/\/speyer24news.com\/index.php?rest_route=\/wp\/v2\/posts"}],"about":[{"href":"https:\/\/speyer24news.com\/index.php?rest_route=\/wp\/v2\/types\/post"}],"author":[{"embeddable":true,"href":"https:\/\/speyer24news.com\/index.php?rest_route=\/wp\/v2\/users\/3"}],"replies":[{"embeddable":true,"href":"https:\/\/speyer24news.com\/index.php?rest_route=%2Fwp%2Fv2%2Fcomments&post=31190"}],"version-history":[{"count":2,"href":"https:\/\/speyer24news.com\/index.php?rest_route=\/wp\/v2\/posts\/31190\/revisions"}],"predecessor-version":[{"id":31192,"href":"https:\/\/speyer24news.com\/index.php?rest_route=\/wp\/v2\/posts\/31190\/revisions\/31192"}],"wp:attachment":[{"href":"https:\/\/speyer24news.com\/index.php?rest_route=%2Fwp%2Fv2%2Fmedia&parent=31190"}],"wp:term":[{"taxonomy":"category","embeddable":true,"href":"https:\/\/speyer24news.com\/index.php?rest_route=%2Fwp%2Fv2%2Fcategories&post=31190"},{"taxonomy":"post_tag","embeddable":true,"href":"https:\/\/speyer24news.com\/index.php?rest_route=%2Fwp%2Fv2%2Ftags&post=31190"}],"curies":[{"name":"wp","href":"https:\/\/api.w.org\/{rel}","templated":true}]}}