{"id":31216,"date":"2020-11-17T08:54:18","date_gmt":"2020-11-17T07:54:18","guid":{"rendered":"https:\/\/speyer24news.com\/?p=31216"},"modified":"2020-11-17T08:54:19","modified_gmt":"2020-11-17T07:54:19","slug":"corona-fallzahlen-und-verordnungen-in-speyer","status":"publish","type":"post","link":"https:\/\/speyer24news.com\/?p=31216","title":{"rendered":"Corona, Fallzahlen und Verordnungen in Speyer"},"content":{"rendered":"<style type=\"text\/css\">\r\n\t.ads_top_disp{}\r\n\t.ads_top_corner_disp{ float:left; margin:0px 10px 10px 0px; }\r\n\t.ads_first_p_disp{}\r\n\t.ads_bottom_disp{}\r\n\t<\/style>\n<h1 class=\"wp-block-heading\" style=\"text-align:center\">Corona-Fallzahlen<\/h1>\n\n\n\n<div class=\"wp-block-image\"><figure class=\"aligncenter\"><img decoding=\"async\" loading=\"lazy\" width=\"500\" height=\"664\" src=\"https:\/\/speyer24news.com\/wp-content\/uploads\/2020\/11\/Karte_Stufen_2020-11-16.jpg\" alt=\"\" class=\"wp-image-31217\" srcset=\"https:\/\/speyer24news.com\/wp-content\/uploads\/2020\/11\/Karte_Stufen_2020-11-16.jpg 500w, https:\/\/speyer24news.com\/wp-content\/uploads\/2020\/11\/Karte_Stufen_2020-11-16-226x300.jpg 226w\" sizes=\"(max-width: 500px) 100vw, 500px\" \/><figcaption>Mit einer Inzidenz von 367,9 der traurige Spitzenreiter in Rheinland-Pfalz, die Stadt Speyer.<\/figcaption><\/figure><\/div>\n\n\n\n<h2 class=\"wp-block-heading\">Montag, 16.11.2020<\/h2>\n\n\n\n<p>Anzahl best\u00e4tigter F\u00e4lle von Coronavirus (SARS-CoV-2)-Infektionen in der Stadt Speyer: 522 (+ 57 zu Freitag)<br>Davon bereits genesen: 206<br>Todesf\u00e4lle: 2<br>Gemeldete F\u00e4lle der letzten sieben Tage pro 100.000 Einwohner*innen: 367,9<br>Warnstufe: Rot<\/p>\n\n\n\n<p><em>Stand: 16.11.2020, 14:00 Uhr<\/em><\/p>\n\n\n\n<p><em>Kreisgesundheitsamt Rhein-Pfalz-Kreis<br>17.11.2020<\/em><\/p>\n\n\n\n<h2 class=\"wp-block-heading\"><strong>Stadt plant Allgemeinverf\u00fcgung<\/strong><\/h2>\n\n\n\n<h3 class=\"wp-block-heading\"><strong>Ausweitung der Maskenpflicht und Einschr\u00e4nkung der Besuchsregelungen<\/strong><\/h3>\n\n\n\n<figure class=\"wp-block-image\"><img decoding=\"async\" loading=\"lazy\" width=\"800\" height=\"556\" src=\"https:\/\/speyer24news.com\/wp-content\/uploads\/2020\/11\/Mundschutz-Speyer.jpg\" alt=\"\" class=\"wp-image-31218\" srcset=\"https:\/\/speyer24news.com\/wp-content\/uploads\/2020\/11\/Mundschutz-Speyer.jpg 800w, https:\/\/speyer24news.com\/wp-content\/uploads\/2020\/11\/Mundschutz-Speyer-300x209.jpg 300w, https:\/\/speyer24news.com\/wp-content\/uploads\/2020\/11\/Mundschutz-Speyer-768x534.jpg 768w\" sizes=\"(max-width: 800px) 100vw, 800px\" \/><figcaption>Ab 18.11.2020 ab dem Postplatz bis zum Domplatz sowie in allen Seitenstra\u00dfen Pflicht zu tragen, eine Alltags Mund-Nasen-Maske. <\/figcaption><\/figure>\n\n\n\n<p>Die Stadt Speyer plant in Abstimmung mit den zust\u00e4ndigen Landesbeh\u00f6rden\u00a0am 17. November 2020 eine Allgemeinverf\u00fcgung zur Verminderung der weiteren Ausbreitung des Coronavirus (SARS-CoV2)\u00a0zu erlassen. Die neuen Regelungen sollen <strong>ab Mittwoch, 18. November 2020<\/strong>, in Kraft treten und liegen den zust\u00e4ndigen Landesbeh\u00f6rden derzeit zur Zustimmung vor. \u201eLeider ein notwendiger Schritt angesichts der steigenden Infektionszahlen\u201c, so Oberb\u00fcrgermeisterin Stefanie Seiler.<\/p>\n\n\n\n<div class=\"wp-block-image\"><figure class=\"aligncenter\"><img decoding=\"async\" src=\"https:\/\/speyer24news.com\/wp-content\/uploads\/2020\/10\/Steffi-mit-Maske.jpg\" alt=\"\" class=\"wp-image-30589\"\/><\/figure><\/div>\n\n\n\n<p>Gegenstand der Allgemeinverf\u00fcgung soll die Verpflichtung sein, eine Mund-Nasen-Bedeckung zwischen 08:00 Uhr und 20:00 Uhr im Bereich folgender \u00f6ffentlicher Stra\u00dfen und Pl\u00e4tze zu tragen:<\/p>\n\n\n\n<ul><li>Maximilianstra\u00dfe einschlie\u00dflich Domplatz und Postplatz, Korngasse sowie folgende Seitenstra\u00dfen: Karmelitergasse bis Ecke Gro\u00dfe Gailergasse, Schulpl\u00e4tzel, Ro\u00dfmarktstra\u00dfe bis Ende Hellergasse, Antoniengasse, Karlsgasse, Heydenreichstra\u00dfe bis Ecke Kutschergasse\/Hellergasse, Kutschergasse, Rosengasse, Kleine S\u00e4mergasse, Gro\u00dfe S\u00e4mergasse, Schulergasse, Schustergasse, Grasgasse, Flachsgasse, Schrannengasse, Salzgasse, Bechergasse, Wormser G\u00e4\u00dfchen, Lederg\u00e4\u00dfchen, Krautg\u00e4\u00dfchen, Eichg\u00e4\u00dfchen, Predigergasse, Kornmarkt, Neugasse, Wormser Stra\u00dfe zwischen Maximilianstra\u00dfe und Willy-Brandt-Platz, Gutenbergstra\u00dfe, Luzerngasse, L\u00f6ffelgasse und L\u00f6ffelgassenparkplatz.<\/li><\/ul>\n\n\n\n<p>Dies soll dazu dienen, dass an sogenannten \u201eengen Bereichen\u201c in der Innenstadt der Abstand von 1,5 Metern gewahrt werden kann.&nbsp;Ein pauschaler Erlass f\u00fcr den \u00f6ffentlichen Bereich ist aufgrund der Verh\u00e4ltnism\u00e4\u00dfigkeit nicht m\u00f6glich und daher auch nicht vorgesehen.<\/p>\n\n\n\n<ul><li>Bei\u00a0der\u00a0Erwachsenenbildung,\u00a0beruflichen\u00a0Bildung\u00a0oder\u00a0Weiterbildung\u00a0und in\u00a0privaten\u00a0Bildungseinrichtungen ist\u00a0eine\u00a0Mund-Nasen-Bedeckung\u00a0auch\u00a0im\u00a0Unterricht\u00a0zu\u00a0tragen.<\/li><li>Au\u00dferdem soll es Verkaufsst\u00e4tten und \u00e4hnlichen Einrichtungen an jedem in der Zeit zwischen 23:00 Uhr und 06:00 Uhr untersagt werden alkoholhaltige Getr\u00e4nke abzugeben.<\/li><li>Dar\u00fcber hinaus soll f\u00fcr Alten- und Pflegeheime eine Zutrittsbeschr\u00e4nkung gelten, wonach\u00a0Bewohner*innen pro Tag nur noch Besuch von einer Person f\u00fcr eine Besuchszeit von einer Stunde erhalten d\u00fcrfen.<\/li><\/ul>\n\n\n\n<p>Die\u00a0\u00fcbrigen\u00a0Regelungen\u00a0der\u00a012. Corona-Bek\u00e4mpfungsverordnung (12.\u00a0CoBeLVO)\u00a0sowie\u00a0weitergehende\u00a0Regelungen in\u00a0Hygienekonzepten (\u00a7\u00a01\u00a0Abs.\u00a09\u00a0der\u00a012.\u00a0CoBeLVO)\u00a0bleiben\u00a0unber\u00fchrt.<\/p>\n\n\n\n<div class=\"wp-block-image\"><figure class=\"aligncenter\"><img decoding=\"async\" loading=\"lazy\" width=\"800\" height=\"606\" src=\"https:\/\/speyer24news.com\/wp-content\/uploads\/2020\/11\/Auch-mit-Abstand-halten-wir-Zusammen.jpg\" alt=\"\" class=\"wp-image-31219\" srcset=\"https:\/\/speyer24news.com\/wp-content\/uploads\/2020\/11\/Auch-mit-Abstand-halten-wir-Zusammen.jpg 800w, https:\/\/speyer24news.com\/wp-content\/uploads\/2020\/11\/Auch-mit-Abstand-halten-wir-Zusammen-300x227.jpg 300w, https:\/\/speyer24news.com\/wp-content\/uploads\/2020\/11\/Auch-mit-Abstand-halten-wir-Zusammen-768x582.jpg 768w, https:\/\/speyer24news.com\/wp-content\/uploads\/2020\/11\/Auch-mit-Abstand-halten-wir-Zusammen-80x60.jpg 80w\" sizes=\"(max-width: 800px) 100vw, 800px\" \/><\/figure><\/div>\n\n\n\n<p>\u201eLeider sind die Fallzahlen in Speyer derzeit so hoch, dass wir mittlerweile die meisten Neuinfektionen in Rheinland-Pfalz zu verzeichnen haben. Wir nehmen die Lage sehr ernst und wollen mit der Allgemeinverf\u00fcgung weitere Ma\u00dfnahmen erlassen, um die Zahlen zu senken\u201c, erkl\u00e4rt Oberb\u00fcrgermeisterin Stefanie Seiler.\u00a0So schlagen sich unter anderem die Infektionen in der Aufnahmeeinrichtung f\u00fcr Asylbegehrende (AfA) wie auch eine gro\u00dfe Anzahl an Infektionen in Seniorenheimen und auch in Schulen in dem aktuellen Inzidenzwert von 367,9 nieder (Neuinfektionen auf 100.000 Einwohner*innen in den letzten sieben Tagen). Zudem wurden vom zust\u00e4ndigen Gesundheitsamt des Rhein-Pfalz-Kreises in der vergangenen Woche etliche F\u00e4lle nacherfasst. Obwohl die Stadt Kenntnisse von den oben genannten Hot-Spots hat, bleibt das Infektionsgeschehen nach Auskunft des Gesundheitsamtes leider weiterhin sehr diffus.<\/p>\n\n\n\n<div class=\"wp-block-image\"><figure class=\"aligncenter\"><img decoding=\"async\" loading=\"lazy\" width=\"800\" height=\"579\" src=\"https:\/\/speyer24news.com\/wp-content\/uploads\/2020\/11\/Abstrichzentrum-Speyer.jpg\" alt=\"\" class=\"wp-image-31220\" srcset=\"https:\/\/speyer24news.com\/wp-content\/uploads\/2020\/11\/Abstrichzentrum-Speyer.jpg 800w, https:\/\/speyer24news.com\/wp-content\/uploads\/2020\/11\/Abstrichzentrum-Speyer-300x217.jpg 300w, https:\/\/speyer24news.com\/wp-content\/uploads\/2020\/11\/Abstrichzentrum-Speyer-768x556.jpg 768w\" sizes=\"(max-width: 800px) 100vw, 800px\" \/><\/figure><\/div>\n\n\n\n<p>Auch die erneute Inbetriebnahme des Abstrichzentrums in der Halle 101 hat zahlreiche asymptomatische F\u00e4lle aufgedeckt. \u201eDiese Strategie und das verst\u00e4rkte Testen ist mit Sicherheit der richtige Weg, denn auf diese Weise k\u00f6nnen Infektionsf\u00e4lle rechtzeitig erkannt und Infektionsketten unterbrochen werden. Dass das Infektionsgeschehen in den vergangen Tagen so rapide angestiegen ist, hat uns gezeigt, dass es h\u00f6chste Zeit ist zu reagieren und Ma\u00dfnahmen zu ergreifen, die kurze Entscheidungswege erfordern und dennoch effektiv sind\u201c, so die Stadtchefin.<\/p>\n\n\n\n<p>Da auch Kindertagesst\u00e4tten immer mehr Infektionsf\u00e4lle verzeichnen m\u00fcssen, wird f\u00fcr die Kindertagesst\u00e4tten in kommunaler Tr\u00e4gerschaft die Verpflichtung und in freier Tr\u00e4gerschaft die Empfehlung ausgesprochen, feste, voneinander getrennte Gruppen zu bilden, um den Kontakt zwischen Kindern und p\u00e4dagogischen Fachkr\u00e4ften zu reduzieren und folglich das Infektionsrisiko SARS-CoV-2 in Kindertageseinrichtungen zu reduzieren. B\u00fcrgermeisterin Monika Kabs konstatiert: \u201eDieser Schritt ist uns nicht leicht gefallen, da wir uns bewusst sind, dass damit voraussichtlich der t\u00e4gliche Betreuungsumfang reduziert werden wird, was f\u00fcr viele Familien eine Herausforderung darstellt. Ziel ist es aber, die Betreuung der Kinder in Kindertagesst\u00e4tten aufrecht zu erhalten, weshalb ich die Eltern um Verst\u00e4ndnis bitte, die eingeleiteten Ma\u00dfnahmen als Risikominimierung anzusehen. Wenn die Ma\u00dfnahmen wirken und die Zahlen sinken, werden wir die Betreuung umgehend wieder anpassen.\u201c<\/p>\n\n\n\n<p><em>Text: Stadt Speyer Foto: Speyer 24\/7 News<br>17.11.2020<\/em><\/p>\n","protected":false},"excerpt":{"rendered":"<div class=\"mh-excerpt\"><p>Corona-Fallzahlen Montag, 16.11.2020 Anzahl best\u00e4tigter F\u00e4lle von Coronavirus (SARS-CoV-2)-Infektionen in der Stadt Speyer: 522 (+ 57 zu Freitag)Davon bereits genesen: 206Todesf\u00e4lle: 2Gemeldete F\u00e4lle der letzten sieben Tage pro 100.000 Einwohner*innen: 367,9Warnstufe: Rot Stand: 16.11.2020, 14:00 <a class=\"mh-excerpt-more\" href=\"https:\/\/speyer24news.com\/?p=31216\" title=\"Corona, Fallzahlen und Verordnungen in Speyer\">[&#8230;]<\/a><\/p>\n<\/div>","protected":false},"author":3,"featured_media":23902,"comment_status":"open","ping_status":"open","sticky":false,"template":"","format":"standard","meta":{"_monsterinsights_skip_tracking":false,"_monsterinsights_sitenote_active":false,"_monsterinsights_sitenote_note":"","_monsterinsights_sitenote_category":0,"footnotes":""},"categories":[9],"tags":[6366,8822,8823,3152,6401,6367,6940,8281,6359,6370,5904,6358,7003,5801,6342,6],"aioseo_notices":[],"amp_enabled":true,"_links":{"self":[{"href":"https:\/\/speyer24news.com\/index.php?rest_route=\/wp\/v2\/posts\/31216"}],"collection":[{"href":"https:\/\/speyer24news.com\/index.php?rest_route=\/wp\/v2\/posts"}],"about":[{"href":"https:\/\/speyer24news.com\/index.php?rest_route=\/wp\/v2\/types\/post"}],"author":[{"embeddable":true,"href":"https:\/\/speyer24news.com\/index.php?rest_route=\/wp\/v2\/users\/3"}],"replies":[{"embeddable":true,"href":"https:\/\/speyer24news.com\/index.php?rest_route=%2Fwp%2Fv2%2Fcomments&post=31216"}],"version-history":[{"count":1,"href":"https:\/\/speyer24news.com\/index.php?rest_route=\/wp\/v2\/posts\/31216\/revisions"}],"predecessor-version":[{"id":31221,"href":"https:\/\/speyer24news.com\/index.php?rest_route=\/wp\/v2\/posts\/31216\/revisions\/31221"}],"wp:featuredmedia":[{"embeddable":true,"href":"https:\/\/speyer24news.com\/index.php?rest_route=\/wp\/v2\/media\/23902"}],"wp:attachment":[{"href":"https:\/\/speyer24news.com\/index.php?rest_route=%2Fwp%2Fv2%2Fmedia&parent=31216"}],"wp:term":[{"taxonomy":"category","embeddable":true,"href":"https:\/\/speyer24news.com\/index.php?rest_route=%2Fwp%2Fv2%2Fcategories&post=31216"},{"taxonomy":"post_tag","embeddable":true,"href":"https:\/\/speyer24news.com\/index.php?rest_route=%2Fwp%2Fv2%2Ftags&post=31216"}],"curies":[{"name":"wp","href":"https:\/\/api.w.org\/{rel}","templated":true}]}}