{"id":31222,"date":"2020-11-17T09:00:43","date_gmt":"2020-11-17T08:00:43","guid":{"rendered":"https:\/\/speyer24news.com\/?p=31222"},"modified":"2020-11-17T09:00:44","modified_gmt":"2020-11-17T08:00:44","slug":"speyer-kultur-2","status":"publish","type":"post","link":"https:\/\/speyer24news.com\/?p=31222","title":{"rendered":"Speyer \/ Kultur"},"content":{"rendered":"<style type=\"text\/css\">\r\n\t.ads_top_disp{}\r\n\t.ads_top_corner_disp{ float:left; margin:0px 10px 10px 0px; }\r\n\t.ads_first_p_disp{}\r\n\t.ads_bottom_disp{}\r\n\t<\/style>\n<h2 class=\"wp-block-heading\"><strong>Der Arno-Reinfrank-Literaturpreis 2021 geht an Tijan Sila und seinen Roman \u201eDie Fahne der W\u00fcnsche\u201c<\/strong><\/h2>\n\n\n\n<div class=\"wp-block-image\"><figure class=\"aligncenter\"><img decoding=\"async\" loading=\"lazy\" width=\"500\" height=\"727\" src=\"https:\/\/speyer24news.com\/wp-content\/uploads\/2020\/11\/Sila_1-\u00a9-Miriam-Stanke.jpg\" alt=\"\" class=\"wp-image-31223\" srcset=\"https:\/\/speyer24news.com\/wp-content\/uploads\/2020\/11\/Sila_1-\u00a9-Miriam-Stanke.jpg 500w, https:\/\/speyer24news.com\/wp-content\/uploads\/2020\/11\/Sila_1-\u00a9-Miriam-Stanke-206x300.jpg 206w\" sizes=\"(max-width: 500px) 100vw, 500px\" \/><\/figure><\/div>\n\n\n\n<p>Der mit 5000,- \u20ac dotierte Arno-Reinfrank-Literaturpreis 2021 geht an den in Kaiserslautern lebenden Autor Tijan Sila und seinen Roman \u201eDie Fahne der W\u00fcnsche\u201c.<\/p>\n\n\n\n<p>Nachdem die Jury des Arno-Reinfrank-Literaturpreises nicht wie geplant im M\u00e4rz zusammentreten konnte, war Anfang November 2020 dann doch ein pers\u00f6nliches Treffen unter dem Vorsitz von Jeanette Koch-Reinfrank, der Witwe des Schriftstellers und Stifterin des nach ihm benannten Preises, m\u00f6glich. Bei dieser Jurysitzung entspann sich eine lebhafte Diskussion, in deren Verlauf der n\u00e4chste Gewinner des Arno-Reinfrank-Preises gek\u00fcrt wurde. Alle Beteiligten sind sehr gl\u00fccklich dar\u00fcber, einem Schriftsteller in diesen schwierigen Zeiten nicht nur eine Freude bereiten, sondern neben der Anerkennung seines Werkes auch finanzielle Unterst\u00fctzung zukommen lassen zu k\u00f6nnen.<\/p>\n\n\n\n<div class=\"wp-block-image\"><figure class=\"aligncenter\"><img decoding=\"async\" loading=\"lazy\" width=\"500\" height=\"727\" src=\"https:\/\/speyer24news.com\/wp-content\/uploads\/2020\/11\/Sila_4-\u00a9-Miriam-Stanke.jpg\" alt=\"\" class=\"wp-image-31224\" srcset=\"https:\/\/speyer24news.com\/wp-content\/uploads\/2020\/11\/Sila_4-\u00a9-Miriam-Stanke.jpg 500w, https:\/\/speyer24news.com\/wp-content\/uploads\/2020\/11\/Sila_4-\u00a9-Miriam-Stanke-206x300.jpg 206w\" sizes=\"(max-width: 500px) 100vw, 500px\" \/><\/figure><\/div>\n\n\n\n<p>Die Jury hat sich f\u00fcr Tijan Sila und seinen Roman &#8222;Die Fahne der W\u00fcnsche&#8220; entschieden. Der in dem fiktiven Crocutanien am Rande Europas angesiedelte Roman ist eine hintersinnige Schilderung der Erlebnisse des Radrennfahrers Ambrosio, der in dem totalit\u00e4r regierten Land zu re\u00fcssieren versucht. Zwischen Anpassung und Aufm\u00fcpfigkeit gelingt es ihm, sich eher duldsam als oppositionell durchzulavieren. Au\u00dfer im Sport findet Ambrosio Vergn\u00fcgen im Flippern, das schlie\u00dflich auch verboten wird, wie zuvor Alkohol und freie Liebe. Man denkt an Diktaturen des nahen oder fernen Ostens und vergisst dar\u00fcber, dass man auch in westlichen Gesellschaften Alkoholverbot und Pr\u00fcderie kannte, dass Flippern tats\u00e4chlich zuerst in den USA \u00fcber drei\u00dfig Jahre lang wegen Gef\u00e4hrdung der Sittlichkeit der Jugend verboten war. Man muss in diesem Roman zwischen den Zeilen lesen k\u00f6nnen. Das Urteil der Jury: \u201eDie Fahne der W\u00fcnsche&#8220; ist ein kluger literarischer Kommentar zu patriarchalischer Ordnung bzw. Unordnung und dabei eine h\u00f6chst unterhaltsame Lekt\u00fcre.\u201c<\/p>\n\n\n\n<p>Der mit 5000 Euro dotierte Arno-Reinfrank-Literaturpreis soll den Autor ermutigen, in seiner sch\u00f6pferischen Arbeit fortzufahren. Die Verleihung wird am 18. M\u00e4rz 2021 im Rahmen der SPEYER.LIT Reihe in Speyer erfolgen.<\/p>\n\n\n\n<p><em>Text: Stadt Speyer Foto: Miriam Stanke<br>17.11.2020<\/em><\/p>\n","protected":false},"excerpt":{"rendered":"<div class=\"mh-excerpt\"><p>Der Arno-Reinfrank-Literaturpreis 2021 geht an Tijan Sila und seinen Roman \u201eDie Fahne der W\u00fcnsche\u201c Der mit 5000,- \u20ac dotierte Arno-Reinfrank-Literaturpreis 2021 geht an den in Kaiserslautern lebenden Autor Tijan Sila und seinen Roman \u201eDie Fahne <a class=\"mh-excerpt-more\" href=\"https:\/\/speyer24news.com\/?p=31222\" title=\"Speyer \/ Kultur\">[&#8230;]<\/a><\/p>\n<\/div>","protected":false},"author":3,"featured_media":0,"comment_status":"open","ping_status":"open","sticky":false,"template":"","format":"standard","meta":{"_monsterinsights_skip_tracking":false,"_monsterinsights_sitenote_active":false,"_monsterinsights_sitenote_note":"","_monsterinsights_sitenote_category":0,"footnotes":""},"categories":[14],"tags":[8826,8825,2785,6,647,8824],"aioseo_notices":[],"amp_enabled":true,"_links":{"self":[{"href":"https:\/\/speyer24news.com\/index.php?rest_route=\/wp\/v2\/posts\/31222"}],"collection":[{"href":"https:\/\/speyer24news.com\/index.php?rest_route=\/wp\/v2\/posts"}],"about":[{"href":"https:\/\/speyer24news.com\/index.php?rest_route=\/wp\/v2\/types\/post"}],"author":[{"embeddable":true,"href":"https:\/\/speyer24news.com\/index.php?rest_route=\/wp\/v2\/users\/3"}],"replies":[{"embeddable":true,"href":"https:\/\/speyer24news.com\/index.php?rest_route=%2Fwp%2Fv2%2Fcomments&post=31222"}],"version-history":[{"count":1,"href":"https:\/\/speyer24news.com\/index.php?rest_route=\/wp\/v2\/posts\/31222\/revisions"}],"predecessor-version":[{"id":31225,"href":"https:\/\/speyer24news.com\/index.php?rest_route=\/wp\/v2\/posts\/31222\/revisions\/31225"}],"wp:attachment":[{"href":"https:\/\/speyer24news.com\/index.php?rest_route=%2Fwp%2Fv2%2Fmedia&parent=31222"}],"wp:term":[{"taxonomy":"category","embeddable":true,"href":"https:\/\/speyer24news.com\/index.php?rest_route=%2Fwp%2Fv2%2Fcategories&post=31222"},{"taxonomy":"post_tag","embeddable":true,"href":"https:\/\/speyer24news.com\/index.php?rest_route=%2Fwp%2Fv2%2Ftags&post=31222"}],"curies":[{"name":"wp","href":"https:\/\/api.w.org\/{rel}","templated":true}]}}