{"id":31319,"date":"2020-11-24T09:55:29","date_gmt":"2020-11-24T08:55:29","guid":{"rendered":"https:\/\/speyer24news.com\/?p=31319"},"modified":"2020-11-24T09:55:29","modified_gmt":"2020-11-24T08:55:29","slug":"corona-stadtnotizen-verkehrsnotizen-aus-speyer-4","status":"publish","type":"post","link":"https:\/\/speyer24news.com\/?p=31319","title":{"rendered":"Corona, Stadtnotizen &#038; Verkehrsnotizen aus Speyer"},"content":{"rendered":"<style type=\"text\/css\">\r\n\t.ads_top_disp{}\r\n\t.ads_top_corner_disp{ float:left; margin:0px 10px 10px 0px; }\r\n\t.ads_first_p_disp{}\r\n\t.ads_bottom_disp{}\r\n\t<\/style>\n<h1 class=\"wp-block-heading\" style=\"text-align:center\">Corona-Fallzahlen<\/h1>\n\n\n\n<figure class=\"wp-block-image\"><img decoding=\"async\" loading=\"lazy\" width=\"800\" height=\"400\" src=\"https:\/\/speyer24news.com\/wp-content\/uploads\/2020\/02\/virus-1812092_1920.jpg\" alt=\"\" class=\"wp-image-25128\" srcset=\"https:\/\/speyer24news.com\/wp-content\/uploads\/2020\/02\/virus-1812092_1920.jpg 800w, https:\/\/speyer24news.com\/wp-content\/uploads\/2020\/02\/virus-1812092_1920-300x150.jpg 300w, https:\/\/speyer24news.com\/wp-content\/uploads\/2020\/02\/virus-1812092_1920-768x384.jpg 768w\" sizes=\"(max-width: 800px) 100vw, 800px\" \/><\/figure>\n\n\n\n<h2 class=\"wp-block-heading\">Montag, 23.11.2020<\/h2>\n\n\n\n<p>Anzahl best\u00e4tigter F\u00e4lle von Coronavirus (SARS-CoV-2)-Infektionen in der Stadt Speyer: 680 (+ 46)<br>Davon bereits genesen: 267<br>Todesf\u00e4lle: 1<br>Gemeldete F\u00e4lle der letzten sieben Tage pro 100.000 Einwohner*innen: 284,8<br>Warnstufe: Rot<\/p>\n\n\n\n<p><em>Stand: 23.11.2020, 14:00 Uhr<\/em><\/p>\n\n\n\n<p><em>Kreisgesundheitsamt Rhein-Pfalz-Kreis<br>24.11.2020<\/em><\/p>\n\n\n\n<h2 class=\"wp-block-heading\"><strong>Corona-Pandemie und Personalsituation stellen Kitas vor gro\u00dfe Herausforderungen<\/strong><\/h2>\n\n\n\n<div class=\"wp-block-image\"><figure class=\"aligncenter\"><img decoding=\"async\" loading=\"lazy\" width=\"500\" height=\"500\" src=\"https:\/\/speyer24news.com\/wp-content\/uploads\/2020\/02\/virus-4810549_1920.png\" alt=\"\" class=\"wp-image-25116\" srcset=\"https:\/\/speyer24news.com\/wp-content\/uploads\/2020\/02\/virus-4810549_1920.png 500w, https:\/\/speyer24news.com\/wp-content\/uploads\/2020\/02\/virus-4810549_1920-150x150.png 150w, https:\/\/speyer24news.com\/wp-content\/uploads\/2020\/02\/virus-4810549_1920-300x300.png 300w\" sizes=\"(max-width: 500px) 100vw, 500px\" \/><\/figure><\/div>\n\n\n\n<p>Aufgrund von vielen krankheitsbedingten Personalausf\u00e4llen stehen die Kindertagesst\u00e4tten in st\u00e4dtischer und freier Tr\u00e4gerschaft aktuell vor gro\u00dfen Herausforderungen. Die Mitarbeiter*innen wurden aufgrund der Corona-Pandemie angewiesen, bei Krankheitssymptomen zu Hause zu bleiben, was dazu f\u00fchrt, dass in vielen Einrichtungen der Personalschl\u00fcssel unterschritten wird. Um das Infektionsrisiko einzud\u00e4mmen, arbeiten viele&nbsp;Einrichtungen inzwischen in&nbsp;festen, voneinander getrennten Stammgruppen, um das Infektionsrisiko mit SARS-CoV-2 zwischen Erzieher*innen, Kindern und Gruppen zu reduzieren. So soll&nbsp;erreicht werden, dass bei Bekanntwerden eines SARS-CoV-2-Falls nur die betroffene Gruppe, nicht aber die gesamte Einrichtung unter Quarant\u00e4ne gestellt und folglich geschlossen werden muss. Das&nbsp;f\u00fchrt allerdings auch dazu, dass Erzieher*innen nicht mehr gruppen\u00fcbergreifend eingesetzt werden k\u00f6nnen und erschwert somit die Abfederung von Personalengp\u00e4ssen.<\/p>\n\n\n\n<p>Bereits vor der Corona-Pandemie wurde zwischen dem Landesamt f\u00fcr Soziales, Jugend und Versorgung Rheinland-Pfalz und den Kita-Tr\u00e4gern ein Notfallplan abgestimmt, der bei Unterschreitung des Personalschl\u00fcssels in Kraft gesetzt wird. Je nach H\u00f6he des Personalausfalls werden demnach verschiedene Ma\u00dfnahmen eingeleitet. M\u00f6gliche Folgen sind die unter Umst\u00e4nden starke Einschr\u00e4nkung der \u00d6ffnungszeiten, der Entfall von Fr\u00fch- und Sp\u00e4tbetreuung sowie die vor\u00fcbergehende Schlie\u00dfung einzelner Gruppen.<\/p>\n\n\n\n<p>\u201eAktuell spitzt sich die Situation leider in allen Kitas in st\u00e4dtischer und freier Tr\u00e4gerschaft zu\u201c, res\u00fcmiert Sozialdezernentin Monika Kabs. \u201eDennoch sind wir \u00fcberzeugt davon, dass die Arbeit in Stammgruppen insgesamt dazu f\u00fchrt, dass wir den Betrieb in den Einrichtungen besser und l\u00e4nger aufrechterhalten k\u00f6nnen. Ich verstehe die Sorgen und N\u00f6te der Eltern, die auf die Betreuung und lange Kita-\u00d6ffnungszeiten angewiesen sind, m\u00f6chte ihnen aber versichern, dass die Verantwortlichen alles daf\u00fcr tun, um die Betreuung der Kinder so lange und so umfassend wie m\u00f6glich zu gew\u00e4hrleisten. Dabei m\u00fcssen wir jedoch stets das Wohl der Kinder und die Erf\u00fcllung der Aufsichtspflicht im Blick behalten\u201c, so Kabs weiter.<\/p>\n\n\n\n<p>Weiterhin sei darauf hingewiesen, dass aufgrund der aktuellen Situation in den Kinderhorten in Tr\u00e4gerschaft der Stadt Speyer eine Verpflichtung zum Tragen einer Mund-Nasen-Bedeckung f\u00fcr schulpflichtige Kinder und die p\u00e4dagogischen Fachkr\u00e4fte eingef\u00fchrt wurde. Die Mund-Nasen-Bedeckung muss ausschlie\u00dflich im Geb\u00e4ude getragen werden. Die Pflicht entf\u00e4llt am Sitzplatz bei der Hausaufgabenbetreuung und im Au\u00dfenbereich. Ziel ist auch hier die Reduzierung des Infektionsrisikos sowie die konsequente Fortf\u00fchrung der in den Grundschulen geltenden Regeln.<\/p>\n\n\n\n<p><em>Stadtverwaltung Speyer<br>24.11.2020<\/em><\/p>\n\n\n\n<h1 class=\"wp-block-heading\" style=\"text-align:center\">Stadtnotizen<\/h1>\n\n\n\n<figure class=\"wp-block-image\"><img decoding=\"async\" loading=\"lazy\" width=\"800\" height=\"600\" src=\"https:\/\/speyer24news.com\/wp-content\/uploads\/2020\/01\/Speyer-Stadtnachrichten-2.jpg\" alt=\"\" class=\"wp-image-23901\" srcset=\"https:\/\/speyer24news.com\/wp-content\/uploads\/2020\/01\/Speyer-Stadtnachrichten-2.jpg 800w, https:\/\/speyer24news.com\/wp-content\/uploads\/2020\/01\/Speyer-Stadtnachrichten-2-300x225.jpg 300w, https:\/\/speyer24news.com\/wp-content\/uploads\/2020\/01\/Speyer-Stadtnachrichten-2-768x576.jpg 768w, https:\/\/speyer24news.com\/wp-content\/uploads\/2020\/01\/Speyer-Stadtnachrichten-2-678x509.jpg 678w, https:\/\/speyer24news.com\/wp-content\/uploads\/2020\/01\/Speyer-Stadtnachrichten-2-326x245.jpg 326w, https:\/\/speyer24news.com\/wp-content\/uploads\/2020\/01\/Speyer-Stadtnachrichten-2-80x60.jpg 80w\" sizes=\"(max-width: 800px) 100vw, 800px\" \/><\/figure>\n\n\n\n<h2 class=\"wp-block-heading\"><strong>Christbaumschmuckwettbewerb bezaubert wieder die Innenstadt<\/strong><\/h2>\n\n\n\n<div class=\"wp-block-image\"><figure class=\"aligncenter\"><img decoding=\"async\" loading=\"lazy\" width=\"800\" height=\"600\" src=\"https:\/\/speyer24news.com\/wp-content\/uploads\/2020\/11\/DSC05481.jpg\" alt=\"\" class=\"wp-image-31320\" srcset=\"https:\/\/speyer24news.com\/wp-content\/uploads\/2020\/11\/DSC05481.jpg 800w, https:\/\/speyer24news.com\/wp-content\/uploads\/2020\/11\/DSC05481-300x225.jpg 300w, https:\/\/speyer24news.com\/wp-content\/uploads\/2020\/11\/DSC05481-768x576.jpg 768w, https:\/\/speyer24news.com\/wp-content\/uploads\/2020\/11\/DSC05481-678x509.jpg 678w, https:\/\/speyer24news.com\/wp-content\/uploads\/2020\/11\/DSC05481-326x245.jpg 326w, https:\/\/speyer24news.com\/wp-content\/uploads\/2020\/11\/DSC05481-80x60.jpg 80w\" sizes=\"(max-width: 800px) 100vw, 800px\" \/><\/figure><\/div>\n\n\n\n<p>Schon bald steht Weihnachten vor der T\u00fcr und so mancher \u00fcberlegt, wie der heimische Christbaum besonders h\u00fcbsch geschm\u00fcckt werden k\u00f6nnte.<\/p>\n\n\n\n<p>Der Frage nach der sch\u00f6nsten Christbaumdekoration widmet sich auch dieses Jahr wieder die Weihnachtsbaumaktion der Stadt Speyer und der Leistungsgemeinschaft \u201eDas Herz Speyers\u201c. Im Herbst wurden verschiedene Einrichtungen dazu eingeladen,\u00a0an dem allj\u00e4hrlichen Wettbewerb teilzunehmen und zu zeigen, wer mit der au\u00dfergew\u00f6hnlichsten Dekoration seinen Baum in ein ganz besonderes Licht r\u00fccken kann.<br>Die B\u00e4ume werden kommende Woche in der Innenstadt aufgestellt, wo sie von den Besucher*innen bestaunt werden und ihnen eine Freude bereiten k\u00f6nnen.<\/p>\n\n\n\n<div class=\"wp-block-image\"><figure class=\"aligncenter\"><img decoding=\"async\" loading=\"lazy\" width=\"500\" height=\"667\" src=\"https:\/\/speyer24news.com\/wp-content\/uploads\/2020\/11\/DSC05905.jpg\" alt=\"\" class=\"wp-image-31321\" srcset=\"https:\/\/speyer24news.com\/wp-content\/uploads\/2020\/11\/DSC05905.jpg 500w, https:\/\/speyer24news.com\/wp-content\/uploads\/2020\/11\/DSC05905-225x300.jpg 225w\" sizes=\"(max-width: 500px) 100vw, 500px\" \/><\/figure><\/div>\n\n\n\n<p>In diesem Jahr haben sich&nbsp;17 Kindertagesst\u00e4tten, 31 Schulklassen, f\u00fcnf Seniorenheime und die&nbsp;Aufnahmeeinrichtung f\u00fcr Asylbegehrende an der Aktion beteiligt und&nbsp;die Patenschaft und Dekoration f\u00fcr einen Baum \u00fcbernommen.<\/p>\n\n\n\n<p>Die B\u00e4ume wurden von der Stadtg\u00e4rtnerei am Montag, 23. November\u00a02020\u00a0in der Maximilianstra\u00dfe, auf dem Postplatz und der Korngasse aufgestellt, das Schm\u00fccken der B\u00e4ume erfolgt am 24. und 25. November 2020, und im Anschluss daran wird die Jury ihren Rundgang durchf\u00fchren.<\/p>\n\n\n\n<div class=\"wp-block-image\"><figure class=\"aligncenter\"><img decoding=\"async\" loading=\"lazy\" width=\"800\" height=\"600\" src=\"https:\/\/speyer24news.com\/wp-content\/uploads\/2020\/11\/DSC05938-1.jpg\" alt=\"\" class=\"wp-image-31322\" srcset=\"https:\/\/speyer24news.com\/wp-content\/uploads\/2020\/11\/DSC05938-1.jpg 800w, https:\/\/speyer24news.com\/wp-content\/uploads\/2020\/11\/DSC05938-1-300x225.jpg 300w, https:\/\/speyer24news.com\/wp-content\/uploads\/2020\/11\/DSC05938-1-768x576.jpg 768w, https:\/\/speyer24news.com\/wp-content\/uploads\/2020\/11\/DSC05938-1-678x509.jpg 678w, https:\/\/speyer24news.com\/wp-content\/uploads\/2020\/11\/DSC05938-1-326x245.jpg 326w, https:\/\/speyer24news.com\/wp-content\/uploads\/2020\/11\/DSC05938-1-80x60.jpg 80w\" sizes=\"(max-width: 800px) 100vw, 800px\" \/><\/figure><\/div>\n\n\n\n<p>B\u00fcrgermeisterin Monika Kabs hebt die Bedeutung der Aktion in diesem Jahr hervor: \u201eWir alle haben ein schwieriges und forderndes Jahr hinter uns, das uns vieles abverlangt hat und es noch immer tut. Da ist eine solche Aktion, die den Teilnehmenden aus den jeweiligen Einrichtungen ein Zusammengeh\u00f6rigkeitsgef\u00fchl verleiht, wichtiger denn je. Kreativit\u00e4t, soziales Engagement, Verantwortungsbewusstsein und Sportsgeist werden hierbei gef\u00f6rdert und das Ergebnis schafft ein wunderbares Highlight im Jahresverlauf.\u201c<\/p>\n\n\n\n<p>Um den unterschiedlichen Einrichtungen gerecht zu werden, wird es vier Hauptpreise geben, die die vier sch\u00f6nsten B\u00e4ume auszeichnen. Damit erh\u00f6ht sich f\u00fcr die Teilnehmenden die Chance auf einen der Hauptpreise, alle anderen erhalten ebenfalls einen Preis und eine Urkunde. Eine offizielle Preisverleihung kann\u00a0in diesem Jahr\u00a0allerdings\u00a0pandemiebedingt leider nicht\u00a0stattfinden.<\/p>\n\n\n\n<p><em>Text: Stadtverwaltung Speyer Foto: Speyer 24\/7 News<br>24.11.2020<\/em><\/p>\n\n\n\n<h2 class=\"wp-block-heading\"><strong>Verlegung der Wochenmarkttermine zum Jahreswechsel<\/strong><\/h2>\n\n\n\n<div class=\"wp-block-image\"><figure class=\"aligncenter\"><img decoding=\"async\" src=\"https:\/\/speyer24news.com\/wp-content\/uploads\/2020\/11\/Wochenmarkt.jpg\" alt=\"\" class=\"wp-image-31323\"\/><\/figure><\/div>\n\n\n\n<p>Aufgrund der Lage der Weihnachtsfeiertage m\u00fcssen der Wochenmarkt auf dem Berliner Platz und der Samstagsmarkt auf dem Festplatz am Freitag, 25. Dezember und am Samstag, 26. Dezember 2020 entfallen. In Absprache mit den Beschicker*innen findet ersatzweise am&nbsp;<strong>Donnerstag, 24. Dezember 2020<\/strong>&nbsp;zwischen 7 und 13 Uhr ein Markt auf dem Festplatz statt.<\/p>\n\n\n\n<p>Weiterhin findet der Wochenmarkt auf dem Berliner Platz aufgrund des Neujahrsfeiertages nicht am Freitag, 1. Januar 2021 statt, sondern bereits am\u00a0<strong>Donnerstag, 31. Dezember 2020<\/strong>\u00a0in der Zeit von 7 bis 13 Uhr.<\/p>\n\n\n\n<p><em>Text: Stadtverwaltung Speyer Foto: Speyer 24\/7 News<br>24.11.2020<\/em><\/p>\n\n\n\n<h2 class=\"wp-block-heading\"><strong>Speyer f\u00fchrt das ehemalige \u201eTor zur Pfalz\u201c in eine neue Zukunft<\/strong><\/h2>\n\n\n\n<h3 class=\"wp-block-heading\"><strong>Verkauf des historischen Geb\u00e4udes vom Land an die Stadt ist vollzogen<\/strong><\/h3>\n\n\n\n<div class=\"wp-block-image\"><figure class=\"aligncenter\"><img decoding=\"async\" loading=\"lazy\" width=\"800\" height=\"508\" src=\"https:\/\/speyer24news.com\/wp-content\/uploads\/2020\/11\/2020-Tor-zur-Pfalz-19-Klaus-Landry.jpg\" alt=\"\" class=\"wp-image-31324\" srcset=\"https:\/\/speyer24news.com\/wp-content\/uploads\/2020\/11\/2020-Tor-zur-Pfalz-19-Klaus-Landry.jpg 800w, https:\/\/speyer24news.com\/wp-content\/uploads\/2020\/11\/2020-Tor-zur-Pfalz-19-Klaus-Landry-300x191.jpg 300w, https:\/\/speyer24news.com\/wp-content\/uploads\/2020\/11\/2020-Tor-zur-Pfalz-19-Klaus-Landry-768x488.jpg 768w\" sizes=\"(max-width: 800px) 100vw, 800px\" \/><\/figure><\/div>\n\n\n\n<p><strong>Das historische Geb\u00e4ude in der Maximilianstra\u00dfe 8, lange Zeit Gesundheitsamt und sp\u00e4ter Gastronomie- und Hotelimmobilie unter dem Namen \u201eTor zur Pfalz\u201c, geh\u00f6rt jetzt der Stadt Speyer. Der Ankauf vom Land zum gutachterlich ermittelten Verkehrswert von 1,4 Mio. Euro ist besiegelt und vollzogen. Das teilen die Stadt Speyer und der Landesbetrieb Liegenschafts- und Baubetreuung (Landesbetrieb LBB) mit.&nbsp;<\/strong><\/p>\n\n\n\n<p>Die Stadt wird den fr\u00fcheren Hotelbereich in den Obergeschossen an das Diakonissen-Stiftungs-Krankenhaus Speyer f\u00fcr die Unterbringung von Pflegesch\u00fclerinnen und -sch\u00fclern vermieten. Im Erdgeschoss plant die LMK Medienanstalt Rheinland-Pfalz, die landesweit f\u00fcr die Privatsender und B\u00fcrgermedien zust\u00e4ndig ist, einen \u201eMakerSpace\u201c mit Mitmach-Projekten f\u00fcr Interessierte. Auch der Offene Kanal Speyer e.V. wird dort einziehen.\u00a0\u00a0<\/p>\n\n\n\n<p>\u201eIch freue mich sehr, dass die Stadt Speyer das Tor zur Pfalz mit seiner exponierten und attraktiven Innenstadtlage erwerben konnte\u201c, sagt Stefanie Seiler, Oberb\u00fcrgermeisterin der Stadt Speyer. \u201eDas Nutzungskonzept ist durchdacht und bietet einen echten Mehrwert f\u00fcr die Stadt und ihre B\u00fcrgerinnen und B\u00fcrger. Insbesondere angesichts der angespannten Lage auf dem Speyerer Wohnungsmarkt ist es ein wichtiger und richtiger Schritt, hier eine angemessene und bezahlbare Unterkunft f\u00fcr dringend ben\u00f6tigte Nachwuchspflegekr\u00e4fte zu schaffen. Mit der Medienwerkstatt, die die Landeszentrale f\u00fcr Medien und Kommunikation im Erdgeschoss einrichten wird, ist es gelungen, ein gro\u00dfartiges Pilotprojekt nach Speyer zu holen, das einen au\u00dfergew\u00f6hnlichen Raum f\u00fcr die digitale Teilhabe der B\u00fcrgerinnen und B\u00fcrger schafft und ihnen die M\u00f6glichkeit bietet, Hightech-Einrichtungen auszuprobieren, zu denen sie sonst vermutlich nur schwer Zugang h\u00e4tten. Es handelt sich also um eine Einrichtung f\u00fcr Bildung und Beteiligung, die ich als Oberb\u00fcrgermeisterin nur begr\u00fc\u00dfen kann\u201c, f\u00fchrt sie weiter aus.<\/p>\n\n\n\n<p>\u201eBei dem ehemaligen \u201eTor zur Pfalz\u201c handelt es sich wegen seiner Historie und seiner Lage in der Fu\u00dfg\u00e4ngerzone in unmittelbarer N\u00e4he zum Dom zu Speyer um eine ganz besondere Immobilie. Auch deswegen freut es uns besonders, dass die Stadt Speyer das Geb\u00e4ude erworben hat und es f\u00fcr wichtige Gemeinwohlaufgaben wie die Unterbringung des pflegerischen Nachwuchses und die b\u00fcrgernahe Vermittlung von Medienkompetenz zur Verf\u00fcgung stellen will\u201c, sagt die stellvertretende Gesch\u00e4ftsf\u00fchrerin des Landesbetriebs LBB Dr. Petra Wriedt. \u201eMit dem Verkauf an die Stadt Speyer bleibt der Geb\u00e4udekomplex mit der unmittelbar benachbarten Polizei und der Generaldirektion Kulturelles Erbe an der Kleinen Pfaffengasse insgesamt in \u00f6ffentlicher Hand. Das schafft Synergieeffekte zum Beispiel f\u00fcr den gemeinsamen Innenhof, der als Parkplatz genutzt wird. Bereits in der Vergangenheit gab es eine erfolgreiche Zusammenarbeit mit der Stadt Speyer, die das Geb\u00e4ude in den Jahren 2015 bis 2018 als Unterkunft f\u00fcr Fl\u00fcchtlinge nutzte. Auch ganz aktuell dient die Liegenschaft der Stadt, diesmal f\u00fcr Zwecke des Gesundheitsschutzes im Rahmen der Pandemie-Bek\u00e4mpfung. Der Kauf durch die Stadt Speyer erfolgte in einem mit dem Landesrechnungshof Rheinland-Pfalz abgestimmten Verfahren, wonach eine direkte Ver\u00e4u\u00dferung an kommunale Gebietsk\u00f6rperschaften ohne Bieterverfahren auf der Basis einer Wertermittlung erfolgen kann.\u201c<\/p>\n\n\n\n<p>Das denkmalgesch\u00fctzte Geb\u00e4ude wurde etwa um 1800 erbaut und steht auf einem knapp 380 Quadratmeter gro\u00dfen Grundst\u00fcck. Der fr\u00fchere Hotelbereich im 1. und 2. Obergeschoss sowie im ausgebauten Dachgeschoss umfasst 19 Zimmer und 2 Apartments mit einer Nutzfl\u00e4che von insgesamt 600 Quadratmetern. Alle Zimmer sind mit Dusche, Waschbecken und Toilette ausgestattet, ein Zimmer ist barrierefrei. Mit einem rollstuhlgerechten Aufzug sind s\u00e4mtliche Geschosse barrierefrei erreichbar.<\/p>\n\n\n\n<div class=\"wp-block-image\"><figure class=\"aligncenter\"><img decoding=\"async\" loading=\"lazy\" width=\"800\" height=\"578\" src=\"https:\/\/speyer24news.com\/wp-content\/uploads\/2020\/11\/2020-Tor-zur-Pfalz-51-Klaus-Landry.jpg\" alt=\"\" class=\"wp-image-31325\" srcset=\"https:\/\/speyer24news.com\/wp-content\/uploads\/2020\/11\/2020-Tor-zur-Pfalz-51-Klaus-Landry.jpg 800w, https:\/\/speyer24news.com\/wp-content\/uploads\/2020\/11\/2020-Tor-zur-Pfalz-51-Klaus-Landry-300x217.jpg 300w, https:\/\/speyer24news.com\/wp-content\/uploads\/2020\/11\/2020-Tor-zur-Pfalz-51-Klaus-Landry-768x555.jpg 768w\" sizes=\"(max-width: 800px) 100vw, 800px\" \/><\/figure><\/div>\n\n\n\n<p>Im ehemaligen Hotelbereichwird aktuell ein neuer Boden verlegt und die Zimmer, die sich allgemein in gutem Zustand befinden, werden ert\u00fcchtigt.<\/p>\n\n\n\n<p>\u201eWir freuen uns sehr, dass wir angehenden Pflegekr\u00e4ften dort voraussichtlich ab Januar 2021 eine ansprechend gestaltete Wohnm\u00f6glichkeit zu einem erschwinglichen Preis anbieten k\u00f6nnen\u201c, sagt Jonas Sewing, Gesch\u00e4ftsf\u00fchrer des Diakonissen-Stiftungskrankenhauses Speyer. \u201eSo k\u00f6nnen wir Auszubildende im wichtigen Pflegeberuf auch in diesem Bereich noch besser unterst\u00fctzen.\u201c&nbsp; Im ehemaligen Hotelbereich sollen vor allem Einzelzimmer angeboten werden. \u201eWir stellen aber auch zwei bis drei Mehrbettzimmer zur Verf\u00fcgung\u201c, informiert Sewing. \u201eDas ist zum Beispiel f\u00fcr Personen, die mit ihrem Partner nach Speyer ziehen und noch eine Wohnung suchen, eine interessante Option.\u201c<\/p>\n\n\n\n<p>S\u00e4mtliche Zimmer werden voll m\u00f6bliert vermietet. Zur Ausstattung geh\u00f6ren unter anderem Bett, Tisch, Stuhl und Schrank. Zur gemeinsamen Nutzung stehen auf den Etagen K\u00fcchen, Gemeinschaftsr\u00e4ume und ein Lernatelier zur Verf\u00fcgung.<\/p>\n\n\n\n<p>Im Erdgeschoss warten rund 180 Quadratmeter des ehemaligen Restaurants und 67 Quadratmeter fr\u00fchere Ladenfl\u00e4che auf ihre neue Nutzung. Die LMK Medienanstalt plant hier einen kreativen Lernort, der in Zukunft von allen B\u00fcrgerinnen und B\u00fcrgern, von Macherinnen und Machern in Vereinen, Gruppen oder Klassen genutzt werden kann. Der Offene Kanal wie auch die Stadt- und Kreisbildstelle werden integriert und die einzelnen R\u00e4ume werden multifunktional genutzt. So k\u00f6nne das Studio vormittags Treffpunkt f\u00fcr Sch\u00fclerinnen und Sch\u00fcler sein, nachmittags wird ein Kurs f\u00fcr Erwachsene angeboten und abends findet eine Gespr\u00e4chsrunde im Offenen Kanal statt. Der Lernort MakerSpace bietet Zugang zu Maschinen, Werkzeugen und Software sowie zu einer kreativen Community.<\/p>\n\n\n\n<p>\u201eHier entsteht etwas in Rheinland-Pfalz bisher Einzigartiges\u201c, sagt Dr. Marc Jan Eumann, Direktor der LMK Medienanstalt. \u201eMit unseren Partnern bauen wir ein ,Inspeyerhaus\u2018, einen Ort der medialen Teilhabe, der Menschen jeden Alters inspiriert und zum kreativen Umgang mit digitalen Werkzeugen befl\u00fcgelt. Hier wird man den Spa\u00df daran entdecken, Medien selbst zu produzieren, selbst gestalten zu k\u00f6nnen. Damit erf\u00fcllen wir auf innovative Weise unseren gesetzlichen Auftrag, Medienkompetenz zu vermitteln. Mein Dank gilt allen Beteiligten, die das m\u00f6glich machen. Dankbar sind wir auch f\u00fcr konkrete Unterst\u00fctzungsleistungen. Kurzum wir freuen uns, wenn sich Unternehmen und Institutionen aus Speyer engagieren.\u201c<\/p>\n\n\n\n<p>Am bisherigen Standort des OK Speyer in der Neufferstra\u00dfe herrscht bereits Aufbruchstimmung. \u201eJa, wir freuen uns schon auf das neue Domizil, die ersten Umzugskisten stehen schon bereit\u201c, sagt der Vorsitzende Wolfgang Schuch. \u201eWann der Umzug in Jahr 2021 sein wird, steht noch nicht fest: Die Landesmedienanstalt wird noch einige Arbeiten an den R\u00e4umen machen lassen. Was wir als OK TV auf alle F\u00e4lle brauchen, ist eine schnelle Datenverbindung.&#8220;<\/p>\n\n\n\n<p><em>Text: LANDESBETRIEB LIEGENSCHAFTS- UND BAUBETREUUNG (LBB) Foto: Klaus Landry<br>24.11.2020<\/em><\/p>\n\n\n\n<h2 class=\"wp-block-heading\"><strong>Versp\u00e4tungen bei der Abfallsammlung<\/strong><\/h2>\n\n\n\n<p>Wegen m\u00f6glicher Corona-Kontakte sind bei den Entsorgungsbetrieben Speyer mehrere Mitarbeiter der Abfallsammlung ausgefallen. Deshalb kann es im Laufe der Woche zu Versp\u00e4tungen bei der Abholung kommen. Durch Doppeltouren wird versucht, alles von der Stra\u00dfe zu bekommen. Unterst\u00fctzen k\u00f6nnen die B\u00fcrgerinnen und B\u00fcrger, indem sie halbleere Tonnen oder Papier, dass ja keine hygienischen Gefahren birgt, in dieser Woche nicht bereitstellen.<\/p>\n\n\n\n<p><em>Stadtwerke Speyer GmbH<br>24.11.2020<\/em><\/p>\n\n\n\n<h1 class=\"wp-block-heading\" style=\"text-align:center\">Verkehrsnotizen<\/h1>\n\n\n\n<figure class=\"wp-block-image\"><img decoding=\"async\" loading=\"lazy\" width=\"800\" height=\"565\" src=\"https:\/\/speyer24news.com\/wp-content\/uploads\/2020\/01\/Baustelle-2.jpg\" alt=\"\" class=\"wp-image-23900\" srcset=\"https:\/\/speyer24news.com\/wp-content\/uploads\/2020\/01\/Baustelle-2.jpg 800w, https:\/\/speyer24news.com\/wp-content\/uploads\/2020\/01\/Baustelle-2-300x212.jpg 300w, https:\/\/speyer24news.com\/wp-content\/uploads\/2020\/01\/Baustelle-2-768x542.jpg 768w\" sizes=\"(max-width: 800px) 100vw, 800px\" \/><\/figure>\n\n\n\n<h2 class=\"wp-block-heading\"><strong>Otterstadter Weg gesperrt<\/strong><\/h2>\n\n\n\n<p>Aufgrund von Kranarbeiten wird der Otterstadter Weg auf H\u00f6he der Hausnummer 30 <strong>am 26. November 2020 von 6 Uhr bis voraussichtlich 18 Uhr <\/strong>voll gesperrt. F\u00fcr die Dauer der Ma\u00dfnahme wird die Stra\u00dfe als Sackgasse ausgewiesen. Eine Umleitung \u00fcber die Waldseer Stra\u00dfe und den Erlenweg wird eingerichtet.<\/p>\n\n\n\n<p>F\u00fcr R\u00fcckfragen steht die Stra\u00dfenverkehrsbeh\u00f6rde unter der Rufnummer 14-2938 zur Verf\u00fcgung.<\/p>\n","protected":false},"excerpt":{"rendered":"<div class=\"mh-excerpt\"><p>Corona-Fallzahlen Montag, 23.11.2020 Anzahl best\u00e4tigter F\u00e4lle von Coronavirus (SARS-CoV-2)-Infektionen in der Stadt Speyer: 680 (+ 46)Davon bereits genesen: 267Todesf\u00e4lle: 1Gemeldete F\u00e4lle der letzten sieben Tage pro 100.000 Einwohner*innen: 284,8Warnstufe: Rot Stand: 23.11.2020, 14:00 Uhr Kreisgesundheitsamt <a class=\"mh-excerpt-more\" href=\"https:\/\/speyer24news.com\/?p=31319\" title=\"Corona, Stadtnotizen &#038; Verkehrsnotizen aus Speyer\">[&#8230;]<\/a><\/p>\n<\/div>","protected":false},"author":3,"featured_media":23902,"comment_status":"open","ping_status":"open","sticky":false,"template":"","format":"standard","meta":{"_monsterinsights_skip_tracking":false,"_monsterinsights_sitenote_active":false,"_monsterinsights_sitenote_note":"","_monsterinsights_sitenote_category":0,"footnotes":""},"categories":[47],"tags":[8863,8862,6940,6359,6358,7003,6342,3043,6,1296,1442,3300,1114,46],"aioseo_notices":[],"amp_enabled":true,"_links":{"self":[{"href":"https:\/\/speyer24news.com\/index.php?rest_route=\/wp\/v2\/posts\/31319"}],"collection":[{"href":"https:\/\/speyer24news.com\/index.php?rest_route=\/wp\/v2\/posts"}],"about":[{"href":"https:\/\/speyer24news.com\/index.php?rest_route=\/wp\/v2\/types\/post"}],"author":[{"embeddable":true,"href":"https:\/\/speyer24news.com\/index.php?rest_route=\/wp\/v2\/users\/3"}],"replies":[{"embeddable":true,"href":"https:\/\/speyer24news.com\/index.php?rest_route=%2Fwp%2Fv2%2Fcomments&post=31319"}],"version-history":[{"count":1,"href":"https:\/\/speyer24news.com\/index.php?rest_route=\/wp\/v2\/posts\/31319\/revisions"}],"predecessor-version":[{"id":31326,"href":"https:\/\/speyer24news.com\/index.php?rest_route=\/wp\/v2\/posts\/31319\/revisions\/31326"}],"wp:featuredmedia":[{"embeddable":true,"href":"https:\/\/speyer24news.com\/index.php?rest_route=\/wp\/v2\/media\/23902"}],"wp:attachment":[{"href":"https:\/\/speyer24news.com\/index.php?rest_route=%2Fwp%2Fv2%2Fmedia&parent=31319"}],"wp:term":[{"taxonomy":"category","embeddable":true,"href":"https:\/\/speyer24news.com\/index.php?rest_route=%2Fwp%2Fv2%2Fcategories&post=31319"},{"taxonomy":"post_tag","embeddable":true,"href":"https:\/\/speyer24news.com\/index.php?rest_route=%2Fwp%2Fv2%2Ftags&post=31319"}],"curies":[{"name":"wp","href":"https:\/\/api.w.org\/{rel}","templated":true}]}}