{"id":31370,"date":"2020-11-27T08:41:48","date_gmt":"2020-11-27T07:41:48","guid":{"rendered":"https:\/\/speyer24news.com\/?p=31370"},"modified":"2020-11-27T08:41:50","modified_gmt":"2020-11-27T07:41:50","slug":"leserbrief-14","status":"publish","type":"post","link":"https:\/\/speyer24news.com\/?p=31370","title":{"rendered":"Leserbrief"},"content":{"rendered":"<style type=\"text\/css\">\r\n\t.ads_top_disp{}\r\n\t.ads_top_corner_disp{ float:left; margin:0px 10px 10px 0px; }\r\n\t.ads_first_p_disp{}\r\n\t.ads_bottom_disp{}\r\n\t<\/style>\n<h2 class=\"wp-block-heading\">Leserbrief einer Mutter zu den Coronama\u00dfnahmen an Grundschulen<\/h2>\n\n\n\n<div class=\"wp-block-image\"><figure class=\"aligncenter\"><img decoding=\"async\" loading=\"lazy\" width=\"800\" height=\"571\" src=\"https:\/\/speyer24news.com\/wp-content\/uploads\/2020\/11\/lonely-1822414_1920.jpg\" alt=\"\" class=\"wp-image-31372\" srcset=\"https:\/\/speyer24news.com\/wp-content\/uploads\/2020\/11\/lonely-1822414_1920.jpg 800w, https:\/\/speyer24news.com\/wp-content\/uploads\/2020\/11\/lonely-1822414_1920-300x214.jpg 300w, https:\/\/speyer24news.com\/wp-content\/uploads\/2020\/11\/lonely-1822414_1920-768x548.jpg 768w\" sizes=\"(max-width: 800px) 100vw, 800px\" \/><\/figure><\/div>\n\n\n\n<p>ACHTUNG!<\/p>\n\n\n\n<p>Also wer will kann es lesen wenn nicht lasst es und wer mich danach hassen will bitte aber ich habe die Schnauze voll und schau nicht mehr weg!<\/p>\n\n\n\n<p>Es kann nicht sein das hier nur noch Corona hinten Corona vorne&#8230;mein Sohn geht in die Grundschule in Weisenheim am Sand, Dritte klasse hat bronchial Asthma und sehr starke Probleme in einigen Baustellen er hat ja nicht umsonst ein Attest und Pflegestufe 3! Beides wird nicht anerkannt von der Schule! Mein Kind hat die M\u00f6glichkeit eine Maske zu tragen und normal teilzunehmen an den Pausen oder sie ohne Maske drin zu verbringen, allein! Bitte was?<\/p>\n\n\n\n<p>Leute was ist mit euch los? Wieso straft ihr ein Kind, das sozialschwach ist und eh schon Ausgrenzungsprobleme hat und nie wirklich Freunde weil er \u201eanders\u201c ist?!<\/p>\n\n\n\n<p>Ich habe die Schnauze voll das mein Kind ausbaden muss was andere blinde B\u00fcrger nicht sehen wollen! N\u00e4mlich das wir nach Strich und Faden verarscht werden! Mein Sohn hatte Nasenbluten dank der Maske, er hat Schmerzen die f\u00fcr ihn unertr\u00e4glich wurden so das er soweit ist und sagt &#8222;Nein, ich bleib lieber alleine in einem Raum wie dies weiter zu ertragen&#8220; und weint&#8230; <\/p>\n\n\n\n<p>Ich kann euch nicht in Worte fassen wie sehr er t\u00e4glich weint&#8230;<\/p>\n\n\n\n<ul><li>weil er sein Leben so sehr hasst und jeder schaut weg <\/li><li>jeder hackt auf ihm rum und <\/li><li>die anderen Mitsch\u00fcler\/innen und Eltern schauen zu genau wie Lehrer und all die, die den Scheiss glauben der in den Medien zu h\u00f6ren und zu sehen ist!<\/li><\/ul>\n\n\n\n<p>Ich habe eine solche Wut in meinem Bauch wenn ich mein Kind so sehe der eh schon sein P\u00e4ckchen zu tragen hat, der Angst zur Schule zu gehen und mir teilweise in Depressionen f\u00e4llt und \u00c4ngste nicht mehr \u00fcberwinden kann! Ich bin Stinksauer und ich verspreche jedem, ich werde nicht aufh\u00f6ren zu k\u00e4mpfen, nicht f\u00fcr mein Kind und auch nicht f\u00fcr andere Kinder die das selbe Leid tragen m\u00fcssen!<\/p>\n\n\n\n<p>Wer m\u00f6chte kann sich gerne an die Redaktion wenden und bekommt meine Kontaktdaten vermittelt. Ich w\u00fcnsche allen viel Kraft und ihr seid nicht alleine.<\/p>\n\n\n\n<p><em>Name der Redaktion bekannt<br>27.11.2020<\/em><\/p>\n\n\n\n<p><strong><em>Anmerkung der Redaktion: <\/em><\/strong>Leserbriefe spiegeln nicht unbedingt die Meinung der Redaktion wieder. Dennoch ver\u00f6ffentlichen wir gerne Einsendungen unserer Leser\/innen zu allen Themen. M\u00f6chten auch sie uns ihre Meinung zukommen lassen freuen wir uns von ihnen zu lesen, hierzu gerne eine Email an <a href=\"24newsspeyer@web.de\">24newsspeyer@web.de<\/a><\/p>\n","protected":false},"excerpt":{"rendered":"<div class=\"mh-excerpt\"><p>Leserbrief einer Mutter zu den Coronama\u00dfnahmen an Grundschulen ACHTUNG! Also wer will kann es lesen wenn nicht lasst es und wer mich danach hassen will bitte aber ich habe die Schnauze voll und schau nicht <a class=\"mh-excerpt-more\" href=\"https:\/\/speyer24news.com\/?p=31370\" title=\"Leserbrief\">[&#8230;]<\/a><\/p>\n<\/div>","protected":false},"author":3,"featured_media":31371,"comment_status":"open","ping_status":"open","sticky":false,"template":"","format":"standard","meta":{"_monsterinsights_skip_tracking":false,"_monsterinsights_sitenote_active":false,"_monsterinsights_sitenote_note":"","_monsterinsights_sitenote_category":0,"footnotes":""},"categories":[1453],"tags":[6401,8876,8877,5904,8875,2625,1880],"aioseo_notices":[],"amp_enabled":true,"_links":{"self":[{"href":"https:\/\/speyer24news.com\/index.php?rest_route=\/wp\/v2\/posts\/31370"}],"collection":[{"href":"https:\/\/speyer24news.com\/index.php?rest_route=\/wp\/v2\/posts"}],"about":[{"href":"https:\/\/speyer24news.com\/index.php?rest_route=\/wp\/v2\/types\/post"}],"author":[{"embeddable":true,"href":"https:\/\/speyer24news.com\/index.php?rest_route=\/wp\/v2\/users\/3"}],"replies":[{"embeddable":true,"href":"https:\/\/speyer24news.com\/index.php?rest_route=%2Fwp%2Fv2%2Fcomments&post=31370"}],"version-history":[{"count":1,"href":"https:\/\/speyer24news.com\/index.php?rest_route=\/wp\/v2\/posts\/31370\/revisions"}],"predecessor-version":[{"id":31373,"href":"https:\/\/speyer24news.com\/index.php?rest_route=\/wp\/v2\/posts\/31370\/revisions\/31373"}],"wp:featuredmedia":[{"embeddable":true,"href":"https:\/\/speyer24news.com\/index.php?rest_route=\/wp\/v2\/media\/31371"}],"wp:attachment":[{"href":"https:\/\/speyer24news.com\/index.php?rest_route=%2Fwp%2Fv2%2Fmedia&parent=31370"}],"wp:term":[{"taxonomy":"category","embeddable":true,"href":"https:\/\/speyer24news.com\/index.php?rest_route=%2Fwp%2Fv2%2Fcategories&post=31370"},{"taxonomy":"post_tag","embeddable":true,"href":"https:\/\/speyer24news.com\/index.php?rest_route=%2Fwp%2Fv2%2Ftags&post=31370"}],"curies":[{"name":"wp","href":"https:\/\/api.w.org\/{rel}","templated":true}]}}