{"id":31378,"date":"2020-11-27T11:51:55","date_gmt":"2020-11-27T10:51:55","guid":{"rendered":"https:\/\/speyer24news.com\/?p=31378"},"modified":"2020-11-27T11:51:56","modified_gmt":"2020-11-27T10:51:56","slug":"speyer-corona-3","status":"publish","type":"post","link":"https:\/\/speyer24news.com\/?p=31378","title":{"rendered":"Speyer \/ Corona"},"content":{"rendered":"<style type=\"text\/css\">\r\n\t.ads_top_disp{}\r\n\t.ads_top_corner_disp{ float:left; margin:0px 10px 10px 0px; }\r\n\t.ads_first_p_disp{}\r\n\t.ads_bottom_disp{}\r\n\t<\/style>\n<h2 class=\"wp-block-heading\"><strong>Oberb\u00fcrgermeisterin reagiert auf die Beschl\u00fcsse von Bund und L\u00e4ndern \u2013 Zusammenfassung der kommenden Ma\u00dfnahmen \u2013 Stringente Test- und Quarant\u00e4nestrategie unabdingbar<\/strong><\/h2>\n\n\n\n<figure class=\"wp-block-image\"><img decoding=\"async\" loading=\"lazy\" width=\"800\" height=\"600\" src=\"https:\/\/speyer24news.com\/wp-content\/uploads\/2020\/01\/IMG_20200110_193106-1.jpg\" alt=\"\" class=\"wp-image-24109\" srcset=\"https:\/\/speyer24news.com\/wp-content\/uploads\/2020\/01\/IMG_20200110_193106-1.jpg 800w, https:\/\/speyer24news.com\/wp-content\/uploads\/2020\/01\/IMG_20200110_193106-1-300x225.jpg 300w, https:\/\/speyer24news.com\/wp-content\/uploads\/2020\/01\/IMG_20200110_193106-1-768x576.jpg 768w, https:\/\/speyer24news.com\/wp-content\/uploads\/2020\/01\/IMG_20200110_193106-1-678x509.jpg 678w, https:\/\/speyer24news.com\/wp-content\/uploads\/2020\/01\/IMG_20200110_193106-1-326x245.jpg 326w, https:\/\/speyer24news.com\/wp-content\/uploads\/2020\/01\/IMG_20200110_193106-1-80x60.jpg 80w\" sizes=\"(max-width: 800px) 100vw, 800px\" \/><\/figure>\n\n\n\n<p>Nach den Beratungen der Bundeskanzlerin mit den Regierungschef*innen der L\u00e4nder wurde am 25.11.2020 im Rahmen einer anschlie\u00dfenden Pressekonferenz verk\u00fcndet, dass die Novemberma\u00dfnahmen bis mindestens 20. Dezember 2020 verl\u00e4ngert und zum Teil noch versch\u00e4rft werden sollen. In diesem Zusammenhang ist eine neue Corona-Bek\u00e4mpfungsverordnung des Landes zu erwarten, die die verk\u00fcndeten Entscheidungen in eine g\u00fcltige Rechtsgrundlage umsetzen wird.<\/p>\n\n\n\n<p>\u201eEs ist sehr zu begr\u00fc\u00dfen, dass die von Bund und L\u00e4ndern nun gefassten Beschl\u00fcsse unsere st\u00e4dtische Allgemeinverf\u00fcgung unterstreichen und dass einige l\u00e4ngst \u00fcberf\u00e4llige Ma\u00dfnahmen verk\u00fcndet wurden, f\u00fcr die wir noch vor wenigen Wochen nicht das Einvernehmen mit dem Land herstellen konnten. Dazu geh\u00f6ren insbesondere die einheitlichen und strengeren Regeln zum Schutz vulnerabler Bev\u00f6lkerungsgruppen sowie die Verpflichtung zum Tragen einer Mund-Nase-Bedeckung an Arbeitsst\u00e4tten\u201c f\u00fchrt Oberb\u00fcrgermeisterin Stefanie Seiler aus. \u201eDass angesichts der hohen Infektionszahlen und der damit einhergehenden hohen Inzidenz in unserer Stadt viele B\u00fcrger*innen \u00c4ngste und Sorgen haben, ist verst\u00e4ndlich. Allerdings sind die neuaufgetretenen Infektionen in den letzten Tagen gr\u00f6\u00dftenteils auf wenige Hotspots in Senioren- und Gemeinschaftsunterk\u00fcnften zur\u00fcckzuf\u00fchren, in denen wir konsequent Reihentestungen veranlasst haben und f\u00fcr die nun gl\u00fccklicherweise strengere Regelungen zum Schutz der Menschen erlassen wurden. Wir d\u00fcrfen also hoffen, dass wir den H\u00f6hepunkt erreicht haben und sich die Zahlen in den kommenden Tagen und Wochen wieder r\u00fcckl\u00e4ufig entwickeln werden\u201c, so Seiler weiter. \u201eKlar ist: eine stringente Test- und Quarant\u00e4nestrategie ist unabdingbar f\u00fcr eine erfolgreiche Eind\u00e4mmung der Pandemie\u201c.<\/p>\n\n\n\n<p>Was die konkrete Ausgestaltung der Ma\u00dfnahmen angeht, gilt es zun\u00e4chst die ausformulierte Rechtsverordnung des Landes Rheinland-Pfalz abzuwarten. Bund und L\u00e4nder betonen, dass in allen Hotspots ab einer Inzidenz von 50 Neuinfektionen pro 100.000 Einwohner*innen pro Woche sofort ein konsequentes Beschr\u00e4nkungskonzept umgesetzt werden muss. Bei besonders extremen Infektionslagen mit einer Inzidenz von \u00fcber 200 Neuinfektionen pro 100.000 Einwohner*innen und einem diffusen Infektionsgeschehen sollen die bereits geltenden Ma\u00dfnahmen im Zusammenarbeit mit der Landesregierung lokal weiter versch\u00e4rft werden.<\/p>\n\n\n\n<h4 class=\"wp-block-heading\"><strong>Kontaktbeschr\u00e4nkungen<\/strong><\/h4>\n\n\n\n<figure class=\"wp-block-image\"><img decoding=\"async\" loading=\"lazy\" width=\"800\" height=\"476\" src=\"https:\/\/speyer24news.com\/wp-content\/uploads\/2020\/11\/lockdown-5041623_1920.jpg\" alt=\"\" class=\"wp-image-31379\" srcset=\"https:\/\/speyer24news.com\/wp-content\/uploads\/2020\/11\/lockdown-5041623_1920.jpg 800w, https:\/\/speyer24news.com\/wp-content\/uploads\/2020\/11\/lockdown-5041623_1920-300x179.jpg 300w, https:\/\/speyer24news.com\/wp-content\/uploads\/2020\/11\/lockdown-5041623_1920-768x457.jpg 768w\" sizes=\"(max-width: 800px) 100vw, 800px\" \/><\/figure>\n\n\n\n<p>Angek\u00fcndigt wurde au\u00dferdem, dass ab Dienstag, 1. Dezember 2020, die kontaktbeschr\u00e4nkenden Ma\u00dfnahmen versch\u00e4rft werden. Demnach sind die B\u00fcrger*innen weiter angehalten, jeden nicht notwendigen Kontakt zu vermeiden und m\u00f6glichst zu Hause zu bleiben. Private Zusammenk\u00fcnfte sind auf den eigenen und einen weiteren Haushalt, jedoch in jedem Falle auf maximal f\u00fcnf Personen zu beschr\u00e4nken \u2013 Kinder unter 14 Jahren sind hiervon ausgenommen.<\/p>\n\n\n\n<h4 class=\"wp-block-heading\"><strong>Weihnachten und Silvester<\/strong><\/h4>\n\n\n\n<div class=\"wp-block-image\"><figure class=\"aligncenter\"><img decoding=\"async\" loading=\"lazy\" width=\"500\" height=\"667\" src=\"https:\/\/speyer24news.com\/wp-content\/uploads\/2020\/01\/Weihnachtsbaum.jpg\" alt=\"\" class=\"wp-image-24122\" srcset=\"https:\/\/speyer24news.com\/wp-content\/uploads\/2020\/01\/Weihnachtsbaum.jpg 500w, https:\/\/speyer24news.com\/wp-content\/uploads\/2020\/01\/Weihnachtsbaum-225x300.jpg 225w\" sizes=\"(max-width: 500px) 100vw, 500px\" \/><\/figure><\/div>\n\n\n\n<p>F\u00fcr Weihnachten und die Tage zwischen den Jahren wurde bereits eine Ausnahmeregelung kommuniziert, gem\u00e4\u00df derer zwischen dem 23. Dezember 2020 und dem 1. Januar 2021 Treffen im engsten Familien- und Freundeskreis bis maximal zehn Personen m\u00f6glich sein werden \u2013 Kinder unter 14 Jahren werden nicht mitgerechnet. Vor solchen Begegnungen, insbesondere mit \u00e4lteren Familienangeh\u00f6rigen, ist es sinnvoll, in den f\u00fcnf bis sieben Tagen zuvor stringent auf alle nicht notwendigen Kontakte zu verzichten und sich in eine Art freiwillige Quarant\u00e4ne (Schutzwoche) zu begeben.<\/p>\n\n\n\n<p>Zum Jahreswechsel 2020\/21 empfehlen Bund und L\u00e4nder, auf Silvesterfeuerwerk zu verzichten. Auf belebten Pl\u00e4tzen und Stra\u00dfen wird die Verwendung von Pyrotechnik untersagt. Als \u00f6rtlich zust\u00e4ndige Beh\u00f6rde wird die Stadtverwaltung nun pr\u00fcfen, f\u00fcr welche \u00d6rtlichkeiten ein solches Abbrennverbot von Feuerwerk auszusprechen ist und zu gegebener Zeit entsprechend informieren. \u00d6ffentlich veranstaltete Feuerwerke sind untersagt.&nbsp;<\/p>\n\n\n\n<h4 class=\"wp-block-heading\"><strong>Maskenpflicht<\/strong><\/h4>\n\n\n\n<figure class=\"wp-block-image\"><img decoding=\"async\" loading=\"lazy\" width=\"800\" height=\"556\" src=\"https:\/\/speyer24news.com\/wp-content\/uploads\/2020\/11\/Mundschutz-Speyer-1.jpg\" alt=\"\" class=\"wp-image-31380\" srcset=\"https:\/\/speyer24news.com\/wp-content\/uploads\/2020\/11\/Mundschutz-Speyer-1.jpg 800w, https:\/\/speyer24news.com\/wp-content\/uploads\/2020\/11\/Mundschutz-Speyer-1-300x209.jpg 300w, https:\/\/speyer24news.com\/wp-content\/uploads\/2020\/11\/Mundschutz-Speyer-1-768x534.jpg 768w\" sizes=\"(max-width: 800px) 100vw, 800px\" \/><\/figure>\n\n\n\n<p>In geschlossenen R\u00e4umen, die \u00f6ffentlich oder im Rahmen eines Besuchs- und Kundenverkehrs zug\u00e4nglich sind, haben alle Personen eine Mund-Nasen-Bedeckung zu tragen. Dies gilt auch an allen \u00f6ffentlichen Orten \u2013 auch unter freiem Himmel \u2013 an denen sich Menschen entweder auf engem Raum oder nicht nur vor\u00fcbergehend aufhalten. Auch in Arbeits- und Betriebsst\u00e4tten ist k\u00fcnftig grunds\u00e4tzlich eine Mund-Nasen-Bedeckung zu tragen; dies gilt nicht am Platz, sofern ein Abstand von 1,5 Metern zu anderen Personen sicher eingehalten werden kann.<\/p>\n\n\n\n<p>Die Allgemeinverf\u00fcgung der Stadt Speyer, die unter anderem die Verpflichtung zum Tragen einer Mund-Nasen-Bedeckung im Innenstadtbereich regelt, bleibt weiter in Kraft und wird nach Ver\u00f6ffentlichung der Rechtsverordnung des Landes wenn n\u00f6tig erweitert oder angepasst.<\/p>\n\n\n\n<h4 class=\"wp-block-heading\"><strong>Kinderbetreuungseinrichtungen und Schulen<\/strong><\/h4>\n\n\n\n<div class=\"wp-block-image\"><figure class=\"aligncenter\"><img decoding=\"async\" loading=\"lazy\" width=\"800\" height=\"530\" src=\"https:\/\/speyer24news.com\/wp-content\/uploads\/2020\/11\/kids-2835430_1920.jpg\" alt=\"\" class=\"wp-image-31381\" srcset=\"https:\/\/speyer24news.com\/wp-content\/uploads\/2020\/11\/kids-2835430_1920.jpg 800w, https:\/\/speyer24news.com\/wp-content\/uploads\/2020\/11\/kids-2835430_1920-300x199.jpg 300w, https:\/\/speyer24news.com\/wp-content\/uploads\/2020\/11\/kids-2835430_1920-768x509.jpg 768w\" sizes=\"(max-width: 800px) 100vw, 800px\" \/><\/figure><\/div>\n\n\n\n<p>Das Offenhalten von Kinderbetreuungseinrichtungen und Schulen hat weiterhin oberste Priorit\u00e4t, zumal Schulen weiterhin keine Infektionsherde sind. In Regionen mit einer Inzidenz von deutlich mehr als 50 Neuinfektionen pro 100.000 Einwohner*innen gilt auf dem Schulgel\u00e4nde aller Schulen dort, wo der Abstand nicht eingehalten wird sowie grunds\u00e4tzlich im Unterricht in weiterf\u00fchrenden Schulen ab Klasse 7 f\u00fcr alle Personen eine Maskenpflicht. Eine solche kann auch in 5. und 6. Klassen sowie an Grundschulen eingef\u00fchrt werden.<\/p>\n\n\n\n<p>In St\u00e4dten und Regionen mit einer Inzidenz von \u00fcber 200 Neuinfektionen wird das Land Rheinland-Pfalz weitergehende Ma\u00dfnahmen f\u00fcr die Unterrichtsgestaltung in den \u00e4lteren Jahrg\u00e4ngen ab Jahrgangsstufe 8 (au\u00dfer Abschlussklassen) mit den Schulen spezifisch abstimmen und umsetzen, damit die Umsetzung der AHA+L Regeln besser gew\u00e4hrleistet werden kann. Denkbar sind beispielsweise Wechsel- oder Hybridunterricht.<\/p>\n\n\n\n<p>Oberb\u00fcrgermeisterin Stefanie Seiler betont: \u201eIn der aktuellen Situation w\u00fcrden wir die Einf\u00fchrung von Wechsel- oder Hybridunterricht sehr begr\u00fc\u00dfen. B\u00fcrgermeisterin Monika Kabs und ich haben uns diesbez\u00fcglich bereits an die zust\u00e4ndigen Landesbeh\u00f6rden gewandt. Aktuell stehen wird in Kontakt mit der Aufsichts- und Dienstleistungsdirektion (ADD) und haben von dort die Information erhalten, dass die ADD in Abstimmung mit dem Bildungsministerium des Landes in dieser Sache federf\u00fchrend ist und kurzfristig auf die Schulleitungen zugehen wird. Nach unserem Kenntnisstand sollen diese heute noch \u00fcber das weitere Vorgehen informiert werden\u201c.<\/p>\n\n\n\n<p>Weiterhin sollen an Schulen k\u00fcnftig gezielt Antigen-Schnelltests eingesetzt werden, um Infektionsketten schneller nachzuvollziehen. Nach der Positivtestung eines Sch\u00fclers oder einer Sch\u00fclerin erfolgt demnach eine sofortige Clusterisolation der Klasse zu Hause f\u00fcr zun\u00e4chst f\u00fcnf Tage ab Diagnosetag des Indexfalls. Eltern und andere Haushaltsmitglieder der betroffenen Sch\u00fcler*innen werden ebenso wie die jeweiligen Lehrer*innen nicht unter Quarant\u00e4ne gestellt. Nur bei Auftreten von Symptomen tritt eine Haushaltsquarant\u00e4ne in Kraft. Nach f\u00fcnf Tagen erfolgt ein Antigen-Schnelltest, nach dessen Ergebnis negativ getestete Sch\u00fcler*innen wieder zum Unterricht zugelassen werden. Positiv getestete Sch\u00fcler*innen werden in dreit\u00e4gigen Abst\u00e4nden erneut zur Wiederzulassung getestet.<\/p>\n\n\n\n<h4 class=\"wp-block-heading\"><strong>Senioren- und Pflegeeinrichtungen<\/strong><\/h4>\n\n\n\n<div class=\"wp-block-image\"><figure class=\"aligncenter\"><img decoding=\"async\" loading=\"lazy\" width=\"800\" height=\"600\" src=\"https:\/\/speyer24news.com\/wp-content\/uploads\/2020\/11\/walker-141678_1920.jpg\" alt=\"\" class=\"wp-image-31382\" srcset=\"https:\/\/speyer24news.com\/wp-content\/uploads\/2020\/11\/walker-141678_1920.jpg 800w, https:\/\/speyer24news.com\/wp-content\/uploads\/2020\/11\/walker-141678_1920-300x225.jpg 300w, https:\/\/speyer24news.com\/wp-content\/uploads\/2020\/11\/walker-141678_1920-768x576.jpg 768w, https:\/\/speyer24news.com\/wp-content\/uploads\/2020\/11\/walker-141678_1920-678x509.jpg 678w, https:\/\/speyer24news.com\/wp-content\/uploads\/2020\/11\/walker-141678_1920-326x245.jpg 326w, https:\/\/speyer24news.com\/wp-content\/uploads\/2020\/11\/walker-141678_1920-80x60.jpg 80w\" sizes=\"(max-width: 800px) 100vw, 800px\" \/><\/figure><\/div>\n\n\n\n<p>Das Land Rheinland-Pfalz hat zum Schutz besonders vulnerabler Bev\u00f6lkerungsgruppen und aufgrund der Beobachtung, dass nach wie vor zu viele Infektionen in die besonders gef\u00e4hrdeten Alten- und Pflegeeinrichtungen getragen werden, angek\u00fcndigt, dass die Besucher*innenzahl k\u00fcnftig auf nur noch eine Person bzw. maximal zwei Personen aus einem Hausstand pro Tag beschr\u00e4nkt wird. Besucher*innen m\u00fcssen zum Schutz ihrer Angeh\u00f6rigen FFP2-Masken tragen. Au\u00dferdem sollen alle Mitarbeiter*innen in Pflegeheimen w\u00f6chentlich getestet werden. In Regionen mit besonders hohen Inzidenzen, die \u00fcber dem Landesdurchschnitt liegen, soll zweimal w\u00f6chentlich getestet werden.<\/p>\n\n\n\n<p>Der Bund wird den vulnerablen Bev\u00f6lkerungsgruppen gegen eine geringe Eigenbeteiligung insgesamt 15 FFP2-Masken zur Verf\u00fcgung stellen. Im Rahmen der nationalen Teststrategie werden f\u00fcr die einrichtungsbezogenen Testkonzepte ab dem 1. Dezember je Pflegebed\u00fcrftigem 30 Schnelltests pro Monat vorgesehen.<\/p>\n\n\n\n<h4 class=\"wp-block-heading\"><strong>Wirtschaft und Einzelhandel<\/strong><\/h4>\n\n\n\n<div class=\"wp-block-image\"><figure class=\"aligncenter\"><img decoding=\"async\" loading=\"lazy\" width=\"800\" height=\"535\" src=\"https:\/\/speyer24news.com\/wp-content\/uploads\/2020\/11\/wallet-2302241_1920.jpg\" alt=\"\" class=\"wp-image-31383\" srcset=\"https:\/\/speyer24news.com\/wp-content\/uploads\/2020\/11\/wallet-2302241_1920.jpg 800w, https:\/\/speyer24news.com\/wp-content\/uploads\/2020\/11\/wallet-2302241_1920-300x201.jpg 300w, https:\/\/speyer24news.com\/wp-content\/uploads\/2020\/11\/wallet-2302241_1920-768x514.jpg 768w\" sizes=\"(max-width: 800px) 100vw, 800px\" \/><\/figure><\/div>\n\n\n\n<p>Die Verl\u00e4ngerung der Novemberma\u00dfnahmen bedeutet auch, dass die seit 2. November geschlossenen Betriebe und Einrichtungen zun\u00e4chst weiterhin geschlossen bleiben m\u00fcssen. Betroffen davon sind beispielsweise Kultureinrichtungen, Gastronomie- und Hotelleriebetriebe sowie weitere Freizeiteinrichtungen.<\/p>\n\n\n\n<p>Der Gro\u00df- und Einzelhandel bleibt ge\u00f6ffnet. F\u00fcr gro\u00dfe Gesch\u00e4fte \u00fcber 800 qm Verkaufsfl\u00e4che gilt, dass sich insgesamt auf einer Fl\u00e4che von 800 qm h\u00f6chstens eine Person pro 10 qm Verkaufsfl\u00e4che und auf der 800 qm \u00fcbersteigenden Fl\u00e4che h\u00f6chstens eine Person pro 20 qm Verkaufsfl\u00e4che befinden darf. Die Maskenpflicht gilt k\u00fcnftig auch vor den Einzelhandelsgesch\u00e4ften und auf Parkpl\u00e4tzen.<\/p>\n\n\n\n<p>Die finanziellen Hilfen von Bund und L\u00e4ndern f\u00fcr von den tempor\u00e4ren Schlie\u00dfungen betroffenen Unternehmen, Betriebe und Selbstst\u00e4ndige, Vereine und Einrichtungen werden auf Basis der Novemberhilfen in den Dezember verl\u00e4ngert. Im Rahmen der \u00dcberbr\u00fcckungshilfe III werden die Hilfsma\u00dfnahmen bis Mitte 2021 verl\u00e4ngert, um insbesondere den Bereich der Kultur- und Veranstaltungswirtschaft, die Selbstst\u00e4ndigen und die Reisebranche zu sch\u00fctzen.<\/p>\n\n\n\n<p>Sobald die Rechtsverordnung des Landes ver\u00f6ffentlicht wird, kann diese unter&nbsp;<a href=\"https:\/\/deref-web.de\/mail\/client\/1erN5_NI5UQ\/dereferrer\/?redirectUrl=http%3A%2F%2Fwww.speyer.de%2Fcorona\" target=\"_blank\" rel=\"noreferrer noopener\">www.speyer.de\/corona<\/a>&nbsp;nachgelesen werden.&nbsp;<\/p>\n\n\n\n<p>Bei allen nicht-medizinischen Fragen k\u00f6nnen sich B\u00fcrger*innen von Montag bis Freitag von 10 bis 12:30 Uhr und von Montag bis Donnerstag dar\u00fcber hinaus von 13:30 bis 16 Uhr unter der\u00a0<a>0 62 32 &#8211; 14 13 12<\/a>\u00a0an das B\u00fcrgertelefon der Stadt Speyer wenden.<\/p>\n\n\n\n<p><em>Text: Stadt Speyer Foto: pixabay<br>27.11.2020<\/em><\/p>\n","protected":false},"excerpt":{"rendered":"<div class=\"mh-excerpt\"><p>Oberb\u00fcrgermeisterin reagiert auf die Beschl\u00fcsse von Bund und L\u00e4ndern \u2013 Zusammenfassung der kommenden Ma\u00dfnahmen \u2013 Stringente Test- und Quarant\u00e4nestrategie unabdingbar Nach den Beratungen der Bundeskanzlerin mit den Regierungschef*innen der L\u00e4nder wurde am 25.11.2020 im Rahmen <a class=\"mh-excerpt-more\" href=\"https:\/\/speyer24news.com\/?p=31378\" title=\"Speyer \/ Corona\">[&#8230;]<\/a><\/p>\n<\/div>","protected":false},"author":3,"featured_media":23902,"comment_status":"open","ping_status":"open","sticky":false,"template":"","format":"standard","meta":{"_monsterinsights_skip_tracking":false,"_monsterinsights_sitenote_active":false,"_monsterinsights_sitenote_note":"","_monsterinsights_sitenote_category":0,"footnotes":""},"categories":[9],"tags":[6401,6367,6940,6359,6370,5904,6358,5801,6342,8889,8891,4653,8890,8885,8884,6551,8888,8886,8887,5108,6,3827,1087],"aioseo_notices":[],"amp_enabled":true,"_links":{"self":[{"href":"https:\/\/speyer24news.com\/index.php?rest_route=\/wp\/v2\/posts\/31378"}],"collection":[{"href":"https:\/\/speyer24news.com\/index.php?rest_route=\/wp\/v2\/posts"}],"about":[{"href":"https:\/\/speyer24news.com\/index.php?rest_route=\/wp\/v2\/types\/post"}],"author":[{"embeddable":true,"href":"https:\/\/speyer24news.com\/index.php?rest_route=\/wp\/v2\/users\/3"}],"replies":[{"embeddable":true,"href":"https:\/\/speyer24news.com\/index.php?rest_route=%2Fwp%2Fv2%2Fcomments&post=31378"}],"version-history":[{"count":1,"href":"https:\/\/speyer24news.com\/index.php?rest_route=\/wp\/v2\/posts\/31378\/revisions"}],"predecessor-version":[{"id":31384,"href":"https:\/\/speyer24news.com\/index.php?rest_route=\/wp\/v2\/posts\/31378\/revisions\/31384"}],"wp:featuredmedia":[{"embeddable":true,"href":"https:\/\/speyer24news.com\/index.php?rest_route=\/wp\/v2\/media\/23902"}],"wp:attachment":[{"href":"https:\/\/speyer24news.com\/index.php?rest_route=%2Fwp%2Fv2%2Fmedia&parent=31378"}],"wp:term":[{"taxonomy":"category","embeddable":true,"href":"https:\/\/speyer24news.com\/index.php?rest_route=%2Fwp%2Fv2%2Fcategories&post=31378"},{"taxonomy":"post_tag","embeddable":true,"href":"https:\/\/speyer24news.com\/index.php?rest_route=%2Fwp%2Fv2%2Ftags&post=31378"}],"curies":[{"name":"wp","href":"https:\/\/api.w.org\/{rel}","templated":true}]}}