{"id":31413,"date":"2020-11-30T08:41:35","date_gmt":"2020-11-30T07:41:35","guid":{"rendered":"https:\/\/speyer24news.com\/?p=31413"},"modified":"2020-11-30T08:41:36","modified_gmt":"2020-11-30T07:41:36","slug":"ludwigshafener-weihnachtszirkus","status":"publish","type":"post","link":"https:\/\/speyer24news.com\/?p=31413","title":{"rendered":"Ludwigshafener Weihnachtszirkus"},"content":{"rendered":"<style type=\"text\/css\">\r\n\t.ads_top_disp{}\r\n\t.ads_top_corner_disp{ float:left; margin:0px 10px 10px 0px; }\r\n\t.ads_first_p_disp{}\r\n\t.ads_bottom_disp{}\r\n\t<\/style>\n<h2 class=\"wp-block-heading\">Ludwigshafener Weihnachtscircus 2020 f\u00e4llt aus!<\/h2>\n\n\n\n<h3 class=\"wp-block-heading\">Neue Show wird auf das Jahr 2021 verschoben!<\/h3>\n\n\n\n<div class=\"wp-block-image\"><figure class=\"aligncenter\"><img decoding=\"async\" loading=\"lazy\" width=\"800\" height=\"600\" src=\"https:\/\/speyer24news.com\/wp-content\/uploads\/2020\/11\/DSC03344.jpg\" alt=\"\" class=\"wp-image-31415\" srcset=\"https:\/\/speyer24news.com\/wp-content\/uploads\/2020\/11\/DSC03344.jpg 800w, https:\/\/speyer24news.com\/wp-content\/uploads\/2020\/11\/DSC03344-300x225.jpg 300w, https:\/\/speyer24news.com\/wp-content\/uploads\/2020\/11\/DSC03344-768x576.jpg 768w, https:\/\/speyer24news.com\/wp-content\/uploads\/2020\/11\/DSC03344-678x509.jpg 678w, https:\/\/speyer24news.com\/wp-content\/uploads\/2020\/11\/DSC03344-326x245.jpg 326w, https:\/\/speyer24news.com\/wp-content\/uploads\/2020\/11\/DSC03344-80x60.jpg 80w\" sizes=\"(max-width: 800px) 100vw, 800px\" \/><\/figure><\/div>\n\n\n\n<p><strong>Ludwigshafen &#8211; <\/strong>&#8222;Alle Jahre wieder!&#8220; hie\u00df es in Ludwigshafen in den letzten 17 Jahren &#8222;Manege frei!&#8220; f\u00fcr internationale Artisten, begnadete Komiker und faszinierende Tiere!<\/p>\n\n\n\n<p>Der 18. Weihnachtscircus sollte traditionsgem\u00e4\u00df zum Jahreswechsel 2020\/21 stattfinden. Doch die Covid 19 &#8211; Pandemie, die weltweit f\u00fcr Schrecken, Leid und Angst sorgte, macht dieses Jahr das Gastspiel nicht m\u00f6glich.<\/p>\n\n\n\n<p>Die trotz einem &#8222;Lockdown light&#8220; steigenden Infektionszahlen f\u00fchrten zu einer Verl\u00e4ngerung des &#8222;Veranstaltungsverbotes&#8220;, so dass auch unser ausgekl\u00fcgeltes und aufw\u00e4ndiges Hygienekonzept nicht zum Einsatz kommen wird.<br>Bis zuletzt haben wir geplant und gehofft.<\/p>\n\n\n\n<p>Gerne h\u00e4tten wir Ihnen, gerade in diesen schweren Zeiten voller Schreckensnachrichten, mit unserer Show 2 Stunden lang mit Glamour und Spa\u00df aus dem grauen Alltag entf\u00fchrt. Internationale Artisten und unsere fr\u00f6hlichen Spa\u00dfmacher hatten sich schon seit Monaten darauf gefreut, den Zuschauern aus Ludwigshafen, der Metropolregion und der Pfalz bei unserem Live-Familien-Event ganz viel Freude und willkommene Abwechslung zu schenken.<\/p>\n\n\n\n<p>Wir sind sehr traurig, dass es keinen Weg gibt, dieses traditionelle Weihnachtsevent f\u00fcr die ganze Familie im Jahr 2020 stattfinden zu lassen Wir bedauern es sehr, dass wir in dieser Weihnachtssaison 2020\/21 f\u00fcr unsere Besucherinnen und Besucher keine Vorstellungen geben d\u00fcrfen. Unsere Hoffnung liegt darin, dass in absehbarer Zeit eine individuelle L\u00f6sung der COVID-19-Krise gefunden wird und dass wir uns im n\u00e4chsten Jahr gesund und munter wiedersehen.<\/p>\n\n\n\n<p>Bis dahin w\u00fcnschen wir all unseren gro\u00dfen und kleinen G\u00e4sten, Besucherinnen und Besucher, Fans, Artisten, Mitarbeiterinnen und Mitarbeiter, Freunden und Bekannten eine besinnliche Adventszeit, ein frohes Weihnachtsfest und ein gl\u00fcckliches, gesundes neues Jahr 2021.<\/p>\n\n\n\n<p><strong>BLEIBEN SIE GESUND!<\/strong><\/p>\n\n\n\n<p>Mit herzlichen Gr\u00fc\u00dfen<br>Ihr Ludwigshafener Weihnachtscircus<br>Stephan Riedesel<br>mit Familie &amp; Team<\/p>\n\n\n\n<p><em>Ludwigshafener Weihnachtscircus<br>30.11.2020<\/em><\/p>\n","protected":false},"excerpt":{"rendered":"<div class=\"mh-excerpt\"><p>Ludwigshafener Weihnachtscircus 2020 f\u00e4llt aus! Neue Show wird auf das Jahr 2021 verschoben! Ludwigshafen &#8211; &#8222;Alle Jahre wieder!&#8220; hie\u00df es in Ludwigshafen in den letzten 17 Jahren &#8222;Manege frei!&#8220; f\u00fcr internationale Artisten, begnadete Komiker und <a class=\"mh-excerpt-more\" href=\"https:\/\/speyer24news.com\/?p=31413\" title=\"Ludwigshafener Weihnachtszirkus\">[&#8230;]<\/a><\/p>\n<\/div>","protected":false},"author":3,"featured_media":31414,"comment_status":"open","ping_status":"open","sticky":false,"template":"","format":"standard","meta":{"_monsterinsights_skip_tracking":false,"_monsterinsights_sitenote_active":false,"_monsterinsights_sitenote_note":"","_monsterinsights_sitenote_category":0,"footnotes":""},"categories":[11],"tags":[153,4339,3821],"aioseo_notices":[],"amp_enabled":true,"_links":{"self":[{"href":"https:\/\/speyer24news.com\/index.php?rest_route=\/wp\/v2\/posts\/31413"}],"collection":[{"href":"https:\/\/speyer24news.com\/index.php?rest_route=\/wp\/v2\/posts"}],"about":[{"href":"https:\/\/speyer24news.com\/index.php?rest_route=\/wp\/v2\/types\/post"}],"author":[{"embeddable":true,"href":"https:\/\/speyer24news.com\/index.php?rest_route=\/wp\/v2\/users\/3"}],"replies":[{"embeddable":true,"href":"https:\/\/speyer24news.com\/index.php?rest_route=%2Fwp%2Fv2%2Fcomments&post=31413"}],"version-history":[{"count":1,"href":"https:\/\/speyer24news.com\/index.php?rest_route=\/wp\/v2\/posts\/31413\/revisions"}],"predecessor-version":[{"id":31416,"href":"https:\/\/speyer24news.com\/index.php?rest_route=\/wp\/v2\/posts\/31413\/revisions\/31416"}],"wp:featuredmedia":[{"embeddable":true,"href":"https:\/\/speyer24news.com\/index.php?rest_route=\/wp\/v2\/media\/31414"}],"wp:attachment":[{"href":"https:\/\/speyer24news.com\/index.php?rest_route=%2Fwp%2Fv2%2Fmedia&parent=31413"}],"wp:term":[{"taxonomy":"category","embeddable":true,"href":"https:\/\/speyer24news.com\/index.php?rest_route=%2Fwp%2Fv2%2Fcategories&post=31413"},{"taxonomy":"post_tag","embeddable":true,"href":"https:\/\/speyer24news.com\/index.php?rest_route=%2Fwp%2Fv2%2Ftags&post=31413"}],"curies":[{"name":"wp","href":"https:\/\/api.w.org\/{rel}","templated":true}]}}