{"id":31417,"date":"2020-12-02T09:06:00","date_gmt":"2020-12-02T08:06:00","guid":{"rendered":"https:\/\/speyer24news.com\/?p=31417"},"modified":"2020-12-02T09:17:35","modified_gmt":"2020-12-02T08:17:35","slug":"polizei-423","status":"publish","type":"post","link":"https:\/\/speyer24news.com\/?p=31417","title":{"rendered":"Polizei"},"content":{"rendered":"<style type=\"text\/css\">\r\n\t.ads_top_disp{}\r\n\t.ads_top_corner_disp{ float:left; margin:0px 10px 10px 0px; }\r\n\t.ads_first_p_disp{}\r\n\t.ads_bottom_disp{}\r\n\t<\/style>\n<h2 class=\"wp-block-heading\">Polizeimeldungen vom Montag &amp; Dienstag (31.11. &amp; 01.12.2020)<\/h2>\n\n\n\n<div class=\"wp-block-image\"><figure class=\"aligncenter\"><img decoding=\"async\" src=\"https:\/\/speyer24news.com\/wp-content\/uploads\/2020\/01\/Aktuelles-Polizeilogo.jpg\" alt=\"\" class=\"wp-image-23832\"\/><\/figure><\/div>\n\n\n\n<p><\/p>\n\n\n\n<h4 class=\"wp-block-heading\">(Speyer) &#8211; Radfahrer kollidiert mit 7,5-Tonner und wird dabei schwer verletzt<\/h4>\n\n\n\n<p>Am Dienstag gegen 13:24 Uhr kam es in der Auestra\u00dfe zu einem Verkehrsunfall zwischen einem 73-j\u00e4hrigen Radfahrer aus Speyer und einem Lkw. Hierbei erlitt der Radfahrer schwere Verletzungen und wurde in eine Klinik nach Ludwigshafen verbracht. Zuvor befuhr der Radfahrer den parallel zur Auestra\u00dfe verlaufenden Radweg in Richtung Friedhof. In H\u00f6he eines Kinderspielzeuggesch\u00e4ftes wechselte er pl\u00f6tzlich ohne vorherige Ank\u00fcndigung auf die Fahrbahn, um diese zur gegen\u00fcberliegenden Seite zu queren. Der 55-j\u00e4hriger Lkw-Fahrer der die Auestra\u00dfe ebenfalls in Richtung Friedhof befuhr, konnte seinen 7,5-Tonner nicht mehr rechtzeitig abbremsen und erfasste den Radfahrer mit der Lkw-Front. Der Radfahrer wurde hierbei schwer verletzt. Ob die Verletzungen lebensbedrohlich sind, ist derzeit unbekannt.<\/p>\n\n\n\n<h4 class=\"wp-block-heading\">(Speyer) &#8211; Vorbeifahrender BMW touchiert Au\u00dfenspiegel und fl\u00fcchtet<\/h4>\n\n\n\n<p>Am Montag gegen 15:25 Uhr kam es in der Kardinal-Wendel-Stra\u00dfe zu einer Verkehrsunfallflucht. Ein BMW besch\u00e4digte dort beim Vorbeifahren das Spiegelgeh\u00e4use des Fahrerspiegels eines am Fahrbahnrand parkenden Citroen (Schaden ca. 50EUR). Der Fahrzeughalter befand sich zum Unfallzeitpunkt in seinem Fahrzeug und konnte erkennen, dass er sich bei dem fl\u00fcchtigen Fahrzeug um einen dunklen 1er-BMW mit Speyerer Kennzeichen handelte. Da Weiteres zu dem Unfallverursacher bislang nicht bekannt ist, sucht die Polizei Zeugen, die den Unfall gesehen haben bzw. Hinweise zu dem fl\u00fcchtigen BMW geben k\u00f6nnen (Tel. 06232-1370 oder per E-Mail an&nbsp;<a href=\"mailto:pispeyer@polizei.rlp.de\">pispeyer@polizei.rlp.de<\/a>).<\/p>\n\n\n\n<h4 class=\"wp-block-heading\">(Speyer) &#8211; Verkehrskontrollen der Polizei in der Rheinallee und der Auestra\u00dfe<\/h4>\n\n\n\n<p>Zum Wochenbeginn f\u00fchrte die Polizei Speyer am Montag zwischen 09:45 &#8211; 14:00 Uhr Verkehrskontrollen in der Rheinallee und der Auestra\u00dfe durch. Bei einer Vielzahl von kontrollierten Fahrzeugen konnten zehn Verkehrsteilnehmer festgestellt werden, die w\u00e4hrend des Fahrens telefonierten. Diesbez\u00fcglich wurden Ordnungswidrigkeitenanzeigen erstattet. Die jeweiligen Fahrer erwartet nun eine Geldbu\u00dfe von 60EUR und ein Punkt. Weiterhin konnten vier Gurtversto\u00dfe festgestellt und verwarnt werden. In einem Fall erkannten die kontrollierenden Beamte, dass das mitgef\u00fchrte Fahrzeug nicht rechtzeitig zur Sicherheitspr\u00fcfung vorgefahren wurde. Zudem fehlten in vier Fahrzeugen eine Warnweste, in zweien das Warndreieck. Auch das Fehlen eines Verbandskastens musste von der Polizei zwei Mal bem\u00e4ngelt werden. F\u00fcnf Verkehrsteilnehmer f\u00fchrten ihre Zulassungsbescheinigung bzw. den F\u00fchrerschein nicht mit sich und m\u00fcssen diese Dokumente nun nachtr\u00e4glich bei der Polizei vorzeigen. Insgesamt stellte die Polizei zweiundzwanzig M\u00e4ngelberichte aus und f\u00fchrte anlassbezogene, verkehrserzieherische Gespr\u00e4che.<\/p>\n\n\n\n<p>Gegen einen 30-j\u00e4hrigen Mann aus Ludwigshafen wurde ein Strafverfahren wegen Versto\u00dfes gegen das Kraftfahrzeugsteuergesetzt eingeleitet. Das auf ihn zugelassene Fahrzeug war mit einem ausl\u00e4ndischen Kennzeichen verstehen, obwohl der ausl\u00e4ndische Mann bereits seit \u00fcber einem Jahr mit festem Wohnsitz in Deutschland angemeldet ist.<\/p>\n\n\n\n<h4 class=\"wp-block-heading\">(Speyer) &#8211; Mehrere Unf\u00e4lle mit leichtverletzten Unfallbeteiligten<\/h4>\n\n\n\n<p>Im Zeitraum Freitag bis Sonntag kam es in Speyer zu mehreren Verkehrsunf\u00e4llen, bei denen Unfallbeteiligte leicht verletzt wurden. Am Sonntag gegen 16:20 Uhr ereignete sich in der Viehtriftstra\u00dfe ein Verkehrsunfall, bei dem sich ein 50-j\u00e4hriger Kleinkraftradfahrer aus Speyer leicht verletzte. Ein 27-j\u00e4hriger Golf-Fahrer aus Baden-W\u00fcrttemberg, der aus einer Hofeinfahrt in die Viehtriftstra\u00dfe einfuhr, \u00fcbersah den in Richtung Wormser Landstra\u00dfe fahrenden Zweiradfahrer, der durch den Zusammensto\u00df st\u00fcrzte und sich leichte Verletzungen zuzog. Er wurde vom Rettungsdienst erstversorgt, eine Behandlung im Krankenhaus war jedoch nicht erforderlich. An den Fahrzeugen entstand ein Gesamtschaden von ca. 1700EUR.<\/p>\n\n\n\n<p>Ein weiterer Verkehrsunfall mit Personenschaden ereignete sich am Freitag gegen 08:54 Uhr im Kreuzungsbereich Eselsdamm \/ Ziegelofenweg. Hier kam es zum Zusammensto\u00df eines Opel Zafira mit einem VW Golf, nachdem eine 28-j\u00e4hrige Golf-Fahrerin aus dem Saarland die Vorfahrt eines 48-j\u00e4hrigen Speyerers missachtete. Durch den Zusammensto\u00df wurde der 48-J\u00e4hrige leicht verletzt. Die beiden nichtmehr fahrbereiten Fahrzeuge, an denen ein Gesamtschaden von 3000EUR entstand, mussten abgeschleppt werden.<\/p>\n\n\n\n<p>Am Freitag kam es weiterhin zu zwei Unf\u00e4lle mit Radfahrerbeteiligung. Ein 17-j\u00e4hriger Kleinkraftradfahrer aus Speyer bog gegen 14:56 Uhr unter Missachtung des Verkehrszeichens &#8222;Vorfahrt gew\u00e4hren&#8220; von der Nachtweide in die Tullastra\u00dfe ab und stie\u00df mit einem 23-j\u00e4hrigen Radfahrer aus Speyer zusammen, der den \u00fcber die Nachtweide f\u00fchrenden Radweg befuhr. Beide Zweiradfahrer kamen zu Sturz. Der Radfahrer erlitt hierdurch Sch\u00fcrfwunden am Knie, der Kraftradfahrer blieb unverletzt.<\/p>\n\n\n\n<p>Leicht am Fu\u00df verletzte sich ein 17-j\u00e4hriger Motorradfahrer aus Speyer, als er im Kreuzungsbereich Birkenweg \/ Am Sandh\u00fcgel gegen 17:22 Uhr einen unbeleuchteten von rechts kommenden, vorfahrtberechtigten 32-j\u00e4hrigen Radfahrer aus Speyer zu sp\u00e4t erkannte und mit ihm zusammenstie\u00df. Der Radfahrer blieb gl\u00fccklicherweise unverletzt. In diesem Zusammenhang ergeht nochmals der Hinweise der Polizei, bei D\u00e4mmerung bzw. Dunkelheit die Beleuchtung des Fahrrads \/ Fahrzeugs zu bet\u00e4tigen, um rechtzeitig von anderen Verkehrsteilnehmern erkannt zu werden.<\/p>\n\n\n\n<h4 class=\"wp-block-heading\">(Speyer) &#8211; Erneut E-Scooter ohne Versicherungskennzeichen festgestellt<\/h4>\n\n\n\n<p>Am Freitag gegen 14:35 Uhr konnte die Polizei erneut ein E-Scooter feststellen, der nicht \u00fcber ein erforderliches Versicherungskennzeichen verf\u00fcgte. Gegen den 39-j\u00e4hrigen Fahrer aus Speyer, der mit dem Elektroroller in der Franz-Kirrmeier-Stra\u00dfe unterwegs war, leitete die Polizei ein Strafverfahren wegen des fehlenden Versicherungsschutzes ein und untersagte ihm die Weiterfahrt.<\/p>\n\n\n\n<p>Da der Polizei Speyer in letzter Zeit vermehrt E-Roller ohne Versicherungskennzeichen auffallen, wird an dieser Stelle zum widerholten Mal auf die Elektrokleinstfahrzeuge-Verordnung (eKFV) hingewiesen, die den Betrieb von E-Scootern regelt. Danach ist erforderlich, dass solche Fahrzeuge \u00fcber eine Betriebserlaubnis verf\u00fcgen und haftpflichtversichert sind. Die Versicherungsplakette ist hinten am E-Scooter anzubringen. Eine Helmpflicht besteht nicht. Trotzdem r\u00e4t die Polizei zum Tragen eines solchen. Eine Fahrerlaubnis ist nicht erforderlich, allerdings ist f\u00fcr den Betrieb ein Mindestalter von 14 Jahren vorschrieben. Da es sich bei einem E-Scooter um ein Kraftfahrzeug handelt, gelten im Hinblick auf Alkohol- \/ Drogenbeeinflussung die f\u00fcr Kraftfahrzeuge g\u00fcltigen Vorschriften. Dies hat zur Folge, dass auch mit einem E-Scooter eine Trunkenheitsfahrt verwirklicht werden kann, was zum Verlust des F\u00fchrerscheins f\u00fchren kann. Betrieben werden d\u00fcrfen E-Scooter ausschlie\u00dflich auf Radwegen\/Fahrradstra\u00dfen, soweit solche vorhanden sind. Gehwege sind grunds\u00e4tzlich tabu. Sind Radwege nicht vorhanden, d\u00fcrfen E-Scooter ausnahmsweise auf der Fahrbahn gefahren werden.<\/p>\n\n\n\n<h4 class=\"wp-block-heading\">(Speyer \/ Otterstadt) &#8211; Drei Verkehrsunf\u00e4lle aufgrund der winterlichen Stra\u00dfenverh\u00e4ltnisse und ein Auffahrunfall<\/h4>\n\n\n\n<p>Am Dienstag kam es bei winterlichen Stra\u00dfenverh\u00e4ltnissen im morgendlichen Berufsverkehr zu drei witterungsbedingten Verkehrsunf\u00e4llen und einem Auffahrunfall. Gl\u00fccklicherweise wurde bei keinem der Unf\u00e4lle jemand verletzt.<\/p>\n\n\n\n<p>Um 06:10 Uhr rutschte ein 23-j\u00e4hriger BMW-Fahrer, der die K23 aus Otterstadt kommend Richtung dem dortigen Kreisverkehr befuhr, kurz vor dem Kreisverkehr gegen eine vorausfahrende 54-j\u00e4hrige Golffahrerin die auf schneeglatter Fahrbahn abbremste. Hierdurch entstand ein Gesamtschaden von ca. 4000EUR.<\/p>\n\n\n\n<p>Zwischen 06:10 &#8211; 07:20 Uhr kam es gleich zu drei Verkehrsunf\u00e4llen in der Schifferstadter Stra\u00dfe \/ L 454. Um 06:10 Uhr verlor ein von Speyer in Richtung Schifferstadt fahrender 39-j\u00e4hriger Golf-Fahrer aus Speyer aufgrund der herrschenden Witterungsbedingungen auf gerader Strecke die Kontrolle \u00fcber sein Fahrzeug und rutschte gegen eine fahrbahnbegrenzende Betonerhebung. Hierdurch wurde das Fahrzeug am Unterboden besch\u00e4digt und musste abgeschleppt werden.<\/p>\n\n\n\n<p>Gegen 06:14 Uhr rutschte aus Speyer kommend kurz vor dem Kreisverkehr ein 54-j\u00e4hriger Audi-Fahrer aus Speyer auf den vorausfahrenden, abbremsenden Honda einer 22-J\u00e4hrigen Speyererin. An den Fahrzeugen entstand ein Gesamtschaden von rund 1500EUR. Bei der Unfallaufnahme konnte die Polizei feststellen, dass der Unfallverursacher mit Sommerreifen unterwegs war. Die nicht witterungsgerechte Bereifung wurde dementsprechend geahndet, dem Audi-Fahrer wurde die Weiterfahrt untersagt.<\/p>\n\n\n\n<p>Gegen 07:20 Uhr ereignete sich auf der Schifferstadter Stra\u00dfe in H\u00f6he der Br\u00fccke erneut ein Unfall, diesmal auf der Fahrspur in Richtung Speyer. Ein 19-j\u00e4hriger Fiat-Fahrer aus Baden-W\u00fcrttemberg erkannte das verkehrsbedingte Abbremsen einer 39-j\u00e4hrigen Ludwigshafenerin zu sp\u00e4t und fuhr dieser leicht auf. Hierdurch entstand ein Gesamtschaden von ca. 150EUR.<\/p>\n\n\n\n<p>Die Polizei weist im Zusammenhang mit den winterlichen Stra\u00dfenverh\u00e4ltnissen am heutigen Tag nochmals darauf hin:<\/p>\n\n\n\n<p>Befreien Sie vor Fahrtantritt ihr Fahrzeug komplett von Schnee und Eis Warten Sie mit dem Umr\u00fcsten auf Winterreifen keinesfalls bis zum ersten Schnee, sondern wechseln Sie rechtzeitig. Achten Sie auf einen einwandfreien technischen Zustand ihres Fahrzeugs, insbesondere der Beleuchtung und Frostschutz in der Scheibenwaschanlage Passen Sie stets ihre Geschwindigkeit den herrschenden Stra\u00dfen- und Sichtverh\u00e4ltnissen an.<\/p>\n\n\n\n<h4 class=\"wp-block-heading\">(Schifferstadt) &#8211; Verkehrssicherheitswoche der Polizeiinspektion Schifferstadt endet<\/h4>\n\n\n\n<p>Vom 23.11. bis zum 27.11.2020 haben Beamte der Polizeiinspektion Schifferstadt im gesamten Dienstgebiet vermehrt Verkehrskontrollen durchgef\u00fchrt. Die Bilanz: 220 festgestellte und geahndete Ordnungswidrigkeiten, davon 189 wegen \u00dcbertretens der zul\u00e4ssigen H\u00f6chstgeschwindigkeit und 24 Verst\u00f6\u00dfe gegen die Gurtpflicht. Immerhin haben &#8222;nur&#8220; 4 Fahrzeugf\u00fchrer (Pkw und Fahrrad) w\u00e4hrend der Fahrt ein Mobiltelefon benutzt. Au\u00dferdem haben die Beamten zwei Strafverfahren eingeleitet wegen des Fahrens ohne Fahrerlaubnis und des unerlaubten Besitzes bzw. Erwerbs von Bet\u00e4ubungsmitteln und 15 M\u00e4ngelberichte, beispielsweise wegen M\u00e4ngeln an der Beleuchtung, ausgestellt. Eine Verkehrssicherheitswoche soll es im n\u00e4chsten Jahr wieder geben. Bis dahin werden die Verkehrskontrollen in normalem Umfang wieder weitergef\u00fchrt.<\/p>\n\n\n\n<h4 class=\"wp-block-heading\">(Dannstadt) &#8211; Unter Drogeneinfluss auf Autobahn unterwegs<\/h4>\n\n\n\n<p>Bei einer Verkehrskontrolle stellten Polizisten der Polizeiautobahnstation Ruchheim vergangene Nacht, 30.11.2020, um 23.45 Uhr, einen drogenbeeinflussten Autofahrer fest. Die Beamten kontrollierten zur genannten Zeit einen Fiat auf der Rastanlage Dannstadt West. Bei der Kontrolle zeigte der 39-j\u00e4hrige Fahrer deutliche Anzeichen auf Drogenkonsum. Der Mann r\u00e4umte den Konsum ein, ein Drogenschnelltest reagierte positiv auf Amphetamin und THC. Dem 39-J\u00e4hrigen wurde eine Blutprobe entnommen. Sein F\u00fchrerschein und Fahrzeugschein wurden sichergestellt.<\/p>\n\n\n\n<h4 class=\"wp-block-heading\">(Germersheim) &#8211; Ohne Licht und ohne F\u00fchrerschein<\/h4>\n\n\n\n<p>Drei Jugendliche im Alter von 16 bis 17 Jahren fuhren in der Nacht von Sonntag auf Montag mit dem Auto ihrer Eltern von Wagh\u00e4usel nach Germersheim. In Germersheim wurden sie aufgrund eines defekten R\u00fccklichts durch Beamte der Polizei Germersheim kontrolliert. Der Fahrer r\u00e4umte direkt ein, keinen F\u00fchrerschein zu besitzen. Da auch seine Beifahrer keinen F\u00fchrerschein besa\u00dfen, mussten die Jugendlichen die Heimreise mit dem Zug antreten. Ein entsprechendes Strafverfahren wurde eingeleitet. Zudem wurden die Eltern umgehend \u00fcber den &#8222;Ausflug&#8220; ihrer Kinder informiert.<\/p>\n\n\n\n<h4 class=\"wp-block-heading\">(Germersheim \/ Kuhardt) &#8211; Erste Gl\u00e4tteunf\u00e4lle nach Schneefall<\/h4>\n\n\n\n<p>Aufgrund der frostigen Temperaturen kam es vor allem in den letzten Tagen immer wieder zu gef\u00e4hrlichen Stra\u00dfenverh\u00e4ltnissen im Dienstgebiet. Ein 18- j\u00e4hriger Autofahrer befuhr gestern die Landstra\u00dfe zwischen Leimersheim und Kuhardt. In einer Kurve fuhr er trotz der \u00fcberfrierenden N\u00e4sse deutlich zu schnell und kam dadurch von der Fahrbahn ab. In der angrenzenden Gr\u00fcnfl\u00e4che \u00fcberschlug sich sein Fahrzeug, wodurch der junge Autofahrer schwer verletzt wurde und zur weiteren medizinischen Versorgung in ein Krankenhaus kam. Der Schaden bel\u00e4uft sich auf ca. 7000 Euro. Auch ein LKW-Fahrer sch\u00e4tze die Stra\u00dfenverh\u00e4ltnisse auf der B35 falsch ein und verlor gestern Nacht die Kontrolle \u00fcber seinen Sattelzug. Er krachte in die Leitplanke, die dadurch massiv besch\u00e4digt wurde. Beide Unfallverursacher m\u00fcssen mit einem empfindlichen Bu\u00dfgeld rechnen.<\/p>\n\n\n\n<h4 class=\"wp-block-heading\">(Kuhardt) &#8211; schon ein Gl\u00fchwein reicht&#8230;<\/h4>\n\n\n\n<p>Der Konsum von &#8222;nur&#8220; einem Gl\u00fchwein endete f\u00fcr einen 47-j\u00e4hrigen Autofahrer mit einem Bu\u00dfgeld von 500 EUR. Dieser wurde gestern Abend von Polizeibeamten in Kuhardt einer Verkehrskontrolle unterzogen. Dabei stellten die Beamten deutlichen Alkoholgeruch beim Fahrer fest. Ein Alkoholtest ergab einen Wert von 0,65 Promille. Er gab an, kurz zuvor einen Gl\u00fchwein mit &#8222;Schuss&#8220; getrunken zu haben. Die n\u00fcchterne Beifahrerin musste die Fahrt fortsetzen. Ein entsprechendes Bu\u00dfgeldverfahren wurde eingeleitet.<\/p>\n\n\n\n<h4 class=\"wp-block-heading\">(W\u00f6rth) &#8211; Falschfahrer zeigt sich uneinsichtig<\/h4>\n\n\n\n<p>Am 29.11.2020 wurde um 16:20 Uhr durch eine Verkehrsteilnehmerin mitgeteilt, dass ein PKW mit Anh\u00e4nger auf der B10 in falscher Richtung nach Karlsruhe aufgefahren sei. Dort sei der Fahrer nach kurzer Irrfahrt mit dem Gespannt wieder gewendet und an der Anschlussstelle Maximiliansau abgefahren. Der 67-Fahrer konnte im Bereich Maximiliansau angetroffen werden. Auf sein Fehlverhalten angesprochen zeigte er sich vollkommen uneinsichtig. Ein Gefahrenbewusstsein lie\u00df der Fahrer nicht erkennen. Ihn erwartet eine Ordnungswidrigkeitenanzeige und die F\u00fchrerscheinstelle wurde \u00fcber sein Verhalten informiert.<\/p>\n\n\n\n<h4 class=\"wp-block-heading\">(W\u00f6rth) &#8211; Sexualdelikt in W\u00f6rth<\/h4>\n\n\n\n<h4 class=\"wp-block-heading\">Gemeinsame Presseerkl\u00e4rung der Staatsanwaltschaft Landau und der Kriminalinspektion Landau<\/h4>\n\n\n\n<div class=\"wp-block-image\"><figure class=\"aligncenter\"><img decoding=\"async\" src=\"https:\/\/speyer24news.com\/wp-content\/uploads\/2020\/03\/Zelle.jpg\" alt=\"\" class=\"wp-image-25718\"\/><\/figure><\/div>\n\n\n\n<p>Wegen des Verdachts der Vergewaltigung ermitteln die Staatsanwaltschaft Landau und die Kriminalpolizei gegen zwei aus Afghanistan stammende Tatverd\u00e4chtige im Alter von 18 und 21 Jahren. Den beiden Beschuldigten wird vorgeworfen, in der Nacht vom 27. auf den 28.11.2020 auf einem Freigel\u00e4nde in W\u00f6rth an einer 17-j\u00e4hrigen gegen deren Willen sexuelle Handlungen vorgenommen zu haben. Die junge Frau hatte die beiden M\u00e4nner an dem Abend, an dem es zu den \u00dcbergriffen gekommen ist, kennengelernt. Eine Zeugin erkannte die Situation und informierte die Polizei, welche die beiden Tatverd\u00e4chtigen noch vor Ort festnehmen konnte. Die Beschuldigten wurden am Wochenende dem Haftrichter vorgef\u00fchrt, der auf Antrag der Staatsanwaltschaft Haftbefehl erlie\u00df. Beide kamen in Untersuchungshaft. Die Ermittlungen dauern an.<\/p>\n\n\n\n<h4 class=\"wp-block-heading\">(B\u00fcchelberg) &#8211; PKW Fahrer verletzt sich leicht<\/h4>\n\n\n\n<div class=\"wp-block-image\"><figure class=\"aligncenter\"><img decoding=\"async\" loading=\"lazy\" width=\"800\" height=\"609\" src=\"https:\/\/speyer24news.com\/wp-content\/uploads\/2020\/12\/1.jpg\" alt=\"\" class=\"wp-image-31418\" srcset=\"https:\/\/speyer24news.com\/wp-content\/uploads\/2020\/12\/1.jpg 800w, https:\/\/speyer24news.com\/wp-content\/uploads\/2020\/12\/1-300x228.jpg 300w, https:\/\/speyer24news.com\/wp-content\/uploads\/2020\/12\/1-768x585.jpg 768w, https:\/\/speyer24news.com\/wp-content\/uploads\/2020\/12\/1-80x60.jpg 80w\" sizes=\"(max-width: 800px) 100vw, 800px\" \/><\/figure><\/div>\n\n\n\n<p>Am 30.11.2020 befuhr um 11:30 Uhr ein 88-j\u00e4hriger PKW Fahrer die Verl\u00e4ngerung der Turmstra\u00dfe von der Grillh\u00fctte kommend. Aufgrund Unachtsamkeit kam der Fahrer von der Fahrbahn ab und \u00fcberschlug sich in einem neben der Fahrbahn verlaufenden Graben. Durch die Besch\u00e4digungen wurde der Fahrer in seinem Fahrzeug eingeklemmt und musste durch die verst\u00e4ndigte Feuerwehr aus seinem Fahrzeug gerettet werden. Gl\u00fccklicherweise wurde der Fahrer nur leicht verletzt und wurde vorsorglich in ein Krankenhaus gebracht. An dem Opel entstand mit ca. 15.000EUR ein Totalschaden.<\/p>\n\n\n\n<h4 class=\"wp-block-heading\">(Scheibenhardt) &#8211; Tageswohnungseinbruch<\/h4>\n\n\n\n<p>Am 30.11.2020 gelangten unbekannte T\u00e4ter in der Zeit von 07:45 &#8211; 19:00 Uhr in ein Anwesen in der Maxstra\u00dfe. Bei Abwesenheit der Bewohner durchsuchten die T\u00e4ter mehrere Schr\u00e4nke und fl\u00fcchteten jedoch ohne Beute von der \u00d6rtlichkeit.<\/p>\n\n\n\n<h4 class=\"wp-block-heading\">(Kandel) &#8211; Schilder nicht beachtet und festgefahren<\/h4>\n\n\n\n<p>Der Versuch mit seinem LKW in Kandel, trotz bestehendem Verbot, in die Bahnhofstra\u00dfe abzubiegen scheiterte am 30.11.2020 um 20:55 Uhr. Der 51-j\u00e4hrige ausl\u00e4ndische Fahrer blieb mit seinem Gespann an zwei Pfosten und einer Hauswand h\u00e4ngen und musste unter Sperrung des Verkehrs wieder heraus man\u00f6vriert werden. Ob ein Sachschaden am Geb\u00e4ude entstanden ist, wird noch gepr\u00fcft.<\/p>\n\n\n\n<h4 class=\"wp-block-heading\">(Oberotterbach \/ B 38) &#8211; Pkw landet auf dem Dach<\/h4>\n\n\n\n<div class=\"wp-block-image\"><figure class=\"aligncenter\"><img decoding=\"async\" loading=\"lazy\" width=\"800\" height=\"577\" src=\"https:\/\/speyer24news.com\/wp-content\/uploads\/2020\/12\/Unfall_B38.jpg\" alt=\"\" class=\"wp-image-31419\" srcset=\"https:\/\/speyer24news.com\/wp-content\/uploads\/2020\/12\/Unfall_B38.jpg 800w, https:\/\/speyer24news.com\/wp-content\/uploads\/2020\/12\/Unfall_B38-300x216.jpg 300w, https:\/\/speyer24news.com\/wp-content\/uploads\/2020\/12\/Unfall_B38-768x554.jpg 768w\" sizes=\"(max-width: 800px) 100vw, 800px\" \/><\/figure><\/div>\n\n\n\n<p>Am 01.12.2020 gegen 00:15 Uhr, befuhr der Fahrer eines Renault Megane die B38 zwischen Schweigen-Rechtenbach und Oberotterbach. Unmittelbar vor dem Ortseingang Oberotterbach kam der 22-J\u00e4hrige aufgrund von Stra\u00dfengl\u00e4tte mit seinem PKW in einer Linkskurve nach rechts von der Fahrbahn ab und landete auf dem Dach. Beide Insassen wurden nicht verletzt. Der Sachschaden wird auf 1500.- Euro gesch\u00e4tzt.<\/p>\n\n\n\n<h4 class=\"wp-block-heading\">(Bad Bergzabern) &#8211; Mann in Krankenhauskleidung aufgegriffen<\/h4>\n\n\n\n<p>Am 01.12.2020, gegen 07:00 Uhr, erkundigte sich ein Mann, bekleidet in Jeans, Unterhemd und dar\u00fcber einem Krankenhaushemd, bei einem Anwohner nach dem Weg zu einem Einkaufsmarkt. Die verst\u00e4ndigte Polizeistreife konnte den Mann im Stadtgebiet aufgreifen. Schnell stellte sich heraus, dass der Mann am gestrigen Abend nach einem Streit ins Krankenhaus ging um seine Verletzung an der Hand behandeln zu lassen. Warum er das Krankenhaus Dienstagmorgen verlassen hatte, lie\u00df sich letztendlich nicht kl\u00e4ren. Der 27-J\u00e4hrige wurde zur weiteren Behandlung wieder ins Krankenhaus zur\u00fcckgebracht.<\/p>\n\n\n\n<h4 class=\"wp-block-heading\">(Bad Bergzabern) &#8211; Fu\u00dfg\u00e4nger will nach Landau<\/h4>\n\n\n\n<p>Mehrere Autofahrer meldeten am Montagabend, 30.11.2020, gegen 19:00 Uhr, auf der Weinstra\u00dfe in H\u00f6he einer Klinik, einen Mann, der vorbeifahrende Autos anhalten wollte. Als Grund gab der 58-j\u00e4hrige an seinen Wohnort nach Landau mitfahren zu wollen. Bei der Kontrolle durch die Polizei stellte sich heraus, dass der Mann mit fast 1,4 Promille dem Alkohol zugesprochen hatte. Er wurde zur Behandlung in ein Krankenhaus gebracht.<\/p>\n\n\n\n<h4 class=\"wp-block-heading\">(Pleisweiler-Oberhofen) &#8211; Silberfarbener VW Polo gesucht<\/h4>\n\n\n\n<p>Im Zusammenhang mit einer Unfallflucht auf dem Parkplatz eines Einkaufsmarktes im Weidfeld 10, am 30.11.2020, gegen 14:10 Uhr, wird ein silberfarbener VW Polo mit S\u00dcW-Kennzeichen gesucht. Die circa 70 j\u00e4hrige Fahrerin mit Kopfbedeckung stie\u00df beim Ausparken gegen einen wei\u00dfen BMW mit LD-Kennzeichen. Hierbei entstand ein Sachschaden von 2000.- Euro. Die Verursacherin entfernte sich ohne um die Schadensregulierung zu k\u00fcmmern. Zeugen, die Hinweise auf die Verursacherin geben k\u00f6nnen, werden gebeten sich mit der Polizeiinspektion Bad Bergzabern unter 06343-93340 oder per E-Mail unter&nbsp;<a href=\"mailto:pibadbergzabern@polizei.rlp.de\">pibadbergzabern@polizei.rlp.de<\/a>&nbsp;in Verbindung zu setzen.<\/p>\n\n\n\n<h4 class=\"wp-block-heading\">(Landau \/ A 65 &#8211; AS LD-S\u00fcd) &#8211; Auffahrunfall<\/h4>\n\n\n\n<div class=\"wp-block-image\"><figure class=\"aligncenter\"><img decoding=\"async\" loading=\"lazy\" width=\"800\" height=\"571\" src=\"https:\/\/speyer24news.com\/wp-content\/uploads\/2020\/12\/Autobahnunfall.jpg\" alt=\"\" class=\"wp-image-31420\" srcset=\"https:\/\/speyer24news.com\/wp-content\/uploads\/2020\/12\/Autobahnunfall.jpg 800w, https:\/\/speyer24news.com\/wp-content\/uploads\/2020\/12\/Autobahnunfall-300x214.jpg 300w, https:\/\/speyer24news.com\/wp-content\/uploads\/2020\/12\/Autobahnunfall-768x548.jpg 768w\" sizes=\"(max-width: 800px) 100vw, 800px\" \/><\/figure><\/div>\n\n\n\n<p>Zu einem Auffahrunfall mit einer leichtverletzten Autofahrerin und einem Gesamtschaden von ca. 10.000 Euro kam es Montagmorgen (30.11.2020, 07.30 Uhr) auf dem Autobahnzubringer Landau-S\u00fcd in Fahrtrichtung Ludwigshafen. Eine 48 Jahre alte Autofahrerin bemerkte den Bremsvorgang einer 29-J\u00e4hrigen nicht rechtzeitig und fuhr auf ihr Fahrzeug auf, w\u00e4hrend diese auf ein weiteres vorausfahrendes Fahrzeug geschoben wurde. Durch den Aufprall erlitt die j\u00fcngere Autofahrerin ein HWS und musste in ein Krankenhaus gebracht werden. An allen drei beteiligten Fahrzeugen entstand Sachschaden. Es kam zu Verkehrsbehinderungen.<\/p>\n\n\n\n<h4 class=\"wp-block-heading\">(Burrweiler) &#8211; Mauer besch\u00e4digt und gefl\u00fcchtet<\/h4>\n\n\n\n<div class=\"wp-block-image\"><figure class=\"aligncenter\"><img decoding=\"async\" loading=\"lazy\" width=\"500\" height=\"667\" src=\"https:\/\/speyer24news.com\/wp-content\/uploads\/2020\/12\/Mauer.jpg\" alt=\"\" class=\"wp-image-31422\" srcset=\"https:\/\/speyer24news.com\/wp-content\/uploads\/2020\/12\/Mauer.jpg 500w, https:\/\/speyer24news.com\/wp-content\/uploads\/2020\/12\/Mauer-225x300.jpg 225w\" sizes=\"(max-width: 500px) 100vw, 500px\" \/><\/figure><\/div>\n\n\n\n<p>Am 01.12.2020 gegen 14:45 Uhr wendete ein LKW-Fahrer in der Gaisbergstra\u00dfe\/Hauptstra\u00dfe und stie\u00df im Rahmen des Vorgangs r\u00fcckw\u00e4rts gegen den Sockel einer Sandsteinmauer, so dass diese stark besch\u00e4digt wurde. Anschlie\u00dfend fl\u00fcchtete er beschleunigt in Richtung Hauptstra\u00dfe und entfernte sich unerlaubt von der Unfallstelle. Ein Zeuge beobachtete den Vorgang und beschrieb den LKW als Sattelschlepper mit Auflieger (wei\u00df). Einen Teil des Kennzeichens der Zugmaschine konnte er ebenfalls ablesen. Der Schaden der Mauer wird auf ca. 300 Euro gesch\u00e4tzt. Die Ermittlungen wurden von der Polizeiinspektion Edenkoben aufgenommen. Diese nimmt weitere Zeugenhinweise unter der Telefonnummer: 06323\/955-0 oder per E-Mail unter&nbsp;<a href=\"mailto:piedenkoben@polizei.rlp.de\">piedenkoben@polizei.rlp.de<\/a>&nbsp;entgegen.<\/p>\n\n\n\n<h4 class=\"wp-block-heading\">(Edesheim \/ A 65) &#8211; Abfahrtskontrolle<\/h4>\n\n\n\n<p>Bei einer Verkehrskontrolle am vergangenen Sonntag (29.11.2020, 21 Uhr) auf der Tank- und Rastanlage &#8222;Pf\u00e4lzer Weinstra\u00dfe Ost&#8220; konnten zwei Trucker angetroffen werden, bei denen die Ladepapiere sowie die Fahrzeugschl\u00fcssel sichergestellt werden mussten, um eine Abfahrt zu verhindern. Ein 33 Jahre alter LKW-Fahrer aus der Ukraine pustete 2,71 Promille in den Alkomaten, w\u00e4hrend bei einem 56 Jahre alten Trucker aus Wei\u00dfrussland 1,79 Atemalkohol nachgewiesen werden konnte. Beide wollten nach Ende des Sonntagsfahrverbots um 22 Uhr auf ihre Tour gehen.<\/p>\n\n\n\n<h4 class=\"wp-block-heading\">(Edenkoben) &#8211; Amphetamin und Methamphetamin positiv<\/h4>\n\n\n\n<p>Bei einer soeben durchgef\u00fchrten allgemeinen Verkehrskontrolle (01.12.2020, 18:45 Uhr) in der Staatsstra\u00dfe in Edenkoben konnten bei einem 28-j\u00e4hrigen Skoda-Fahrer Auff\u00e4lligkeiten erkannt werden, die auf Drogenkonsum hindeuteten. Ein durchgef\u00fchrter Vortest best\u00e4tigte den Verdacht, dieser reagierte positiv auf Amphetamin und Methamphetamin. Der 28-j\u00e4hrige Skoda-Fahrer wurde im Anschluss zur Dienststelle verbracht, wo ihm eine Blutprobe entnommen wurde. Da der Skoda-Fahrer \u00fcber keinen festen Wohnsitz in der Bundesrepublik Deutschland verf\u00fcgt wurde eine Sicherheitsleistung in H\u00f6he von 525 Euro einbehalten. Eine Sicherheitsleistung hat hierbei den Zweck, den staatlichen Strafverfolgungs- und Strafvollstreckungsanspruch bei ausl\u00e4ndischen Verkehrsteilnehmern zu sichern. Der Skoda-Fahrer durfte nach Abschluss der Ma\u00dfnahmen die Dienststelle zu Fu\u00df verlassen. Die F\u00fchrerscheinstelle wurde \u00fcber den Vorfall in Kenntnis gesetzt.<\/p>\n\n\n\n<h4 class=\"wp-block-heading\">(Edenkoben \/ A 65) &#8211; Vollsperrung nach Unfall, 3 Personen verletzt<\/h4>\n\n\n\n<div class=\"wp-block-image\"><figure class=\"aligncenter\"><img decoding=\"async\" loading=\"lazy\" width=\"800\" height=\"600\" src=\"https:\/\/speyer24news.com\/wp-content\/uploads\/2020\/12\/IMG_1758.jpg\" alt=\"\" class=\"wp-image-31421\" srcset=\"https:\/\/speyer24news.com\/wp-content\/uploads\/2020\/12\/IMG_1758.jpg 800w, https:\/\/speyer24news.com\/wp-content\/uploads\/2020\/12\/IMG_1758-300x225.jpg 300w, https:\/\/speyer24news.com\/wp-content\/uploads\/2020\/12\/IMG_1758-768x576.jpg 768w, https:\/\/speyer24news.com\/wp-content\/uploads\/2020\/12\/IMG_1758-678x509.jpg 678w, https:\/\/speyer24news.com\/wp-content\/uploads\/2020\/12\/IMG_1758-326x245.jpg 326w, https:\/\/speyer24news.com\/wp-content\/uploads\/2020\/12\/IMG_1758-80x60.jpg 80w\" sizes=\"(max-width: 800px) 100vw, 800px\" \/><\/figure><\/div>\n\n\n\n<p>Am Dienstag kam es gegen 14:20 Uhr zu einem Verkehrsunfall auf der A65 Fahrtrichtung Karlsruhe zwischen den Anschlussstellen Neustadt-S\u00fcd und Edenkoben. Nach ersten Erkenntnissen befuhr ein Ford Transit den rechten Fahrstreifen und scherte zum \u00dcberholen auf den linken Fahrstreifen aus. Hierbei kam es zur Kollision mit einem BMW, welcher seinerseits bereits den linken Fahrstreifen befuhr. Drei Personen (Transit-Fahrer sowie BMW-Fahrer und dessen Beifahrerin) wurden mit leichten Verletzungen in umliegende Krankenh\u00e4user eingeliefert. Am PKW BMW entstand Totalschaden, der Ford Transit wurde im Bereich der hinteren Sto\u00dfstange besch\u00e4digt. Der Gesamtschaden bel\u00e4uft sich auf circa 25000 Euro. Beide Fahrzeuge mussten abgeschleppt werden. F\u00fcr die Dauer der Unfallaufnahme musste die A65 bis 15:20 Uhr voll gesperrt werden, hierf\u00fcr wurde die Autobahnmeisterei Kandel hinzugezogen. Auch die Feuerwehr war mit 40 Kr\u00e4ften und 7 Fahrzeugen im Einsatz. Durch die Vollsperrung kam es zu Verkehrsbeeintr\u00e4chtigungen. Aktuell kann der rechte Fahrstreifen wieder befahren werden. Ein Strafverfahren wegen fahrl\u00e4ssiger K\u00f6rperverletzung wurde eingeleitet. Zeugen des Unfallhergangs werden gebeten, sich mit der Polizeiinspektion Edenkoben unter der Telefonnummer: 06323\/955-0 oder per E-Mail unter:&nbsp;<a href=\"mailto:piedenkoben@polizei.rlp.de\">piedenkoben@polizei.rlp.de<\/a>&nbsp;in Verbindung zu setzen.<\/p>\n\n\n\n<h4 class=\"wp-block-heading\">(Edenkoben) &#8211; Geschwindigkeitskontrollen<\/h4>\n\n\n\n<p>In der Weinstra\u00dfe wurden am Montag 28 Autofahrer geb\u00fchrenpflichtig verwarnt, weil sie die vorgeschriebene Geschwindigkeit von 30 km\/h nicht einhielten. W\u00e4hrend am Vormittag 13 zu schnell waren, mussten am Nachmittag weitere 15 Autofahrer zwischen 15 und 25 Euro wegen zu schnellem Fahren bezahlen. Bei einer weiteren Geschwindigkeitskontrolle im Bereich der A 65, Anschlussstelle Deidesheim\/B271 in Fahrtrichtung D\u00dcW hielten 12 Autofahrer die Geschwindigkeitsbeschr\u00e4nkung von 80 km\/h nicht ein. Auch sie mussten eine geb\u00fchrenpflichtige Verwarnung bezahlen. Drei weitere Fahrzeuglenker waren so schnell, dass ihnen ein Bu\u00dfgeldbescheid zugestellt werden muss. Nach wie vor ist \u00fcberh\u00f6hte oder nicht angepasste Geschwindigkeit die Unfallursache Nummer 1.<\/p>\n\n\n\n<h4 class=\"wp-block-heading\">(Edenkoben) &#8211; Geschwindigkeitskontrolle<\/h4>\n\n\n\n<p>Soeben wurde am 30.11.2020 in einem Zeitraum von 15:00 Uhr &#8211; 16:00 Uhr eine Geschwindigkeitsmessung in der Weinstra\u00dfe in Edenkoben in H\u00f6he des Schulzentrums durchgef\u00fchrt. Bei erlaubten 30 km\/h waren 15 PKW-Fahrer zu schnell. Die H\u00f6chstgeschwindigkeit betrug hierbei 48 km\/h. Alle Fahrzeugf\u00fchrer wurden geb\u00fchrenpflichtig verwarnt.<\/p>\n\n\n\n<h4 class=\"wp-block-heading\">(Elmstein) &#8211; Brand eines Pkw bei Elmstein<\/h4>\n\n\n\n<div class=\"wp-block-image\"><figure class=\"aligncenter\"><img decoding=\"async\" loading=\"lazy\" width=\"500\" height=\"516\" src=\"https:\/\/speyer24news.com\/wp-content\/uploads\/2020\/12\/BrandPkw.jpg\" alt=\"\" class=\"wp-image-31423\" srcset=\"https:\/\/speyer24news.com\/wp-content\/uploads\/2020\/12\/BrandPkw.jpg 500w, https:\/\/speyer24news.com\/wp-content\/uploads\/2020\/12\/BrandPkw-291x300.jpg 291w\" sizes=\"(max-width: 500px) 100vw, 500px\" \/><\/figure><\/div>\n\n\n\n<p>Zwischen Elmstein und dem Ortsteil Schafhof geriet vermutlich aufgrund eines technischen Defektes ein Pkw der Marke Dacia am Montag (30.11.2020), kurz nach 15.00 Uhr, in Brand. Durch die eingesetzte Feuerwehr konnte der Brand gel\u00f6scht werden. Personen wurden nicht verletzt. Am Pkw entstand wirtschaftlicher Totalschaden. Neben Polizei und Feuerwehr war auch die Stra\u00dfenmeisterei zur Fahrbahnreinigung im Einsatz.<\/p>\n\n\n\n<h4 class=\"wp-block-heading\">(Neustadt) &#8211; Geschwindigkeitsmessung in Neustadt\/Wstr.<\/h4>\n\n\n\n<p>Am Morgen des 30.11.2020 wurden durch Polizeibeamt\/innen der Polizeiinspektion Neustadt\/Wstr. Geschwindigkeitskontrollen in Neustadt durchgef\u00fchrt. Zun\u00e4chst wurden die Kontrollen in der Zone 30 Wolfsburgstra\u00dfe in der N\u00e4he des Kindergartens und der dortigen Grundschule durchgef\u00fchrt. Hierbei wurden 8 Fahrzeugf\u00fchrer\/innen mit \u00fcberh\u00f6hter Geschwindigkeit gemessen und verwarnt. Der h\u00f6chste gemessene Wert betrug 49 km\/h bei erlaubten 30 km\/h. Bei einer weiteren Geschwindigkeitskontrolle auf der B39 im Bereich des Sportplatzes NW-Geinsheim wurden 10 Geschwindigkeitsverst\u00f6\u00dfe festgestellt. Der h\u00f6chste gemessene Wert betrug 116 km\/h bei erlaubten 70 km\/h. Bei den durchgef\u00fchrten Verkehrskontrollen konnten an mehreren Fahrzeugen technische M\u00e4ngel beanstandet werden.<\/p>\n\n\n\n<h4 class=\"wp-block-heading\">(Neustadt) &#8211; Reifen platt gestochen<\/h4>\n\n\n\n<p>In der Nacht auf den 30.11.20 zerstach ein noch unbekannter T\u00e4ter alle vier Reifen an einem in der Stra\u00dfe &#8222;Zum Ordenswald&#8220; abgestellten Peugeot. Hinweise werden an die Polizei Neustadt erbeten.<\/p>\n\n\n\n<h4 class=\"wp-block-heading\">(Neustadt) &#8211; Geschwindigkeitskontrollen h\u00e4tten noch andauern k\u00f6nnen&#8230;<\/h4>\n\n\n\n<p>&#8230; w\u00e4ren da nicht zwei Autofahrer aufgefallen, deren Verhalten jeweils eine Bet\u00e4ubungsmittelbeeinflussung nahelegte. In der Martin-Luther-Stra\u00dfe hatte die Beamten am 29.11.20 eine Laserkontrolle eingerichtet, als gegen 22:30 Uhr ein 18-J\u00e4hriger mit seinem VW Golf einer verdachtsfreien Verkehrskontrolle unterzogen wurde. Bei ihm ergab sich der Verdacht auf vorangegangenen Cannabiskonsum. Gegen 22:50 Uhr wurde ein 23-J\u00e4hriger genauer kontrolliert, weil er die zul\u00e4ssige H\u00f6chstgeschwindigkeit \u00fcberschritten hatte. Er d\u00fcrfte Cannabis- und Amfetaminprodukte konsumiert gehabt haben. In beiden F\u00e4llen wird eine Blutanalyse, samt Gutachten, zeigen, wie sich die Beeinflussung konkret darstellte. Jedenfalls waren die Beamten, nach insgesamt f\u00fcnf festgestellten Geschwindigkeitsverst\u00f6\u00dfen, mit den administrativen Vorg\u00e4ngen im Zusammenhang der Blutproben besch\u00e4ftigt, so dass die Geschwindigkeitskontrolle nicht weiter fortgef\u00fchrt werden konnte.<\/p>\n\n\n\n<h4 class=\"wp-block-heading\">(Neustadt) &#8211; 224 km\/h bei erlaubten 80 \/ 144 km\/h zu schnell auf der B 9 unterwegs!<\/h4>\n\n\n\n<p>Am Sonntag, 29.11.2020, f\u00fchrte der Geschwindigkeitsmesstrupp der Zentralen Verkehrsdienste der Polizeidirektion Neustadt in der Zeit von 07:10 Uhr bis 14:10 Uhr auf der B 9, Gemarkung Ludwigshafen, in Fahrtrichtung Frankenthal, eine Geschwindigkeitsmessung durch. Von den 2203 gemessenen Fahrzeugen waren 666 Fahrzeugf\u00fchrer wegen \u00dcberschreiten der zul\u00e4ssigen H\u00f6chstgeschwindigkeit (80 km\/h) zu beanstanden &#8211; dies entspricht einer Beanstandungsquote von 30 %! Unverantwortlicher &#8222;Spitzenreiter&#8220; war ein Fahrzeugf\u00fchrer aus Frankenthal, der mit seinem BMW die zul\u00e4ssige Geschwindigkeit um sagen und schreibe 144 km\/h \u00fcberschritt! Nach Abzug der Toleranz bleibt eine Nettogeschwindigkeit von 217 km\/h. Ihn erwartet ein Bu\u00dfgeld in H\u00f6he von mindestens 1200,- EUR, 2 Punkte im Fahreignungsregister und ein dreimonatiges Fahrverbot. Auf 172 weitere Fahrzeugf\u00fchrer kommt jeweils ein Bu\u00dfgeld in H\u00f6he von mindestens 70,- EUR zu und sie m\u00fcssen mit einem Punkt im Fahreignungsregister rechnen; 14 von ihnen auch mit einem Fahrverbot von mindestens einem Monat. In 493 F\u00e4llen werden die beanstandeten Fahrzeugf\u00fchrer mit einem Verwarngeld belegt werden.<\/p>\n\n\n\n<h4 class=\"wp-block-heading\">(Erpolzheim) &#8211; Verkehrsunfallflucht gekl\u00e4rt<\/h4>\n\n\n\n<p>Am 30.11.2020 gegen 18:00 Uhr wurde im Weisenheimer Weg in Erpolzheim ein Regenabfallrohr durch einen LKW besch\u00e4digt. Ein 22-j\u00e4hriger Fahrer befuhr mit seiner Sattelzugmaschine mit Auflieger die Hauptstra\u00dfe in Erpolzheim aus Richtung Ungstein kommend in Richtung Freinsheim. An der Einm\u00fcndung Hauptstra\u00dfe und Freinsheimer Stra\u00dfe stie\u00df er w\u00e4hrend des Abbiegens mit der rechten oberen Kante des Aufliegers an ein Regenfallrohr eines Wohnhauses und verursachte dabei einen Sachschaden von 1200 Euro. Anschlie\u00dfend entfernte er sich unerlaubt von der Unfallstelle. Der Verkehrsunfall konnte durch deinen aufmerksamen Zeugen beobachtet werden. Er informierte unverz\u00fcglich die Polizei und konnte das Kennzeichen des LKWs angeben. Der LKW-Fahrer konnte schlie\u00dflich in Freinsheim festgestellt und einer Kontrolle unterzogen werden. Der 22-J\u00e4hrige gab an, den Ansto\u00df und die Besch\u00e4digung nicht bemerkt zu haben. Gegen ihn wird nun wegen Verkehrsunfallflucht ermittelt.<\/p>\n\n\n\n<h4 class=\"wp-block-heading\">(Weisenheim am Sand) &#8211; An mehreren Fahrzeugen Reifen zerstochen<\/h4>\n\n\n\n<p>Im Zeitraum von 29.11.2020, 14:00 Uhr bis 30.11.2020, 07:00 Uhr wurden in der Laumersheimer Stra\u00dfe in Weisenheim am Sand an insgesamt 3 Fahrzeugen Reifen zerstochen. Die Fahrzeuge waren in der Laumersheimer Stra\u00dfe ordnungsgem\u00e4\u00df am Fahrbahnrand abgestellt. An einem Suzuki Alto, einem VW Golf und einem Ford Fiesta wurde von einem bislang unbekannten T\u00e4ter mit einem nicht bekannten Gegenstand jeweils der hintere rechte Reifen zerstochen. Der Gesamtschaden bel\u00e4uft sich auf 150 Euro. Die Polizei Bad D\u00fcrkheim bittet um Hinweise unter 06322 963 0 oder per E-Mail an&nbsp;<a href=\"mailto:pibadduerkheim@polizei.rlp.de\">pibadduerkheim@polizei.rlp.de<\/a><\/p>\n\n\n\n<h4 class=\"wp-block-heading\">(Altleiningen-H\u00f6hningen \/ K 31) &#8211; Unfall bei Schnee-\/Eisgl\u00e4tte<\/h4>\n\n\n\n<p>Eine 58-J\u00e4hrige aus H\u00f6ningen fuhr am Dienstag in den fr\u00fchen Morgenstunden auf der K 31 Richtung Gr\u00fcnstadt. In einer Linkskurve verlor sie die Kontrolle \u00fcber ihren PKW. Das Fahrzeug drehte sich dabei um 180\u00b0, streifte die Leitplanke und blieb mit der Heckpartie in einem Graben stecken. Auf der K 31 kam es dadurch zu Behinderungen f\u00fcr den restlichen Fzg-Verkehr kam. Die Fahrerin blieb unverletzt.<\/p>\n\n\n\n<h4 class=\"wp-block-heading\">(Gr\u00fcnstadt-Sausenheim) &#8211; Anh\u00e4nger mit Brennholz gestohlen<\/h4>\n\n\n\n<p>Der 57-j\u00e4hrige Gesch\u00e4digte meldete am Montagnachmittag den Diebstahl seines PKW-Anh\u00e4ngers, den er vor seinem Anwesen In den Maulg\u00e4rten abgestellt hatte. Beladen war der H\u00e4nger mit ca. 2,5 Ster Brennholz. Den Anh\u00e4nger fand der Gesch\u00e4digte sp\u00e4ter auf dem Parkplatz neben der Fa. Gechem in Kleinkarlbach &#8211; allerdings leer. Der Schaden d\u00fcrfte bei ca. 200EUR liegen. Zeugen werden gebeten verd\u00e4chtige Wahrnehmungen an die PI Gr\u00fcnstadt mitzuteilen: 06359 93120.<\/p>\n\n\n\n<h4 class=\"wp-block-heading\">(Gr\u00fcnstadt) &#8211; Unfall auf Tankstellengel\u00e4nde \/ Zapfpistole abgerissen<\/h4>\n\n\n\n<p>Ein 55-J\u00e4hriger aus Eisenberg tankte am Montagnachmittag an der Globus-Tankstelle und verga\u00df beim Losfahren, dass die Zapfpistole noch im Tankstutzen steckte. Bei der Aktion riss die Zapfpistole ab. Der Unfallverursacher entfernte sich unerlaubt von der Unfallstelle &#8211; wurde aber aufgrund einer Videoaufzeichnung ermittelt. Der Schaden an der Tanks\u00e4ule wird auf ca. 800EUR gesch\u00e4tzt.<\/p>\n\n\n\n<h4 class=\"wp-block-heading\">(Gr\u00fcnstadt) &#8211; 29-J\u00e4hrige beleidigt Polizeibeamte<\/h4>\n\n\n\n<p>Im Rahmen einer richterlich angeordneten Durchsuchungsma\u00dfnahme in der Lateinschulgasse sollte am Sonntagnachmittag auch der Rucksack einer 29-J\u00e4hrigen durchsucht werden. Diese verhielt sich w\u00e4hrend der Ma\u00dfnahme ausgesprochen unkooperativ und beleidigte die eingesetzten Beamten als &#8222;l\u00e4cherliche Bullen&#8220; und &#8222;Spasti&#8220;. Ein Strafverfahren wurde eingeleitet.<\/p>\n\n\n\n<h4 class=\"wp-block-heading\">(Frankenthal) &#8211; Gef\u00e4hrlicher Eingriff in den Stra\u00dfenverkehr<\/h4>\n\n\n\n<p>Am 01.12.2020, gegen 19.00 Uhr, bef\u00e4hrt ein 38-j\u00e4hriger Mann aus Ludwigshafen mit seinem Pkw die B9 in Richtung Europaring. In H\u00f6he der Ausfahrt in Richtung Ludwigshafen schert pl\u00f6tzlich ein Lkw aus, um ebenfalls diese Ausfahrt zu nehmen. Der 38-j\u00e4hrige muss stark abbremsen, um einen Zusammensto\u00df zu vermeiden. In der Folge versucht dann der Lkw-Fahrer den Pkw-Fahrer mehrmals auszubremsen und zum Anhalten zu zwingen. Einige hundert Meter vor der Abfahrt Ludwigshafen-Oggersheim halten dann beide Fahrzeuge an und nach Angaben des Pkw-Fahrers sei der Lkw-Fahrer sodann mit einem Hammer in der Hand auf den Pkw zugerannt. Nachdem der Pkw-Fahrer zun\u00e4chst zu Fu\u00df fl\u00fcchten konnte, habe sich der Lkw-Fahrer mit seinem Lkw entfernt. Dieser konnte im Nachgang durch die eingesetzten Beamten ermittelt werden. In einer ersten Vernehmung gibt er an, von dem Pkw-Fahrer geschlagen worden zu sein. Zeugen des Vorfalles werden gebeten, sich mit der Polizei in Frankenthal in Verbindung zu setzen.<\/p>\n\n\n\n<p>Zeugen werden gebeten sich an die Polizeiinspektion Frankenthal unter der Tel.-Nr.: 06233\/313-0 oder an die Polizeiwache Maxdorf unter der Tel.-Nr.: 06237\/934-1100 zu wenden. Gerne nehmen wir Ihre Hinweise auch per E-Mail unter&nbsp;<a href=\"mailto:pifrankenthal@polizei.rlp.de\">pifrankenthal@polizei.rlp.de<\/a>&nbsp;entgegen.<\/p>\n\n\n\n<h4 class=\"wp-block-heading\">(Frankenthal) &#8211; Verkehrsunfallflucht<\/h4>\n\n\n\n<p>Am 01.12.2020, gegen 08.30 Uhr, wird durch einen Mitarbeiter der Stadtwerke gemeldet, dass zun\u00e4chst an der Ecke Europaring\/Elisabethstra\u00dfe eine Ampelanlage besch\u00e4digt wurde und im weiteren Verlauf dann in der Carl-Theodor-Stra\u00dfe, H\u00f6he Dathenushaus ein Verkehrsschild besch\u00e4digt wurde. Vom Schadensbild her d\u00fcrfte es sich bei dem verursachenden Fahrzeug um einen Omnibus handeln, welcher vermutlich an einer Seiten- und\/oder Heckscheibe besch\u00e4digt sein d\u00fcrfte. Der Schaden wird auf etwa 800 Euro gesch\u00e4tzt.<\/p>\n\n\n\n<p>Zeugen werden gebeten sich an die Polizeiinspektion Frankenthal unter der Tel.-Nr.: 06233\/313-0 oder an die Polizeiwache Maxdorf unter der Tel.-Nr.: 06237\/934-1100 zu wenden. Gerne nehmen wir Ihre Hinweise auch per E-Mail unter&nbsp;<a href=\"mailto:pifrankenthal@polizei.rlp.de\">pifrankenthal@polizei.rlp.de<\/a>&nbsp;entgegen.<\/p>\n\n\n\n<h4 class=\"wp-block-heading\">(Frankenthal) &#8211; Diebstahl aus Pkw<\/h4>\n\n\n\n<p>Die beiden Gesch\u00e4digten stellen ihre Pkw, ein Mercedes-Benz C 200 und ein Mazda 2, in der Zeit von 28.11.2020, 19.00 Uhr, bis 29.11.2020, 11.00 Uhr, in der Kopernikusstra\u00dfe, H\u00f6he Hausnummer 4, ab. Als sie wieder zu ihren Fahrzeugen kommen, m\u00fcssen sie feststellen, dass aus diesen nach bisherigem Ermittlungsstand mehrere CD&#8217;s entwendet wurden. Aufbruchspuren konnten an den Pkw nicht festgestellt werden. Der Schaden wird auf etwa 100 Euro gesch\u00e4tzt.<\/p>\n\n\n\n<p>Zeugen werden gebeten sich an die Polizeiinspektion Frankenthal unter der Tel.-Nr.: 06233\/313-0 oder an die Polizeiwache Maxdorf unter der Tel.-Nr.: 06237\/934-1100 zu wenden. Gerne nehmen wir Ihre Hinweise auch per E-Mail unter&nbsp;<a href=\"mailto:pifrankenthal@polizei.rlp.de\">pifrankenthal@polizei.rlp.de<\/a>&nbsp;entgegen.<\/p>\n\n\n\n<h4 class=\"wp-block-heading\">(Worms \/ A 61) &#8211; Unfall mit Leichtverletztem auf A61<\/h4>\n\n\n\n<figure class=\"wp-block-image\"><img decoding=\"async\" loading=\"lazy\" width=\"800\" height=\"446\" src=\"https:\/\/speyer24news.com\/wp-content\/uploads\/2020\/12\/Unfall30112020.jpg\" alt=\"\" class=\"wp-image-31424\" srcset=\"https:\/\/speyer24news.com\/wp-content\/uploads\/2020\/12\/Unfall30112020.jpg 800w, https:\/\/speyer24news.com\/wp-content\/uploads\/2020\/12\/Unfall30112020-300x167.jpg 300w, https:\/\/speyer24news.com\/wp-content\/uploads\/2020\/12\/Unfall30112020-768x428.jpg 768w\" sizes=\"(max-width: 800px) 100vw, 800px\" \/><\/figure>\n\n\n\n<p>Am 30.11.2020, um 13.40 Uhr, kam es auf der A61 kurz hinter der Anschlussstelle Worms in Fahrtrichtung S\u00fcden zu einem Unfall zwischen einem Nissan und einem Peugeot. Der Nissan-Fahrer war auf dem linken Fahrstreifen unterwegs, als er wegen eines Fahrfehlers nach links von der Fahrbahn abkam. Um einen Aufprall auf die Mittelleitplanke zu verhindern, lenkte er ruckartig nach rechts. Mit der Folge, dass er den auf dem rechten Fahrstreifen fahrenden Peugeot Transporter ber\u00fchrte. Durch die Ber\u00fchrung schleuderte der Nissan \u00fcber die Fahrbahn, stie\u00df gegen die Mittelleitplanke. Von dort schleuderte er wieder \u00fcber die Fahrbahn und kam schlie\u00dflich auf dem Standstreifen zum Stehen. Der Peugeot Transporter kam durch den Zusammensto\u00df mit dem Nissan ins Schaukel und kippte schlie\u00dflich auf die linke Fahrzeugseite um. Der 31-j\u00e4hrige Fahrer wurde dabei leicht verletzt und musste durch den Rettungsdienst zur \u00e4rztlichen Versorgung ins Krankenhaus verbracht werden. Der 34-j\u00e4hrige Nissan-Fahrer blieb unverletzt. An beiden Autos entstand Totalschaden.<\/p>\n\n\n\n<h4 class=\"wp-block-heading\">(Pr\u00e4sidiumsbereich Rheinpfalz) \u2013  Wintereinbruch \/ Witterungsbedinge Unf\u00e4lle auf den Autobahnen<\/h4>\n\n\n\n<div class=\"wp-block-image\"><figure class=\"aligncenter\"><img decoding=\"async\" loading=\"lazy\" width=\"500\" height=\"659\" src=\"https:\/\/speyer24news.com\/wp-content\/uploads\/2020\/12\/WhatsApp-Image-2020-12-02-at-08.35.22.jpeg\" alt=\"\" class=\"wp-image-31425\" srcset=\"https:\/\/speyer24news.com\/wp-content\/uploads\/2020\/12\/WhatsApp-Image-2020-12-02-at-08.35.22.jpeg 500w, https:\/\/speyer24news.com\/wp-content\/uploads\/2020\/12\/WhatsApp-Image-2020-12-02-at-08.35.22-228x300.jpeg 228w\" sizes=\"(max-width: 500px) 100vw, 500px\" \/><\/figure><\/div>\n\n\n\n<p>In Folge des Wintereinbruchs in der vergangenen Nacht mussten die Beamtinnen und Beamten der Polizeiautobahnstation Ruchheim in der Zeit von 30.11.2020, 22.35 Uhr bis 01.12.2020, 07.15 Uhr, zu sechs Unf\u00e4llen auf unseren Autobahnen ausr\u00fccken.<\/p>\n\n\n\n<p>Um 22.35 Uhr, kam ein VW wegen nicht angepasster Geschwindigkeit auf der A61, H\u00f6he AK Speyer, von der Fahrbahn an. Der Wagen \u00fcberschlug sich und kam auf dem Dach zum Stillstand. Der 38-j\u00e4hrige Fahrer verletzte sich leicht. Am Wagen entstand Totalschaden.<\/p>\n\n\n\n<p>Auf der A650 Gemarkung Ludwigshafen kam es um 04.45 Uhr zu einem Alleinunfall. Ein 29-J\u00e4hriger war mit seinem Mercedes zu schnell unterwegs. Er kam von der Fahrbahn ab, prallte gegen die rechte Schutzplanke. Der Wagen musste abgeschleppt werden.<\/p>\n\n\n\n<p>Um 06.16 Uhr, kam auf de A61, H\u00f6he AK Speyer, ein Lkw von der Fahrbahn ab. Der Lkw hatte sich festgefahren und musste von einem Abschleppdienst geborgen werden.<\/p>\n\n\n\n<p>Um 06.37 Uhr fuhr auf der A6, Laumersheimer Berg, ein Auto wegen nicht angepasster Geschwindigkeit in die Leitplanken. Die Fahrerin blieb unverletzt.<\/p>\n\n\n\n<p>Um 06.58 Uhr kam es auf der A6 H\u00f6he Wattenheim zu einem Zusammensto\u00df zwischen einem Lkw und einem Pkw. Die Fahre blieben unverletzt, es entstand hoher Sachschaden.<\/p>\n\n\n\n<p>Um 07.15 Uhr, war auf de A61, H\u00f6he AK Speyer, ein Pkw zu schnell unterwegs und rutschte in die Leitplanke.<\/p>\n\n\n\n<p>Der Sachschaden aller witterungsbedingter Verkehrsunf\u00e4lle von heute betr\u00e4gt rund 80.000 Euro.<\/p>\n\n\n\n<h4 class=\"wp-block-heading\">(Pr\u00e4sidiumsbereich Rheinpfalz) &#8211; Radarkontrollen des Polizeipr\u00e4sidiums Rheinpfalz f\u00fcr Dezember 2020<\/h4>\n\n\n\n<figure class=\"wp-block-image\"><img decoding=\"async\" src=\"https:\/\/speyer24news.com\/wp-content\/uploads\/2020\/01\/Blitzer-RLP.jpg\" alt=\"\" class=\"wp-image-23871\"\/><\/figure>\n\n\n\n<p>Im Bereich der <strong>Polizeidirektion Ludwigshafen<\/strong> finden wie folgt Kontrollen statt: <\/p>\n\n\n\n<ul><li>Freitag 04.12.2020 im Bereich Speyer<\/li><li>Mittwoch 09.12.2020 im Bereich Ludwigshafen<\/li><li>Freitag 18.12.2020 im Bereich Maxdorf<\/li><li>Dienstag 29.12.2020 im Bereich Frankenthal<\/li><\/ul>\n\n\n\n<p>Im Bereich der <strong>Polizeidirektion Landau<\/strong> finden wie folgt Kontrollen statt:<\/p>\n\n\n\n<ul><li>Montag 07.12.2020 im Bereich Kandel-H\u00f6fen<\/li><li>Freitag 11.12.2020 im Bereich Eschbach<\/li><li>Mittwoch 16.12.2020 im Bereich Kandel-H\u00f6fen<\/li><li>Mittwoch 23.12.2020 im Bereich Eschbach<\/li><\/ul>\n\n\n\n<p>Im Bereich der <strong>Polizeidirektion Neustadt<\/strong> finden wie folgt Kontrollen statt:<\/p>\n\n\n\n<ul><li>Donnerstag 10.12.2020 im Bereich Gr\u00fcnstadt<\/li><li>Dienstag 15.12.2020 im Bereich Bockenheim<\/li><li>Montag 21.12.2020 im Bereich Bad D\u00fcrkheim<\/li><li>Mittwoch 30.12.2020 im Bereich Ha\u00dfloch<\/li><\/ul>\n\n\n\n<p>Die Polizei weist ausdr\u00fccklich darauf hin, dass Kontrollen auch au\u00dferhalb der genannten Zeiten und \u00d6rtlichkeiten stattfinden.<\/p>\n\n\n\n<h4 class=\"wp-block-heading\">(Pr\u00e4sidiumsbereich Rheinpfalz) &#8211; Polizei Rheinland-Pfalz geht mit Podcast auf Nachwuchssuche<\/h4>\n\n\n\n<div class=\"wp-block-image\"><figure class=\"aligncenter\"><img decoding=\"async\" loading=\"lazy\" width=\"600\" height=\"600\" src=\"https:\/\/speyer24news.com\/wp-content\/uploads\/2020\/12\/Visualf\u00fcrPressemitteilung.jpg\" alt=\"\" class=\"wp-image-31426\" srcset=\"https:\/\/speyer24news.com\/wp-content\/uploads\/2020\/12\/Visualf\u00fcrPressemitteilung.jpg 600w, https:\/\/speyer24news.com\/wp-content\/uploads\/2020\/12\/Visualf\u00fcrPressemitteilung-150x150.jpg 150w, https:\/\/speyer24news.com\/wp-content\/uploads\/2020\/12\/Visualf\u00fcrPressemitteilung-300x300.jpg 300w\" sizes=\"(max-width: 600px) 100vw, 600px\" \/><\/figure><\/div>\n\n\n\n<p>Mit einem eigenen Podcast will sich die Polizei Rheinland-Pfalz als attraktiver Arbeitgeber pr\u00e4sentieren und jungen Menschen zeigen, wie vielf\u00e4ltig der Polizeiberuf ist.<\/p>\n\n\n\n<p>Produziert wurde der Podcast mit dem Titel &#8222;Polizei im Verh\u00f6r&#8220; von der Hochschule der Polizei Rheinland-Pfalz in enger Zusammenarbeit mit allen Polizeibeh\u00f6rden im Land. Insgesamt sind zehn Folgen mit einer L\u00e4nge zwischen 10 und 20 Minuten vorgesehen. Die erste Folge mit dem Titel &#8222;Wir f\u00fcr euch&#8220; ist seit Montag, 30. November, erschienen und auf der Website der Polizei Rheinland-Pfalz sowie auf den g\u00e4ngigen Podcast-Plattformen wie Spotify, Apple Podcast oder Deezer abrufbar.<\/p>\n\n\n\n<p>In den zehn Folgen, die in den kommenden Wochen jeweils montags erscheinen, berichten Polizist*innen unter anderem \u00fcber ihre Arbeit als &#8222;Freund und Helfer&#8220;, es wird der &#8222;Tatort Stra\u00dfe&#8220; beleuchtet und von Ermittlern des LKA \u00fcber Cybercrime sowie Terrorbek\u00e4mpfung gesprochen. Auch Mitglieder*innen von Spezialeinheiten, der Polizeihubschrauberstaffel, der Wasserschutzpolizei und der Diensthundestaffel geben Einblick in ihre Arbeit. Nicht zuletzt geht es um das Thema Aus- und Fortbildung, schlie\u00dflich will die Polizei Rheinland-Pfalz mit dem Podcast vor allem Berufsinteressierte der sogenannten Generation Z, also der 16- bis 24-J\u00e4hrigen, erreichen.<\/p>\n\n\n\n<p>&#8222;Der Podcast ist durch seine authentischen, positiven und pers\u00f6nlichen Inhalte aber auch f\u00fcr Nicht-Bewerber interessant&#8220;, ist J\u00fcrgen Schmitt, Inspekteur der Polizei Rheinland-Pfalz, \u00fcberzeugt und erg\u00e4nzt: &#8222;Die Wichtigkeit der Polizei f\u00fcr die demokratische Gesellschaft soll herausgestellt werden und die Polizist*innen in Rheinland-Pfalz sollen sich nat\u00fcrlich mit den Inhalten identifizieren k\u00f6nnen.&#8220;<\/p>\n\n\n\n<p>Moderiert wird der Podcast von BigFM-Moderator Reece. Reece ist Moderator von mehreren Radioshows bei bigFM, u. a. DAILY LIFE MIX, hostet bereits einen sehr erfolgreichen bigFM-Podcast mit \u00fcber 10.000 Abonnenten und ist f\u00fcr den LFK-Medienpreis 2020\/2021 nominiert. &#8222;Mit seinem pers\u00f6nlichen Background passt er hervorragend zur Interkulturalit\u00e4t und Diversit\u00e4t, die sich die Polizei Rheinland-Pfalz auf die Fahnen geschrieben hat&#8220;, sagt Markus Moog von der Hochschule der Polizei.<\/p>\n\n\n\n<p>Neugierig geworden auf den Podcast &#8222;Polizei im Verh\u00f6r&#8220;? Er ist ab sofort abrufbar unter dem Link&nbsp;<a rel=\"noreferrer noopener\" target=\"_blank\" href=\"https:\/\/www.polizei.rlp.de\/de\/karriere\/podcast-polizei-im-verhoer\/\">https:\/\/www.polizei.rlp.de\/de\/karriere\/podcast-polizei-im-verhoer\/<\/a>&nbsp;und \u00fcberall dort, wo es Podcasts gibt.<\/p>\n\n\n\n<h4 class=\"wp-block-heading\">(Ludwigshafen) &#8211; In Blumenladen eingebrochen<\/h4>\n\n\n\n<p>Bislang unbekannte T\u00e4ter verschafften sich gegen 03:00 Uhr am 01.12.2020, Zutritt zu einem Blumengesch\u00e4ft in der Bliesstra\u00dfe. Es wurde nichts entwendet.<\/p>\n\n\n\n<p>Wer hat zum Tatzeitpunkt etwas beobachtet und kann Hinweise geben? Sachdienliche Hinweise bitte an die Polizeiinspektion Ludwigshafen 2, Telefonnummer 0621 963-2222 oder per E-Mail&nbsp;<a href=\"mailto:piludwigshafen2@polizei.rlp.de\">piludwigshafen2@polizei.rlp.de<\/a>.<\/p>\n\n\n\n<h4 class=\"wp-block-heading\">(Ludwigshafen) &#8211; Zwei F\u00e4lle von Fahrerflucht<\/h4>\n\n\n\n<p>Im Zust\u00e4ndigkeitsbereich der Polizeiinspektion Ludwigshafen 1 ereigneten sich am 30.11.2020 insgesamt zwei F\u00e4lle von Fahrerflucht.<\/p>\n\n\n\n<p>Zwischen 11:30 Uhr und 13 Uhr wurde ein VW-Caddy, der in der Hartmannstra\u00dfe geparkt war, am hinteren Sto\u00dff\u00e4nger besch\u00e4digt. Es entstand ein Sachschaden von etwa 2.000 Euro.<\/p>\n\n\n\n<p>Auch in der J\u00e4gerstra\u00dfe wurde ein Auto (BMW) das auf einem Parkplatz abgestellt war, besch\u00e4digt. Die Tatzeit liegt zwischen 13:20 Uhr und 15:50 Uhr. Die Schadensh\u00f6he bel\u00e4uft sich auf etwa 1.000 Euro.<\/p>\n\n\n\n<p>Wer hat etwas beobachtet oder kann Hinweise zu dem oder der Fahrer*in geben? Sachdienliche Hinweise bitte an die Polizeiinspektion Ludwigshafen 1, Telefonnummer 0621 963-2122 oder per E-Mail&nbsp;<a href=\"mailto:piludwigshafen1@polizei.rlp.de\">piludwigshafen1@polizei.rlp.de<\/a>.<\/p>\n\n\n\n<h4 class=\"wp-block-heading\">(Ludwigshafen) &#8211; Windschutzscheibe eingeworfen<\/h4>\n\n\n\n<p>Durch eine bislang unbekannte Person wurde die Windschutzscheibe eines wei\u00dfen VW-Tiguan eingeworfen, das meldete am 30.11.2020, gegen 13:50 Uhr, ein 21-J\u00e4hriger. Es entstand ein Schaden von mehreren hundert Euro. Das Auto war seit dem Abend des 29.11.2020 in einem Hinterhof in der Berthold-Schwarz-Stra\u00dfe abgestellt.<\/p>\n\n\n\n<p>Wer hat etwas beobachtet oder geh\u00f6rt? Wer kann Hinweise auf den oder die T\u00e4ter*in geben? Sachdienliche Hinweise bitte an die Polizeiinspektion Ludwigshafen 2, Telefonnummer 0621 963-2222 oder per E-Mail&nbsp;<a href=\"mailto:piludwigshafen2@polizei.rlp.de\">piludwigshafen2@polizei.rlp.de<\/a>.<\/p>\n\n\n\n<h4 class=\"wp-block-heading\">(Ludwigshafen) &#8211; Zeugen gesucht \/ 19-J\u00e4hriger angegriffen<\/h4>\n\n\n\n<p>Am Sonntagabend (29.11.2020, gegen 19 Uhr) wurde ein 19-J\u00e4hriger in der Erich-Reimann-Stra\u00dfe (Bereich S\u00fcdweststadion) von drei M\u00e4nnern angegriffen. Zun\u00e4chst hatte einer der M\u00e4nner dem 19-J\u00e4hrigen in den Nacken geschlagen und ihn beleidigt. Als er daraufhin zu fliehen versuchte, wurde der 19-J\u00e4hrige festgehalten und zu Boden gesto\u00dfen. Danach schlug und trat die Gruppe auf ihn ein. Hierdurch erlitt der 19-J\u00e4hrige leichte Verletzungen. Schlie\u00dflich lie\u00df die Gruppe von ihm ab. Bevor die drei M\u00e4nner flohen, spr\u00fchten sie dem 19-J\u00e4hrigen Pfefferspray ins Gesicht.<\/p>\n\n\n\n<p>Die drei M\u00e4nner konnten wie folgt beschrieben werden: <\/p>\n\n\n\n<ol><li>T\u00e4ter: Etwa 1,75m gro\u00df, kein Bart, 18-20 Jahre<\/li><li>T\u00e4ter: Etwa 1,85m gro\u00df, Dreitagebart<\/li><li>T\u00e4ter: Etwa 1,80m gro\u00df, kein Bart, ca. 20-25 Jahre<\/li><\/ol>\n\n\n\n<p>Sachdienliche Hinweise bitte an die Polizeiinspektion Ludwigshafen 1, Telefonnummer 0621 963-2122 oder per E-Mail&nbsp;<a href=\"mailto:piludwigshafen1@polizei.rlp.de\">piludwigshafen1@polizei.rlp.de<\/a>.<\/p>\n\n\n\n<h4 class=\"wp-block-heading\">(Ludwigshafen) &#8211; Drucker gestohlen<\/h4>\n\n\n\n<p>In der Pr\u00e4lat-Caire-Stra\u00dfe wurde zwischen dem 28.11.2020, 17 Uhr, und dem 29.11.2020, 16 Uhr, von unbekannten T\u00e4tern ein am rechten Fahrbahnrand parkenden LKW angegangen. Sie stahlen einen am Tiefk\u00fchl-Auflieger angebrachten Drucker. Die Schadensh\u00f6he bel\u00e4uft sich auf einen niedrigen vierstelligen Betrag.<\/p>\n\n\n\n<p>Sachdienliche Hinweise bitte an die Polizeiinspektion Ludwigshafen 2, Telefonnummer 0621 963-2222 oder per E-Mail&nbsp;<a href=\"mailto:piludwigshafen2@polizei.rlp.de\">piludwigshafen2@polizei.rlp.de<\/a>.<\/p>\n\n\n\n<h4 class=\"wp-block-heading\">(Ludwigshafen) &#8211; In Kellerabteile eingebrochen<\/h4>\n\n\n\n<p>Bislang unbekannte T\u00e4ter verschafften sich zwischen 8:45 Uhr und 11 Uhr am 29.11.2020 Zutritt zu insgesamt drei Kellerabteilen eines Mehrfamilienhauses in der Th\u00fcringer Stra\u00dfe. Entwendet wurde nichts.<\/p>\n\n\n\n<p>Wer hat zum Tatzeitpunkt etwas beobachtet und kann Hinweise geben? Sachdienliche Hinweise bitte an die Polizeiinspektion Ludwigshafen 1, Telefonnummer 0621 963-2122 oder per E-Mail&nbsp;<a href=\"mailto:piludwigshafen1@polizei.rlp.de\">piludwigshafen1@polizei.rlp.de<\/a>.<\/p>\n\n\n\n<h4 class=\"wp-block-heading\">(Mannheim) &#8211; Unfall mit hohem Sachschaden; Busverkehr \u00fcber eine Stunde blockiert<\/h4>\n\n\n\n<p>Am sp\u00e4ten Sonntagnachmittag kam es an der Kreuzung &#8222;Am Victoria-Turm&#8220;\/Tunnelstra\u00dfe zu einem Verkehrsunfall, bei dem ein Sachschaden von rund 15.000.- Euro entstand.<\/p>\n\n\n\n<p>Wie die bisherigen Ermittlungen ergaben, missachtete dort ein 29-j\u00e4hriger Skoda-Fahrer gegen 17.30 Uhr die Vorfahrt einer 46-j\u00e4hrigen VW-Fahrerin. Beide Fahrzeuge waren nicht mehr fahrbereit und mussten abgeschleppt werden. Eine Fachfirma wurde zur Reinigung der Fahrbahn beauftragt.<\/p>\n\n\n\n<p>Der Unfallbereich war bis gegen 18.45 Uhr auch f\u00fcr den Busverkehr blockiert.<\/p>\n\n\n\n<h4 class=\"wp-block-heading\">(Mannheim \/ A 656) &#8211; Aufgrund \u00fcberh\u00f6hter Geschwindigkeit Kontrolle \u00fcber Fahrzeug verloren und \u00fcberschlagen<\/h4>\n\n\n\n<p>Am Sonntag gegen 15:30 Uhr wollte ein 22-j\u00e4hriger Mercedes-Fahrer von der A656 aus Heidelberg kommend auf die B36a in Richtung Neuostheim abfahren, als er aufgrund \u00fcberh\u00f6hter Geschwindigkeit im Kurvenbereich die Kontrolle \u00fcber sein Fahrzeug verlor. Das Fahrzeug geriet auf die Leitplanke, \u00fcberschlug sich und kam auf der Gegenfahrbahn zum Stillstand. Bei dem Unfall wurde der 22-J\u00e4hrige leicht verletzt und musste mit einem Rettungswagen in ein nahegelegenes Krankenhaus verbracht werden. An dem Mercedes entstand ein Totalschaden in H\u00f6he von mehreren tausend Euro. W\u00e4hrend der Unfallaufnahme musste die Anschlussstelle B38a\/A656 gesperrt werden. Das verungl\u00fcckte Fahrzeug wurde abgeschleppt. Am Einsatz war ebenfalls ein L\u00f6schzug der Feuerwehr beteiligt.<\/p>\n\n\n\n<h4 class=\"wp-block-heading\">(Mannheim) &#8211; Brand in Mehrfamilienhaus; Bewohner verletzt<\/h4>\n\n\n\n<p>Am Sonntagvormittag, kurz vor 8 Uhr, kam es in der Wohnung eines Mehrfamilienhauses in der Gro\u00df-Gerauer Stra\u00dfe, im Stadtteil Sandhofen, zu einem Brand, bei dem der 58-j\u00e4hrige Bewohner verletzt wurde. Mit Verdacht auf Rauchgasvergiftung wurde er mit einem Rettungswagen in eine Klinik gebracht.<\/p>\n\n\n\n<p>Die Feuerwehr der Wache Nord konnte das Feuer, das offenbar in einem Badezimmer im 1. Obergeschoss ausgebrochen war, schnell l\u00f6schen.<\/p>\n\n\n\n<p>Ersten Ermittlungen zufolge d\u00fcrfte als Brandursache ein technischer Defekt eines Warmwasserboilers in Betracht kommen.<\/p>\n\n\n\n<p>Die Wohnung ist derzeit unbewohnbar. Der Sachschaden wird auf rund 60.000.- Euro gesch\u00e4tzt.<\/p>\n\n\n\n<p>Eine Nachbarin hatte den piepsenden Feuermelder aus der Brandwohnung wahrgenommen, den einen Stock dar\u00fcber noch schlafenden 58-j\u00e4hrigen Bewohner geweckt und die Feuerwehr verst\u00e4ndigt.<\/p>\n\n\n\n<h4 class=\"wp-block-heading\">(Mannheim) &#8211; Unfallflucht auf belebter Stra\u00dfe; Zeugen gesucht<\/h4>\n\n\n\n<p>Wegen des Verdachts der Unfallflucht ermittelt das Polizeirevier Schwetzingen gegen einen bislang unbekannten Autofahrer.<\/p>\n\n\n\n<p>Eine 21-j\u00e4hrige Autofahrerin erstattete am Freitagabendabend in Schwetzingen Anzeige und teilte folgendes mit: die 19-J\u00e4hrige fuhr am Freitagnachmittag mit ihrem Mercedes der A-Klasse in Mannheim auf der Zielstra\u00dfe in Richtung Herzogenriedstra\u00dfe. Kurz nach 15 Uhr musste sie an der Einm\u00fcndung Ulmenweg an einer roten Ampel anhalten. Ein nachfolgender Autofahrer erkannte dies offenbar zu sp\u00e4t und fuhr auf den Mercedes auf. Dabei entstand ein Sachschaden von mehreren tausend Euro. Der Unbekannte setzte seine Fahrt offenbar sogleich fort, sodass die 19-J\u00e4hrige keinen eindeutigen Hinweis auf dessen Fahrzeug, an dem ebenfalls deutliche Unfallspuren im Frontbereich vorhanden sein m\u00fcssten, geben konnte.<\/p>\n\n\n\n<p>Zum Zeitpunkt des Unfalls herrschte jedoch in der Zielstra\u00dfe ein starker Fahrzeugverkehr, sodass eine hohe Wahrscheinlichkeit bestehen d\u00fcrfte, dass der Unfall beobachtet worden sein d\u00fcrfte. Diese wichtigen Zeugen werden gebeten, sich mit dem Polizeirevier Schwetzingen, Tel.: 06202\/288-0 in Verbindung zu setzen.<\/p>\n\n\n\n<h4 class=\"wp-block-heading\">(Mannheim-Innenstadt) &#8211; Radfahrer kollidiert mit Fu\u00dfg\u00e4nger in der Fressgasse \/ Eine Person leicht verletzt<\/h4>\n\n\n\n<p>Am Montagmorgen gegen 9.45 Uhr kam es in der Fressgasse zu einem Verkehrsunfall zwischen einem Radfahrer und einem Fu\u00dfg\u00e4nger. Beim \u00dcberholen eines M\u00fcllfahrzeuges in H\u00f6he des Quadrates P 7 stie\u00df ein Radfahrer mit einem Fu\u00dfg\u00e4nger zusammen. Bei der Kollision zog sich der Fu\u00dfg\u00e4nger leichte Verletzungen an Brustkorb und Knie zu, die medizinisch versorgt werden mussten. Er wurde mit einem Rettungswagen in eine nahegelegene Klinik gebracht. Das Fahrrad des Unfallverursachers war nicht mehr fahrbereit, der Radfahrer selbst blieb unverletzt. Die H\u00f6he des entstandenen Sachschadens ist derzeit noch nicht bekannt.<\/p>\n\n\n\n<h4 class=\"wp-block-heading\">(Mannheim-Wohlgelegen) &#8211; Einbruch in Zweiradwerkstatt \/ Polizei sucht Zeugen<\/h4>\n\n\n\n<p>Am fr\u00fchen Samstagmorgen brachen ein unbekannter T\u00e4ter in eine Zweiradwerkstatt im Stadtteil Wohlgelegen ein. Der Einbrecher hebelte kurz nach drei Uhr im Hof des Anwesens in der K\u00e4fertaler Stra\u00dfe das Toilettenfenster am Werkstattgeb\u00e4ude auf und stieg in das Geb\u00e4udeinnere. Hier brach der zun\u00e4chst die verschlossene Toilettent\u00fcr auf, bevor er sich in die Werkstatt begab. In dem Moment als er an einem Werkzeugwagen eine Schublade \u00f6ffnete, l\u00f6ste die Alarmanlage in der Werkstatt aus. Daraufhin lie\u00df der T\u00e4ter von der weiteren Tatausf\u00fchrung ab und fl\u00fcchtete ohne Beute vom Tatort.<\/p>\n\n\n\n<p>Zeugen, die verd\u00e4chtige Wahrnehmungen gemacht haben und sachdienliche Hinweise geben k\u00f6nnen, werden gebeten, sich beim Polizeirevier Mannheim-Neckarstadt, Tel.: 0621\/3301-0 zu melden.<\/p>\n\n\n\n<h4 class=\"wp-block-heading\">(Mannheim-Schwetzingerstadt) &#8211; \u00dcber Rot gefahren und Unfall verursacht<\/h4>\n\n\n\n<p>Am Sonntag, gegen 10:45 Uhr, bog eine 62-j\u00e4hrige VW-Fahrerin vom Carl-Rei\u00df-Platz trotz einer Rotphase ihrer Ampelanlage links in die Augustaanlage ein und kollidierte mit einem 21-j\u00e4hrigen Smart-Fahrer, welcher auf der Augustaanlage in Richtung Wasserturm unterwegs war. Hierdurch geriet der Smart ins Schleudern, fuhr gegen einen Pfosten, riss diesen aus der Verankerung und kam auf dem Mittelstreifen an einem Baum zum Stehen. Der Smart-Fahrer wurde durch den Unfall leicht verletzt. Beide Fahrzeuge mussten abgeschleppt werden. Es entstand ein Gesamtschaden von mehr als 8000 Euro.<\/p>\n\n\n\n<h4 class=\"wp-block-heading\">(Mannheim-Luzenberg) &#8211; Unter Drogeneinfluss mit dem Auto unterwegs.<\/h4>\n\n\n\n<p>Ein 18-j\u00e4hriger Autofahrer war am fr\u00fchen Sonntagmorgen im Stadtteil Luzenberg unter Drogeneinfluss mit dem Auto unterwegs. Einer Polizeistreife fiel der Opel Corsa, der mit drei Personen besetzt war, gegen 0.30 Uhr in der Sandhofer Stra\u00dfe fahrend auf und wurde gestoppt. Bei der Kontrolle bemerkten die Beamten deutlichen Marihuana-Geruch, der aus dem Auto nach drau\u00dfen drang, und beim 18-j\u00e4hrigen Fahrer deutliche Anzeichen f\u00fcr Drogenkonsum. Zudem hatte der junge Mann eine kleinere Menge Marihuana bei sich. Im Kofferraum des Opel konnten zudem Kennzeichen, die als gestohlen gemeldet waren, aufgefunden werden. Gegen den 18-J\u00e4hrigen wird nun wegen Drogenbesitzes, Fahrens unter Drogeneinflusses und Verdacht des Diebstahls ermittelt.<\/p>\n\n\n\n<p>Bei einem ebenfalls 18-j\u00e4hrigen Mitfahrer im Opel wurde ebenfalls eine Kleinmenge Marihuana gefunden, weshalb dieser ebenfalls wegen Drogenbesitzes zur Anzeige gelangt.<\/p>\n\n\n\n<p>Da das Auto mit drei Personen besetzt war, die alle aus verschiedenen Haushalten stammten, wurde gegen das Trio zus\u00e4tzlich eine Anzeige wegen Versto\u00dfes gegen die Corona-Verordnung an die zust\u00e4ndige Bu\u00dfgeldstelle vorgelegt.<\/p>\n\n\n\n<h4 class=\"wp-block-heading\">(Mannheim-Almenhof) &#8211; Unbekannte entwenden zwei hochwertige Fahrr\u00e4der aus Kellerraum<\/h4>\n\n\n\n<p>Am fr\u00fchen Dienstagmorgen gegen 04:45 Uhr entwendeten bislang unbekannte T\u00e4ter in der M\u00f6nchw\u00f6rthstra\u00dfe zwei hochwertige Fahrr\u00e4der aus einem Kellerraum. Wie die T\u00e4ter in den Kellerraum gelangten ist derzeit noch unbekannt. Ein Anwohner vernahm zum Tatzeitpunkt Ger\u00e4usche im Treppenhaus und stellte kurze darauf das Fehlen der R\u00e4der fest. Bei den Fahrr\u00e4dern handelt es sich um zwei Mountainbikes der Marke &#8222;Stevens&#8220; im Wert von mehreren tausend Euro. Zeugen, die verd\u00e4chtige Wahrnehmungen gemacht haben, werden gebeten, sich unter der Telefonnummer 0621\/83397-0 beim Polizeirevier Mannheim-Neckarau zu melden.<\/p>\n\n\n\n<h4 class=\"wp-block-heading\">(Mannheim-Neckarau) &#8211; Verkehrsunfallflucht \/ Unbekannter besch\u00e4digt Pkw &#8211; Polizei sucht Zeugen<\/h4>\n\n\n\n<p>Ein unbekannter Verkehrsteilnehmer besch\u00e4digte in der Zeit von Freitag, 27.11.2020, 18 Uhr und Samstag, 28.11.2020, 16 Uhr einen Pkw der Marke Smart, der am rechten Fahrbahnrand in der Strahlenburgstra\u00dfe geparkt war. Ohne seiner Pflicht nachzukommen, den Unfall anzuzeigen, verlie\u00df der Unbekannte, der vermutlich aus der Stra\u00dfe Am Waldrand in die Strahlenburgstra\u00dfe eingefahren war, anschlie\u00dfend die Unfallstelle. Der Schaden des nicht mehr fahrbereiten Smarts an der hinteren Sto\u00dfstange und am linken Hinterreifen wird auf ca. 2000 Euro gesch\u00e4tzt. Zeugen, die sachdienliche Angaben zum Unfallhergang oder zu dem unbekannten Unfallverursacher geben k\u00f6nnen, werden gebeten, sich mit dem Polizeirevier Mannheim-Neckarau, Telefon 0621\/83397-0, in Verbindung zu setzen.<\/p>\n\n\n\n<h4 class=\"wp-block-heading\">(Mannheim-Neuostheim) &#8211; In den Gegenverkehr geraten<\/h4>\n\n\n\n<p>Ein 42-j\u00e4hriger BMW-Fahrer geriet am Montagmorgen im Stadtteil Neuostheim w\u00e4hrend der Fahrt in den Gegenverkehr und prallte mit einem entgegenkommenden Mercedes zusammen. Der 42-J\u00e4hrige war kurz vor acht Uhr mit seinem BWM in der Seckenheimer Landstra\u00dfe stadtausw\u00e4rts unterwegs. Aufgrund der K\u00e4lte beschlug dessen Frontscheibe und behinderte seine Sicht. Hierdurch geriet er in einer Rechtskurve in den Gegenverkehr und stie\u00df frontal mit einem entgegen kommenden 36-j\u00e4hrigen Mercedes-Fahrer zusammen. Beide Fahrer kamen mit dem Schrecken davon und blieben unverletzt. Beide Fahrzeuge waren so stark besch\u00e4digt, dass sie abgeschleppt werden mussten. Der Sachschaden wird auf rund 10.000 Euro gesch\u00e4tzt.<\/p>\n\n\n\n<h4 class=\"wp-block-heading\">(Mannheim-Feudenheim) &#8211; Autofahrer unter Drogeneinfluss mit Stra\u00dfenbahn kollidiert<\/h4>\n\n\n\n<p>Am Samstag, gegen 18:30 Uhr, fuhr ein 25-j\u00e4hriger Mercedes-Fahrer auf der Feudenheimer Stra\u00dfe stadtausw\u00e4rts, als er im Bereich der Haltestelle Sellweiden an einer Ampelanlage wenden wollte. Hierbei kollidierte er mit der parallel in gleiche Richtung fahrenden Stra\u00dfenbahn. Welcher der Unfallbeteiligten die Kollision verursacht hat, ist Gegenstand der Ermittlungen. W\u00e4hrend der Unfallaufnahme stellten die Polizeibeamten Auff\u00e4lligkeiten bei dem Autofahrer fest, welche auf den Konsum von Bet\u00e4ubungsmitteln schlie\u00dfen lie\u00dfen. Deshalb wurde diesem auf dem Polizeirevier eine Blutprobe entnommen. Das Auto musste abgeschleppt werden. Durch den Unfall entstand ein Schaden von mehreren tausend Euro. Zeugen, die den Unfall beobachtet haben, werden gebeten, sich unter der Telefonnummer 0621\/174-4111 beim Verkehrsdienst Heidelberg zu melden.<\/p>\n\n\n\n<h4 class=\"wp-block-heading\">(Mannheim-Gartenstadt) &#8211; Pkw-Anh\u00e4nger entwendet und auf fremden Grundst\u00fcck abgestellt \/ Polizei sucht Zeugen<\/h4>\n\n\n\n<p>Unbekannte entwendeten in der Zeit zwischen Freitag 12 Uhr und Montag 10 Uhr einen Pkw-Anh\u00e4nger, der in der Karlsternstra\u00dfe an der Einm\u00fcndung zur Stra\u00dfe M\u00e4rker Querschlag am Fahrbahnrand abgestellt war. Der Anh\u00e4nger im Wert von ca. 400 Euro wurde zwischenzeitlich wieder aufgefunden. Ein Zeuge verst\u00e4ndigte am Montagmorgen die Polizei, nachdem er den Anh\u00e4nger auf seinem Grundst\u00fcck festgestellt hatte. Das Fahrzeug wurde abgeschleppt und der Besitzer wurde in Kenntnis gesetzt. Es ist nicht bekannt, ob es sich hier um einen &#8222;Dumme-Jungen-Streich&#8220; handelt oder ob dem Unbekannten Diebstahlsabsicht unterstellt werden kann. Zeugen, die dazu sachdienliche Angaben machen k\u00f6nnen, melden sich bitte beim Polizeirevier Mannheim-Sandhofen, Telefon: 0621\/77769-0.<\/p>\n\n\n\n<h4 class=\"wp-block-heading\">(Mannheim-Sandhofen) &#8211; Vorfahrt missachtet und Unfall verursacht<\/h4>\n\n\n\n<p>Eine verletzte Beteiligte und Sachschaden in H\u00f6he von rund 15.000 Euro ist das Ergebnis eines Verkehrsunfalls am fr\u00fchen Montagnachmittag im Stadtteil Sandhofen. Eine 76-j\u00e4hrige Frau war kurz vor 14 Uhr mit ihrem Kia auf der Priebuser Stra\u00dfe in Richtung Spinnereistra\u00dfe unterwegs. An der Kreuzung zur B\u00fcrstadter Stra\u00dfe missachtete er die Vorfahrt eines 53-j\u00e4hrigen Renault-Fahrers, der auf der B\u00fcrstadter Stra\u00dfe in Richtung Altrheinbr\u00fccke unterwegs war. Im Kreuzungsbereich kam es zum Zusammensto\u00df der beiden Fahrzeuge. Der Kia wurde nach dem Aufprall um 90 Grad nach rechts gedreht und kam dann zum Stehen. Die Fahrerin des Kia erlitt leichte Verletzungen und wurde zur Behandlung in ein Krankenhaus eingeliefert. Beide Fahrzeuge waren nicht mehr fahrbereit und mussten abgeschleppt werden. W\u00e4hrend der Unfallaufnahme musste die Spinnereistra\u00dfe und ein Fahrstreifen der B\u00fcrstadter Stra\u00dfe gesperrt werden. Im Anschluss an die Unfallaufnahme musste die Fahrbahn wegen ausgelaufener Betriebsstoffe gereinigt werden. Es ergaben sich keine nennenswerten Verkehrsbeeintr\u00e4chtigungen.<\/p>\n\n\n\n<h4 class=\"wp-block-heading\">(Mannheim \/ Heidelberg \/ Rhein-Neckar-Kreis) &#8211; Witterungsbedingte Unf\u00e4lle<\/h4>\n\n\n\n<p>Aufgrund des Wintereinbruchs mit starken Schneef\u00e4llen h\u00e4uften sich im Zust\u00e4ndigkeitsbereich des Polizeipr\u00e4sidiums Mannheim in der Nacht von Montag auf Dienstag sowie am Dienstagmorgen die gl\u00e4ttebedingten Verkehrsunf\u00e4lle. Mit Einsetzten des Schneefalls am Montag gegen 23 Uhr bis 9 Uhr am Dienstagmorgen, insbesondere mit Beginn des Berufsverkehrs ab 5 Uhr, ereigneten sich rund 30 Unf\u00e4lle, die auf Schneegl\u00e4tte zur\u00fcckzuf\u00fchren sind. Dabei entstand Sachschaden in H\u00f6he von mindestens 100.000 Euro. Nach derzeitigem Erkenntnisstand gab es dabei keine Verletzten.<\/p>\n\n\n\n<p>Schwerpunkte waren neben dem Raum Mannheim (6), der s\u00fcdliche und s\u00fcdwestliche Rhein-Neckar-Kreis mit einer Unfallh\u00e4ufung in Sandhausen (4):<\/p>\n\n\n\n<ul><li>Mannheim: 6<\/li><li>Heidelberg: 2<\/li><li>Sandhauen: 4<\/li><li>Leimen, Mauen, Meckesheim, Nu\u00dfloch: jeweils 1 Unfall<\/li><li>Br\u00fchl, Neulu\u00dfheim, Hockenheim, Reilingen: jeweils 1 Unfall<\/li><li>Sinsheim: 2<\/li><li>Wiesloch\/Rauenberg: 3 <\/li><\/ul>\n\n\n\n<p>Im Zusammenhang mit der Schneegl\u00e4tte ereigneten sich zwei nicht allt\u00e4gliche Verkehrsunf\u00e4lle:<\/p>\n\n\n\n<p>Glimpflich ging ein Schulbusunfall auf der K 4160 zwischen Gauangelloch und Bammental vonstatten. Der mit rund 50 Sch\u00fclern voll besetzte Schulbus geriet gegen 7.45 Uhr auf der Gef\u00e4llstrecke kurz vor dem Ortseingang von Bammental in Schleudern, prallte mit der rechten Fahrzeugseite in die Leitplanken und blieb dort liegen. Durch die blockierten T\u00fcren war ein Verlassen des Busses nicht m\u00f6glich, sodass die Sch\u00fcler bis zur ihrer Bergung rund eine Stunde im Bus verharren mussten. Die Stra\u00dfe zwischen Gauangelloch und Bammental war bis gegen 9 Uhr in beiden Richtungen voll gesperrt. Die Unfallaufnahme und die Bergungsarbeiten wurden dadurch noch erschwert, dass sich ein 40 Tonner am Ortsausgang von Bammental an der Steigungsstrecke festgefahren hatte und nichts mehr ging, weder vor noch zur\u00fcck. So mussten neben den Besch\u00e4ftigten des Bauhofes auch Beamte des Reviers Neckargem\u00fcnd beim Bergen beider Schwerfahrzeuge Hand anlegen. Verletzt wurde niemand. Der Sachschaden wird auf rund 10.000.- Euro veranschlagt.<\/p>\n\n\n\n<p>In Mauer prallte ein Autofahrer gegen eine Garage und fuhr einfach weiter. Der zun\u00e4chst unbekannter Autofahrer prallte in der Stra\u00dfe &#8222;Am Bahndamm&#8220; gegen ein Garagentor und fuhr anschlie\u00dfend weiter. Nachdem der Schaden kurz nach 9 Uhr entdeckt wurde, fahndete die Streife nach dem Fahrzeug. Den Teilspuren folgend, stellten sie schlie\u00dflich das gesuchte Fahrzeug im Industriegebiet fest. Wegen des Verdachts der Unfallflucht laufen nun die Ermittlungen gegen den verantwortlichen Fahrer. Der Gesamtschaden liegt bei rund 3.000.- Euro.<\/p>\n\n\n\n<h4 class=\"wp-block-heading\">(Heidelberg) &#8211; Verkehrsunfall zwischen Rad- und Autofahrer \/ 35-J\u00e4hriger leicht verletzt &#8211; Unfallbeteiligter und Zeugen gesucht<\/h4>\n\n\n\n<p>Wie der Polizei erst nachtr\u00e4glich mitgeteilt wurde, kam es am Freitag (27.11.2020) gegen 10.30 Uhr an der Einm\u00fcndung Baumschulenweg\/Speyerer Stra\u00dfe zu einem Verkehrsunfall, bei dem ein 35-j\u00e4hriger Radfahrer leicht verletzt wurde. Der Radfahrer gab an, dass er vom Baumschulenweg bei gr\u00fcner Fahrradampel die Speyerer Stra\u00dfe \u00fcberqueren wollte und es dabei zum Zusammensto\u00df mit einem rechts abbiegenden Autofahrer gekommen sei. Der Radler st\u00fcrzte dabei zu Boden. Der Autofahrer hielt an und erkundigte sich, ob alles in Ordnung sei. Nachdem der Gest\u00fcrzte die best\u00e4tigte, fuhr der Autofahrer weiter. Erst sp\u00e4ter traten Schmerzen auf, so dass sich der 35-J\u00e4hrige in \u00e4rztliche Behandlung ergab. Bei dem Auto soll es sich um dunklen Kombi gehandelt haben, am Steuer soll ein ca. 50 Jahre alter Fahrer gesessen haben. Der beteiligte Autofahrer bzw. Zeugen, die den Unfall beobachtet haben und sachdienliche Angaben machen k\u00f6nnen, werden gebeten, sich unter Telefon 06221\/99-1700 beim Polizeirevier Heidelberg-Mitte zu melden.<\/p>\n\n\n\n<h4 class=\"wp-block-heading\">(Heidelberg) &#8211; 24-j\u00e4hrige Frau wegen Verdachts des Diebstahls im besonders schweren Fall in Haft \/ Polizei sucht Zeugen <\/h4>\n\n\n\n<h4 class=\"wp-block-heading\">Pressemeldung Nr. 2<\/h4>\n\n\n\n<p>Wie bereits berichtet, wurde am Freitag, 27.11.2020 auf Antrag der Staatsanwaltschaft Heidelberg durch das Amtsgericht Heidelberg Untersuchungshaftbefehl gegen eine 24-j\u00e4hrige Frau aus Bulgarien erlassen. Sie steht im dringenden Verdacht, mindestens zwei Diebst\u00e4hle in Heidelberg begangen zu haben.<\/p>\n\n\n\n<p>Sie soll unter anderem am 25.11.2020 gegen 15.30 Uhr versucht haben, einer bislang unbekannten Gesch\u00e4digten in einem Bekleidungsgesch\u00e4ft in der Heidelberger Hauptstra\u00dfe den Geldbeutel aus deren Rucksack zu entwenden. Da diese jedoch dessen Vorhaben bemerkt hatte, lie\u00df er von der weiteren Tatausf\u00fchrung ab.<\/p>\n\n\n\n<p>Die Ermittler des Polizeireviers Heidelberg-Mitte suchen nun die Dame, die die 24-J\u00e4hrige versucht hat zu bestehlen und bittet die Dame, sich beim Polizeirevier Heidelberg-Mitte, Tel.: 06221\/99-1700 zu melden.<\/p>\n\n\n\n<h4 class=\"wp-block-heading\">(Heidelberg-Weststadt) &#8211; Einbr\u00fcche im Stadtteil Weststadt \/ Polizei sucht Zeugen<\/h4>\n\n\n\n<p>Hochwertige Elektronik-Ger\u00e4te erbeuteten unbekannte T\u00e4ter in der Nacht von Samstag auf Sonntag bei zwei Einbr\u00fcchen im Stadtteil Weststadt.<\/p>\n\n\n\n<p>In der Landhausstra\u00dfe schlugen die Einbrecher an der Geb\u00e4uder\u00fcckseite eines Mehrfamilienanwesens ein Loch in das Schlafzimmerfenster und stiegen in eine Wohnung ein. Die T\u00e4ter begaben sie anschlie\u00dfend ins Wohnzimmer und lie\u00dfen dort neben einem Apple Mac-Book ein Tablet-PC, eine Smartwatch sowie eine Sonnenbrille mitgehen.<\/p>\n\n\n\n<p>Bei einem weiteren Einbruch in eine Wohnung in der Dantestra\u00dfe wurde der Einbrecher von der Bewohnerin \u00fcberrascht. Er nahm das Apple Mac-Book der Gesch\u00e4digten unter den Arm, sprang vom Balkon drei Meter nach unten in den Innenhof des Anwesens und fl\u00fcchtete schlie\u00dflich durch den Garten in unbekannte Richtung. Zur Verhinderung der Flucht hatte die Bewohnerin noch eine Milchpackung nach dem Einbrecher. Obwohl diese ihr Ziel traf und am Kopf des Fl\u00fcchtenden zerplatzte, lie\u00df sich dieser nicht aufhalten.<\/p>\n\n\n\n<p>Der Einbrecher wird wie folgt beschrieben:<\/p>\n\n\n\n<ul><li>M\u00e4nnliche Person<\/li><li>\u00dcber 180 cm gro\u00df<\/li><li>Dunkle Bekleidung<\/li><li>Dunkle Basecap <\/li><\/ul>\n\n\n\n<p>Aufgrund der zeitlichen und r\u00e4umlichen N\u00e4he der beiden Taten sowie des gleichartigen Diebesgutes ist von einem Tatzusammenhang auszugehen. Die Ermittlungen hierzu dauern an.<\/p>\n\n\n\n<p>Zeugen, die verd\u00e4chtige Wahrnehmungen gemacht haben und sachdienliche Hinweise geben k\u00f6nnen, werden gebeten, sich beim Polizeirevier Heidelberg-Mitte, Tel.: 06221\/99-1700 zu melden.<\/p>\n\n\n\n<h4 class=\"wp-block-heading\">(Heidelberg-Handschuhsheim) &#8211; Einbr\u00fcche in Gartenh\u00fctten \/ Zeugen gesucht<\/h4>\n\n\n\n<p>In der Zeit zwischen 22.11.2020 und 29.11.2020 brachen unbekannte T\u00e4ter in mehrere Gartenh\u00fctten im Stadtteil Neuenheim ein.<\/p>\n\n\n\n<p>Die Einbrecher drangen in den Gewannen Fischpfad und Entensee in insgesamt sieben Gartenh\u00fctten ein und entwendeten daraus verschiendenste Werkzeuge und ein Stromaggregat. Dabei entstand ein Gesamtschaden in H\u00f6he von mehreren hundert Euro.<\/p>\n\n\n\n<p>Zeugen, die verd\u00e4chtige Wahrnehmungen gemacht haben und sachdienliche Hinweise geben k\u00f6nnen, werden gebeten, sich beim Polizeirevier Heidelberg-Nord, Tel.: 06221\/4569-0 zu melden.<\/p>\n\n\n\n<h4 class=\"wp-block-heading\">(Hockenheim \/ Rhein-Neckar-Kreis) &#8211; Sattelzug wegen Schneegl\u00e4tte in die Leitplanken geprallt<\/h4>\n\n\n\n<p>Am Dienstagmorgen prallte ein 50-j\u00e4hriger Mann mit seinem Sattelzug auf der B 39 bei Hockenheim in die Leitplanken. Der Mann war gegen 5.20 Uhr mit seinem Sattelzug auf der B 39 in Richtung Schwetzingen unterwegs. Kurz nach der Ausfahrt Hockenheim-Mitte verlor er aufgrund der Schneegl\u00e4tte die Kontrolle \u00fcber sein Fahrzeug, kam nach links von der Fahrbahn ab und prallte in die Leitplanken. Dabei entstand Sachschaden von rund 10.000 Euro am Sattelzug. Die Leitplanken wurden auf einer L\u00e4nge von rund 10 Meter besch\u00e4digt.<\/p>\n\n\n\n<h4 class=\"wp-block-heading\">(Hockenheim-Talhaus \/ Rhein-Neckar-Kreis) &#8211; Mehrere Tonnen Kupferkabel gestohlen \/ Polizei sucht Zeugen<\/h4>\n\n\n\n<figure class=\"wp-block-image\"><img decoding=\"async\" loading=\"lazy\" width=\"800\" height=\"532\" src=\"https:\/\/speyer24news.com\/wp-content\/uploads\/2020\/12\/copper-1504098_1920.jpg\" alt=\"\" class=\"wp-image-31427\" srcset=\"https:\/\/speyer24news.com\/wp-content\/uploads\/2020\/12\/copper-1504098_1920.jpg 800w, https:\/\/speyer24news.com\/wp-content\/uploads\/2020\/12\/copper-1504098_1920-300x200.jpg 300w, https:\/\/speyer24news.com\/wp-content\/uploads\/2020\/12\/copper-1504098_1920-768x511.jpg 768w\" sizes=\"(max-width: 800px) 100vw, 800px\" \/><\/figure>\n\n\n\n<p>Unbekannte T\u00e4ter entwendeten in der Zeit zwischen Samstagnachmittag, 28.11.2020 und Montagmorgen, 30.11.2020 von einem Abrissobjekt in Hockenheim-Talhaus mehrere Tonnen Kupferkabel und Kupferplatten. Die Einbrecher brachen das mit einer dicken Gliederkette und Schloss gesicherte Eingangstor des Betriebsgel\u00e4ndes auf und drangen in eine ehemalige Fabrikationshalle ein. Hier entnahmen sie aus s\u00e4mtlichen Kabelkan\u00e4len und Maschinenr\u00e4umen die verlegten Starkstromkabel und mehrere Kupferplatten. Nach derzeitigem Kenntnisstand handelt es sich um rund 10 Tonnen Kuperkabel und mehrere Vollmaterial-Kupferplatten. Aufgrund der Gr\u00f6\u00dfe und dem Gewicht des Diebesgutes ist davon auszugehen, dass es sich um mehrere Einbrecher handelte, die ihre Beute mit einem gr\u00f6\u00dferen Lkw abtransportiert haben. Der Ausbau und Abtransport d\u00fcrfte sich \u00fcber einen l\u00e4ngeren Zeitraum erstreckt haben. Der Schaden wird auf rund 50.000 Euro gesch\u00e4tzt.<\/p>\n\n\n\n<p>Zeugen, die verd\u00e4chtige Wahrnehmungen gemacht haben und sachdienliche Hinweise geben k\u00f6nnen, werden gebeten, sich beim Polizeirevier Hockenheim, Tel.: 06205\/2860-0 zu melden.<\/p>\n\n\n\n<h4 class=\"wp-block-heading\">(Hockenheim \/ Rhein-Neckar-Kreis) &#8211; Unbekannter entwendet E-Bike \/ Zeugen gesucht!<\/h4>\n\n\n\n<p>Ein oder mehrere unbekannte T\u00e4ter entwendeten in der Zeit von Montag 23.11.2020, 15 Uhr und Samstag 28.11.2020, 13 Uhr ein hochwertiges E-Bike der Marke KTM aus der Hofeinfahrt eines Anwesens in der Karlsruher Stra\u00dfe. Das schwarz-blau-wei\u00dfe E-Bike war mit einem soliden Schloss gesichert. Zeugen, die sachdienliche Hinweise auf die unbekannten T\u00e4ter bzw. den Verbleib des Fahrrades geben k\u00f6nne, melden sich bitte beim Polizeirevier Hockenheim, Telefon 06205\/2860-0.<\/p>\n\n\n\n<h4 class=\"wp-block-heading\">(Reilingen \/ Rhein-Neckar-Kreis) &#8211; Sattelzug beim Abbiegen ausgeschwenkt und mit vorbeifahrendem Auto kollidiert<\/h4>\n\n\n\n<p>Am Montag gegen 09:15 Uhr bog ein 52-j\u00e4hriger Sattelzugfahrer von der L560 an der zweispurigen Abfahrt links auf die L723 in Richtung Speyer ab, als dessen Heck ausscherte und einen Audi touchierte, welcher rechts in Richtung Reilingen abbiegen wollte. An den Fahrzeugen entstand ein Sachschaden von mehreren tausend Euro. Durch die Kollision lie\u00df sich die Fahrert\u00fcr des Audis nicht mehr \u00f6ffnen. Eine zuf\u00e4llig vorbeifahrende Rettungswagenbesatzung konnte die 59-j\u00e4hrige Audifahrerin \u00fcber die R\u00fcckbank befreien. Verletzt wurde bei dem Unfall niemand. Der Audi musste jedoch abgeschleppt werden.<\/p>\n\n\n\n<h4 class=\"wp-block-heading\">(Nu\u00dfloch \/ Rhein-Neckar-Kreis) &#8211; Unfall im Begegnungsverkehr; zwei Verletzte; B 3 zeitweise voll gesperrt<\/h4>\n\n\n\n<p>Am Montagmorgen kam es auf der B 3, zu einem Verkehrsunfall, bei dem zwei Personen verletzt wurden.<\/p>\n\n\n\n<p>Gegen 7.30 Uhr war ein 18-j\u00e4hriger BMW-Fahrer auf der B 3 in Richtung Wiesloch unterwegs, als er in H\u00f6he der Abfahrt Nu\u00dfloch aus bislang unbekannten Gr\u00fcnden auf die Gegenfahrbahn geriet und seitlich mit einem entgegenkommenden 70-j\u00e4hrigen Citroen-Fahrer kollidierte.<\/p>\n\n\n\n<p>Beide Autofahrer wurden mit Rettungswagen zur Untersuchung in eine Klinik gebracht; ihre Fahrzeuge sind Totalschaden und wurden abgeschleppt. Der Sachschaden betr\u00e4gt nach ersten Sch\u00e4tzungen rund 15.000.- Euro.<\/p>\n\n\n\n<p>W\u00e4hrend der Unfallaufnahme, die bis kurz vor 10.30 Uhr dauerte, wurde die B 3 kurzfristig in beide Richtungen voll gesperrt. Der Verkehr wurde anschlie\u00dfend einspurig an der Unfallstelle vorbeigeleitet. Es bildete sich zeitweise ein l\u00e4ngerer R\u00fcckstau in beide Richtungen.<\/p>\n\n\n\n<p>Eine Fachfirma war zur Reinigung der Fahrbahn im Einsatz.<\/p>\n\n\n\n<h4 class=\"wp-block-heading\">(Wiesloch \/ Rhein-Neckar-Kreis) &#8211; Verkehrsunfall \/ Unbekannter besch\u00e4digt BMW und fl\u00fcchtet &#8211; Polizei sucht Zeugen<\/h4>\n\n\n\n<p>Ein Unbekannter besch\u00e4digte am Freitagabend zwischen 20 und 21 Uhr einen 3er BMW, der auf dem Parkplatz eines Lebensmittelmarktes in der Walldorfer Stra\u00dfe abgestellt war. Ohne seiner Warte- bzw. Feststellungspflicht nachzukommen, entfernte er sich anschlie\u00dfend von der Unfallstelle. Der Schaden an der Hecksto\u00dfstange des BMW wird auf ca. 3000 Euro gesch\u00e4tzt. Zeugen, die sachdienliche Angaben zum Unfallhergang oder zu dem unbekannten Unfallverursacher geben k\u00f6nnen, werden gebeten, sich mit dem Polizeirevier Wiesloch, Telefon 06222\/5709-0, in Verbindung zu setzen.<\/p>\n\n\n\n<h4 class=\"wp-block-heading\">(Rauenberg \/ Rhein-Neckar-Kreis) &#8211; Rollerfahrer fl\u00fcchtet nach Sturz von der Unfallstelle \/ Auto besch\u00e4digt &#8211; weitere Zeugen gesucht<\/h4>\n\n\n\n<p>Zeugen eines Verkehrsunfalls, der sich am Montag kurz nach 14 Uhr in der Wieslocher Stra\u00dfe\/Franken\u00e4cker ereignete, sucht die Polizei. Der bislang unbekannte Fahrer eines schwarzen Motorrollers war zusammen mit einem Sozius vom Kreisverkehr Wieslocher Stra\u00dfe in die Stra\u00dfe Franken\u00e4cker eingebogen. Dabei kam er aufgrund zu hoher Geschwindigkeit ins Schleudern und der Fahrer und der Beifahrer st\u00fcrzten vom Roller. Der Roller kollidierte mit einem am rechten Stra\u00dfenrand geparkten Ford Focus. Der Fahrer hob den Roller sofort wieder auf und entfernte sich von der Unfallstelle. Der Sozius fl\u00fcchtete zu Fu\u00df in die Stra0e &#8222;Wei\u00dfenberg&#8220;. Es soll sich um zwei dunkel gekleidete Jugendliche gehandelt haben, der Fahrer trug keinen Helm und hatte schwarze, lockige Haare. Weitere Zeugen, die sachdienliche Hinweise geben k\u00f6nnen, werden gebeten sich unter Telefon 06222\/57090 beim Polizeirevier Wiesloch zu melden.<\/p>\n\n\n\n<h4 class=\"wp-block-heading\">(Rauenberg \/ Rhein-Neckar-Kreis) &#8211; Verkehrsunfall \/ Radfahrerin schwer verletzt &#8211; Polizei sucht Zeugen<\/h4>\n\n\n\n<p>An der Parkplatzausfahrt eines Einkaufscenters in der Stra\u00dfe Franken\u00e4cker kam es am Samstag gegen 10:45 Uhr zu einem Verkehrsunfall unter Beteiligung eines Autofahrers und einer Radfahrerin. Der BMW-Fahrer, der den Parkplatz ohne gen\u00fcgend auf den Verkehrsraum zu achten verlie\u00df, kollidierte mit der Radfahrerin, die mit ihrem Trekkingrad verbotswidrig auf dem Gehweg in Richtung Kreisverkehr fuhr. Die Radfahrerin wurde schwer verletzt. Sie wurde an der Unfallstelle durch einen Notarzt erstversorgt und anschlie\u00dfend in eine nahegelegene Klinik gebracht. Sie erlitt eine Unterschenkelfraktur. Eine station\u00e4re Aufnahme war angezeigt. Zeugen, die sachdienliche Angaben zum Unfallhergang geben k\u00f6nnen, werden gebeten, sich mit dem Verkehrsdienst Heidelberg, Telefon 0621\/174-4111, in Verbindung zu setzen.<\/p>\n\n\n\n<h4 class=\"wp-block-heading\">(Sinsheim \/ Rhein-Neckar-Kreis) &#8211; LKW verursacht Unfall und fl\u00fcchtet \/ Zeugen gesucht!<\/h4>\n\n\n\n<p>Am Montag gegen 10:20 Uhr fuhr ein bislang unbekannter LKW-Fahrer mit einem gelben LKW auf der L550 von Sinsheim in Richtung Weiler, als er in einer Kurve auf die Gegenfahrbahn geriet. Ein entgegenkommender Sprinter-Fahrer musste hierdurch abbremsen. Aufgrund glatter Fahrbahn gelang es einer nachfolgenden 51-j\u00e4hrigen Volvo-Fahrerin nicht mehr rechtzeitig zu bremsen und fuhr auf den Mercedes auf. Durch den Unfall wurde die Volvo-Fahrerin leicht verletzt. Der LKW setzte seinen Weg fort, ohne seinen Pflichten als Unfallbeteiligter nachzukommen. Der Volvo musste abgeschleppt werden. Durch den Unfall entstand ein Schaden von weit \u00fcber 10.000 Euro. Zeugen, die den Unfall beobachtet haben oder Hinweise auf den LKW geben k\u00f6nnen, werden gebeten, sich unter der Telefonnummer 07261\/690-0 beim Polizeirevier Sinsheim zu melden.<\/p>\n\n\n\n<h4 class=\"wp-block-heading\">(Sinsheim \/ Rhein-Neckar-Kreis) &#8211; Autofahrer kommt von Stra\u00dfe ab und f\u00e4hrt in Mauer<\/h4>\n\n\n\n<p>Am Montag gegen 07:00 Uhr fuhr ein 63-j\u00e4hriger Skoda-Fahrer auf der B39 von Angelbachtal in Richtung D\u00fchren, als er kurz nach dem Ortseingang Eschelbach nach links von der Fahrbahn abkam, mit einer Stra\u00dfenlaterne kollidierte und an der Mauer eines Anwesens zum Stehen kam. Durch den Aufprall wurde der Skoda-Fahrer leicht verletzt und mit einem Rettungswagen in ein nahegelegenes Krankenhaus verbracht. Es entstand ein Schaden von mehreren tausend Euro.<\/p>\n\n\n\n<h4 class=\"wp-block-heading\">(Sinsheim \/ Rhein-Neckar-Kreis) &#8211; Brand eines Holzstapels; Zeugen gesucht<\/h4>\n\n\n\n<p>Am Sonntagabend kam es im Ortsteil Eschelbach zum Brand eines Holzstapels, den die Eschelbacher Freiwillige Feuerwehr, die mit 12 Mann im Einsatz war, schnell l\u00f6schen konnte.<\/p>\n\n\n\n<p>Ein Zeuge hatte kurz nach 20 Uhr das Feuer in der Alten Balzfelder Stra\u00dfe unweit der Stra\u00dfe &#8222;An der R\u00f6te&#8220; entdeckt und die Feuerwehr und die Polizei verst\u00e4ndigt.<\/p>\n\n\n\n<p>Nach ersten Recherchen d\u00fcrfte der Holzstapel, bei dem es sich um rund zwei Ster gelagertes Brennholz handelte, vors\u00e4tzlich in Brand gesetzt worden sein. Der Schaden betr\u00e4gt rund 200.- Euro.<\/p>\n\n\n\n<p>Hinweise bitte an den Polizeiposten Angelbachtal, Tel.: 07265\/ 911200 oder an das Polizeirevier Sinsheim, Tel.: 07261\/690-0.<\/p>\n\n\n\n<h4 class=\"wp-block-heading\">(Eberbach \/ Rhein-Neckar-Kreis) &#8211; Im Begegnungsverkehr gestreift \/ 62-J\u00e4hrige leicht verletzt &#8211; Polizei sucht Zeugen<\/h4>\n\n\n\n<p>Zeugen eines Verkehrsunfalls, der sich am Montag um 13.15 Uhr auf der Uferstra\u00dfe (B 37), kurz vor der Einm\u00fcndung Gammelsbacher Stra\u00dfe (B 45) ereignete, sucht die Polizei. Eine 23-j\u00e4hrige Fahrerin eines Fiat war in Richtung Eberbach unterwegs und streifte den VW einer entgegenkommenden 62-J\u00e4hrigen, die sich dabei leicht verletzte. Beide Unfallbeteiligte beschuldigen sich gegenseitig, auf die Gegenfahrbahn gefahren zu sein und den Unfall verursacht zu haben. Der Gesamtsachschaden bel\u00e4uft sich auf ca. 5.000 Euro. Zeugen, die sachdienliche Hinweise geben k\u00f6nnen, werden gebeten, sich unter Telefon 06271\/92100 beim Polizeirevier Eberbach zu melden.<\/p>\n\n\n\n<h4 class=\"wp-block-heading\">(Dossenheim \/ Rhein-Neckar-Kreis) &#8211; 31-j\u00e4hriger Radfahrer gest\u00fcrzt und schwer verletzt \/ Zeugen gesucht<\/h4>\n\n\n\n<p>Ein 31-j\u00e4hriger Radfahrer ist am Montag kurz nach 20 Uhr in der Friedrichstra\u00dfe gest\u00fcrzt und zog sich Dabei schwere Verletzungen zu. Er wurde nach der Erstversorgung in einer Klinik in Heidelberg station\u00e4r aufgenommen. Der Radfahrer war in Richtung Ortsmitte unterwegs, als er kurz vor der Einm\u00fcndung Im Linsenb\u00fchl aus bislang unbekannten Gr\u00fcnden st\u00fcrzte. Hinweise auf eine Fremdbeteiligung liegen bislang nicht vor. Das Fahrrad wurde sichergestellt. Zeugen, die den Unfall beobachtet haben, werden gebeten, sich unter Telefon 0621\/172-4111 beim Verkehrsdienst Heidelberg zu melden.<\/p>\n","protected":false},"excerpt":{"rendered":"<div class=\"mh-excerpt\"><p>Polizeimeldungen vom Montag &amp; Dienstag (31.11. &amp; 01.12.2020) (Speyer) &#8211; Radfahrer kollidiert mit 7,5-Tonner und wird dabei schwer verletzt Am Dienstag gegen 13:24 Uhr kam es in der Auestra\u00dfe zu einem Verkehrsunfall zwischen einem 73-j\u00e4hrigen <a class=\"mh-excerpt-more\" href=\"https:\/\/speyer24news.com\/?p=31417\" title=\"Polizei\">[&#8230;]<\/a><\/p>\n<\/div>","protected":false},"author":3,"featured_media":0,"comment_status":"open","ping_status":"open","sticky":false,"template":"","format":"standard","meta":{"_monsterinsights_skip_tracking":false,"_monsterinsights_sitenote_active":false,"_monsterinsights_sitenote_note":"","_monsterinsights_sitenote_category":0,"footnotes":""},"categories":[12],"tags":[3614,61,2555,6955,6986,6263,63,105,6987,53,4854,4683,1548,102,213,55,5261,103,106,2803,2423,427,2625,380,104,979,1565],"aioseo_notices":[],"amp_enabled":true,"_links":{"self":[{"href":"https:\/\/speyer24news.com\/index.php?rest_route=\/wp\/v2\/posts\/31417"}],"collection":[{"href":"https:\/\/speyer24news.com\/index.php?rest_route=\/wp\/v2\/posts"}],"about":[{"href":"https:\/\/speyer24news.com\/index.php?rest_route=\/wp\/v2\/types\/post"}],"author":[{"embeddable":true,"href":"https:\/\/speyer24news.com\/index.php?rest_route=\/wp\/v2\/users\/3"}],"replies":[{"embeddable":true,"href":"https:\/\/speyer24news.com\/index.php?rest_route=%2Fwp%2Fv2%2Fcomments&post=31417"}],"version-history":[{"count":3,"href":"https:\/\/speyer24news.com\/index.php?rest_route=\/wp\/v2\/posts\/31417\/revisions"}],"predecessor-version":[{"id":31430,"href":"https:\/\/speyer24news.com\/index.php?rest_route=\/wp\/v2\/posts\/31417\/revisions\/31430"}],"wp:attachment":[{"href":"https:\/\/speyer24news.com\/index.php?rest_route=%2Fwp%2Fv2%2Fmedia&parent=31417"}],"wp:term":[{"taxonomy":"category","embeddable":true,"href":"https:\/\/speyer24news.com\/index.php?rest_route=%2Fwp%2Fv2%2Fcategories&post=31417"},{"taxonomy":"post_tag","embeddable":true,"href":"https:\/\/speyer24news.com\/index.php?rest_route=%2Fwp%2Fv2%2Ftags&post=31417"}],"curies":[{"name":"wp","href":"https:\/\/api.w.org\/{rel}","templated":true}]}}