{"id":31472,"date":"2020-12-05T08:00:25","date_gmt":"2020-12-05T07:00:25","guid":{"rendered":"https:\/\/speyer24news.com\/?p=31472"},"modified":"2020-12-05T08:02:33","modified_gmt":"2020-12-05T07:02:33","slug":"corona-speyer-3","status":"publish","type":"post","link":"https:\/\/speyer24news.com\/?p=31472","title":{"rendered":"Corona \/ Speyer"},"content":{"rendered":"<style type=\"text\/css\">\r\n\t.ads_top_disp{}\r\n\t.ads_top_corner_disp{ float:left; margin:0px 10px 10px 0px; }\r\n\t.ads_first_p_disp{}\r\n\t.ads_bottom_disp{}\r\n\t<\/style>\n<h2 class=\"wp-block-heading\" style=\"text-align:center\">Fallzahlen vom Freitag (04.12.2020)<\/h2>\n\n\n\n<div class=\"wp-block-image\"><figure class=\"aligncenter\"><img decoding=\"async\" loading=\"lazy\" width=\"600\" height=\"628\" src=\"https:\/\/speyer24news.com\/wp-content\/uploads\/2020\/12\/Covikarte-DE-04-12-20.png\" alt=\"\" class=\"wp-image-31473\" srcset=\"https:\/\/speyer24news.com\/wp-content\/uploads\/2020\/12\/Covikarte-DE-04-12-20.png 600w, https:\/\/speyer24news.com\/wp-content\/uploads\/2020\/12\/Covikarte-DE-04-12-20-287x300.png 287w\" sizes=\"(max-width: 600px) 100vw, 600px\" \/><\/figure><\/div>\n\n\n\n<p>Anzahl best\u00e4tigter F\u00e4lle von Coronavirus (SARS-CoV-2)-Infektionen in der Stadt Speyer: 956 (+ 31)<br>Davon bereits genesen: 354<br>Todesf\u00e4lle: 8 (+ 1) <br>Gemeldete F\u00e4lle der letzten sieben Tage pro 100.000 Einwohner*innen: 322,4<br>Warnstufe: Rot<\/p>\n\n\n\n<p><em>Stand: 04.12.2020, 14:00 Uhr<\/em><\/p>\n\n\n\n<p><em>Kreisgesundheitsamt Rhein-Pfalz-Kreis<br>05.12.2020<\/em><\/p>\n\n\n\n<h2 class=\"wp-block-heading\" style=\"text-align:center\"><strong>Stadt Speyer: Corona-Ma\u00dfnahmen<\/strong><\/h2>\n\n\n\n<h3 class=\"wp-block-heading\" style=\"text-align:center\">Ausgangsbeschr\u00e4nkung ab 07.12.2020 <\/h3>\n\n\n\n<div class=\"wp-block-image\"><figure class=\"aligncenter\"><img decoding=\"async\" loading=\"lazy\" width=\"800\" height=\"450\" src=\"https:\/\/speyer24news.com\/wp-content\/uploads\/2020\/12\/corona-4951862_1920.jpg\" alt=\"\" class=\"wp-image-31474\" srcset=\"https:\/\/speyer24news.com\/wp-content\/uploads\/2020\/12\/corona-4951862_1920.jpg 800w, https:\/\/speyer24news.com\/wp-content\/uploads\/2020\/12\/corona-4951862_1920-300x169.jpg 300w, https:\/\/speyer24news.com\/wp-content\/uploads\/2020\/12\/corona-4951862_1920-768x432.jpg 768w, https:\/\/speyer24news.com\/wp-content\/uploads\/2020\/12\/corona-4951862_1920-678x381.jpg 678w\" sizes=\"(max-width: 800px) 100vw, 800px\" \/><\/figure><\/div>\n\n\n\n<p>Zu den beabsichtigten Versch\u00e4rfungen der Corona-Ma\u00dfnahmen fand am Freitag ein konstruktiver Austausch der Landesregierung mit dem Rhein-Pfalz-Kreis und den kreisfreien St\u00e4dten Ludwighafen, Speyer und Frankenthal statt. Es wurde ein gemeinsames Vorgehen f\u00fcr die Region besprochen und vorgesehen.<\/p>\n\n\n\n<p>Im Einvernehmen mit der Landesregierung wird die Stadt Speyer per Allgemeinverf\u00fcgung eine Ausgangsbegrenzung in den Nachtstunden von 21.00 Uhr bis 5.00 Uhr, eine allgemeine Laden\u00f6ffnungszeit in der Zeit von 5.00 Uhr bis 21.00 Uhr und ein Alkoholkonsumverbot in der \u00d6ffentlichkeit verk\u00fcnden. Des Weiteren ist eine Versch\u00e4rfung der Kontaktbegrenzung im \u00f6ffentlichen Raum auf Personen eines Hausstands und zwei weitere Personen aus einem weiteren Hausstand vorgesehen. Au\u00dferdem soll eine Besucherbegrenzung in Seniorenheimen gelten. Besuche sollen auf maximal 1 Person pro Tag f\u00fcr den Zeitraum von 1 Stunde begrenzt sein.<\/p>\n\n\n\n<p>Die Stadt Speyer wird nach Erlass des Landes die Regelungen per Allgemeinverf\u00fcgung am Montag, 7. Dezember 2020 in Kraft setzen. Alle Regelungen sollen bis Sonntag, 20. Dezember 2020 gelten.<\/p>\n\n\n\n<p><em>Text: Stadt Speyer Foto: Speyer 24\/7 News<br>05.12.2020<\/em><\/p>\n\n\n\n<p><strong>Anmerkung der Redaktion:<\/strong> Eine Ausgangsbeschr\u00e4nkung ist so bereits in Ludwigshafen und Mannheim in Kraft. Am Montag folgen neben Speyer, noch Frankenthal sowie der gesamte Rhein-Pfalz-Kreis.<\/p>\n\n\n\n<h2 class=\"wp-block-heading\"><strong>Dienstbetrieb der Stadtverwaltung wird erneut beschr\u00e4nkt \u2013 Funktionsf\u00e4higkeit bleibt gew\u00e4hrleistet<\/strong><\/h2>\n\n\n\n<div class=\"wp-block-image\"><figure class=\"aligncenter\"><img decoding=\"async\" loading=\"lazy\" width=\"800\" height=\"600\" src=\"https:\/\/speyer24news.com\/wp-content\/uploads\/2020\/01\/Speyer-Stadtnachrichten-2.jpg\" alt=\"\" class=\"wp-image-23901\" srcset=\"https:\/\/speyer24news.com\/wp-content\/uploads\/2020\/01\/Speyer-Stadtnachrichten-2.jpg 800w, https:\/\/speyer24news.com\/wp-content\/uploads\/2020\/01\/Speyer-Stadtnachrichten-2-300x225.jpg 300w, https:\/\/speyer24news.com\/wp-content\/uploads\/2020\/01\/Speyer-Stadtnachrichten-2-768x576.jpg 768w, https:\/\/speyer24news.com\/wp-content\/uploads\/2020\/01\/Speyer-Stadtnachrichten-2-678x509.jpg 678w, https:\/\/speyer24news.com\/wp-content\/uploads\/2020\/01\/Speyer-Stadtnachrichten-2-326x245.jpg 326w, https:\/\/speyer24news.com\/wp-content\/uploads\/2020\/01\/Speyer-Stadtnachrichten-2-80x60.jpg 80w\" sizes=\"(max-width: 800px) 100vw, 800px\" \/><\/figure><\/div>\n\n\n\n<p>Aufgrund der hohen Infektionszahlen in der Stadt und der gesamten Region Vorderpfalz wird die Stadtverwaltung Speyer wie schon im Fr\u00fchjahr ihren Dienstbetrieb ab Montag, 7. Dezember 2020, einschr\u00e4nken. Die Anwesenheit in den Dienstgeb\u00e4uden wird auf das unbedingt erforderliche Ma\u00df beschr\u00e4nkt, die Funktionsf\u00e4higkeit und Erreichbarkeit bleibt gew\u00e4hrleistet. \u201eDie Zahl der sozialen Kontakten und damit die Ansteckungsgefahr muss auch am Arbeitsplatz minimiert werden\u201c, erkl\u00e4rt Oberb\u00fcrgermeisterin Stefanie Seiler und appelliert an alle Arbeitgeber der Region, \u00fcberall dort wo m\u00f6glich, ebenfalls auf verst\u00e4rktes Home-Office zu setzen.<\/p>\n\n\n\n<div class=\"wp-block-image\"><figure class=\"aligncenter\"><img decoding=\"async\" src=\"https:\/\/speyer24news.com\/wp-content\/uploads\/2020\/12\/Speyer-Maskenpflicht.jpg\" alt=\"\" class=\"wp-image-31475\"\/><\/figure><\/div>\n\n\n\n<p>\u201eDie besonders kritische Situation in Speyer verlangt jetzt nach besonderen Ma\u00dfnahmen. Als Chefin der Verwaltung muss ich auch meiner F\u00fcrsorgepflicht gegen\u00fcber meinen Mitarbeiterinnen und Mitarbeitern Rechnung tragen und flexibles Arbeiten erm\u00f6glichen bei gleichzeitiger Aufrechterhaltung des Dienstbetriebs\u201c, erl\u00e4utert die Oberb\u00fcrgermeisterin diesen Schritt. Dadurch, dass sich ein Teil der Mitarbeiter*innen dauerhaft im Home-Office befindet oder sich zu Hause auf Abruf bereit h\u00e4lt, bleibt die Funktionsf\u00e4higkeit der Stadtverwaltung gew\u00e4hrleistet werden. Die Regelung gilt bis zum 20. Dezember 2020.<\/p>\n\n\n\n<p><em>Text: Stadt Speyer Foto: Speyer 24\/7 News<br>05.12.2020<\/em><\/p>\n","protected":false},"excerpt":{"rendered":"<div class=\"mh-excerpt\"><p>Fallzahlen vom Freitag (04.12.2020) Anzahl best\u00e4tigter F\u00e4lle von Coronavirus (SARS-CoV-2)-Infektionen in der Stadt Speyer: 956 (+ 31)Davon bereits genesen: 354Todesf\u00e4lle: 8 (+ 1) Gemeldete F\u00e4lle der letzten sieben Tage pro 100.000 Einwohner*innen: 322,4Warnstufe: Rot Stand: <a class=\"mh-excerpt-more\" href=\"https:\/\/speyer24news.com\/?p=31472\" title=\"Corona \/ Speyer\">[&#8230;]<\/a><\/p>\n<\/div>","protected":false},"author":3,"featured_media":25128,"comment_status":"open","ping_status":"open","sticky":false,"template":"","format":"standard","meta":{"_monsterinsights_skip_tracking":false,"_monsterinsights_sitenote_active":false,"_monsterinsights_sitenote_note":"","_monsterinsights_sitenote_category":0,"footnotes":""},"categories":[9],"tags":[8973,8972,6401,8974,6367,6940,6359,6370,5904,6358,7003,5801,6342,6,4901],"aioseo_notices":[],"amp_enabled":true,"_links":{"self":[{"href":"https:\/\/speyer24news.com\/index.php?rest_route=\/wp\/v2\/posts\/31472"}],"collection":[{"href":"https:\/\/speyer24news.com\/index.php?rest_route=\/wp\/v2\/posts"}],"about":[{"href":"https:\/\/speyer24news.com\/index.php?rest_route=\/wp\/v2\/types\/post"}],"author":[{"embeddable":true,"href":"https:\/\/speyer24news.com\/index.php?rest_route=\/wp\/v2\/users\/3"}],"replies":[{"embeddable":true,"href":"https:\/\/speyer24news.com\/index.php?rest_route=%2Fwp%2Fv2%2Fcomments&post=31472"}],"version-history":[{"count":2,"href":"https:\/\/speyer24news.com\/index.php?rest_route=\/wp\/v2\/posts\/31472\/revisions"}],"predecessor-version":[{"id":31477,"href":"https:\/\/speyer24news.com\/index.php?rest_route=\/wp\/v2\/posts\/31472\/revisions\/31477"}],"wp:featuredmedia":[{"embeddable":true,"href":"https:\/\/speyer24news.com\/index.php?rest_route=\/wp\/v2\/media\/25128"}],"wp:attachment":[{"href":"https:\/\/speyer24news.com\/index.php?rest_route=%2Fwp%2Fv2%2Fmedia&parent=31472"}],"wp:term":[{"taxonomy":"category","embeddable":true,"href":"https:\/\/speyer24news.com\/index.php?rest_route=%2Fwp%2Fv2%2Fcategories&post=31472"},{"taxonomy":"post_tag","embeddable":true,"href":"https:\/\/speyer24news.com\/index.php?rest_route=%2Fwp%2Fv2%2Ftags&post=31472"}],"curies":[{"name":"wp","href":"https:\/\/api.w.org\/{rel}","templated":true}]}}