{"id":31478,"date":"2020-12-05T08:20:14","date_gmt":"2020-12-05T07:20:14","guid":{"rendered":"https:\/\/speyer24news.com\/?p=31478"},"modified":"2020-12-05T08:26:00","modified_gmt":"2020-12-05T07:26:00","slug":"geschwindigkeitsmessung-blitzer-54","status":"publish","type":"post","link":"https:\/\/speyer24news.com\/?p=31478","title":{"rendered":"Geschwindigkeitsmessung \/ Blitzer"},"content":{"rendered":"<style type=\"text\/css\">\r\n\t.ads_top_disp{}\r\n\t.ads_top_corner_disp{ float:left; margin:0px 10px 10px 0px; }\r\n\t.ads_first_p_disp{}\r\n\t.ads_bottom_disp{}\r\n\t<\/style>\n<h2 class=\"wp-block-heading\">Geschwindigkeitskontrollen f\u00fcr die Woche vom 7. bis 11. Dezember<\/h2>\n\n\n\n<figure class=\"wp-block-image\"><img decoding=\"async\" loading=\"lazy\" width=\"640\" height=\"497\" src=\"https:\/\/speyer24news.com\/wp-content\/uploads\/2020\/01\/Kontrolle-BaW\u00fc.jpg\" alt=\"\" class=\"wp-image-23874\" srcset=\"https:\/\/speyer24news.com\/wp-content\/uploads\/2020\/01\/Kontrolle-BaW\u00fc.jpg 640w, https:\/\/speyer24news.com\/wp-content\/uploads\/2020\/01\/Kontrolle-BaW\u00fc-300x233.jpg 300w\" sizes=\"(max-width: 640px) 100vw, 640px\" \/><\/figure>\n\n\n\n<p><strong>(Mannheim) &#8211; <\/strong>Die Stadt Mannheim f\u00fchrt vom 7. bis 11. Dezember in folgenden Stra\u00dfen Radarkontrollen durch:<\/p>\n\n\n\n<ul><li><strong> Am Aubuckel<\/strong><\/li><li><strong> Elisabethstra\u00dfe<\/strong><\/li><li><strong> Eschenhof<\/strong><\/li><li><strong> Feldstra\u00dfe<\/strong><\/li><li><strong> Gl\u00fccksteinallee<\/strong><\/li><li><strong> Gontardstra\u00dfe<\/strong><\/li><li><strong> Hauptstra\u00dfe<\/strong><\/li><li><strong> Kasseler Stra\u00dfe<\/strong><\/li><li><strong> Meerfeldstra\u00dfe (Diesterwegschule)<\/strong><\/li><li><strong> Meerwiesenstra\u00dfe<\/strong><\/li><li><strong> M\u00fchldorferstra\u00dfe<\/strong><\/li><li><strong> Oppauer Stra\u00dfe (Waldhofschule)<\/strong><\/li><li><strong> Otto-Beck-Stra\u00dfe (Pestalozzischule)<\/strong><\/li><li><strong> Otto-Siffling-Stra\u00dfe<\/strong><\/li><li><strong> Rennershofstra\u00dfe<\/strong><\/li><li><strong> Seckenheimer Stra\u00dfe<\/strong><\/li><li><strong> Speckweg<\/strong><\/li><li><strong> Spessartstra\u00dfe (Br\u00fcder-Grimm-Schule)<\/strong><\/li><li><strong> Spiegelstra\u00dfe<\/strong><\/li><li><strong> Traitteurstra\u00dfe<\/strong><\/li><li><strong> Tullastra\u00dfe<\/strong><\/li><li><strong> Waldpforte (Alfred-Delp-Schule)<\/strong><\/li><li><strong> Werderplatz (Ostadtschule)<\/strong><\/li><li><strong> Wiesbadener Stra\u00dfe (Friedrich-Ebert-Schule)<\/strong><\/li><li><strong> Windeckstra\u00dfe<\/strong><\/li><\/ul>\n\n\n\n<p>Kurzfristige \u00c4nderungen oder zus\u00e4tzliche Messstellen sind aus aktuellem Anlass m\u00f6glich.<\/p>\n\n\n\n<p><em>Stadt Mannheim<br>05.12.2020<\/em><\/p>\n\n\n\n<h2 class=\"wp-block-heading\"><strong>Radarkontrollen f\u00fcr die Woche vom 7. Dezember bis 13. Dezember 2020<\/strong><\/h2>\n\n\n\n<figure class=\"wp-block-image\"><img decoding=\"async\" src=\"https:\/\/speyer24news.com\/wp-content\/uploads\/2020\/01\/Radarkontrolle_1.jpg\" alt=\"\" class=\"wp-image-23873\"\/><\/figure>\n\n\n\n<p><strong>(Ludwigshafen) &#8211; <\/strong>Die Stadt Ludwigshafen nimmt in folgenden Stadtteilen Radarkontrollen vor. <\/p>\n\n\n\n<ul><li><strong>Montag, 7. Dezember: Nord, Friesenheim und Pfingstweide<\/strong><\/li><li><strong>Dienstag, 8. Dezember: Maudach, Mitte und Mundenheim<\/strong><\/li><li><strong>Mittwoch, 9. Dezember: West, Gartenstadt und Rheing\u00f6nheim<\/strong><\/li><li><strong>Donnerstag, 10. Dezember: Ruchheim, Oggersheim und Friesenheim<\/strong><\/li><li><strong>Freitag, 11. Dezember: Oppau, S\u00fcd und Edigheim<\/strong><\/li><\/ul>\n\n\n\n<p>Kurzfristige \u00c4nderungen beh\u00e4lt sich der Bereich Stra\u00dfenverkehr vor. Kontrollen k\u00f6nnen auch kurzfristig an anderen Stellen stattfinden.<\/p>\n\n\n\n<p><em>Stadt Ludwigshafen am Rhein<br>05.12.2020<\/em><\/p>\n","protected":false},"excerpt":{"rendered":"<div class=\"mh-excerpt\"><p>Geschwindigkeitskontrollen f\u00fcr die Woche vom 7. bis 11. Dezember (Mannheim) &#8211; Die Stadt Mannheim f\u00fchrt vom 7. bis 11. Dezember in folgenden Stra\u00dfen Radarkontrollen durch: Am Aubuckel Elisabethstra\u00dfe Eschenhof Feldstra\u00dfe Gl\u00fccksteinallee Gontardstra\u00dfe Hauptstra\u00dfe Kasseler Stra\u00dfe <a class=\"mh-excerpt-more\" href=\"https:\/\/speyer24news.com\/?p=31478\" title=\"Geschwindigkeitsmessung \/ Blitzer\">[&#8230;]<\/a><\/p>\n<\/div>","protected":false},"author":3,"featured_media":0,"comment_status":"open","ping_status":"open","sticky":false,"template":"","format":"standard","meta":{"_monsterinsights_skip_tracking":false,"_monsterinsights_sitenote_active":false,"_monsterinsights_sitenote_note":"","_monsterinsights_sitenote_category":0,"footnotes":""},"categories":[64],"tags":[18,4819,4814,19,4822,4817,4228,947,4820,4815,153,2144,56,17,7068,7004,949,4818,4813,1310,948],"aioseo_notices":[],"amp_enabled":true,"_links":{"self":[{"href":"https:\/\/speyer24news.com\/index.php?rest_route=\/wp\/v2\/posts\/31478"}],"collection":[{"href":"https:\/\/speyer24news.com\/index.php?rest_route=\/wp\/v2\/posts"}],"about":[{"href":"https:\/\/speyer24news.com\/index.php?rest_route=\/wp\/v2\/types\/post"}],"author":[{"embeddable":true,"href":"https:\/\/speyer24news.com\/index.php?rest_route=\/wp\/v2\/users\/3"}],"replies":[{"embeddable":true,"href":"https:\/\/speyer24news.com\/index.php?rest_route=%2Fwp%2Fv2%2Fcomments&post=31478"}],"version-history":[{"count":2,"href":"https:\/\/speyer24news.com\/index.php?rest_route=\/wp\/v2\/posts\/31478\/revisions"}],"predecessor-version":[{"id":31480,"href":"https:\/\/speyer24news.com\/index.php?rest_route=\/wp\/v2\/posts\/31478\/revisions\/31480"}],"wp:attachment":[{"href":"https:\/\/speyer24news.com\/index.php?rest_route=%2Fwp%2Fv2%2Fmedia&parent=31478"}],"wp:term":[{"taxonomy":"category","embeddable":true,"href":"https:\/\/speyer24news.com\/index.php?rest_route=%2Fwp%2Fv2%2Fcategories&post=31478"},{"taxonomy":"post_tag","embeddable":true,"href":"https:\/\/speyer24news.com\/index.php?rest_route=%2Fwp%2Fv2%2Ftags&post=31478"}],"curies":[{"name":"wp","href":"https:\/\/api.w.org\/{rel}","templated":true}]}}