{"id":31487,"date":"2020-12-06T09:07:09","date_gmt":"2020-12-06T08:07:09","guid":{"rendered":"https:\/\/speyer24news.com\/?p=31487"},"modified":"2020-12-18T07:22:02","modified_gmt":"2020-12-18T06:22:02","slug":"speyer-corona-bekaempfung-3","status":"publish","type":"post","link":"https:\/\/speyer24news.com\/?p=31487","title":{"rendered":"Speyer \/ Corona-Bek\u00e4mpfung"},"content":{"rendered":"<style type=\"text\/css\">\r\n\t.ads_top_disp{}\r\n\t.ads_top_corner_disp{ float:left; margin:0px 10px 10px 0px; }\r\n\t.ads_first_p_disp{}\r\n\t.ads_bottom_disp{}\r\n\t<\/style>\n<h2 class=\"wp-block-heading\"><strong>Stadt Speyer&nbsp;erl\u00e4sst erneut Allgemeinverf\u00fcgung<\/strong><\/h2>\n\n\n\n<figure class=\"wp-block-image\"><img decoding=\"async\" loading=\"lazy\" width=\"800\" height=\"450\" src=\"https:\/\/speyer24news.com\/wp-content\/uploads\/2020\/12\/corona-4951862_1920.jpg\" alt=\"\" class=\"wp-image-31474\" srcset=\"https:\/\/speyer24news.com\/wp-content\/uploads\/2020\/12\/corona-4951862_1920.jpg 800w, https:\/\/speyer24news.com\/wp-content\/uploads\/2020\/12\/corona-4951862_1920-300x169.jpg 300w, https:\/\/speyer24news.com\/wp-content\/uploads\/2020\/12\/corona-4951862_1920-768x432.jpg 768w, https:\/\/speyer24news.com\/wp-content\/uploads\/2020\/12\/corona-4951862_1920-678x381.jpg 678w\" sizes=\"(max-width: 800px) 100vw, 800px\" \/><\/figure>\n\n\n\n<p>Die Stadt Speyer erl\u00e4sst in Abstimmung mit den zust\u00e4ndigen Landesbeh\u00f6rden am 5. Dezember 2020 eine Allgemeinverf\u00fcgung zur Verminderung der weiteren Ausbreitung des Coronavirus (SARS-CoV2). Die neuen Regelungen, die insbesondere eine n\u00e4chtliche Ausgangsbeschr\u00e4nkung sowie Beschr\u00e4nkungen beim Besuch von Alters- und Pflegeeinrichtungen betreffen, treten <strong>ab Montag, 7. Dezember 2020, in Kraft und gelten zun\u00e4chst bis zum 20. Dezember 2020<\/strong>.&nbsp;<\/p>\n\n\n\n<p>Grund hierf\u00fcr ist die stetige Zunahme eines diffusen Infektionsgeschehens, das nicht mehr nur alleine auf die sogenannten Hotspots in Pflege- und Senioreneinrichtungen in Speyer zur\u00fcckzuf\u00fchren ist.&nbsp;In Abstimmung mit der Landesregierung, dem Rhein-Pfalz-Kreis und den kreisfreien St\u00e4dten Ludwighafen, Speyer und Frankenthal wurde ein gemeinsames Vorgehen f\u00fcr die Region besprochen, in der die Inzidenzwerte seit Wochen sehr hoch sind.&nbsp;Oberb\u00fcrgermeisterin Stefanie Seiler begr\u00fc\u00dft die konstruktive&nbsp;Zusammenarbeit innerhalb&nbsp;der&nbsp;Region im Kampf gegen die Pandemie. \u201eWir m\u00fcssen&nbsp;alle Kraftanstrengungen unternehmen, um gemeinsam&nbsp;das Infektionsgeschehen einzud\u00e4mmen\u201c, so die Stadtchefin.<br>Gegenstand der Allgemeinverf\u00fcgung der Stadt Speyer ist&nbsp;neben der bereits bestehenden&nbsp;Pflicht zur Mund-Nase-Bedeckung in der Innenstadt, eine n\u00e4chtliche&nbsp;Ausgangsbeschr\u00e4nkung von 21:00 bis 5:00 Uhr am Folgetag. Davon ausgenommen sind&nbsp;<\/p>\n\n\n\n<ul><li>die Aus\u00fcbung beruflicher T\u00e4tigkeiten,<\/li><li>Handlungen, die zur Abwendung einer unmittelbaren Gefahr f\u00fcr Leib, Leben und Eigentum erforderlich sind,<\/li><li>die Inanspruchnahme akut notwendiger medizinischer und veterin\u00e4rmedizinischer Versorgungsleistungen,<\/li><li>der Besuch bei Lebenspartnern, Alten, Kranken oder Menschen mit Einschr\u00e4nkungen (au\u00dferhalb von Einrichtungen) und die Wahrnehmung des Sorge- und Umgangsrechts im jeweiligen privaten Bereich,&nbsp;<\/li><li>die Begleitung von unterst\u00fctzungsbed\u00fcrftigen Personen und Minderj\u00e4hrigen, die Begleitung Sterbender und von Personen in akut lebensbedrohlichen Zust\u00e4nden sowie<\/li><li>Handlungen zur Versorgung von Tieren einschlie\u00dflich Gassigehen (eine Person).<\/li><\/ul>\n\n\n\n<div class=\"wp-block-image\"><figure class=\"aligncenter\"><img decoding=\"async\" loading=\"lazy\" width=\"500\" height=\"500\" src=\"https:\/\/speyer24news.com\/wp-content\/uploads\/2020\/02\/virus-4810549_1920.png\" alt=\"\" class=\"wp-image-25116\" srcset=\"https:\/\/speyer24news.com\/wp-content\/uploads\/2020\/02\/virus-4810549_1920.png 500w, https:\/\/speyer24news.com\/wp-content\/uploads\/2020\/02\/virus-4810549_1920-150x150.png 150w, https:\/\/speyer24news.com\/wp-content\/uploads\/2020\/02\/virus-4810549_1920-300x300.png 300w\" sizes=\"(max-width: 500px) 100vw, 500px\" \/><\/figure><\/div>\n\n\n\n<p>Folglich d\u00fcrfen&nbsp;auch alle Verkaufsst\u00e4tten (inklusive Gastronomie) nur zwischen 5:00 Uhr&nbsp;und&nbsp;21:00 Uhr ge\u00f6ffnet sein.&nbsp;Hinzu kommt ein Alkoholkonsumverbot&nbsp;in der \u00d6ffentlichkeit sowie eine Versch\u00e4rfung der Kontaktbeschr\u00e4nkungen im \u00f6ffentlichen Raum, wonach sich Angeh\u00f6rige&nbsp;eines&nbsp;Hausstandes&nbsp;nur noch mit h\u00f6chstens&nbsp;zwei Personen aus einem weiteren&nbsp;Hausstand treffen d\u00fcrfen.&nbsp;Die Kontrollen erfolgen durch den Kommunalen Vollzugsdienst der Stadt Speyer.<\/p>\n\n\n\n<p>Hintergrund der Ma\u00dfnahmen ist das weiterhin sehr diffuse Infektionsgeschehen in der Region, das ein einheitliches, gemeinsames Vorgehen n\u00f6tig macht. Private Treffen und Feiern (die insbesondere in den Abend- bzw. Nachtstunden stattfinden) sollen damit weiter reduziert werden, da gerade hier zahlreiche Infektionen auftreten.&nbsp;<br>Des Weiteren werden Beschr\u00e4nkungen beim Besuch von Alters- und Pflegeeinrichtungen umgesetzt, wie schon Mitte November von der Stadt zum Schutz der Bewohner*innen und der Pflegekr\u00e4fte gefordert wurden. Demnach sind Besuche nur noch f\u00fcr eine Person f\u00fcr eine Stunde pro Tag gestattet. Sterbebegleitungen sind von dieser Regelung ausgenommen.&nbsp;<br>&nbsp;Die \u00fcbrigen Regelungen der 13. Corona-Bek\u00e4mpfungsverordnung (13. CoBeLVO) sowie weitergehende Regelungen in Hygienekonzepten (\u00a7 1 Abs. 9 der 13. CoBeLVO) bleiben unber\u00fchrt.<br>Oberb\u00fcrgermeisterin Stefanie Seiler betont: \u201eWir bewegen uns nun wieder innerhalb des Stufenplans, der von der Stadt Speyer bereits im lokalen Pandemiekonzept von August vorgesehen war und leider n\u00f6tig war. Auch wenn die Ma\u00dfnahmen drastisch sind und insbesondere f\u00fcr Bewohnerinnen und Bewohner von Alters- und Pflegeeinrichtungen sowie deren Angeh\u00f6rige belastend sein k\u00f6nnen, lassen uns die alarmierend hohen Infektionszahlen keine andere Wahl.\u201c<\/p>\n\n\n\n<div class=\"wp-block-image\"><figure class=\"aligncenter\"><img decoding=\"async\" loading=\"lazy\" width=\"800\" height=\"590\" src=\"https:\/\/speyer24news.com\/wp-content\/uploads\/2020\/10\/Abstand-RLP.jpg\" alt=\"\" class=\"wp-image-30590\" srcset=\"https:\/\/speyer24news.com\/wp-content\/uploads\/2020\/10\/Abstand-RLP.jpg 800w, https:\/\/speyer24news.com\/wp-content\/uploads\/2020\/10\/Abstand-RLP-300x221.jpg 300w, https:\/\/speyer24news.com\/wp-content\/uploads\/2020\/10\/Abstand-RLP-768x566.jpg 768w, https:\/\/speyer24news.com\/wp-content\/uploads\/2020\/10\/Abstand-RLP-80x60.jpg 80w\" sizes=\"(max-width: 800px) 100vw, 800px\" \/><\/figure><\/div>\n\n\n\n<p>\u201eDer regelm\u00e4\u00dfige&nbsp;Austausch mit den Kliniken und Senioreneinrichtungen hat mir noch einmal ganz deutlich gezeigt, dass die Situation mehr als prek\u00e4r ist. Und zwar nicht nur in Speyer, sondern in der ganzen Region. Die Einrichtungsleitungen haben um klare Vorgaben und Unterst\u00fctzung der Politik gebeten und nur gemeinsam werden die hohen Infektionszahlen senken k\u00f6nnen.&nbsp;Es sind weiterhin&nbsp;alle Speyererinnen und Speyerer&nbsp;gefordert,&nbsp;ihre sozialen Kontakte auf ein Minimum zu reduzieren sowie die AHA-Regeln einzuhalten\u201c,&nbsp;so die Stadtchefin weiter, die zugleich allen B\u00fcrger*innen f\u00fcr ihr&nbsp;Verst\u00e4ndnis und ihre&nbsp;Solidarit\u00e4t in dieser schwierigen Situation dankt.<\/p>\n\n\n\n<h3 class=\"wp-block-heading\">Lesen sie hier die neue Allgemeinverf\u00fcgung als pdf:<\/h3>\n\n\n\n<div class=\"wp-block-file\"><a href=\"https:\/\/speyer24news.com\/wp-content\/uploads\/2020\/12\/201205_Allgemeinverf\u00fcgung-der-Stadt-Speyer.pdf\">201205_Allgemeinverf\u00fcgung-der-Stadt-Speyer<\/a><a href=\"https:\/\/speyer24news.com\/wp-content\/uploads\/2020\/12\/201205_Allgemeinverf\u00fcgung-der-Stadt-Speyer.pdf\" class=\"wp-block-file__button\" download>Herunterladen<\/a><\/div>\n\n\n\n<p><em>Text: Stadtverwaltung Speyer Foto: Speyer 24\/7 News<br>06.12.2020<\/em><\/p>\n","protected":false},"excerpt":{"rendered":"<div class=\"mh-excerpt\"><p>Stadt Speyer&nbsp;erl\u00e4sst erneut Allgemeinverf\u00fcgung Die Stadt Speyer erl\u00e4sst in Abstimmung mit den zust\u00e4ndigen Landesbeh\u00f6rden am 5. Dezember 2020 eine Allgemeinverf\u00fcgung zur Verminderung der weiteren Ausbreitung des Coronavirus (SARS-CoV2). Die neuen Regelungen, die insbesondere eine n\u00e4chtliche <a class=\"mh-excerpt-more\" href=\"https:\/\/speyer24news.com\/?p=31487\" title=\"Speyer \/ Corona-Bek\u00e4mpfung\">[&#8230;]<\/a><\/p>\n<\/div>","protected":false},"author":3,"featured_media":23902,"comment_status":"open","ping_status":"open","sticky":false,"template":"","format":"standard","meta":{"_monsterinsights_skip_tracking":false,"_monsterinsights_sitenote_active":false,"_monsterinsights_sitenote_note":"","_monsterinsights_sitenote_category":0,"footnotes":""},"categories":[9],"tags":[8975,8828,8973,6401,8974,6367,6940,6359,6370,5904,6358,5801,6342,6],"aioseo_notices":[],"amp_enabled":true,"_links":{"self":[{"href":"https:\/\/speyer24news.com\/index.php?rest_route=\/wp\/v2\/posts\/31487"}],"collection":[{"href":"https:\/\/speyer24news.com\/index.php?rest_route=\/wp\/v2\/posts"}],"about":[{"href":"https:\/\/speyer24news.com\/index.php?rest_route=\/wp\/v2\/types\/post"}],"author":[{"embeddable":true,"href":"https:\/\/speyer24news.com\/index.php?rest_route=\/wp\/v2\/users\/3"}],"replies":[{"embeddable":true,"href":"https:\/\/speyer24news.com\/index.php?rest_route=%2Fwp%2Fv2%2Fcomments&post=31487"}],"version-history":[{"count":2,"href":"https:\/\/speyer24news.com\/index.php?rest_route=\/wp\/v2\/posts\/31487\/revisions"}],"predecessor-version":[{"id":31490,"href":"https:\/\/speyer24news.com\/index.php?rest_route=\/wp\/v2\/posts\/31487\/revisions\/31490"}],"wp:featuredmedia":[{"embeddable":true,"href":"https:\/\/speyer24news.com\/index.php?rest_route=\/wp\/v2\/media\/23902"}],"wp:attachment":[{"href":"https:\/\/speyer24news.com\/index.php?rest_route=%2Fwp%2Fv2%2Fmedia&parent=31487"}],"wp:term":[{"taxonomy":"category","embeddable":true,"href":"https:\/\/speyer24news.com\/index.php?rest_route=%2Fwp%2Fv2%2Fcategories&post=31487"},{"taxonomy":"post_tag","embeddable":true,"href":"https:\/\/speyer24news.com\/index.php?rest_route=%2Fwp%2Fv2%2Ftags&post=31487"}],"curies":[{"name":"wp","href":"https:\/\/api.w.org\/{rel}","templated":true}]}}