{"id":31491,"date":"2020-12-06T09:15:25","date_gmt":"2020-12-06T08:15:25","guid":{"rendered":"https:\/\/speyer24news.com\/?p=31491"},"modified":"2020-12-06T09:15:26","modified_gmt":"2020-12-06T08:15:26","slug":"2-advent","status":"publish","type":"post","link":"https:\/\/speyer24news.com\/?p=31491","title":{"rendered":"2. Advent"},"content":{"rendered":"<style type=\"text\/css\">\r\n\t.ads_top_disp{}\r\n\t.ads_top_corner_disp{ float:left; margin:0px 10px 10px 0px; }\r\n\t.ads_first_p_disp{}\r\n\t.ads_bottom_disp{}\r\n\t<\/style>\n<figure class=\"wp-block-image\"><img decoding=\"async\" loading=\"lazy\" width=\"800\" height=\"533\" src=\"https:\/\/speyer24news.com\/wp-content\/uploads\/2020\/12\/second-advent-3001631_1920.jpg\" alt=\"\" class=\"wp-image-31494\" srcset=\"https:\/\/speyer24news.com\/wp-content\/uploads\/2020\/12\/second-advent-3001631_1920.jpg 800w, https:\/\/speyer24news.com\/wp-content\/uploads\/2020\/12\/second-advent-3001631_1920-300x200.jpg 300w, https:\/\/speyer24news.com\/wp-content\/uploads\/2020\/12\/second-advent-3001631_1920-768x512.jpg 768w\" sizes=\"(max-width: 800px) 100vw, 800px\" \/><\/figure>\n\n\n\n<p>Wir w\u00fcnschen ihnen, liebe Leserinnen und Leser, genauso wie ihren Familien, Liebsten und Angeh\u00f6rigen, einen frohen zweiten Advent.<\/p>\n\n\n\n<p>Genie\u00dfen sie die einkehrende Ruhe und Besinnlichkeit, geben sie auf sich und andere Acht und denken sie daran das ab Montag, nicht nur in Speyer, eine Ausgangsbeschr\u00e4nkung von 21 &#8211; 5 Uhr herrscht. Ob diese Ma\u00dfnahme wirklich etwas \u00e4ndert werden wir sehen&#8230; allerdings m\u00fcssen wir Alle ihr uns f\u00fcgen.<\/p>\n\n\n\n<figure class=\"wp-block-image\"><img decoding=\"async\" loading=\"lazy\" width=\"800\" height=\"600\" src=\"https:\/\/speyer24news.com\/wp-content\/uploads\/2020\/12\/b43fe1c7-4b09-4320-9a7f-76973537ba7b.jpg\" alt=\"\" class=\"wp-image-31493\" srcset=\"https:\/\/speyer24news.com\/wp-content\/uploads\/2020\/12\/b43fe1c7-4b09-4320-9a7f-76973537ba7b.jpg 800w, https:\/\/speyer24news.com\/wp-content\/uploads\/2020\/12\/b43fe1c7-4b09-4320-9a7f-76973537ba7b-300x225.jpg 300w, https:\/\/speyer24news.com\/wp-content\/uploads\/2020\/12\/b43fe1c7-4b09-4320-9a7f-76973537ba7b-768x576.jpg 768w, https:\/\/speyer24news.com\/wp-content\/uploads\/2020\/12\/b43fe1c7-4b09-4320-9a7f-76973537ba7b-678x509.jpg 678w, https:\/\/speyer24news.com\/wp-content\/uploads\/2020\/12\/b43fe1c7-4b09-4320-9a7f-76973537ba7b-326x245.jpg 326w, https:\/\/speyer24news.com\/wp-content\/uploads\/2020\/12\/b43fe1c7-4b09-4320-9a7f-76973537ba7b-80x60.jpg 80w\" sizes=\"(max-width: 800px) 100vw, 800px\" \/><\/figure>\n\n\n\n<p>Umso sch\u00f6ner war daher gestern die Aktion unserer regionalen Landwirte\/innen bei &#8222;Ein Funke Hoffnung Tour&#8220;. Videos hierzu folgen heute im Laufe des Tages auf Speyer 24\/7 News. <\/p>\n\n\n\n<p><em>Speyer 24\/7 News<br>06.12.2020<\/em><\/p>\n","protected":false},"excerpt":{"rendered":"<div class=\"mh-excerpt\"><p>Wir w\u00fcnschen ihnen, liebe Leserinnen und Leser, genauso wie ihren Familien, Liebsten und Angeh\u00f6rigen, einen frohen zweiten Advent. Genie\u00dfen sie die einkehrende Ruhe und Besinnlichkeit, geben sie auf sich und andere Acht und denken sie <a class=\"mh-excerpt-more\" href=\"https:\/\/speyer24news.com\/?p=31491\" title=\"2. Advent\">[&#8230;]<\/a><\/p>\n<\/div>","protected":false},"author":3,"featured_media":31492,"comment_status":"open","ping_status":"open","sticky":false,"template":"","format":"standard","meta":{"_monsterinsights_skip_tracking":false,"_monsterinsights_sitenote_active":false,"_monsterinsights_sitenote_note":"","_monsterinsights_sitenote_category":0,"footnotes":""},"categories":[1453],"tags":[8976,4132,8978,8977,3827],"aioseo_notices":[],"amp_enabled":true,"_links":{"self":[{"href":"https:\/\/speyer24news.com\/index.php?rest_route=\/wp\/v2\/posts\/31491"}],"collection":[{"href":"https:\/\/speyer24news.com\/index.php?rest_route=\/wp\/v2\/posts"}],"about":[{"href":"https:\/\/speyer24news.com\/index.php?rest_route=\/wp\/v2\/types\/post"}],"author":[{"embeddable":true,"href":"https:\/\/speyer24news.com\/index.php?rest_route=\/wp\/v2\/users\/3"}],"replies":[{"embeddable":true,"href":"https:\/\/speyer24news.com\/index.php?rest_route=%2Fwp%2Fv2%2Fcomments&post=31491"}],"version-history":[{"count":1,"href":"https:\/\/speyer24news.com\/index.php?rest_route=\/wp\/v2\/posts\/31491\/revisions"}],"predecessor-version":[{"id":31495,"href":"https:\/\/speyer24news.com\/index.php?rest_route=\/wp\/v2\/posts\/31491\/revisions\/31495"}],"wp:featuredmedia":[{"embeddable":true,"href":"https:\/\/speyer24news.com\/index.php?rest_route=\/wp\/v2\/media\/31492"}],"wp:attachment":[{"href":"https:\/\/speyer24news.com\/index.php?rest_route=%2Fwp%2Fv2%2Fmedia&parent=31491"}],"wp:term":[{"taxonomy":"category","embeddable":true,"href":"https:\/\/speyer24news.com\/index.php?rest_route=%2Fwp%2Fv2%2Fcategories&post=31491"},{"taxonomy":"post_tag","embeddable":true,"href":"https:\/\/speyer24news.com\/index.php?rest_route=%2Fwp%2Fv2%2Ftags&post=31491"}],"curies":[{"name":"wp","href":"https:\/\/api.w.org\/{rel}","templated":true}]}}