{"id":31557,"date":"2020-12-07T16:43:37","date_gmt":"2020-12-07T15:43:37","guid":{"rendered":"https:\/\/speyer24news.com\/?p=31557"},"modified":"2020-12-07T16:43:39","modified_gmt":"2020-12-07T15:43:39","slug":"polizei-429","status":"publish","type":"post","link":"https:\/\/speyer24news.com\/?p=31557","title":{"rendered":"Polizei"},"content":{"rendered":"<style type=\"text\/css\">\r\n\t.ads_top_disp{}\r\n\t.ads_top_corner_disp{ float:left; margin:0px 10px 10px 0px; }\r\n\t.ads_first_p_disp{}\r\n\t.ads_bottom_disp{}\r\n\t<\/style>\n<h2 class=\"wp-block-heading\">Polizeimeldungen vom Montag (07.12.2020)<\/h2>\n\n\n\n<div class=\"wp-block-image\"><figure class=\"aligncenter\"><img decoding=\"async\" src=\"https:\/\/speyer24news.com\/wp-content\/uploads\/2020\/01\/Aktuelles-Polizeilogo.jpg\" alt=\"\" class=\"wp-image-23832\"\/><\/figure><\/div>\n\n\n\n<h4 class=\"wp-block-heading\">(Speyer) &#8211; Pkw-Fahrer ohne g\u00fcltige Fahrerlaubnis unterwegs<\/h4>\n\n\n\n<p>Ein Strafverfahren wegen Fahren ohne Fahrerlaubnis leitete die Polizei am Montagmorgen gegen einen 34-j\u00e4hrigen Mercedes-Fahrer aus dem Rhein-Pfalz-Kreis ein. Dieser konnte in der Bahnhofstra\u00dfe fahrend festgestellt und anschlie\u00dfend auf dem L\u00f6ffelgasseparkplatz einer Verkehrskontrolle unterzogen werden. Polizeiliche \u00dcberpr\u00fcfungen ergaben, dass dem 34-J\u00e4hrigen die Fahrerlaubnis im Fr\u00fchjahr 2020 rechtskr\u00e4ftig entzogen wurde und er derzeit nicht im Besitz einer g\u00fcltigen Fahrerlaubnis ist. Deshalb wurde ihm die Weiterfahrt untersagt und seine Fahrzeugschl\u00fcssel sichergestellt.<\/p>\n\n\n\n<h4 class=\"wp-block-heading\">(Speyer) &#8211; Versuchter Einbruch in Kellerparzelle<\/h4>\n\n\n\n<p>Unbekannte T\u00e4ter verschafften sich zwischen Samstag und Sonntag Zugang zum Kellerbereich eines Mehrparteienwohnblocks in der Baumwollspinnerei und versuchten dort in eine durch Holzlatten begrenzten Kellerparzelle einzubrechen. Es konnten Hebelspuren an der Parzelle festgestellt werden, ohne dass es den T\u00e4tern jedoch gelang, in die Parzelle einzubrechen. Hinweise auf die T\u00e4ter konnten vor Ort nicht erlangt werden. Die Polizei sucht Zeugen \/ Anwohner, denen im Tatzeitraum verd\u00e4chtige Personen vor dem Geb\u00e4udekomplex bzw. im Kellerbereich aufgefallen sind. Hinweise nimmt die Polizei Speyer unter der Tel. 06232-1370 oder per E-Mail an&nbsp;<a href=\"mailto:pispeyer@polizei.rlp.de\">pispeyer@polizei.rlp.de<\/a>&nbsp;entgegen.<\/p>\n\n\n\n<h4 class=\"wp-block-heading\">(Speyer) &#8211; Verkehrskontrollen in der Wormser Landstra\u00dfe<\/h4>\n\n\n\n<p>In der Nacht von Freitag auf Samstag (23:40 &#8211; 01:00 Uhr) und in der Nacht des Samstags (23:00 &#8211; 00:00 Uhr) f\u00fchrte die Polizei Verkehrskontrollen in der Wormser Landstra\u00dfe ein. Hierbei kam es insgesamt zu zwei Verwarnungen wegen nicht mitgef\u00fchrtem F\u00fchrerschein und einer Verwarnung wegen des Fehlens einer Verwarnungsweste. Zudem wurden sechs M\u00e4ngelberichten an kontrollierte Verkehrsteilnehmer ausgestellt. Bei einem 18-j\u00e4hrigen unbeleuchteten Radfahrer aus Bellheim konnte im Rahmen der Kontrollen des Freitags zudem deutlicher Atemalkohol wahrgenommen werden. Da ein Atemalkohltest einen Wert von 1,69 Promille ergab, musste der Radfahrer sein Zweirad stehen lassen und eine Blutprobe abgeben. Ihn erwartet nun ein Strafverfahren wegen Trunkenheit im Verkehr. Eine Ordnungswidrigkeitenanzeige wegen Trunkenheit gem. \u00a7 24a StVG wurde zudem gegen einen 24-J\u00e4hrigen Pkw-Fahrer aus Limburgerhof erstattet. Bei diesem konnte im Rahmen der am Samstagnacht durchgef\u00fchrten Kontrollen ein Atemalkoholwert von 0,65 Promille festgestellt werden. Auch dieser musste eine Blutprobe abgeben und durfte die Fahrt nichtmehr fortsetzen. Die Fahrzeugschl\u00fcssel wurden an die n\u00fcchterne Fahrzeughalterin \u00fcbergeben.<\/p>\n\n\n\n<h4 class=\"wp-block-heading\">(Speyer) &#8211; In Wohnung durch Trickdiebe bestohlen<\/h4>\n\n\n\n<p>Opfer von Trickdieben wurde am Freitag gegen 11:00 Uhr eine 78-j\u00e4hrige Anwohnerin der Gro\u00dfen Gailergasse. An deren Haust\u00fcr klingelte eine Frau und fragte nach einem Zettel und einem Stift. Zudem bat deren angeblich Schwester um Etwas zu trinken. Den beiden Frauen gelang es so, die Gesch\u00e4digte zum Betreten derer Wohnung zu veranlassen. Nachdem die fremden Frauen die Wohnung wieder verlassen hatten, stellte die 78-J\u00e4hrige fest, dass hochwertiger Schmuck in einem mittleren f\u00fcnfstelligen Bereich und ca. 500EUR Bargeld aus ihrer Wohnung entwendet wurden. Die beiden vermeintlichen T\u00e4terinnen wurden als osteurop\u00e4isch, ca. 50-j\u00e4hrige beschrieben und sollen gebrochenes Deutsch gesprochen haben. Die Polizei sucht Zeugen, die Hinweise auf die beschriebenen Frauen geben k\u00f6nnen (Polizei Speyer, Tel. 06232-1370 oder per E-Mail an&nbsp;<a href=\"mailto:pispeyer@polizei.rlp.de\">pispeyer@polizei.rlp.de<\/a>).<\/p>\n\n\n\n<p>Die Polizei weist in diesem Zusammenhang nochmals darauf hin, niemals fremden Personen Zutritt in die eigenen vier W\u00e4nde zu gew\u00e4hren. Verst\u00e4ndigen Sie im Zweifel umgehend die Polizei oder Bekannten, wenn Ihnen fremde Personen unter einem Vorwand Eintritt in ihre Wohnung begehren. Gerade \u00e4ltere Menschen werden immer wieder Opfer von Trickdiebst\u00e4hlen und Betr\u00fcgereien, da sie von T\u00e4tern oftmals als leichte &#8222;Beute&#8220; angesehen werden. Tipps wie sie sich vor Trickdieben und Betr\u00fcgern sch\u00fctzen k\u00f6nnen finden Sie unter\u00a0<a rel=\"noreferrer noopener\" target=\"_blank\" href=\"http:\/\/www.polizei-beratung.de\/\">www.polizei-beratung.de<\/a>.<\/p>\n\n\n\n<h4 class=\"wp-block-heading\">(Dudenhofen) &#8211; Jugendliche &#8222;Graffiti-Sprayer&#8220; auf frischer Tat ertappt<\/h4>\n\n\n\n<p>Am Samstag gegen 18:15 Uhr meldeten sich zwei aufmerksame Zeugen bei der Polizei und teilten zwei Jugendliche mit, die gerade dabei w\u00e4ren, die Unterf\u00fchrung B39 zwischen dem Spielplatz Am Badeplatz und dem Friedwald zu bespr\u00fchen. Die Polizei konnte daraufhin an der mitgeteilten \u00d6rtlichkeit zwei 15-j\u00e4hrige aus Dudenhofen einer Personenkontrolle unterziehen. Bei einem der Beiden konnte eine Dose goldener Metalleffektlack aufgefunden werden. Zudem konnten an der Betonwand der Unterf\u00fchrung in goldener Farbe aufgespr\u00fcht die Buchstaben &#8222;ED&#8220; (ca. 0,30 x 0,30m), ein Totenkopfsymbol (ca. 1,00 x 1,20m) und eine Telefonnummer (ca. 4,00m x 0,60m) festgestellt werden. Die beiden Jugendlichen zeigten sich von den Polizeibeamten mit dem Tatvorwurf konfrontiert gest\u00e4ndig und wurden an ihre Eltern \u00fcberstellt. Sie erwartet nun eine Strafanzeige wegen Sachbesch\u00e4digung.<\/p>\n\n\n\n<h4 class=\"wp-block-heading\">(Harthausen) &#8211; Unbekannter Verkehrsteilnehmer besch\u00e4digt Verkehrsinsel und fl\u00fcchtet<\/h4>\n\n\n\n<p>Ein unbekannter Verkehrsteilnehmer besch\u00e4digte im Zeitraum 03.12 &#8211; 04.12.2020, 18:00 &#8211; 16:20 Uhr die Verkehrsinsel Im Sand \/ Einm\u00fcndung Rappengasse. An dieser wurde der Zaun, welcher die Verkehrsinsel begrenzt, teilweise aus der Verankerung gerissen und besch\u00e4digt. Die H\u00f6he des Sachschadens und der Unfallhergang sind augenblicklich unbekannt. Die Polizei sucht Zeugen, die Hinweise auf den derzeit unbekannten Unfallverursacher geben k\u00f6nnen. Solche nimmt die Polizei Speyer unter der Tel. 06232-1370 oder per E-Mail an\u00a0<a href=\"mailto:pispeyer@polizei.rlp.de\">pispeyer@polizei.rlp.de<\/a>\u00a0entgegen.<\/p>\n\n\n\n<h4 class=\"wp-block-heading\">(Schwegenheim) &#8211; Familienstreit l\u00f6st Gro\u00dfeinsatz aus<\/h4>\n\n\n\n<p>In der Nacht von Samstag auf Sonntag kam es in Schwegenheim zu einem handfesten Streit eines Ehepaars. Im Anschluss fl\u00fcchtete der 40-j\u00e4hriger Mann mit seinem Auto von der Wohnanschrift. Da nicht ausgeschlossen werden konnte, dass er eine Pistole mitf\u00fchrt, wurde eine Fahndung nach dem Mann ausgel\u00f6st. Auf der B272 verursachte der alkoholisierte Mann einen Verkehrsunfall und wurde festgenommen. W\u00e4hrend der Festnahme mussten die Beamten ein sogenanntes &#8222;Distanzelektroimpulsger\u00e4t&#8220; einsetzten. Auf den Mann kommen nun gleich mehrere Strafanzeigen zu. Bei seiner Festnahme wurde er nicht verletzt.<\/p>\n\n\n\n<h4 class=\"wp-block-heading\">(Lingenfeld) &#8211; Jugendlicher ermittelt<\/h4>\n\n\n\n<p>Am letzten Dienstagabend wurde die Polizei aufgrund einer Schl\u00e4gerei im Lauxengarten in Lingenfeld alarmiert. Dort warfen mehrere Jugendliche M\u00fclltonnen um und besch\u00e4digten zur Abholung bereitgestellte M\u00fclls\u00e4cke. Ein 49-j\u00e4hriger Anwohner und seine Ehefrau stellten die Jugendlichen zur Rede und wurden dabei t\u00e4tlich angegriffen und leicht verletzt. Auf der Flucht in Richtung Germersheim griffen sie zudem einen weiteren Zeugen t\u00e4tlich an. Durch Hinweise konnte ein 15-j\u00e4hriger Jugendlicher aus Germersheimer ermittelt werden. Die Ermittlungsarbeiten der Jugendsachbearbeiter sind noch nicht abgeschlossen. Weitere Zeugenhinweise nimmt die Polizei Germersheim unter Tel: 07274 9580 oder per Mail unter\u00a0<a href=\"mailto:pigermersheim@polizei.rlp.de\">pigermersheim@polizei.rlp.de<\/a>\u00a0entgegen.<\/p>\n\n\n\n<h4 class=\"wp-block-heading\">(Germersheim) &#8211; Schreckschusswaffe getestet<\/h4>\n\n\n\n<p>Am Samstagabend bekam die Polizei einen Hinweis, dass im Lamotte Park in Germersheim geschossen wurde. Der Sch\u00fctze w\u00e4re dann mit einem Auto weggefahren. Die Polizei konnte bei einer sofortigen Fahndung das Fahrzeug auf einem nahegelegenen Parkplatz feststellen. Der 18-j\u00e4hrige Mann aus dem Kreis Germersheim gab an, dass er seine neu erworbene Schreckschusspistole ausprobieren wollte. Die Kontrolle ergab, dass er zudem keinen &#8222;Kleinen Waffenschein&#8220; besitzt. Somit wurde die Schreckschusswaffe sichergestellt und ein Strafverfahren eingeleitet. Ein pr\u00e4ventives Gespr\u00e4ch \u00fcber die Gefahren einer solchen Waffe beendete die polizeiliche Ma\u00dfnahme.<\/p>\n\n\n\n<h4 class=\"wp-block-heading\">(Landau) &#8211; Drogentest reagiert positiv<\/h4>\n\n\n\n<p>Wegen Trunkenheit im Stra\u00dfenverkehr und Versto\u00df gegen das Bet\u00e4ubungsmittelgesetz haben Polizeibeamte am Sonntagmorgen die Ermittlungen aufgenommen. Ein 26 &#8211; j\u00e4hriger Autofahrer war gegen 11 Uhr von den Polizeibeamten im Nordring kontrolliert worden. Da bei dem Mann Anzeichen auf akuten Drogenkonsum vorlagen, wurde seine Verkehrst\u00fcchtigkeit \u00fcberpr\u00fcft. Ein Drogenschnelltest erbrachte ein positives Ergebnis auf die Stoffgruppen Kokain, Amfetamin und Cannabis. Dem Fahrer wurde eine Blutprobe bei der Dienststelle genommen.<\/p>\n\n\n\n<h4 class=\"wp-block-heading\">(Landau) &#8211; Pr\u00fcfbescheinigung reicht nicht aus<\/h4>\n\n\n\n<p>Ein Ermittlungsverfahren wegen Fahren ohne Fahrerlaubnis wurde am Sonntagmorgen um 9 Uhr gegen einen 41 &#8211; j\u00e4hrigen Rollerfahrer eingeleitet. Der Landauer war mit seinem Zweirad im Bereich der Offenbacher Stra\u00dfe kontrolliert worden und konnte lediglich eine Mofa Pr\u00fcfbescheinigung vorzeigen. Da sein Gef\u00e4hrt allerdings eine Geschwindigkeit von bis zu 45 km\/h erreicht, w\u00e4re ein F\u00fchrerschein der Klasse M erforderlich gewesen. Die Fahrt war an dieser Stelle zu Ende.<\/p>\n\n\n\n<h4 class=\"wp-block-heading\">(Landau) &#8211; Versucht, Auto kurzzuschlie\u00dfen<\/h4>\n\n\n\n<p>Zwischen Freitag, 04.12.2020 16:00 Uhr, und Samstag, 05.12.2020 08:30 Uhr, versuchten bislang Unbekannte in der M\u00fcnchener Stra\u00dfe in Landau einen wei\u00dfen VW Polo kurzzuschlie\u00dfen. Nachdem dies den T\u00e4tern misslang, durchw\u00fchlten sie den Pkw nach Wertsachen. Letztlich blieb es beim angerichteten Sachschaden durch herausgerissene Kabel der Fahrzeugelektrik. Die Kriminalinspektion Landau hat die Ermittlungen aufgenommen und bittet um Hinweise unter&nbsp;<a href=\"mailto:kilandau@polizei.rlp.de\">kilandau@polizei.rlp.de<\/a>&nbsp;oder 06341\/287-3333.<\/p>\n\n\n\n<h4 class=\"wp-block-heading\">(A 65 \/ Edesheim) &#8211; Abfahrtskontrollen<\/h4>\n\n\n\n<p>Bei einer Abfahrtskontrolle am Sonntagabend (06.12.2020, 20 Uhr bis 22 Uhr) auf der Tank- und Rastanlage &#8222;Pf\u00e4lzer Weinstra\u00dfe Ost&#8220; wurden zwei Trucker angetroffen, die 2,3 bzw. 2,8 Promille Atemalkohol in den Alkotester pusteten. Bei ihnen wurden die Fahrzeugschl\u00fcssel sowie die Ladepapiere sichergestellt. Beide wollten nach Ablauf des Sonntagsfahrverbots gegen 22 Uhr auf Tour gehen.<\/p>\n\n\n\n<h4 class=\"wp-block-heading\">(A 65 \/ Edenkoben) &#8211; Unter Medikamenteneinfluss mit der Mittelschutzplanke kollidiert<\/h4>\n\n\n\n<p>Die Fahrt\u00fcchtigkeit kann durch Medikamenteneinnahme erheblich beeintr\u00e4chtigt werden. Insbesondere die Wirkungsweise bei Antidepressiva kann zum Verlust der Aufmerksamkeit und Reaktionsf\u00e4higkeit beim Autofahrer f\u00fchren. So kam es Sonntagmittag (06.12.2020, 13.30) auf der A65 in H\u00f6he der AS Edenkoben zu einem Verkehrsunfall, bei dem eine Autofahrerin infolge Medikamenteneinflusses mit der Mittelschutzplanke kollidierte. Bei der Unfallaufnahme gab sie an, dass sie t\u00e4glich ein Antidepressivum einnehme. In einem Krankenhaus musste ihr im Anschluss eine angeordnete Blutprobe entnommen werden. Ein Strafverfahren wegen Stra\u00dfenverkehrsgef\u00e4hrdung wurde eingeleitet, da die Frau nicht in der Lage war, ihr Fahrzeug sicher zu f\u00fchren. Die Polizei warnt: Medikamente k\u00f6nnen eine berauschende Wirkung haben und somit die Verkehrst\u00fcchtigkeit nicht unerheblich einschr\u00e4nken. Wichtig sind insbesondere die Informationen des Beipackzettels bzw. die Hinweise des Arztes in Bezug auf die Fahrt\u00fcchtigkeit. Neben der Einleitung eines Strafverfahrens wird immer die zust\u00e4ndige F\u00fchrerscheinstelle \u00fcber den Medikamenteneinfluss informiert. Diese pr\u00fcft sodann, ob der Verkehrsteilnehmer noch zum F\u00fchren von Kraftfahrzeugen geeignet oder ob ihm die Fahrerlaubnis nach Verwaltungsrecht zu entziehen ist.<\/p>\n\n\n\n<h4 class=\"wp-block-heading\">(Neustadt) &#8211; Drogenfund bei Verkehrskontrolle<\/h4>\n\n\n\n<p>Bei einer Verkehrskontrolle am 06.12.2020, um 23 Uhr, auf dem Parkplatz Dannstadt West fanden Beamte der Polizeiautobahnstation Ruchheim in einem Mercedes Benz rund 100g Drogen auf. Der 25-J\u00e4hrige Mercedes-Fahrer war auf der A61 unterwegs. Auf der Rastst\u00e4tte Dannstadt West wurde er einer Verkehrskontrolle unterzogen. Unmittelbar beim Kontakt zum Fahrer kam den Beamten deutlicher Marihuana Geruch aus dem Wagen entgegen. Dazu zeigte der Fahrer eindeutige Anzeichen einer Drogenbeeinflussung. Bei der Durchsuchung des Fahrers, seines 35-j\u00e4hrigen Beifahrers und des Autos fanden die Polizisten insgesamt rund 100g Amphetamin und Marihuana auf. Die Drogen konnten sowohl dem Fahrer als auch dem Beifahrer zugeordnet werden. Gegen beide Personen wurde ein Ermittlungsverfahren eingeleitet. Dem Mercedes-Fahrer wurde eine Blutprobe entnommen.<\/p>\n\n\n\n<p>Einen weiteren Treffer erzielten die Beamten gestern am 06.12.2020, um 14.10 Uhr, bei einer Verkehrskontrolle auf dem Parkplatz Spielberg an der A65. Dort war ein 22-J\u00e4hriger mit seinem Fiesta unterwegs. Auch bei ihm zeigten sich eindeutige Anzeichen einer Drogenbeeinflussung. Ein durchgef\u00fchrter Drogenschnelltest best\u00e4tigte den Verdacht, dieser reagierte positiv auf Cannabis. Dem jungen Mann wurde eine Blutprobe entnommen. Ein Ermittlungsverfahren wurde eingeleitet.<\/p>\n\n\n\n<h4 class=\"wp-block-heading\">(A 65 \/ Ha\u00dfloch) &#8211; Fahrzeug mit abgedunkelten vorderen Seitenscheiben aus dem Verkehr gezogen<\/h4>\n\n\n\n<p>Sprichw\u00f6rtlich aus dem Verkehr gezogen wurde am Sonntag gegen 14 Uhr der 24-j\u00e4hrige Fahrer eines Mercedes-Benz auf der BAB 65, auf dem Parkplatz Spielberg. Da er beim Vorbeifahren am Streifenwagen aufgrund der dunklen, vorderen Seitenscheiben kaum zu erkennen war wurde er einer Verkehrskontrolle unterzogen. Im Verlauf der Kontrolle best\u00e4tigte sich der Verdacht. Die vorderen Seitenscheiben waren mittels dazu nicht zugelassener Folie abgedunkelt, was zum Erl\u00f6schen der Betriebserlaubnis des Fahrzeuges f\u00fchrt. Gegen Fahrer und Halterin wurde jeweils eine Ordnungswidrigkeitenanzeige gefertigt. Sie m\u00fcssen neben einem Bu\u00dfgeld auch mit einem Punkt in Flensburg rechnen. Die Folie wurde durch den Fahrer noch vor Ort entfernt.<\/p>\n\n\n\n<h4 class=\"wp-block-heading\">(Kirchheim) &#8211; Mitarbeiter im Schnellrestaurant \u00fcbel beleidigt<\/h4>\n\n\n\n<p>Ein 22-J\u00e4hriger aus Niedermohr wollte in einem Schnellrestaurant am Autobahnkreisel mehrere Coupons auf einmal einl\u00f6sen, obwohl pro Bestellung nur 2 Coupons m\u00f6glich sind. Nachdem der Kunde darauf aufmerksam gemacht wurde, reagierte dieser aggressiv. Er fragte, ob man ihn verarschen wolle und beleidigte den 45-j\u00e4hrigen Gesch\u00e4digten als Wichser und Hurensohn, er w\u00fcrde nur 450EUR verdienen. Gegen\u00fcber der Polizei stritt der Beschuldigte die Tat ab, es sei lediglich zu einem Streitgespr\u00e4ch gekommen.<\/p>\n\n\n\n<h4 class=\"wp-block-heading\">(Gr\u00fcnstadt) &#8211; Container-Einbruch<\/h4>\n\n\n\n<p>Eine Baufirma stellte bei Arbeitsbeginn am 07.12.2020 einen Einbruch in ihren Container fest, in dem Werkzeug etc. gelagert war. Der Container wurde in Schloss-H\u00f6he aufgehebelt (rote Lackspuren). Die Diebe hatten es auf einen K\u00fchlschrank (ca. 80 cm hoch), einen wei\u00dfen Heizk\u00f6rper, eine rote Gasflasche (11 kg) und ein Makita Baustellenradio abgesehen. Zum Abtransport wurde vom Baustellengel\u00e4nde dann praktischerweise auch noch eine Schubkarre geklaut. Der Schaden betr\u00e4gt ca. 600EUR. Die Polizei bittet um Hinweise aus der Bev\u00f6lkerung &#8211; vielleicht hat jemand am Wochenende verd\u00e4chtige Wahrnehmungen im Bereich Neugasse gemacht.<\/p>\n\n\n\n<h4 class=\"wp-block-heading\">(Gr\u00fcnstadt) &#8211; Keller-Einbruch, Autoreifen gestohlen<\/h4>\n\n\n\n<p>Die 62-j\u00e4hrige Gesch\u00e4digte stellte am 06.12.2020 einen Einbruch in den Kellerraum in einem Mehrfamilienhaus fest. Der T\u00e4ter hatte es auf 4 eingelagerte Reifen (Marke Dunlop) abgesehen. Der Schaden wird mit 200EUR angegeben.<\/p>\n\n\n\n<h4 class=\"wp-block-heading\">(Gr\u00fcnstadt) &#8211; Unfall mit 4 Leichtverletzten<\/h4>\n\n\n\n<p>An der Kreuzung Kreuzerweg \/ S\u00fcdring missachtete ein 23-J\u00e4hriger aus Gr\u00fcnstadt die Vorfahrt (STOP-Schild) eines anderen PKW und es kam zum Zusammensto\u00df. Der 23-J\u00e4hrige fuhr noch geradeaus \u00fcber die Kreuzung hinweg und durchbrach einen Gartenzaun, bis der PKW im Garten stehen blieb. Beide PKW waren mit je 2 Personen besetzt &#8211; alle Insassen wurden leicht verletzt in umliegende Krankenh\u00e4user verbracht. Der Sachschaden wird auf ca. 25.000EUR gesch\u00e4tzt.<\/p>\n\n\n\n<h4 class=\"wp-block-heading\">(Gerlosheim) &#8211; Sachbesch\u00e4digung an PKW<\/h4>\n\n\n\n<p>Ein Nachbar machte eine 32-J\u00e4hrige darauf aufmerksam, dass an ihrem geparkten PKW (schwarzer Opel Astra) \u00fcber Nacht drei Reifen plattgestochen wurden. Der Schaden liegt bei ca. 500EUR. Eine Nachbarschaftsbefragung brachte keine Hinweise auf den T\u00e4ter. Die Polizei bittet um Hinweise aus der Bev\u00f6lkerung. M\u00f6glicherweise kann jemand sachdienliche Hinweise machen: Polizei Gr\u00fcnstadt Tel. 06359 93120.<\/p>\n\n\n\n<h4 class=\"wp-block-heading\">(Wiesoppenheim) &#8211; Ver\u00e4nderungen am Fahrzeug geahndet.<\/h4>\n\n\n\n<p>Am 05.12.2020 wurde mit einem schwarzen BMW X5, auf dem Parkplatz Kurzgewann an der BAB 61, eine Verkehrskontrolle durchgef\u00fchrt. Bei \u00dcberpr\u00fcfung des Fahrzeugs konnte festgestellt werden, dass die Bereifung ver\u00e4ndert und Distanzscheiben vorne und hinten angebracht waren, was zum Erl\u00f6schen der Betriebserlaubnis f\u00fchrte. Zudem waren die Scheiben mit nicht genehmigter Folie get\u00f6nt und nicht zugelassene R\u00fcckstrahler angebracht. Den Fahrer sowie den Halter erwartet nun eine Anzeige.<\/p>\n\n\n\n<h4 class=\"wp-block-heading\">(Worms) &#8211; Mit gef\u00e4lschtem EU F\u00fchrerschein unterwegs<\/h4>\n\n\n\n<p>Am Samstagnachmittag (05.12.2020), um 17.22 Uhr, kontrollierten Beamte der Polizeiautobahnstation Ruchheim einen Ford Transit auf der A61, H\u00f6he Gemarkung Worms. Der 47-j\u00e4hrige Fahrer h\u00e4ndigte auf Verlangen einen g\u00fcltigen F\u00fchrerschein aus. Bei der weiteren Kontrolle fanden die Beamte bei dem Mann einen weiteren F\u00fchrerschein. Schnell stellten sie fest, dass es sich bei diesem Dokument um eine Totalf\u00e4lschung handelt. Woher der 47-J\u00e4hrige das gef\u00e4lschte Dokument hatte, wollte er nicht sagen. Er r\u00e4umte lediglich ein, dass es sich dabei um ein Souvenir handeln w\u00fcrde, welches er nicht im Rechtsverkehr einsetzen wolle. Der gef\u00e4lschte F\u00fchrerschein wurde sichergestellt. Ein Strafverfahren wurde eingeleitet, die Ermittlungen dauern an.<\/p>\n\n\n\n<h4 class=\"wp-block-heading\">(Frankenthal) &#8211; Verkehrsunfallflucht<\/h4>\n\n\n\n<p>Die Gesch\u00e4digte stellt ihren Pkw VW Golf in der Zeit von 04.12.2020, 22.30 Uhr, bis 06.12.2020, 14.00 Uhr, auf dem R\u00f6ntgenplatz ab. Als sie wieder zu ihrem Fahrzeug kommt, muss sie feststellen, dass dieses durch einen bislang unbekannten Fahrzeugf\u00fchrer an der vorderen rechten Seite besch\u00e4digt wurde. Der Schaden wird auf etwa 500 Euro gesch\u00e4tzt.<\/p>\n\n\n\n<p>Zeugen werden gebeten sich an die Polizeiinspektion Frankenthal unter der Tel.-Nr.: 06233\/313-0 oder an die Polizeiwache Maxdorf unter der Tel.-Nr.: 06237\/934-1100 zu wenden. Gerne nehmen wir Ihre Hinweise auch per E-Mail unter\u00a0<a href=\"mailto:pifrankenthal@polizei.rlp.de\">pifrankenthal@polizei.rlp.de<\/a>\u00a0entgegen.<\/p>\n\n\n\n<h4 class=\"wp-block-heading\">(Ludwigshafen) &#8211; In Einfamilienhaus eingebrochen<\/h4>\n\n\n\n<p>Bislang unbekannte T\u00e4ter drangen zwischen dem 03.12.2020, gegen 08:30 Uhr, und dem 06.12.2020, gegen 11:30 Uhr, in ein Einfamilienhaus in der Fu\u00dfg\u00f6nheimer Stra\u00dfe ein. Sie durchsuchten das Haus nach Wertgegenst\u00e4nden und konnten mit einer geringen Bargeldsumme fl\u00fcchten.<\/p>\n\n\n\n<p>Wer hat im Tatzeitraum verd\u00e4chtige oder ungew\u00f6hnliche Beobachtungen gemacht? Wer kann Hinweise auf die T\u00e4ter geben? Sachdienliche Hinweise nimmt die Kriminalpolizei Ludwigshafen unter der Telefonnummer 0621\/963-2773 oder per E-Mail\u00a0<a href=\"mailto:kiludwigshafen.k1.kdd@polizei.rlp.de\">kiludwigshafen.k1.kdd@polizei.rlp.de<\/a>\u00a0entgegen.<\/p>\n\n\n\n<h4 class=\"wp-block-heading\">(Mannheim) &#8211; Schwerer Verkehrsunfall zwischen Auto und Stra\u00dfenbahn; Stra\u00dfenbahn entgleist; mehrere Verletzte gemeldet<\/h4>\n\n\n\n<h4 class=\"wp-block-heading\" style=\"text-align:center\">Pressemitteilung Nr. 1<\/h4>\n\n\n\n<p>Bei einem Verkehrsunfall am Montagmorgen, kurz nach 8 Uhr, in der Fahrlachstra\u00dfe, Ecke Gottlieb-Daimler-Stra\u00dfe, zwischen einem Auto und einer Stra\u00dfenbahn soll es nach ersten Informationen mehrere Verletzte gegeben haben. Rettungskr\u00e4fte, sowie Feuerwehr und Polizei sind im Einsatz. Dar\u00fcber hinaus soll die Stra\u00dfenbahn entgleist sein. N\u00e4here Informationen zum Unfallhergang liegen noch nicht vor.<\/p>\n\n\n\n<h4 class=\"wp-block-heading\">(Mannheim) &#8211; Schwerer Verkehrsunfall zwischen Auto und Stra\u00dfenbahn; Stra\u00dfenbahn entgleist; Rettungshubschrauber gelandet; Pressestelle vor Ort<\/h4>\n\n\n\n<h4 class=\"wp-block-heading\" style=\"text-align:center\">Pressemitteilung Nr. 2<\/h4>\n\n\n\n<p>Rund um die Unfallstelle in der Fahrlachstra\u00dfe, Ecke Gottlieb-Daimler-Stra\u00dfe sind alle Zufahrtsstra\u00dfen gesperrt. Der Verkehr wird umgeleitet.<\/p>\n\n\n\n<p>Ein Autofahrer ist eingeklemmt und wird derzeit von der Berufsfeuerwehr befreit. Ein Rettungshubschrauber ist im Einsatz.<\/p>\n\n\n\n<p>Ein Vertreter der Pressestelle steht unter 0152\/57721024 f\u00fcr Ausk\u00fcnfte vor Ort zur Verf\u00fcgung.<\/p>\n\n\n\n<h4 class=\"wp-block-heading\">(Mannheim) &#8211; Schwerer Verkehrsunfall zwischen Auto und Stra\u00dfenbahn; Stra\u00dfenbahn entgleist; zwei Verletzte; Rettungshubschrauber abgeflogen; <\/h4>\n\n\n\n<h4 class=\"wp-block-heading\" style=\"text-align:center\">Pressemitteilung Nr. 3<\/h4>\n\n\n\n<p>Nach dem derzeitigen Kenntnisstand war ein Citroen-Fahrer von der Wilhelm-Varnholt-Allee in Richtung Schlachthof unterwegs und soll bei Rot in die Kreuzung Fahrlachstra\u00dfe, Ecke Gottlieb-Daimler-Stra\u00dfe eingefahren sein. Die hatte zur Folge, dass er mit der Stra\u00dfenbahn der Linie 6a kollidierte, die mit 15 Personen besetzt und in Richtung Innenstadt unterwegs war.<\/p>\n\n\n\n<p>Der schwer verletzte Autofahrer wurde mit einem Rettungswagen in eine Klinik geflogen. Der Stra\u00dfenbahnfahrer wurde ebenfalls verletzt und mit einem Rettungswagen in eine Klinik transportiert. Insgesamt wurden lediglich zwei Personen verletzt. Die Fahrg\u00e4ste in der Stra\u00dfenbahn blieben nach derzeitigen Erkenntnissen unverletzt.<\/p>\n\n\n\n<p>Der Sachschaden l\u00e4sst sich noch nicht n\u00e4her beziffern, d\u00fcrfte jedoch bei mehreren zehntausend Euro liegen.<\/p>\n\n\n\n<p>Derzeit finden die Aufr\u00e4umarbeiten statt. Die entgleiste Stra\u00dfenbahn wird derzeit mit schwerem Ger\u00e4t wieder in die Gleise gehievt.<\/p>\n\n\n\n<p>Zeugen, die Hinweise zur Ampelschaltung (wer hatte Gr\u00fcn?) geben k\u00f6nnen, werden gebeten, sich mit der Verkehrspolizei Mannheim, Tel.: 0621\/174-4222 in Verbindung zu setzen.<\/p>\n\n\n\n<h4 class=\"wp-block-heading\">(Mannheim-Fahrlach) &#8211; Schwerer Verkehrsunfall zwischen Auto und Stra\u00dfenbahn; Stra\u00dfenbahn entgleist; zwei Verletzte<\/h4>\n\n\n\n<h4 class=\"wp-block-heading\" style=\"text-align:center\">Pressemitteilung Nr. 4<\/h4>\n\n\n\n<p>Wie bereits berichtet ereignete sich am Montagmorgen, kurz nach acht Uhr an der Kreuzung Fahrlachstra\u00dfe\/ Gottlieb-Daimler-Stra\u00dfe ein Verkehrsunfall zwischen einem 32-j\u00e4hrigen Citroen-Fahrer und einer Stra\u00dfenbahn. Dabei wurde der Fahrer des Citro\u00ebn schwer verletzt. Er musste durch die Feuerwehr mit schwerem Ger\u00e4t aus seinem Fahrzeug befreit werden, bevor er in eine Klinik gebracht wurde, wo er station\u00e4r aufgenommen wurde. Auch der 61-j\u00e4hrige Fahrer der Stra\u00dfenbahn wurde leicht verletzt und zur Untersuchung in ein Krankenhaus eingeliefert.<\/p>\n\n\n\n<p>Da die Stra\u00dfenbahn bei dem Zusammensto\u00df entgleist war, musste sie mit schwerem Ger\u00e4t wieder in die Gleise gehoben werden. Der Pkw war so stark besch\u00e4digt, dass er abgeschleppt werden musste. Bis zum Abschluss der Aufr\u00e4um- und Reinigungsarbeiten gegen 101.15 Uhr war die Kreuzung f\u00fcr den Fahrzeugverkehr gesperrt.<\/p>\n\n\n\n<p>Die Ermittlungen der Unfallspezialisten der Verkehrspolizei Mannheim dauern an. Zeugen, die Hinweise zur Ampelschaltung und zum Unfallhergang geben k\u00f6nnen, werden gebeten, sich bei der Verkehrspolizei Mannheim, Tel.: 0621\/174-4222 zu melden.<\/p>\n\n\n\n<h4 class=\"wp-block-heading\">(Mannheim) &#8211; \u00dcberwachung der Ausgangsbeschr\u00e4nkung; Bilanz des ersten Wochenendes<\/h4>\n\n\n\n<div class=\"wp-block-image\"><figure class=\"aligncenter\"><img decoding=\"async\" loading=\"lazy\" width=\"500\" height=\"500\" src=\"https:\/\/speyer24news.com\/wp-content\/uploads\/2020\/02\/virus-4810549_1920.png\" alt=\"\" class=\"wp-image-25116\" srcset=\"https:\/\/speyer24news.com\/wp-content\/uploads\/2020\/02\/virus-4810549_1920.png 500w, https:\/\/speyer24news.com\/wp-content\/uploads\/2020\/02\/virus-4810549_1920-150x150.png 150w, https:\/\/speyer24news.com\/wp-content\/uploads\/2020\/02\/virus-4810549_1920-300x300.png 300w\" sizes=\"(max-width: 500px) 100vw, 500px\" \/><\/figure><\/div>\n\n\n\n<p>Nachdem die dritte Kontrollnacht von Sonntag auf Montag absolut ruhig verlaufen war (kontrolliert wurden &#8211; Fahrzeuge: 199; Personen: 302; Verst\u00f6\u00dfe: 0), l\u00e4sst sich f\u00fcr das gesamte erste Wochenende eine \u00e4u\u00dferst positive Bilanz ziehen.<\/p>\n\n\n\n<p>Die Mannheimer Bev\u00f6lkerung verh\u00e4lt sich vorbildlich und respektiert bis auf wenige Ausnahmen die Ausgangsbeschr\u00e4nkung.<\/p>\n\n\n\n<p>Dass die Stadt Mannheim eine gro\u00dfe Anziehungskraft auf ausw\u00e4rtige Besucher aus\u00fcbt, stellten die Einsatzkr\u00e4fte in der Nacht von Samstag auf Sonntag fest. \u00dcberwiegend wurden Personen kontrolliert, die auch von weit her anreisten, um in Mannheim auszugehen und denen die Ausgangsbeschr\u00e4nkung nicht bekannt war.<\/p>\n\n\n\n<p>Die ganz gro\u00dfe Mehrheit war einsichtig und zeigte Verst\u00e4ndnis, weshalb es bei aufkl\u00e4renden Gespr\u00e4chen blieb. Bislang wurden nur gegen f\u00fcnf absolut uneinsichtige Personen Bu\u00dfgeldverfahren eingeleitet.<\/p>\n\n\n\n<p>Die meisten Kontrollierten brachten triftige Gr\u00fcnde vor, weshalb sie ins Stadtgebiet fuhren oder die Stra\u00dfen der Stadt zur Durchfahrt nutzten.<\/p>\n\n\n\n<p>Die Wege von und zur Arbeit wurde von den meisten Personen ins Feld gef\u00fchrt, famili\u00e4re Gr\u00fcnde wurden am zweith\u00e4ufigsten genannt.<\/p>\n\n\n\n<p>&#8222;Die ersten N\u00e4chte der Ausgangsbeschr\u00e4nkung sind vor\u00fcber. Ich kann eine \u00e4u\u00dferst positive Zwischenbilanz ziehen. Die Mannheimer Bev\u00f6lkerung verh\u00e4lt sich vorbildlich, verantwortungsbewusst und diszipliniert, w\u00e4hrend dieser bislang noch nie dagewesenen gesellschaftlichen Herausforderung. Bis auf ganz wenige Ausnahmen wird meinen Kolleginnen und Kollegen mit Verst\u00e4ndnis und Akzeptanz unserer Ma\u00dfnahmen begegnet. Gemeinsam mit dem Oberb\u00fcrgermeister Dr. Kurz habe ich mich vor Ort \u00fcber das Einsatzgeschehen informiert. Meine Kolleginnen und Kollegen sind motiviert und leisten, jeder Einzelne f\u00fcr sich, einen wichtigen Beitrag, um die Infektionszahlen zu senken&#8220;, zieht Polizeipr\u00e4sident Andreas Stenger ein positives Fazit des ersten Wochenendes.<\/p>\n\n\n\n<p>Das Polizeipr\u00e4sidium Mannheim wird auch weiterhin Nacht f\u00fcr Nacht den eingeschlagenen Weg mit einem hohen Personalansatz fortsetzen und die Durchsetzung der Ausgangsbeschr\u00e4nkung in den polizeilichen Mittelpunkt stellen.<\/p>\n\n\n\n<h4 class=\"wp-block-heading\">(Mannheim-Oststadt) &#8211; Unbekannter T\u00e4ter schl\u00e4gt Scheibe von Auto ein und entwendet Handtasche<\/h4>\n\n\n\n<p>Am Sonntag im Zeitraum zwischen 16:00 Uhr und 17:40 Uhr schlug ein bislang unbekannter T\u00e4ter im Gartenschauweg vor dem dortigen Reitverein die Seitenscheibe eines VWs ein und entwendete eine sich darin befindliche Handtasche. In der Tasche befand sich ein hochwertiges Tablet. Zeugen, die verd\u00e4chtige Wahrnehmungen gemacht haben, werden gebeten, sich unter der Telefonnummer 0621\/174-3310 beim Polizeirevier Mannheim-Oststadt zu melden.<\/p>\n\n\n\n<h4 class=\"wp-block-heading\">(Mannheim-Neckarstadt) &#8211; Unbekannte werfen K\u00fchlschrank auf Auto<\/h4>\n\n\n\n<p>Am Sonntag gegen 21:30 Uhr warfen in der Alphornstra\u00dfe zwei bislang unbekannte T\u00e4ter einen K\u00fchlschrank auf ein geparktes Auto und verursachten im Bereich der Motorhaube sowie der Frontscheibe einen Schaden von mehr als 2000 Euro. Ein Zeuge beobachtete dies, verst\u00e4ndigte die Polizei und sprach die T\u00e4ter an, woraufhin diese auf die Riedfeldstra\u00dfe fl\u00fcchteten. Hier verlor der Zeuge die T\u00e4ter aus den Augen. Einer der T\u00e4ter wird wie folgt beschrieben: normale Statur, 170 cm &#8211; 175 cm gro\u00df, grauer Kapuzenpullover, dunkle Weste dar\u00fcber. Beide T\u00e4ter hatten einen polnischen Akzent. Zeugen, die verd\u00e4chtige Wahrnehmungen gemacht haben oder Hinweise auf die T\u00e4ter geben k\u00f6nnen, werden gebeten, sich unter der Telefonnummer 0621\/3301-0 beim Polizeirevier Mannheim-Neckarstadt zu melden.<\/p>\n\n\n\n<h4 class=\"wp-block-heading\">(Mannheim-Neckarstadt \/ -Sch\u00f6nau) &#8211; Unbekannte T\u00e4ter werfen Schaufensterscheibe ein und fl\u00fcchten mit Diebesgut \/ Zeugen gesucht<\/h4>\n\n\n\n<p>Am Samstag gegen 23:00 Uhr warfen mehrere bislang unbekannte T\u00e4ter im Ulmenweg mit einem Gullydeckel die Schaufensterscheibe eines Supermarktes ein. Anschlie\u00dfend hebelten sie den Rollladen zum Tabakwarenst\u00e4nder auf. Entwendet wurden Zigaretten und alkoholische Getr\u00e4nke von bislang unbekanntem Wert.<\/p>\n\n\n\n<p>Ein \u00e4hnlicher Fall ereignete sich am Wochenende in der Sonderburger Stra\u00dfe. Dort wurde ebenfalls mit einem Gullydeckel die Eingangst\u00fcr eines Gesch\u00e4ftes f\u00fcr Tierbedarf eingeworfen. Die R\u00e4umlichkeiten wurden durchw\u00fchlt, jedoch wurde nichts entwendet.<\/p>\n\n\n\n<p><strong>Die T\u00e4ter k\u00f6nnen wie folgt beschrieben werden:<\/strong><\/p>\n\n\n\n<ul><li>eine Person weiblich und eine m\u00e4nnlich<\/li><li>beide ca. 17 bis 20 Jahre alt<\/li><li>beide schlank und dunkel gekleidet<\/li><li>die weibliche Person hatte lange blonde Haare<\/li><li>die m\u00e4nnliche Person hatte einen Schal \u00fcber das Gesicht gezogen <\/li><\/ul>\n\n\n\n<p>Zeugen, die sachdienliche Angaben zum Tathergang oder den unbekannten T\u00e4tern machen k\u00f6nnen, melden sich bitte beim Polizeirevier Mannheim-Neckarstadt, Tel.: 0621\/3301-0.<\/p>\n\n\n\n<h4 class=\"wp-block-heading\">(Mannheim-Neckarstadt) &#8211; Zeuge beobachtet Unfallflucht \/ Verd\u00e4chtiger ermittelt<\/h4>\n\n\n\n<p>Am Samstag gegen 10 Uhr konnte ein aufmerksamer Zeuge in der Alphornstra\u00dfe beobachten, wie ein BMW-Fahrer beim Ausparken gegen einen geparkten Ford fuhr. Der Fahrer stieg aus seinem Fahrzeug aus, begutachtete den verursachten Schaden und fl\u00fcchtete anschlie\u00dfend mit seinem Fahrzeug. Die alarmierten Beamte konnten den vermeintlichen 23-j\u00e4hrigen Unfallverursacher ausfindig machen und an dessen Arbeitsst\u00e4tte antreffen, wo auch dessen BMW stand, welcher frische Unfallspuren aufwies. Die pr\u00e4zise Beschreibung des Zeugen traf ebenfalls auf den 23-J\u00e4hrigen zu. Dieser bestritt jedoch, den Unfall verursacht zu haben. Zeugen, die den Unfall ebenfalls beobachtet haben, werden gebeten, sich unter der Telefonnummer 0621\/3301-0 beim Polizeirevier Mannheim-Neckarstadt zu melden.<\/p>\n\n\n\n<h4 class=\"wp-block-heading\">(Mannheim-Sch\u00f6nau) &#8211; Unbekannte T\u00e4ter greifen Mann an und entwenden dessen E-Bike \/ Polizei sucht Zeugen<\/h4>\n\n\n\n<p>Zwei unbekannte m\u00e4nnliche Personen forderten am Freitagabend gegen 18.15 Uhr einen 32-J\u00e4hrigen Radfahrer auf, sein E-Bike f\u00fcr eine Probefahrt zur Verf\u00fcgung zu stellen. Der Mann weigerte sich. Die Personen gerieten in Streit, in dessen Folge beide T\u00e4ter mit ihren F\u00e4usten auf den Radfahrer einschlugen und au\u00dferdem jeweils ein Messer zogen. Daraufhin fl\u00fcchtete der 32-J\u00e4hrige zu Fu\u00df, lie\u00df E-Bike und Rucksack zur\u00fcck. Er hielt ein Fahrzeug an und bat den Fahrer, die Polizei zu verst\u00e4ndigen. Eine sofort eingeleitete Fahndung blieb ohne Erfolg. Der Rucksack wurde aufgefunden, das Fahrrad war weg. <\/p>\n\n\n\n<p>Die beiden unbekannten T\u00e4ter wurden als <\/p>\n\n\n\n<ul><li>s\u00fcdosteurop\u00e4ische Ph\u00e4notypen<\/li><li> im Alter von ca. 19-23 Jahren beschrieben. <\/li><li>Einer der beiden trug am linken Unterarm einen Gips oder eine Bandage.<\/li><\/ul>\n\n\n\n<p>Das Fachdezernat des Kriminalkommissariats in Mannheim hat die Ermittlungen aufgenommen. Zeugen, die sachdienliche Hinweise zum Tathergang und\/oder den unbekannten T\u00e4tern geben k\u00f6nnen, werden gebeten, sich mit dem Kriminaldauerdienst, Telefon 0621\/174-4444 in Verbindung zu setzen.<\/p>\n\n\n\n<h4 class=\"wp-block-heading\">(Mannheim-Rheinau) &#8211; Exhibitionist am Rheinauer See \/ Polizei sucht Zeugen<\/h4>\n\n\n\n<p>Am Rheinauer See entbl\u00f6\u00dfte sich am Sonntag gegen 14 Uhr ein Unbekannter vor mehreren weiblichen Personen. Zwei junge M\u00e4dchen, die sich an der Tischtennisplatte am Liegeplatz aufhielten, beobachteten einen Mann, der mit heruntergelassenere Hose in einem Geb\u00fcsch stand und an seinem Geschlechtsteil manipulierte. Eine Spazierg\u00e4ngerin, der sich der Unbekannte ebenfalls in exhibitionistischer Weise zeigte, verst\u00e4ndigte sich mit den Jugendlichen und alarmierte sofort die Polizei. Daraufhin zog sich der Unbekannte in Richtung Wohngebiet zur\u00fcck. Eine sofort eingeleitete Fahndung blieb leider ohne Erfolg. <\/p>\n\n\n\n<ul><li>Der s\u00fcdeurop\u00e4ische Ph\u00e4notyp <\/li><li>mit der hellen Haut und <\/li><li>den dunklen Augenbrauen soll <\/li><li>von kr\u00e4ftiger Statur, <\/li><li>ca. 175 cm gro\u00df und <\/li><li>zwischen 30 und 45 Jahre alt gewesen sein. <\/li><li>Er war mit dunkler Hose, dunkler Jacke und einer schwarzen Wollm\u00fctze bekleidet. <\/li><\/ul>\n\n\n\n<p>Das Kriminalkommissariat in Mannheim hat die Ermittlungen nach dem Unbekannten aufgenommen und bittet Zeugen, die sachdienliche Hinweise geben k\u00f6nnen, sich mit dem Kriminaldauerdienst, Telefon 0621\/174-4444, in Verbindung zu setzen.<\/p>\n\n\n\n<h4 class=\"wp-block-heading\">(Mannheim-K\u00e4fertal) &#8211; Verkehrsunfall mit unklarem Hergang \/ Zeugen gesucht<\/h4>\n\n\n\n<p>Ein Zusammensto\u00df, bei dem sich beide Beteiligten die Schuld zuschoben, ereignete sich am Sonntagabend im Stadtteil K\u00e4fertal. Ein 66-j\u00e4hriger Mann war gegen 20 Uhr mit seinem Toyota auf der rechten Fahrspur der Friedrich-Ebert-Stra\u00dfe stadtausw\u00e4rts unterwegs. Links neben diesem fuhr ein 29-J\u00e4hriger mit seinem BMW in gleicher Richtung. An der Fahrbahnverengung kam er zum Zusammensto\u00df der beiden Fahrzeuge. Beide Beteiligten gaben an, dass er jeweils andere unachtsam die Fahrspur wechselte.<\/p>\n\n\n\n<p>Zeugen, die den Unfall beobachtet haben und sachdienliche Hinweise zum Unfallablauf geben k\u00f6nnen, werden gebeten, sich beim Polizeirevier Mannheim-K\u00e4fertal; Tel: 0621\/71849-0 zu melden.<\/p>\n\n\n\n<h4 class=\"wp-block-heading\">(Heidelberg-Pfaffengrund) &#8211; Einbruch in Einfamilienhaus \/ Polizei sucht Zeugen<\/h4>\n\n\n\n<p>Am Samstag zwischen 11 und 18.45 Uhr wurde in ein freistehendes Einfamilienhaus in der Stra\u00dfe Im Buschgewann eingebrochen. Nach den bisherigen Erkenntnissen wurde ein Fenster auf der r\u00fcckw\u00e4rtigen Gartenseite aufgebrochen. Im Hausinnern wurden s\u00e4mtliche R\u00e4ume im Erd- und Obergeschoss durchsucht und ein Mobiltelefon, ein Tablet und eine Nintendo Switch entwendet. Der Diebstahlsschaden bel\u00e4uft sich auf ca. 1.000 Euro. Zeugen, die im fraglichen Zeitraum verd\u00e4chtige Beobachtungen gemacht haben, werden gebeten, sich unter Telefon 0621\/174-4444 bei der Kriminalpolizeidirektion Heidelberg zu melden.<\/p>\n\n\n\n<h4 class=\"wp-block-heading\">(Sandhausen \/ Rhein-Neckar-Kreis) &#8211; Kupferkabelrollen und Aluminiumkabelringe aus Lagerhalle entwendet \/ Diebstahlsschaden ca. 10.000 Euro &#8211; Polizei sucht Zeugen<\/h4>\n\n\n\n<p>Aus einer Lagerhalle in der Heinrich-Lanz-Stra\u00dfe entwendeten unbekannte T\u00e4ter in zur\u00fcckliegender Zeit zwei komplette Paletten mit Kupferkabelrollen mit einem Gewicht von ca. 1,5 Tonnen und ca. 800 kg Aluminiumkabelringe. Der Diebstahl wurde am Samstagmorgen (05.12.2020) entdeckte, der Tatzeitraum l\u00e4sst sich auf etwa zwei Wochen zur\u00fcck begrenzen. F\u00fcr den Abtransport m\u00fcssen die T\u00e4ter einen Lkw oder einen Anh\u00e4nger benutzt haben. Zeugen, die verd\u00e4chtige Beobachtungen im Tatortbereich gemacht haben, werden gebeten, sich unter Telefon 06222\/57090 beim Polizeirevier Wiesloch zu melden.<\/p>\n\n\n\n<h4 class=\"wp-block-heading\">(Ketsch \/ Rhein-Neckar-Kreis) &#8211; Farbschmierereien auf Hausfassaden, Stromverteilerk\u00e4sten und an Anh\u00e4nger \/ Polizei sucht Zeugen<\/h4>\n\n\n\n<p>In der Nacht von Samstag auf Sonntag haben Unbekannte im Ort mit beiger Farbe gespr\u00fcht. Ein Zeuge hatte die Polizei verst\u00e4ndigt, nachdem sein Anh\u00e4nger im Weidenweg beschmiert war, zudem entdeckte er in Richtung Mannheimer Stra\u00dfe weitere Farbschmierereien. Wie sich herausstellte, wurden Hausfassaden, ein Garagentor, ein Gartenzaum und mehrere Stromverteilerk\u00e4sten bespr\u00fcht. Die Tatorte lagen \u00fcberwiegend im Altrheinbogen, dar\u00fcber hinaus in der Karlsbader-\/J\u00e4gerndorfer- und Mannheimer Stra\u00dfe. Zeugen, die in der fraglichen Zeit verd\u00e4chtige Beobachtungen gemacht haben, werden gebeten sich unter Telefon 06202\/2880 beim Polizeirevier Schwetzingen zu melden.<\/p>\n\n\n\n<h4 class=\"wp-block-heading\">(Hockenheim \/ A 61 \/ Rhein-Neckar-Kreis) &#8211; Audi erfasst drei Wildschweine \/ Tiere get\u00f6tet &#8211; 15.000 Sachschaden<\/h4>\n\n\n\n<p>Bei einem Verkehrsunfall am Sonntag, gegen 11.20 Uhr nach einem Wildwechsel auf der A 61 zwischen Speyer und Hockenheim wurden drei Wildschweine get\u00f6tet. Der 55-j\u00e4hrige Autofahrer war mit seinem Audi Richtung Hockenheim unterwegs, als er die Tiere erfasste. Durch den starken Aufprall l\u00f6sten s\u00e4mtliche Airbags aus, es entstand ein Sachschaden von 15.000 Euro. Dem Fahrer gelang es noch, sein Auto auf dem Seitenstreifen abzustellen. Die Polizei verst\u00e4ndigte einen Abschleppdienst und die Autobahnmeisterei, die sich um die verendeten Tiere k\u00fcmmerte.<\/p>\n\n\n\n<h4 class=\"wp-block-heading\">(Hockenheim \/ Rhein-Neckar-Kreis) &#8211; Weihnachtdekoration aus Vorg\u00e4rten gestohlen \/ Zeugen gesucht<\/h4>\n\n\n\n<p>In der Nacht von Freitag auf Samstag (04.\/05.12.2020) wurden aus zwei Vorg\u00e4rten in der Magdeburger Stra\u00dfe die Weihnachtsdekoration gestohlen. Aus einem Vorgarten wurde eine LED-&#8222;Wasserfall&#8220;-Lichterkette entwendet, nicht weit davon entfernt lie\u00dfen der oder die T\u00e4ter zwei LED-&#8222;Rentiere&#8220; mitgehen. Der Diebstahlsschaden bel\u00e4uft sich auf insgesamt ca. 250 Euro. Zeugen, die verd\u00e4chtige Beobachtungen gemacht haben, werden gebeten sich unter Telefon 06205\/28600 beim Polizeirevier Hockenheim zu melden.<\/p>\n\n\n\n<h4 class=\"wp-block-heading\">(Sankt Leon \/ L 546 \/ Rhein-Neckar-Kreis) &#8211; LKW umgekippt \/ Fahrbahn gesperrt<\/h4>\n\n\n\n<h4 class=\"wp-block-heading\" style=\"text-align:center\">Pressemitteilung Nr.1<\/h4>\n\n\n\n<p>Am Montag gegen 15:20 Uhr kippte auf der L546 zwischen Sankt Leon und Reilingen auf H\u00f6he des Sankt Leoner Sees aus bislang ungekl\u00e4rter Ursache ein LKW in ein angrenzendes Feld. Der Fahrer des LKWs konnte selbstst\u00e4ndig das Fahrzeug verlassen. F\u00fcr die Unfallaufnahme und die Bergung des LKWs ist die L546 in beide Richtungen gesperrt.<\/p>\n\n\n\n<h4 class=\"wp-block-heading\">(Edingen-Neckarhausen \/ A 656 \/ Rhein-Neckar-Kreis) &#8211; Zwei Autofahrer w\u00e4hrend der Fahrt aneinandergeraten und auf Standstreifen gepr\u00fcgelt \/ Zeugen gesucht!<\/h4>\n\n\n\n<p>Am Sonntag gegen 16:00 Uhr kam es auf der A656 in Fahrtrichtung Mannheim aufgrund bislang unklarer Umst\u00e4nde zu einer Auseinandersetzung zwischen einem 25-j\u00e4hrigen Opel-Fahrer und einem 24-j\u00e4hrigen Rangerover-Fahrer, wonach beide auf dem Standstreifen anhielten und sich pr\u00fcgelten. Nach derzeitigem Ermittlungsstand sollen sich beide mehrfach \u00fcberholt und gef\u00e4hrdet haben. Dabei soll auch eine Flasche aus einem der Fahrzeuge geworfen worden sein. Da die Aussagen der Beteiligten stark voneinander abweichen, werden Zeugen gesucht, die den Vorfall beobachtet haben. Diese wenden sich bitte unter der Telefonnummer 0621\/47093-0 an den Verkehrsdienst Mannheim.<\/p>\n\n\n\n<h4 class=\"wp-block-heading\">(Eberbach \/ Rhein-Neckar-Kreis) &#8211; 61-j\u00e4hrige Autofahrerin bei Unfall verletzt \/ Sachschaden ca. 10.000 Euro<\/h4>\n\n\n\n<p>Bei einem Verkehrsunfall am Samstag gegen 18.30 Uhr an der Einm\u00fcndung Wilhelm-Blos-Stra\u00dfe\/Neuer Weg wurde die Verursacherin leicht verletzt. Die 61-j\u00e4hrige Fahrerin eines Suzuki war nach links in die Stra\u00dfe Neuer Weg abgebogen. Dabei kam es zur Kollision mit dem VW eines entgegenkommenden 32-J\u00e4hrigen. Durch den Aufprall drehte sich der Suzuki um 90 Grad. Die 61-J\u00e4hrige wurde mit einem Rettungswagen ins Krankenhaus gebracht. An den beiden Autos entstand Sachschaden in H\u00f6he von ca. 10.000 Euro, beide Fahrzeuge wurden abgeschleppt. Die Freiwillige Feuerwehr war mit 18 Mann im Einsatz.<\/p>\n\n\n\n<h4 class=\"wp-block-heading\">(Eppelheim \/ Rhein-Neckar-Kreis) &#8211; &#8222;Frauenpower&#8220; auf dem absoluten Holzweg; Party in Corona-Zeiten unsolidarisch disziplin- und verantwortungslos<\/h4>\n\n\n\n<p>Unsolidarisch und absolut disziplin- und verantwortungslos ist das Verhalten von acht Frauen im Alter von 21-26 Jahren zu bewerten, die am sp\u00e4ten Sonntagabend in einer Eppelheimer Wohnung durch extreme Lautst\u00e4rke auffielen und Anwohner in Nachbarh\u00e4usern auf den Plan riefen, die Polizei zu informieren. Nachdem zwei Streifen kurz vor 23 Uhr eingetroffen waren und an der Wohnungst\u00fcr des Mehrfamilienhauses klopften, herrschte im Inneren offenbar hektische Aufgeregtheit. W\u00e4hrend sich einige versuchten, sich in der Wohnung zu verstecken, wollten zwei Frauen durch ein r\u00fcckw\u00e4rtiges Fenster fl\u00fcchten. Sie hatten jedoch die &#8222;Rechnung ohne den Wirt&#8220;, in diesem Falle ohne die Polizei gemacht, die das Haus umstellt hatte und die Flucht verhinderte. Die acht Frauen, die aus sechs verschiedenen Haushalten stammen, gaben schlie\u00dflich auf und ihre Personalien den Beamten zu Protokoll. Alle m\u00fcssen nun mit einem saftigen Bu\u00dfgeld rechnen.<\/p>\n\n\n\n<h4 class=\"wp-block-heading\">(Heddesheim \/ Rhein-Neckar-Kreis) &#8211; Sattelzugfahrer verursacht Unf\u00e4lle und haut ab \/ Polizei sucht Zeugen<\/h4>\n\n\n\n<p>Ein unbekannter Sattelzugfahrer verursachte am fr\u00fchen Sonntagmorgen in Heddesheim zwei Verkehrsunf\u00e4lle und fuhr anschlie\u00dfend einfach weiter. Der Unbekannte war gegen 0.30 Uhr mit seinem Sattelzug in der Brucknerstra\u00dfe unterwegs und besch\u00e4digte beim Vorbeifahren einen am Fahrbahnrand geparkten VW-Golf. Anschlie\u00dfend fuhr er, ohne sich um den Schaden zu k\u00fcmmern, einfach davon. Auf seinem weiteren Weg besch\u00e4digte er ein Verkehrszeichen, ein Geb\u00fcsch und mehrere Blumen. Auch hier setzte er seinen Weg einfach fort.<\/p>\n\n\n\n<p>Eine Zeugin wurde auf den Unfall aufmerksam und sah den Sattelzug durch die Brucknerstra\u00dfe fahren. N\u00e4here Angaben zum Sattelzug konnte sie jedoch nicht geben.<\/p>\n\n\n\n<p>Weitere Zeugen, die den Unfall bemerkten und sachdienliche Hinweise zum unfallverursachenden Sattelzug und dessen Fahrers geben k\u00f6nnen, werden gebeten, sich beim Polizeirevier Ladenburg, Tel.: 06203\/9305-0 zu melden.<\/p>\n\n\n\n<h4 class=\"wp-block-heading\">(Schriesheim-Altenbach \/ Rhein-Neckar-Kreis) &#8211; Rinder mit Essensresten gef\u00fcttert \/ Bereits ein Tier verendet<\/h4>\n\n\n\n<p>Im Zeitraum von Samstag, 07:00 Uhr, bis Sonntag, 10:00 Uhr, warfen Unbekannte auf H\u00f6he des Ursenbacher Hofs Obst und Gem\u00fcse auf eine Viehweide, welche von Hochlandrindern beweidet wird. Unter den Lebensmitteln waren auch solche, welche beim Verzehr f\u00fcr die Rinder t\u00f6dlich sein k\u00f6nnen. Bereits vor einigen Wochen ist eines der Rinder verendet. Das F\u00fcttern der Tiere ist von den Unbekannten wom\u00f6glich gut gemeint, sollte jedoch tunlichst unterlassen werden. Zeugen, die verd\u00e4chtige Wahrnehmungen gemacht haben oder Hinweise auf diejenigen geben k\u00f6nnen, welche die Tiere gef\u00fcttert haben, werden gebeten, sich unter der Telefonnummer 06203\/61301 beim Polizeiposten Schriesheim zu melden.<\/p>\n\n\n\n<h4 class=\"wp-block-heading\">(Weinheim \/ Rhein-Neckar-Kreis) &#8211; 23-j\u00e4hriger Drogendealer auf gestohlenem E-Bike unterwegs \/ Polizei sucht Gesch\u00e4digten<\/h4>\n\n\n\n<div class=\"wp-block-image\"><figure class=\"aligncenter\"><img decoding=\"async\" loading=\"lazy\" width=\"800\" height=\"534\" src=\"https:\/\/speyer24news.com\/wp-content\/uploads\/2020\/12\/DSC_1454.jpg\" alt=\"\" class=\"wp-image-31558\" srcset=\"https:\/\/speyer24news.com\/wp-content\/uploads\/2020\/12\/DSC_1454.jpg 800w, https:\/\/speyer24news.com\/wp-content\/uploads\/2020\/12\/DSC_1454-300x200.jpg 300w, https:\/\/speyer24news.com\/wp-content\/uploads\/2020\/12\/DSC_1454-768x513.jpg 768w\" sizes=\"(max-width: 800px) 100vw, 800px\" \/><\/figure><\/div>\n\n\n\n<p>Ein 23-j\u00e4hriger mutma\u00dflicher Drogendealer wurde am Freitagabend in Weinheim festgenommen. Der Mann fiel einer Polizeistreife gegen 14.45 Uhr im Vogesenweg auf, als er mit einem hochwertigen E-Bike unterwegs war. Als der Mann den Streifenwagen bemerkte, trat er in die Pedale und versuchte, vor einer bevorstehenden Kontrolle zu fl\u00fcchten. Dabei warf er zun\u00e4chst eine T\u00fcte in ein Geb\u00fcsch. Wenig sp\u00e4ter sprang er von Rad und fl\u00fcchtete zu Fu\u00df weiter. Die Beamten folgten ihm zu Fu\u00df und konnten ihn rund einen Kilometer weiter einholen und vorl\u00e4ufig festnehmen. Die weggeworfene T\u00fcte wurde im Geb\u00fcsch aufgefunden . Darin befanden sich mehrere Plomben mit insgesamt rund 8,2 Gramm Marihuana. Hinsichtlich des E-Bikes machte er widerspr\u00fcchliche Angaben und konnte keinen Eigentumsnachweis erbringen. Bei der Durchsuchung seines Zimmers in der Wohnung seiner Mutter konnten weitere rund 75 Gramm Marihuana aufgefunden werden.<\/p>\n\n\n\n<p>Nachdem der junge Mann auf Antrag der Staatsanwaltschaft Mannheim dem Haft- und Ermittlungsrichter beim Amtsgericht Mannheim vorgef\u00fchrt und Haftbefehl wegen Verdachts des unerlaubten Drogenhandels erlassen worden war, wurde er in eine Justizvollzugsanstalt eingeliefert.<\/p>\n\n\n\n<p>Die Polizei sucht nun den Besitzer des E-Bikes, mit dem der 23-J\u00e4hrige angetroffen wurde und bittet diesen, sich beim Polizeirevier Weinheim, Tel.: 06201\/1003-0 zu melden<\/p>\n","protected":false},"excerpt":{"rendered":"<div class=\"mh-excerpt\"><p>Polizeimeldungen vom Montag (07.12.2020) (Speyer) &#8211; Pkw-Fahrer ohne g\u00fcltige Fahrerlaubnis unterwegs Ein Strafverfahren wegen Fahren ohne Fahrerlaubnis leitete die Polizei am Montagmorgen gegen einen 34-j\u00e4hrigen Mercedes-Fahrer aus dem Rhein-Pfalz-Kreis ein. Dieser konnte in der Bahnhofstra\u00dfe <a class=\"mh-excerpt-more\" href=\"https:\/\/speyer24news.com\/?p=31557\" title=\"Polizei\">[&#8230;]<\/a><\/p>\n<\/div>","protected":false},"author":3,"featured_media":0,"comment_status":"open","ping_status":"open","sticky":false,"template":"","format":"standard","meta":{"_monsterinsights_skip_tracking":false,"_monsterinsights_sitenote_active":false,"_monsterinsights_sitenote_note":"","_monsterinsights_sitenote_category":0,"footnotes":""},"categories":[12],"tags":[3614,61,2555,6955,6986,6263,63,105,6987,53,4854,4683,1548,102,213,55,5261,103,106,2803,2423,427,2625,380,104,979,1565],"aioseo_notices":[],"amp_enabled":true,"_links":{"self":[{"href":"https:\/\/speyer24news.com\/index.php?rest_route=\/wp\/v2\/posts\/31557"}],"collection":[{"href":"https:\/\/speyer24news.com\/index.php?rest_route=\/wp\/v2\/posts"}],"about":[{"href":"https:\/\/speyer24news.com\/index.php?rest_route=\/wp\/v2\/types\/post"}],"author":[{"embeddable":true,"href":"https:\/\/speyer24news.com\/index.php?rest_route=\/wp\/v2\/users\/3"}],"replies":[{"embeddable":true,"href":"https:\/\/speyer24news.com\/index.php?rest_route=%2Fwp%2Fv2%2Fcomments&post=31557"}],"version-history":[{"count":1,"href":"https:\/\/speyer24news.com\/index.php?rest_route=\/wp\/v2\/posts\/31557\/revisions"}],"predecessor-version":[{"id":31559,"href":"https:\/\/speyer24news.com\/index.php?rest_route=\/wp\/v2\/posts\/31557\/revisions\/31559"}],"wp:attachment":[{"href":"https:\/\/speyer24news.com\/index.php?rest_route=%2Fwp%2Fv2%2Fmedia&parent=31557"}],"wp:term":[{"taxonomy":"category","embeddable":true,"href":"https:\/\/speyer24news.com\/index.php?rest_route=%2Fwp%2Fv2%2Fcategories&post=31557"},{"taxonomy":"post_tag","embeddable":true,"href":"https:\/\/speyer24news.com\/index.php?rest_route=%2Fwp%2Fv2%2Ftags&post=31557"}],"curies":[{"name":"wp","href":"https:\/\/api.w.org\/{rel}","templated":true}]}}