{"id":31573,"date":"2020-12-09T09:41:31","date_gmt":"2020-12-09T08:41:31","guid":{"rendered":"https:\/\/speyer24news.com\/?p=31573"},"modified":"2020-12-09T09:55:49","modified_gmt":"2020-12-09T08:55:49","slug":"coronafallzahlen-und-stadtnotiz-3","status":"publish","type":"post","link":"https:\/\/speyer24news.com\/?p=31573","title":{"rendered":"Coronafallzahlen und Stadtnotizen"},"content":{"rendered":"<style type=\"text\/css\">\r\n\t.ads_top_disp{}\r\n\t.ads_top_corner_disp{ float:left; margin:0px 10px 10px 0px; }\r\n\t.ads_first_p_disp{}\r\n\t.ads_bottom_disp{}\r\n\t<\/style>\n<h1 class=\"wp-block-heading\" style=\"text-align:center\">Fallzahlen vom Dienstag (08.12.2020)<\/h1>\n\n\n\n<figure class=\"wp-block-image\"><img decoding=\"async\" loading=\"lazy\" width=\"800\" height=\"400\" src=\"https:\/\/speyer24news.com\/wp-content\/uploads\/2020\/02\/virus-1812092_1920.jpg\" alt=\"\" class=\"wp-image-25128\" srcset=\"https:\/\/speyer24news.com\/wp-content\/uploads\/2020\/02\/virus-1812092_1920.jpg 800w, https:\/\/speyer24news.com\/wp-content\/uploads\/2020\/02\/virus-1812092_1920-300x150.jpg 300w, https:\/\/speyer24news.com\/wp-content\/uploads\/2020\/02\/virus-1812092_1920-768x384.jpg 768w\" sizes=\"(max-width: 800px) 100vw, 800px\" \/><\/figure>\n\n\n\n<p>Anzahl best\u00e4tigter F\u00e4lle von Coronavirus (SARS-CoV-2)-Infektionen in der Stadt Speyer: 1072 (+ 29)<br>Davon bereits genesen: 499<br>Todesf\u00e4lle: 12 (+ 1)<br>Gemeldete F\u00e4lle der letzten sieben Tage pro 100.000 Einwohner*innen: 391,6<br>Warnstufe: Rot<\/p>\n\n\n\n<p><em>Stand: 08.12.2020, 15:30 Uhr<\/em><\/p>\n\n\n\n<p><em>Landesuntersuchungsamt RheinlandPfalz<br>09.12.2020<\/em><\/p>\n\n\n\n<h1 class=\"wp-block-heading\" style=\"text-align:center\">Stadtnotizen<\/h1>\n\n\n\n<figure class=\"wp-block-image\"><img decoding=\"async\" loading=\"lazy\" width=\"800\" height=\"600\" src=\"https:\/\/speyer24news.com\/wp-content\/uploads\/2020\/01\/Speyer-Stadtnachrichten-2.jpg\" alt=\"\" class=\"wp-image-23901\" srcset=\"https:\/\/speyer24news.com\/wp-content\/uploads\/2020\/01\/Speyer-Stadtnachrichten-2.jpg 800w, https:\/\/speyer24news.com\/wp-content\/uploads\/2020\/01\/Speyer-Stadtnachrichten-2-300x225.jpg 300w, https:\/\/speyer24news.com\/wp-content\/uploads\/2020\/01\/Speyer-Stadtnachrichten-2-768x576.jpg 768w, https:\/\/speyer24news.com\/wp-content\/uploads\/2020\/01\/Speyer-Stadtnachrichten-2-678x509.jpg 678w, https:\/\/speyer24news.com\/wp-content\/uploads\/2020\/01\/Speyer-Stadtnachrichten-2-326x245.jpg 326w, https:\/\/speyer24news.com\/wp-content\/uploads\/2020\/01\/Speyer-Stadtnachrichten-2-80x60.jpg 80w\" sizes=\"(max-width: 800px) 100vw, 800px\" \/><\/figure>\n\n\n\n<h2 class=\"wp-block-heading\"><strong>Otterstadt und Speyer informieren \u00fcber das Pionier Quartier<\/strong><\/h2>\n\n\n\n<figure class=\"wp-block-image\"><img decoding=\"async\" loading=\"lazy\" width=\"800\" height=\"408\" src=\"https:\/\/speyer24news.com\/wp-content\/uploads\/2020\/12\/Pionier-Quartier-Online.png\" alt=\"\" class=\"wp-image-31575\" srcset=\"https:\/\/speyer24news.com\/wp-content\/uploads\/2020\/12\/Pionier-Quartier-Online.png 800w, https:\/\/speyer24news.com\/wp-content\/uploads\/2020\/12\/Pionier-Quartier-Online-300x153.png 300w, https:\/\/speyer24news.com\/wp-content\/uploads\/2020\/12\/Pionier-Quartier-Online-768x392.png 768w\" sizes=\"(max-width: 800px) 100vw, 800px\" \/><\/figure>\n\n\n\n<p>&nbsp;\u201eEinschalten und informieren\u201c hei\u00dft es, wenn Speyers Oberb\u00fcrgermeisterin Stefanie Seiler und J\u00fcrgen Zimmer, Erster Beigeordneter der Gemeinde Otterstadt, \u00fcber das Pionier Quartier informieren. Die Stadt Speyer will gemeinsam mit der Gemeinde Otterstadt&nbsp;das Gel\u00e4nde der ehemaligen Kurpfalzkaserne und angrenzende Fl\u00e4chen als neues Wohn- und Gewerbegebiet, das Pionier Quartier, erschlie\u00dfen.<\/p>\n\n\n\n<p>Wo stehen wir im Verfahren? Was sind die Ziele? Und wie geht\u2019s weiter? Das sind drei der wichtigsten Fragen, die am kommenden <strong>Donnerstag, den 10. Dezember&nbsp;2020<\/strong> digital beantwortet werden.&nbsp;<\/p>\n\n\n\n<p>Wegen der derzeitigen Kontaktbeschr\u00e4nkungen war zun\u00e4chst eine Informationsveranstaltung in der Stadthalle mit Livestream-\u00dcbertragung vorgesehen. Durch die weiteren Einschr\u00e4nkungen und den hohen Inzidenzwert in Speyer reduziert auch die Stadtverwaltung die Kontakte so weit wie m\u00f6glich und erstellt daher alternativ einen Videoclip, der auf der nachfolgend genannten Website&nbsp;wie auch im Offenen Kanal Speyer am <strong>Donnerstag ab 18 Uhr <\/strong>\u00fcbertragen wird.&nbsp;Da durch das ge\u00e4nderte Format eingehende Fragen nun nicht mehr direkt beantwortet werden k\u00f6nnen,&nbsp;wird&nbsp;im Nachgang der Ausstrahlung zwischen 18.30 Uhr und 20.00 Uhr \u00fcber die Rufnummern 06232-14-2600 und 06232-36062 die M\u00f6glichkeit geboten, Fragen zu den Themen des Videoclips zu stellen.<\/p>\n\n\n\n<p>\u201eEs ist uns sehr wichtig, die B\u00fcrgerinnen und B\u00fcrger fr\u00fchzeitig und umfassend zu informieren. Die Corona-Pandemie mit ihren Einschr\u00e4nkungen erschwert dies nat\u00fcrlich. Dies soll uns aber nicht einschr\u00e4nken, die Informationen trotzdem mit allen Interessierten zu teilen\u201c, erl\u00e4utert Stefanie Seiler. \u201eIch bin von diesem Projekt \u00fcberzeugt und m\u00f6chte gemeinsam mit J\u00fcrgen Zimmer gerne zeigen und erkl\u00e4ren, warum.\u201c&nbsp;<\/p>\n\n\n\n<p>Unter&nbsp;<a rel=\"noreferrer noopener\" href=\"https:\/\/deref-web.de\/mail\/client\/XEQ4jCdFWIw\/dereferrer\/?redirectUrl=http%3A%2F%2Fwww.pionier-quartier.de%2F\" target=\"_blank\">www.pionier-quartier.de<\/a>&nbsp;gibt&nbsp;es weitere Informationen und&nbsp;ab Donnerstagabend findet sich dort&nbsp;nicht nur der Videoclip, sondern auch eine Frageliste mit Antworten, die fortlaufend erg\u00e4nzt wird. In einem Downloadbereich werden k\u00fcnftig alle Protokolle zu finden sein. \u201eSo bleiben unsere Aktivit\u00e4ten transparent\u201c, erkl\u00e4rt J\u00fcrgen Zimmer. Die Projektwebsite bietet au\u00dferdem eine kleine \u201eBeteiligung zur Beteiligung\u201c: Jeder kann hier R\u00fcckmeldung geben, wie er oder sie k\u00fcnftig informiert oder beteiligt werden m\u00f6chte. Otterstadt plant zudem bereits eine weitere \u2013 dann analoge \u2013 Veranstaltung im Fr\u00fchjahr.<\/p>\n\n\n\n<div class=\"wp-block-image\"><figure class=\"aligncenter\"><img decoding=\"async\" loading=\"lazy\" width=\"500\" height=\"651\" src=\"https:\/\/speyer24news.com\/wp-content\/uploads\/2020\/12\/Pionierquartier-Entwurf.png\" alt=\"\" class=\"wp-image-31576\" srcset=\"https:\/\/speyer24news.com\/wp-content\/uploads\/2020\/12\/Pionierquartier-Entwurf.png 500w, https:\/\/speyer24news.com\/wp-content\/uploads\/2020\/12\/Pionierquartier-Entwurf-230x300.png 230w\" sizes=\"(max-width: 500px) 100vw, 500px\" \/><\/figure><\/div>\n\n\n\n<p>Folgende Ziele werden bei dem Projekt Pionier Quartier verfolgt: Auf dem \u00f6stlichen Teil der Kurpfalzkaserne und den angrenzenden Fl\u00e4chen in Richtung Otterstadt und Waldsee sollen ein Wohngebiet wie auch ein gemeinsamer Gewerbestandort entstehen. Das h\u00e4tte \u2013 neben den Gewerbesteuereinnahmen \u2013 f\u00fcr die Kommunen den Vorteil, dass Arbeits- und Ausbildungspl\u00e4tze vor Ort entstehen w\u00fcrden. Firmen, die schon ans\u00e4ssig sind, aber mehr Fl\u00e4che ben\u00f6tigen, m\u00fcssten nicht abwandern. \u201eDies k\u00e4me unserer Gemeinde wie auch Speyer zugute\u201c, ist der Otterstadter Beigeordnete \u00fcberzeugt.<\/p>\n\n\n\n<p>Auf den Wohnbaufl\u00e4chen k\u00f6nnte ein Mix aus Mehrfamilienh\u00e4usern und Einfamilienh\u00e4usern entstehen, insbesondere auch bezahlbarer Wohnraum. Auch gemeinschaftliche Wohnformen sind angedacht. Wo Wohngeb\u00e4ude sind, muss auch Infrastruktur angeboten werden: Einkaufsm\u00f6glichkeiten, Kindertagesst\u00e4tte, Sport, Gr\u00fcnanlagen, Glasfaser und \u00f6ffentliche Verkehrsmittel. Auch hiervon w\u00fcrden beide Kommunen profitieren. \u201eDer Bedarf an Wohn- und Gewerbefl\u00e4chen in Speyer ist so hoch\u201c, erkl\u00e4rt Stefanie Seiler, \u201edass wir bestimmte Fl\u00e4chen in Speyer-Nord, die auf unserer Gemarkung liegen, auf jeden Fall und im Zweifel auch alleine entwickeln werden.\u201c<\/p>\n\n\n\n<p>Speyer wird sich zudem auch f\u00fcr die Landesgartenschau 2026 bewerben. Kann sich die Stadt durchsetzen, ist dies auf jeden Fall ein Gewinn f\u00fcr den m\u00f6glichen Entwicklungsbereich. Eine Machbarkeitsstudie, die f\u00fcr die Bewerbung beim Land dient, wird dies eingehend pr\u00fcfen. Eine Landesgartenschau w\u00e4re f\u00fcr eine Siedlungserweiterung ein gr\u00fcner Motor, in das Pionier Quartier k\u00f6nnten naturnahe und g\u00e4rtnerisch gestaltete Park- und Gr\u00fcnzonen mit Fl\u00e4chen f\u00fcr Freizeitaktivit\u00e4ten&nbsp;integriert werden.<\/p>\n\n\n\n<p><em>Stadt Speyer<br>09.12.2020<\/em><\/p>\n\n\n\n<h2 class=\"wp-block-heading\"><strong>Mehrzweckhalle Speyer Nord wird dank Sponsoring zur \u201ePSD Bank &#8211; Halle Nord\u201c<\/strong><\/h2>\n\n\n\n<div class=\"wp-block-image\"><figure class=\"aligncenter\"><img decoding=\"async\" loading=\"lazy\" width=\"800\" height=\"293\" src=\"https:\/\/speyer24news.com\/wp-content\/uploads\/2020\/12\/PSD-Bank-Logo.png\" alt=\"\" class=\"wp-image-31581\" srcset=\"https:\/\/speyer24news.com\/wp-content\/uploads\/2020\/12\/PSD-Bank-Logo.png 800w, https:\/\/speyer24news.com\/wp-content\/uploads\/2020\/12\/PSD-Bank-Logo-300x110.png 300w, https:\/\/speyer24news.com\/wp-content\/uploads\/2020\/12\/PSD-Bank-Logo-768x281.png 768w\" sizes=\"(max-width: 800px) 100vw, 800px\" \/><\/figure><\/div>\n\n\n\n<p>Die Stadt Speyer darf sich \u00fcber einen neuen Sponsor freuen: Die PSD Bank Karlsruhe-Neustadt eG tritt als Sponsor der Mehrzweckhalle Speyer Nord auf, die nun \u201ePSD Bank &#8211; Halle Nord\u201c hei\u00dft. Der Stadtrat stimmte im August 2020 dem Abschluss eines Sponsoring-Vertrags mit der PSD Bank zu, einer regionalen genossenschaftlichen Direktbank, die zu den traditionsreichsten Finanzinstituten Deutschlands z\u00e4hlt. Im Rahmen ihres Gesch\u00e4ftsbetriebs f\u00f6rdert sie den Sport in ihrer Heimatregion, wie beispielsweise das Speyerer Basketballteam BIS Baskets. Nun sind sie zudem Namensgeber der Spiel- und Trainingsst\u00e4tte eben jener Sportmannschaft.&nbsp;Volker Staege, stellvertretender Vorstandsvorsitzender der PSD Bank&nbsp;Karlsruhe-Neustadt eG, betont:&nbsp;&#8222;Wir freuen uns, gerade auch in schwierigen Zeiten, den BIS Baskets und der Stadt Speyer als verl\u00e4sslicher Partner zur Seite stehen zu k\u00f6nnen. Die F\u00f6rderung des regionalen Sports ist uns seit jeher ein Herzensanliegen und wird es auch in Zukunft bleiben.&#8220;&nbsp;<\/p>\n\n\n\n<p>Oberb\u00fcrgermeisterin Stefanie Seiler freut sich \u00fcber die gemeinsame Zusammenarbeit mit dem jetzigen Namensgeber der Mehrzweckhalle, die zun\u00e4chst auf zehn Jahre angelegt ist. \u201eMit der PSD Bank konnte die Stadt einen starken Partner an ihrer Seite gewinnen, dessen Unternehmensphilosophie hinsichtlich Teamgeist, Fairness und Ehrgeiz optimal zum Sport und damit zum Zweck der Halle in Speyer Nord passt.\u201c<\/p>\n\n\n\n<p>Auch B\u00fcrgermeisterin und Sportdezernentin Monika Kabs ist \u00fcberzeugt davon, die F\u00f6rderung dieser \u00f6ffentlichen Einrichtung in die richtigen H\u00e4nde gegeben zu haben: \u201eMich beeindruckt vor allem das Engagement, mit dem die Bank in Nordbaden und der Pfalz neben dem Breiten- und Spitzensport insbesondere den heimischen Nachwuchs st\u00e4rkt. Die Stadt wiederum kann mit Abschluss des Vertrags Ma\u00dfnahmen zur F\u00f6rderung des Sports wie zum Beispiel zur Ausstattung der Speyerer Sporthallen verwenden und somit eine notwendige Finanzierungsgrundlage f\u00fcr den Sport in Speyer schaffen und die damit verbundenen Parameter entsprechend ausbauen.<\/p>\n\n\n\n<p><em>Stadt Speyer<br>09.12.2020<\/em><\/p>\n\n\n\n<h2 class=\"wp-block-heading\"><strong>Sanierung der Stufenanlage am Dom<\/strong><\/h2>\n\n\n\n<div class=\"wp-block-image\"><figure class=\"aligncenter\"><img decoding=\"async\" loading=\"lazy\" width=\"800\" height=\"600\" src=\"https:\/\/speyer24news.com\/wp-content\/uploads\/2020\/12\/IMG_20190908_121731.jpg\" alt=\"\" class=\"wp-image-31574\" srcset=\"https:\/\/speyer24news.com\/wp-content\/uploads\/2020\/12\/IMG_20190908_121731.jpg 800w, https:\/\/speyer24news.com\/wp-content\/uploads\/2020\/12\/IMG_20190908_121731-300x225.jpg 300w, https:\/\/speyer24news.com\/wp-content\/uploads\/2020\/12\/IMG_20190908_121731-768x576.jpg 768w, https:\/\/speyer24news.com\/wp-content\/uploads\/2020\/12\/IMG_20190908_121731-678x509.jpg 678w, https:\/\/speyer24news.com\/wp-content\/uploads\/2020\/12\/IMG_20190908_121731-326x245.jpg 326w, https:\/\/speyer24news.com\/wp-content\/uploads\/2020\/12\/IMG_20190908_121731-80x60.jpg 80w\" sizes=\"(max-width: 800px) 100vw, 800px\" \/><\/figure><\/div>\n\n\n\n<p>Seit einigen Tagen kann man zwischen Dom und Dompavillon eine Handvoll flei\u00dfiger Menschen beobachten. Im Bereich der Stufenanlage haben sich Steinbl\u00f6cke gelockert und verschoben und m\u00fcssen daher abgebaut werden. Au\u00dferdem sind die f\u00fcnf letzten noch vorhandenen Robinien in beklagenswertem Gesamtzustand und m\u00fcssen daher entfernt werden.<\/p>\n\n\n\n<p>In zwei Bauabschnitten erfolgt anschlie\u00dfend eine Erweiterung der Baumstandorte sowie eine erneute Befestigung der Stufen. In diesem Zusammenhang werden auch besch\u00e4digte und angehobene Platten in der Belagsfl\u00e4che ausgetauscht.<\/p>\n\n\n\n<p>Insgesamt werden in diesem Bereich neun Rotdorn-B\u00e4ume gesetzt, passend zu den beiden dort schon vorhandenen Ersatzb\u00e4umen. Der Rotdorn ist ein in der Rheinebene heimisches Geh\u00f6lz und erfreut von Mai bis Juni mit roten Bl\u00fcten.<\/p>\n\n\n\n<p>In einem sp\u00e4teren Bauabschnitt werden sich das Domkapitel und die Stadt Speyer auch um die Pergola im Bereich des Pavillons k\u00fcmmern. Zun\u00e4chst werden jedoch die Pfosten gepr\u00fcft und erforderlichenfalls ert\u00fcchtigt.<\/p>\n\n\n\n<p>Die Gesamtkosten f\u00fcr die Sanierung belaufen sich auf rund 45.000 Euro.<\/p>\n\n\n\n<p><em>Text: Stadt Speyer Foto: Speyer 24\/7 News<br>09.12.2020<\/em><\/p>\n","protected":false},"excerpt":{"rendered":"<div class=\"mh-excerpt\"><p>Fallzahlen vom Dienstag (08.12.2020) Anzahl best\u00e4tigter F\u00e4lle von Coronavirus (SARS-CoV-2)-Infektionen in der Stadt Speyer: 1072 (+ 29)Davon bereits genesen: 499Todesf\u00e4lle: 12 (+ 1)Gemeldete F\u00e4lle der letzten sieben Tage pro 100.000 Einwohner*innen: 391,6Warnstufe: Rot Stand: 08.12.2020, <a class=\"mh-excerpt-more\" href=\"https:\/\/speyer24news.com\/?p=31573\" title=\"Coronafallzahlen und Stadtnotizen\">[&#8230;]<\/a><\/p>\n<\/div>","protected":false},"author":3,"featured_media":23902,"comment_status":"open","ping_status":"open","sticky":false,"template":"","format":"standard","meta":{"_monsterinsights_skip_tracking":false,"_monsterinsights_sitenote_active":false,"_monsterinsights_sitenote_note":"","_monsterinsights_sitenote_category":0,"footnotes":""},"categories":[47],"tags":[6940,6359,5904,6358,7003,5801,6342,275,9020,8178,9016,8183,8181,9018,9021,9019,6,657,1296,9017],"aioseo_notices":[],"amp_enabled":true,"_links":{"self":[{"href":"https:\/\/speyer24news.com\/index.php?rest_route=\/wp\/v2\/posts\/31573"}],"collection":[{"href":"https:\/\/speyer24news.com\/index.php?rest_route=\/wp\/v2\/posts"}],"about":[{"href":"https:\/\/speyer24news.com\/index.php?rest_route=\/wp\/v2\/types\/post"}],"author":[{"embeddable":true,"href":"https:\/\/speyer24news.com\/index.php?rest_route=\/wp\/v2\/users\/3"}],"replies":[{"embeddable":true,"href":"https:\/\/speyer24news.com\/index.php?rest_route=%2Fwp%2Fv2%2Fcomments&post=31573"}],"version-history":[{"count":3,"href":"https:\/\/speyer24news.com\/index.php?rest_route=\/wp\/v2\/posts\/31573\/revisions"}],"predecessor-version":[{"id":31582,"href":"https:\/\/speyer24news.com\/index.php?rest_route=\/wp\/v2\/posts\/31573\/revisions\/31582"}],"wp:featuredmedia":[{"embeddable":true,"href":"https:\/\/speyer24news.com\/index.php?rest_route=\/wp\/v2\/media\/23902"}],"wp:attachment":[{"href":"https:\/\/speyer24news.com\/index.php?rest_route=%2Fwp%2Fv2%2Fmedia&parent=31573"}],"wp:term":[{"taxonomy":"category","embeddable":true,"href":"https:\/\/speyer24news.com\/index.php?rest_route=%2Fwp%2Fv2%2Fcategories&post=31573"},{"taxonomy":"post_tag","embeddable":true,"href":"https:\/\/speyer24news.com\/index.php?rest_route=%2Fwp%2Fv2%2Ftags&post=31573"}],"curies":[{"name":"wp","href":"https:\/\/api.w.org\/{rel}","templated":true}]}}