{"id":31583,"date":"2020-12-10T08:35:30","date_gmt":"2020-12-10T07:35:30","guid":{"rendered":"https:\/\/speyer24news.com\/?p=31583"},"modified":"2020-12-10T08:35:32","modified_gmt":"2020-12-10T07:35:32","slug":"corona-stadtnotizen-verkehrsnotizen-aus-speyer-5","status":"publish","type":"post","link":"https:\/\/speyer24news.com\/?p=31583","title":{"rendered":"Corona, Stadtnotizen &#038; Verkehrsnotizen aus Speyer"},"content":{"rendered":"<style type=\"text\/css\">\r\n\t.ads_top_disp{}\r\n\t.ads_top_corner_disp{ float:left; margin:0px 10px 10px 0px; }\r\n\t.ads_first_p_disp{}\r\n\t.ads_bottom_disp{}\r\n\t<\/style>\n<h1 class=\"wp-block-heading\" style=\"text-align:center\">Coronafallzahlen vom Mittwoch (09.12.2020)<\/h1>\n\n\n\n<figure class=\"wp-block-image\"><img decoding=\"async\" loading=\"lazy\" width=\"800\" height=\"400\" src=\"https:\/\/speyer24news.com\/wp-content\/uploads\/2020\/02\/virus-1812092_1920.jpg\" alt=\"\" class=\"wp-image-25128\" srcset=\"https:\/\/speyer24news.com\/wp-content\/uploads\/2020\/02\/virus-1812092_1920.jpg 800w, https:\/\/speyer24news.com\/wp-content\/uploads\/2020\/02\/virus-1812092_1920-300x150.jpg 300w, https:\/\/speyer24news.com\/wp-content\/uploads\/2020\/02\/virus-1812092_1920-768x384.jpg 768w\" sizes=\"(max-width: 800px) 100vw, 800px\" \/><\/figure>\n\n\n\n<p>Anzahl best\u00e4tigter F\u00e4lle von Coronavirus (SARS-CoV-2)-Infektionen in der Stadt Speyer: 1112 (+ 40)<br>Davon bereits genesen: 514<br>Todesf\u00e4lle: 12<br>Gemeldete F\u00e4lle der letzten sieben Tage pro 100.000 Einwohner*innen: 401,5<br>Warnstufe: Rot<\/p>\n\n\n\n<p><em>Stand: 09.12.2020, 14:05 Uhr<\/em><\/p>\n\n\n\n<p><em>Landesuntersuchungsamt RheinlandPfalz<br>10.12.2020<\/em><\/p>\n\n\n\n<h1 class=\"wp-block-heading\" style=\"text-align:center\">Stadtnotizen<\/h1>\n\n\n\n<div class=\"wp-block-image\"><figure class=\"aligncenter\"><img decoding=\"async\" loading=\"lazy\" width=\"800\" height=\"600\" src=\"https:\/\/speyer24news.com\/wp-content\/uploads\/2020\/01\/Speyer-Stadtnachrichten-2.jpg\" alt=\"\" class=\"wp-image-23901\" srcset=\"https:\/\/speyer24news.com\/wp-content\/uploads\/2020\/01\/Speyer-Stadtnachrichten-2.jpg 800w, https:\/\/speyer24news.com\/wp-content\/uploads\/2020\/01\/Speyer-Stadtnachrichten-2-300x225.jpg 300w, https:\/\/speyer24news.com\/wp-content\/uploads\/2020\/01\/Speyer-Stadtnachrichten-2-768x576.jpg 768w, https:\/\/speyer24news.com\/wp-content\/uploads\/2020\/01\/Speyer-Stadtnachrichten-2-678x509.jpg 678w, https:\/\/speyer24news.com\/wp-content\/uploads\/2020\/01\/Speyer-Stadtnachrichten-2-326x245.jpg 326w, https:\/\/speyer24news.com\/wp-content\/uploads\/2020\/01\/Speyer-Stadtnachrichten-2-80x60.jpg 80w\" sizes=\"(max-width: 800px) 100vw, 800px\" \/><\/figure><\/div>\n\n\n\n<h2 class=\"wp-block-heading\"><strong>Stellungnahme von Oberb\u00fcrgermeisterin Stefanie Seiler zur Untersagung der f\u00fcr Samstag, 12. Dezember 2020 angemeldeten Versammlung auf dem Berliner Platz<\/strong><\/h2>\n\n\n\n<figure class=\"wp-block-image\"><img decoding=\"async\" loading=\"lazy\" width=\"800\" height=\"600\" src=\"https:\/\/speyer24news.com\/wp-content\/uploads\/2020\/11\/IMG_20201031_150509.jpg\" alt=\"\" class=\"wp-image-31059\" srcset=\"https:\/\/speyer24news.com\/wp-content\/uploads\/2020\/11\/IMG_20201031_150509.jpg 800w, https:\/\/speyer24news.com\/wp-content\/uploads\/2020\/11\/IMG_20201031_150509-300x225.jpg 300w, https:\/\/speyer24news.com\/wp-content\/uploads\/2020\/11\/IMG_20201031_150509-768x576.jpg 768w, https:\/\/speyer24news.com\/wp-content\/uploads\/2020\/11\/IMG_20201031_150509-678x509.jpg 678w, https:\/\/speyer24news.com\/wp-content\/uploads\/2020\/11\/IMG_20201031_150509-326x245.jpg 326w, https:\/\/speyer24news.com\/wp-content\/uploads\/2020\/11\/IMG_20201031_150509-80x60.jpg 80w\" sizes=\"(max-width: 800px) 100vw, 800px\" \/><figcaption>Querdenker Demo am 31.10.2020 auf dem Berliner Platz<\/figcaption><\/figure>\n\n\n\n<p>\u201eNach eingehender Pr\u00fcfung hat die Versammlungsbeh\u00f6rde der Stadt Speyer die f\u00fcr Samstag, 12. Dezember 2020 auf dem Berliner Platz angemeldete Versammlung unter dem Motto \u201eF\u00fcr das Grundgesetz, die Grund- und Menschenrechte\u201c mit einer zu erwartenden Teilnehmer*innenzahl von 150 Personen untersagt. Es ist mit Blick auf das aktuelle Infektionsgeschehen und die seit Wochen unver\u00e4ndert sehr hohe Inzidenz in unserer Stadt unangebracht und nicht vertretbar, eine solche Versammlung durchzuf\u00fchren\u201c, res\u00fcmiert Oberb\u00fcrgermeisterin Stefanie Seiler. Sie erkl\u00e4rt: \u201eSelbstverst\u00e4ndlich haben wir genau abgew\u00e4gt. Wir waren und sind uns der hohen Bedeutung des Rechts auf Versammlungsfreiheit sehr bewusst. Angesichts der kritischen Infektionslage in Speyer und der ganzen Region sowie der mehr als prek\u00e4ren Situation in den ortsans\u00e4ssigen Krankenh\u00e4usern, in denen viele \u00c4rzt*innen und Pflegepersonen t\u00e4glich um die Leben von Covid-19 Patient*innen k\u00e4mpfen, muss unbedingt verhindert werden, dass eine solche Veranstaltung schlimmstenfalls zu einem sogenannten Superspreading-Event wird, welches die Situation in der Stadt und dem Umland f\u00fcr uns alle weiter drastisch versch\u00e4rfen w\u00fcrde. Insbesondere bei Veranstaltungen dieser Art, bei der die Teilnehmenden den infektionsschutzrechtlichen Ma\u00dfnahmen und Auflagen erfahrungsgem\u00e4\u00df ablehnend gegen\u00fcberstehen und diese zu umgehen versuchen, sind mildere Auflagen, wie wir sie in der Vergangenheit angewendet haben, nicht dazu geeignet, eine wirksame Eind\u00e4mmung der Virusausbreitung zu gew\u00e4hrleisten. Dies zeigen sowohl unsere eigenen Erfahrungen, als auch die anderer St\u00e4dte. Der Schutz von Leib und Leben einer breiten Bev\u00f6lkerung ist ein herausragendes verfassungsrechtliches Schutzgut, das in diesem besonderen Fall \u00fcber das Recht auf Versammlungsfreiheit zu stellen ist. Bei all unseren Entscheidungen muss es unser vordringlichstes Ziel sein, die Infektionszahlen dauerhaft zu senken, um das Gesundheitssystem zu entlasten und wieder eine Kontaktnachverfolgung zu erm\u00f6glichen. Nur so k\u00f6nnen wir Infektionsketten rechtzeitig unterbrechen und unsere Mitmenschen und allen voran die besonders gef\u00e4hrdeten Risikogruppen effektiv vor einer Ansteckung mit dem Coronavirus sch\u00fctzen\u201c.<\/p>\n\n\n\n<p><em>Text: Stadtverwaltung Speyer Foto: Speyer 24\/7 News<br>10.12.2020<\/em><\/p>\n\n\n\n<h2 class=\"wp-block-heading\"><strong>Stellungnahme der SV und SWS zur Kritik der Gr\u00fcnen an der Crowdfu<\/strong>nding-Aktion &#8222;B\u00e4ume f\u00fcr Speyer&#8220;<\/h2>\n\n\n\n<p>Sehr geehrte Damen und Herren,<\/p>\n\n\n\n<p>bezugnehmend auf die \u00f6ffentlich ge\u00e4u\u00dferte Kritik der Gr\u00fcnen zur Crowdfunding-Aktion \u201eB\u00e4ume f\u00fcr Speyer\u201c darf ich Ihnen nachstehend eine gemeinsame Stellungnahme der Stadtverwaltung und der Stadtwerke Speyer \u00fcbermitteln.<\/p>\n\n\n\n<p>\u201eSchade, dass einmal mehr eine gute Aktion zerredet wird\u201c, so reagierten Oberb\u00fcrgermeisterin Stefanie Seiler und Stadtwerkechef Wolfgang B\u00fchring auf die Kritik der Gr\u00fcnen zur Crowdfunding-Aktion \u201eB\u00e4ume f\u00fcr Speyer\u201c von Stadtwerken und Stadtverwaltung in einer gemeinsamen Stellungnahme. Was diese Aktion mit dem Stadtwald zu tun haben k\u00f6nnte, erschlie\u00dft sich den Beteiligten nicht.<\/p>\n\n\n\n<p>Auch ist die Kritik am Umgang mit Stadtb\u00e4umen zumindest teilweise unsachlich. Baumf\u00e4llungen erfolgen aufgrund von Krankheiten und aus Gr\u00fcnden der Verkehrssicherheit. Dar\u00fcber wird seit Jahren in den entsprechenden Aussch\u00fcssen und Beir\u00e4ten berichtet. Weiterhin sind Baumf\u00e4llungen erforderlich f\u00fcr die weitere Entwicklung der Stadt. Wohnbaufl\u00e4chen, Gewerbeansiedlung und soziale Einrichtungen sind essentiell f\u00fcr Speyer und werden regelm\u00e4\u00dfig durch Ausgleichsfl\u00e4chen und Neupflanzungen begleitet.<\/p>\n\n\n\n<p>B\u00e4ume haben durch Verdunstung und Schattenwurf einen abk\u00fchlenden, luftbefeuchtenden Effekt und damit eine Klimawirkung. Die Verwaltung hat hinreichend oft dargelegt, dass bei zunehmend w\u00fcstenhaftem Klima in unserer Stadt nur noch wenige heimische B\u00e4ume zur Entwicklung gebracht werden k\u00f6nnen. M\u00f6glich ist das zum Beispiel mit der Hainbuche \u2013 just das B\u00e4umchen also, das auch auf dem Foto zu sehen ist. Der zweite Baum aus der Aktion an diesem Standort, ein Feldahorn, ist ebenso ein heimischer Baum.<\/p>\n\n\n\n<p>Die Initiator*innen der Aktion h\u00e4tten es begr\u00fc\u00dft, wenn sich der Kreisverband vorher erkundigt h\u00e4tte und sich an der Aktion beteiligen w\u00fcrde. Stattdessen bleibt nur die Erkenntnis, dass eine Absicht noch so gut sein kann, es l\u00e4sst sich immer noch etwas Schlechtes daran finden.<\/p>\n\n\n\n<p><em>Stadtverwaltung Speyer<br>10.12.2020<\/em><\/p>\n\n\n\n<h2 class=\"wp-block-heading\"><strong>Weihnachtsgr\u00fc\u00dfe aus den Partnerst\u00e4dten<\/strong><\/h2>\n\n\n\n<h3 class=\"wp-block-heading\">Eine kulinarische Weltreise durch sieben St\u00e4dte auf drei Kontinenten<\/h3>\n\n\n\n<div class=\"wp-block-image\"><figure class=\"aligncenter\"><img decoding=\"async\" loading=\"lazy\" width=\"800\" height=\"657\" src=\"https:\/\/speyer24news.com\/wp-content\/uploads\/2020\/12\/Tasche.jpg\" alt=\"\" class=\"wp-image-31584\" srcset=\"https:\/\/speyer24news.com\/wp-content\/uploads\/2020\/12\/Tasche.jpg 800w, https:\/\/speyer24news.com\/wp-content\/uploads\/2020\/12\/Tasche-300x246.jpg 300w, https:\/\/speyer24news.com\/wp-content\/uploads\/2020\/12\/Tasche-768x631.jpg 768w\" sizes=\"(max-width: 800px) 100vw, 800px\" \/><\/figure><\/div>\n\n\n\n<p>Da aufgrund der weiter andauernden Corona-Pandemie in diesem Jahr der traditionelle Weihnachtsmarkt der Partnerst\u00e4dte nicht stattfinden kann, haben die Freundeskreise der Speyerer Partnerst\u00e4dte gemeinsam mit dem Kulturb\u00fcro eine Weihnachtstasche zusammengestellt, die lokale K\u00f6stlichkeiten und landestypische Spezialit\u00e4ten aus den sieben Speyerer Partnerst\u00e4dten direkt in die heimische K\u00fcche bringt. In einer beigelegten Brosch\u00fcre gibt es zur ein oder anderen enthaltenen Zutat auch ein passendes Rezept zum Nachkochen.<\/p>\n\n\n\n<p>Die limitierte Weihnachtstasche kann zu einem Preis von 25 Euro in der Wein-Wunderbar Speyer, Salzgasse 2, von Montag bis Samstag zwischen 14:00 Uhr und 20:00 Uhr erworben werden. Der volle Rechnungsbetrag wird im Namen und zugunsten der Speyerer Freundeskreise der Partnerst\u00e4dte vereinnahmt.<\/p>\n\n\n\n<p>Genie\u00dfen Sie die internationalen K\u00f6stlichkeiten und feiern Sie damit ein ganz besonderes Weihnachtsfest!<\/p>\n\n\n\n<p><em>Stadtverwaltung Speyer<br>10.12.2020<\/em><\/p>\n\n\n\n<h2 class=\"wp-block-heading\"><strong>Sitzung des Ausschusses f\u00fcr Stadtklima, Umwelt und Nachhaltigkeit abgesagt<\/strong>\u00a0<\/h2>\n\n\n\n<p>Die Sitzung\u00a0des Ausschusses f\u00fcr Stadtklima, Umwelt und Nachhaltigkeit am Donnerstag, 10. Dezember 2020 um 17 Uhr\u00a0entf\u00e4llt\u00a0aufgrund des eingeschr\u00e4nkten Betriebs der Stadtverwaltung.\u00a0 <\/p>\n\n\n\n<p><em>Stadtverwaltung Speyer<br>10.12.2020<\/em><\/p>\n\n\n\n<h2 class=\"wp-block-heading\"><strong>Baumf\u00e4llungen am Rheinhauptdeich<\/strong><\/h2>\n\n\n\n<p>Aus Gr\u00fcnden der Deichsicherheit m\u00fcssen ab dem 14. Dezember 2020 insgesamt 124 B\u00e4ume entlang des Rheinhauptdeiches im Bereich zwischen dem Dammwachthaus Speyer und Gemarkungsgrenze R\u00f6merberg gef\u00e4llt werden. Die Ma\u00dfnahme resultiert aus Fachnormen, eingefordert durch die Deichmeisterei (SGD-S\u00fcd). Um die Standsicherheit des Deichs zu gew\u00e4hrleisten und die Gefahren, die durch Windbruch und Durchwurzelung des Deichs entstehen, auszuschlie\u00dfen, kann im f\u00fcnf Meter breiten Deichschutzstreifen kein Baumbewuchs geduldet werden.<\/p>\n\n\n\n<p>F\u00fcr den s\u00fcdlichen Auwald bedeutet dies, dass auf Speyerer Gemarkung im Zeitraum von drei Jahren der wasserseitige Baumbestand im f\u00fcnf Meter breiten Deichschutzstreifen entfernt werden muss. Die Durchf\u00fchrung des ersten Abschnitts erfolgte im Winter 2018\/2019 mit der Entnahme von 78 B\u00e4umen, die eine akute Gefahr darstellten. Die Umsetzung des zweiten Abschnitts erfolgt nun ab dem 14.&nbsp;Dezember 2020. Der dritte Abschnitt ist f\u00fcr Herbst\/Winter 2021 geplant.<\/p>\n\n\n\n<p>Die 124 mit neongr\u00fcner Farbe markierten B\u00e4ume werden gef\u00e4llt, das Holz vor\u00fcbergehend am Bermenweg zwischengelagert und die Wurzelst\u00f6cke zun\u00e4chst im Boden belassen. Zu einem sp\u00e4teren Zeitpunkt werden diese durch die Deichmeisterei entnommen und die L\u00f6cher im Deich mit bindigem Material verf\u00fcllt und verdichtet.<\/p>\n\n\n\n<p>Eine artenschutzrechtliche Begutachtung ist vorab erfolgt, eine \u00f6kologische Baubegleitung f\u00fcr die Ma\u00dfnahme beauftragt. Auch die Mitglieder der st\u00e4dtischen Gremien wurden im Voraus informiert.<\/p>\n\n\n\n<p>Zum Schutz h\u00f6hlenbr\u00fctender Arten werden vier \u201eNaturschutzb\u00e4ume\u201c nach der F\u00e4llung an vitalen B\u00e4umen am Waldrand verankert, da sie durch ihre H\u00f6hlen eine hohe \u00f6kologische Bedeutung haben. Zudem werden Fledermausnisthilfen angebracht. Im Bereich zwischen Trompeterbau und Neuem Rheinhafen Speyer sind 2021 entsprechende Ausgleichspflanzungen geplant.<\/p>\n\n\n\n<p>Die Umsetzung erfordert die Sperrung des Bermenweges. Davon ist auch der Rhein-Radweg im Streckenabschnitt beim Deichwachthaus ab dem 14. Dezember 2020 bis voraussichtlich zum Jahresende betroffen. Eine Umleitung ist ausgeschildert. Der Radweg entlang der Industriestra\u00dfe in Richtung F\u00e4hre Speyer-Rheinhausen und rund um das Pleiad-Gel\u00e4nde bleibt befahrbar.<\/p>\n\n\n\n<p><em>Stadtverwaltung Speyer<br>10.12.2020<\/em><\/p>\n\n\n\n<h1 class=\"wp-block-heading\" style=\"text-align:center\">Verkehrsnotizen<\/h1>\n\n\n\n<figure class=\"wp-block-image\"><img decoding=\"async\" loading=\"lazy\" width=\"800\" height=\"565\" src=\"https:\/\/speyer24news.com\/wp-content\/uploads\/2020\/01\/Baustelle-2.jpg\" alt=\"\" class=\"wp-image-23900\" srcset=\"https:\/\/speyer24news.com\/wp-content\/uploads\/2020\/01\/Baustelle-2.jpg 800w, https:\/\/speyer24news.com\/wp-content\/uploads\/2020\/01\/Baustelle-2-300x212.jpg 300w, https:\/\/speyer24news.com\/wp-content\/uploads\/2020\/01\/Baustelle-2-768x542.jpg 768w\" sizes=\"(max-width: 800px) 100vw, 800px\" \/><\/figure>\n\n\n\n<h2 class=\"wp-block-heading\"><strong>Mittelk\u00e4mmererstra\u00dfe gesperrt<\/strong><\/h2>\n\n\n\n<p>Auf H\u00f6he der Hausnummern 22\u201332 wird\u00a0die Mittelk\u00e4mmererstra\u00dfe aufgrund von Kranarbeiten\u00a0am F<strong>reitag, 18. Dezember\u00a02020 von 08:00 Uhr bis voraussichtlich 13:00 Uhr<\/strong>\u00a0f\u00fcr den Durchgangsverkehr gesperrt. F\u00fcr die Dauer der Ma\u00dfnahme wird die Stra\u00dfe beidseitig als Sackgasse ausgewiesen.<\/p>\n\n\n\n<p>F\u00fcr R\u00fcckfragen steht die Stra\u00dfenverkehrsbeh\u00f6rde unter der Rufnummer 14-2938 zur Verf\u00fcgung.<\/p>\n\n\n\n<p><em>Stadtverwaltung Speyer<br>10.12.2020<\/em><\/p>\n","protected":false},"excerpt":{"rendered":"<div class=\"mh-excerpt\"><p>Coronafallzahlen vom Mittwoch (09.12.2020) Anzahl best\u00e4tigter F\u00e4lle von Coronavirus (SARS-CoV-2)-Infektionen in der Stadt Speyer: 1112 (+ 40)Davon bereits genesen: 514Todesf\u00e4lle: 12Gemeldete F\u00e4lle der letzten sieben Tage pro 100.000 Einwohner*innen: 401,5Warnstufe: Rot Stand: 09.12.2020, 14:05 Uhr <a class=\"mh-excerpt-more\" href=\"https:\/\/speyer24news.com\/?p=31583\" title=\"Corona, Stadtnotizen &#038; Verkehrsnotizen aus Speyer\">[&#8230;]<\/a><\/p>\n<\/div>","protected":false},"author":3,"featured_media":23902,"comment_status":"open","ping_status":"open","sticky":false,"template":"","format":"standard","meta":{"_monsterinsights_skip_tracking":false,"_monsterinsights_sitenote_active":false,"_monsterinsights_sitenote_note":"","_monsterinsights_sitenote_category":0,"footnotes":""},"categories":[47],"tags":[8946,9024,8404,6940,8725,6359,6358,7003,6342,9022,8799,9023,8772,8338,6,1296,1442,658,1114],"aioseo_notices":[],"amp_enabled":true,"_links":{"self":[{"href":"https:\/\/speyer24news.com\/index.php?rest_route=\/wp\/v2\/posts\/31583"}],"collection":[{"href":"https:\/\/speyer24news.com\/index.php?rest_route=\/wp\/v2\/posts"}],"about":[{"href":"https:\/\/speyer24news.com\/index.php?rest_route=\/wp\/v2\/types\/post"}],"author":[{"embeddable":true,"href":"https:\/\/speyer24news.com\/index.php?rest_route=\/wp\/v2\/users\/3"}],"replies":[{"embeddable":true,"href":"https:\/\/speyer24news.com\/index.php?rest_route=%2Fwp%2Fv2%2Fcomments&post=31583"}],"version-history":[{"count":1,"href":"https:\/\/speyer24news.com\/index.php?rest_route=\/wp\/v2\/posts\/31583\/revisions"}],"predecessor-version":[{"id":31585,"href":"https:\/\/speyer24news.com\/index.php?rest_route=\/wp\/v2\/posts\/31583\/revisions\/31585"}],"wp:featuredmedia":[{"embeddable":true,"href":"https:\/\/speyer24news.com\/index.php?rest_route=\/wp\/v2\/media\/23902"}],"wp:attachment":[{"href":"https:\/\/speyer24news.com\/index.php?rest_route=%2Fwp%2Fv2%2Fmedia&parent=31583"}],"wp:term":[{"taxonomy":"category","embeddable":true,"href":"https:\/\/speyer24news.com\/index.php?rest_route=%2Fwp%2Fv2%2Fcategories&post=31583"},{"taxonomy":"post_tag","embeddable":true,"href":"https:\/\/speyer24news.com\/index.php?rest_route=%2Fwp%2Fv2%2Ftags&post=31583"}],"curies":[{"name":"wp","href":"https:\/\/api.w.org\/{rel}","templated":true}]}}