{"id":31602,"date":"2020-12-11T09:08:50","date_gmt":"2020-12-11T08:08:50","guid":{"rendered":"https:\/\/speyer24news.com\/?p=31602"},"modified":"2020-12-11T09:08:50","modified_gmt":"2020-12-11T08:08:50","slug":"corona-stadtnotizen-verkehrsnotizen-aus-speyer-6","status":"publish","type":"post","link":"https:\/\/speyer24news.com\/?p=31602","title":{"rendered":"Corona, Stadtnotizen &#038; Verkehrsnotizen aus Speyer"},"content":{"rendered":"<style type=\"text\/css\">\r\n\t.ads_top_disp{}\r\n\t.ads_top_corner_disp{ float:left; margin:0px 10px 10px 0px; }\r\n\t.ads_first_p_disp{}\r\n\t.ads_bottom_disp{}\r\n\t<\/style>\n<h1 class=\"wp-block-heading\" style=\"text-align:center\">Coronafallzahlen Donnerstag, 10.12.2020<\/h1>\n\n\n\n<div class=\"wp-block-image\"><figure class=\"aligncenter\"><img decoding=\"async\" loading=\"lazy\" width=\"800\" height=\"400\" src=\"https:\/\/speyer24news.com\/wp-content\/uploads\/2020\/02\/virus-1812092_1920.jpg\" alt=\"\" class=\"wp-image-25128\" srcset=\"https:\/\/speyer24news.com\/wp-content\/uploads\/2020\/02\/virus-1812092_1920.jpg 800w, https:\/\/speyer24news.com\/wp-content\/uploads\/2020\/02\/virus-1812092_1920-300x150.jpg 300w, https:\/\/speyer24news.com\/wp-content\/uploads\/2020\/02\/virus-1812092_1920-768x384.jpg 768w\" sizes=\"(max-width: 800px) 100vw, 800px\" \/><\/figure><\/div>\n\n\n\n<p>Anzahl best\u00e4tigter F\u00e4lle von Coronavirus (SARS-CoV-2)-Infektionen in der Stadt Speyer: 1147 (+ 35)<br>Davon bereits genesen: 535<br>Todesf\u00e4lle: 13 (+ 1)<br>Gemeldete F\u00e4lle der letzten sieben Tage pro 100.000 Einwohner*innen: 417,3<br>Warnstufe: Rot<\/p>\n\n\n\n<p><em>Stand: 10.12.2020, 14:05 Uhr<\/em><\/p>\n\n\n\n<p><em>Landesuntersuchungsamt RheinlandPfalz<br>11.12.2020<\/em><\/p>\n\n\n\n<h1 class=\"wp-block-heading\" style=\"text-align:center\">Stadtnotizen<\/h1>\n\n\n\n<figure class=\"wp-block-image\"><img decoding=\"async\" loading=\"lazy\" width=\"800\" height=\"600\" src=\"https:\/\/speyer24news.com\/wp-content\/uploads\/2020\/01\/Speyer-Stadtnachrichten-2.jpg\" alt=\"\" class=\"wp-image-23901\" srcset=\"https:\/\/speyer24news.com\/wp-content\/uploads\/2020\/01\/Speyer-Stadtnachrichten-2.jpg 800w, https:\/\/speyer24news.com\/wp-content\/uploads\/2020\/01\/Speyer-Stadtnachrichten-2-300x225.jpg 300w, https:\/\/speyer24news.com\/wp-content\/uploads\/2020\/01\/Speyer-Stadtnachrichten-2-768x576.jpg 768w, https:\/\/speyer24news.com\/wp-content\/uploads\/2020\/01\/Speyer-Stadtnachrichten-2-678x509.jpg 678w, https:\/\/speyer24news.com\/wp-content\/uploads\/2020\/01\/Speyer-Stadtnachrichten-2-326x245.jpg 326w, https:\/\/speyer24news.com\/wp-content\/uploads\/2020\/01\/Speyer-Stadtnachrichten-2-80x60.jpg 80w\" sizes=\"(max-width: 800px) 100vw, 800px\" \/><\/figure>\n\n\n\n<h2 class=\"wp-block-heading\"><strong>Oberb\u00fcrgermeisterin Stefanie Seiler benennt L\u00fccke bei der Pandemiebek\u00e4mpfung und bittet\u00a0die Bev\u00f6lkerung um Solidarit\u00e4t und\u00a0Kontaktreduzierung<\/strong><\/h2>\n\n\n\n<div class=\"wp-block-image\"><figure class=\"aligncenter\"><img decoding=\"async\" src=\"https:\/\/speyer24news.com\/wp-content\/uploads\/2020\/10\/Steffi-mit-Maske.jpg\" alt=\"\" class=\"wp-image-30589\"\/><\/figure><\/div>\n\n\n\n<p>\u201eZur Eind\u00e4mmung der Pandemie und zur \u00dcberpr\u00fcfung der Wirksamkeit unserer erlassenen Ma\u00dfnahmen ist es unabdingbar, dass wir umfassend und schnell \u00fcber das Infektionsgeschehen in unserer Stadt informiert sind. Nur dann haben wir die M\u00f6glichkeit, an den richtigen Punkten anzusetzen, Kontaktpersonen zu ermitteln, diese fr\u00fchzeitig in Quarant\u00e4ne zu schicken und so effektiv die Infektionsketten zu unterbrechen. Deshalb begr\u00fc\u00dfen wir die erlassene Absonderungsverordnung des Landes ausdr\u00fccklich. Wir sehen in der Tatsache, dass die Kontaktnachverfolgung seit Wochen nicht mehr oder nur noch unzureichend&nbsp;erfolgt&nbsp;den wesentlichen Grund daf\u00fcr, dass die Infektionszahlen&nbsp;in Speyer und in der ganzen Region Vorderpfalz unver\u00e4ndert hoch sind und weit \u00fcber dem Landesdurchschnitt liegen\u201c.<\/p>\n\n\n\n<p>Auch Peter Eymann, Stadtfeuerwehrinspekteur und (Interims-)Impfkoordinator teilt diese Auffassung: \u201eIch glaube nicht, dass es in unserer Region besondere Umst\u00e4nde gibt, die das Infektionsgeschehen hier mehr als anderswo antreiben oder dass die Vorderpf\u00e4lzer*innen sich weniger an die Abstands- und Hygienerichtlinien halten w\u00fcrden, als die Menschen dies in anderen Regionen tun. Dennoch gelingt es uns zur Zeit nicht, das Infektionsgeschehen einzud\u00e4mmen. Durch das mobile und \u00f6rtliche Testzentrum gewinne ich vermehrt den Eindruck, dass es h\u00e4ufig einen massiven Zeitverzug in der Kontaktaufnahme zu Infizierten und in der Ermittlung der Kontaktpersonen gibt. Neben den einschr\u00e4nkenden Ma\u00dfnahmen m\u00fcssen wir daher unbedingt an genau\u00a0dieser Stelle ansetzen. Denn eine fehlende oder nicht ausreichende Kontaktnachverfolgung f\u00fchrt zu einem hohen Infektionsrisiko und damit letztlich auch zu den hohen Zahlen in unserer Region.&#8220;<\/p>\n\n\n\n<div class=\"wp-block-image\"><figure class=\"aligncenter\"><img decoding=\"async\" loading=\"lazy\" width=\"500\" height=\"591\" src=\"https:\/\/speyer24news.com\/wp-content\/uploads\/2020\/12\/Peter-Eymann.jpg\" alt=\"\" class=\"wp-image-31605\" srcset=\"https:\/\/speyer24news.com\/wp-content\/uploads\/2020\/12\/Peter-Eymann.jpg 500w, https:\/\/speyer24news.com\/wp-content\/uploads\/2020\/12\/Peter-Eymann-254x300.jpg 254w\" sizes=\"(max-width: 500px) 100vw, 500px\" \/><\/figure><\/div>\n\n\n\n<p>\u201eDer Verwaltungsstab hat daher am Donnerstag (10.12.2020) beschlossen weitere Mitarbeiter*innen der Stadtverwaltung dem zust\u00e4ndigen Gesundheitsamt im Rahmen der Amtshilfe zur Verf\u00fcgung zu stellen. Wir sind nur handlungsf\u00e4hig und in der Lage angemessen zu reagieren, wenn wir das Infektionsgeschehen in unserer Stadt kennen und wissen, wo sich die Menschen infizieren. Nachdem gestern intensive Gespr\u00e4che mit Landrat Clemens K\u00f6rner,\u00a0dem Gesundheitsamt und der Landesregierung stattgefunden haben, soll die Informationsl\u00fccke, die im Bereich des Infektionsgeschehen bei den Gebietsk\u00f6rperschaften ohne eigenes Gesundheitsamt de facto besteht, nun\u00a0geschlossen werden. Das begr\u00fc\u00dfe ich ausdr\u00fccklich. Dar\u00fcber hinaus werden wir weitere Mitarbeiter*innen der Infektionsschutzbeh\u00f6rde zuteilen, damit diese im Bereich der Kontaktaufnahme und Quarant\u00e4ne\u00fcberpr\u00fcfung unterst\u00fctzen k\u00f6nnen.\u201c<\/p>\n\n\n\n<div class=\"wp-block-image\"><figure class=\"aligncenter\"><img decoding=\"async\" loading=\"lazy\" width=\"400\" height=\"567\" src=\"https:\/\/speyer24news.com\/wp-content\/uploads\/2020\/12\/Clemens-K\u00f6rner-Portrait_kleiner.jpg\" alt=\"\" class=\"wp-image-31606\" srcset=\"https:\/\/speyer24news.com\/wp-content\/uploads\/2020\/12\/Clemens-K\u00f6rner-Portrait_kleiner.jpg 400w, https:\/\/speyer24news.com\/wp-content\/uploads\/2020\/12\/Clemens-K\u00f6rner-Portrait_kleiner-212x300.jpg 212w\" sizes=\"(max-width: 400px) 100vw, 400px\" \/><\/figure><\/div>\n\n\n\n<p>Die Stadtverwaltung wird nach Erlass der neuen Absonderungsverordnung des Landes f\u00fcr SARS-CoV-2-Infizierte, krankheitsverd\u00e4chtige Personen und deren haushaltsangeh\u00f6rige und Kontaktpersonen&nbsp;nun au\u00dferdem eine standardisierte Bescheinigung mit Informationen zur unmittelbar einsetzenden&nbsp;Quarant\u00e4ne erarbeiten und diese all jenen Stellen in der Stadt zur Verf\u00fcgung stellen, die Corona-Tests anbieten. Selbstverst\u00e4ndlich werden diese dann auch im Testzentrum und bei eigenen Testungen mit dem mobilen Abstrichzentrum ausgegeben.<\/p>\n\n\n\n<p>\u201eUnsere ganze Energie muss nun ausschlie\u00dflich in die Pandemiebek\u00e4mpfung flie\u00dfen. Das Infektionsgeschehen hat Tage, wenn nicht gar Wochen Vorsprung. Nach wie vor haben wir eine sehr hohe Inzidenz in Speyer. Die bisher erlassenen Ma\u00dfnahmen gilt es nun genau zu beobachten. Bei den am Montag in Kraft getretenen Versch\u00e4rfung wird sich erst mit Zeitverzug zeigen, ob diese ausreichend waren. Die B\u00fcrger*innen k\u00f6nnen aber sicher sein, dass ich und der Verwaltungsstab im engen und regelm\u00e4\u00dfigen Austausch mit der Landesregierung stehen. Wir pl\u00e4dieren beispielsweise daf\u00fcr, als weitere sofortige Ma\u00dfnahme die&nbsp;Notbetreuung innerhalb der Kitas und wenn m\u00f6glich Hybridunterricht in Grundschulen bis zu den Weihnachtsferien einzuf\u00fchren. Dennoch, die Situation in unseren Krankenh\u00e4usern und Pflegeeinrichtungen zeigt, dass wir alle nun verst\u00e4rkte Kraftanstrengungen unternehmen m\u00fcssen, um das Infektionsgeschehen \u00fcberhaupt noch eind\u00e4mmen zu k\u00f6nnen. Neben der Kontaktnachverfolgung ist deshalb f\u00fcr uns alle vor allem eines wichtig: Kontaktreduzierung. Deshalb m\u00f6chte ich nochmals an die Speyererinnen und Speyerer appellieren: Halten Sie Abstand und reduzieren Sie Ihre Kontakte: Nur mit unserer R\u00fccksichtnahme und Disziplin k\u00f6nnen wir die Lage mildern\u201c, so Oberb\u00fcrgermeisterin Seiler.&nbsp;&nbsp;<\/p>\n\n\n\n<p>\u201eZudem muss nun endlich innerhalb des Gesundheitswesen f\u00fcr ausreichend Personal gesorgt werden. Hier wurde im Sommer auf allen politischen Ebenen, die Zeit nicht ausreichend genutzt, um einschr\u00e4nkende Ma\u00dfnahmen und eine \u00dcberlastung des Gesundheitssystems zu verhindern. Es braucht jetzt mehr denn je eine ehrliche politische und gesellschaftliche Diskussion. Das Gesundheitssystem muss\u00a0 im Sinne des Sozialstaates wieder zu einem System im Dienste der Menschen werden und nicht f\u00fcr die Bilanz\u201c, mahnt Seiler an.<\/p>\n\n\n\n<p><em>Text: Stadtverwaltung Speyer Foto: (1) Speyer 24\/7 News; (2) Peter Eymann; (3) Kreisverwaltung Rhein-Pfalz-Kreis<br>11.12.2020<\/em><\/p>\n\n\n\n<h2 class=\"wp-block-heading\"><strong>B\u00fcrgerb\u00fcro in der Maximilianstra\u00dfe ab 14. Dezember vor\u00fcbergehend geschlossen<\/strong><\/h2>\n\n\n\n<div class=\"wp-block-image\"><figure class=\"aligncenter\"><img decoding=\"async\" src=\"https:\/\/speyer24news.com\/wp-content\/uploads\/2020\/12\/B\u00fcrgerb\u00fcro-Maria6.jpg\" alt=\"\" class=\"wp-image-31604\"\/><\/figure><\/div>\n\n\n\n<p>Ab Montag, 14. Dezember 2020, ist das B\u00fcrgerb\u00fcro in der Maximilianstra\u00dfe in Speyer\u00a0vor\u00fcbergehend geschlossen. Grund hierf\u00fcr ist eine\u00a0situationsbedingte\u00a0personelle Umstrukturierung, wonach zur Unterst\u00fctzung der Mitarbeiter*innen im Impfzentrum dringend weiteres Personal ben\u00f6tigt wird.<\/p>\n\n\n\n<p>Oberb\u00fcrgermeisterin Stefanie Seiler erl\u00e4utert: \u201eMit der \u00d6ffnung des Impfzentrums n\u00e4chsten Dienstag war und ist ein enormer organisatorischer Aufwand\u00a0verbunden. Innerhalb k\u00fcrzester Zeit wurde die Einrichtung eines Impfzentrums in der Stadthalle auf die Beine gestellt und damit eine gro\u00dfe Herausforderung hinsichtlich geeigneter Infrastruktur und Logistik gemeistert.\u201c<\/p>\n\n\n\n<p>Um am Dienstag einen m\u00f6glichst reibungslosen Ablauf gew\u00e4hrleisten zu k\u00f6nnen\u00a0und den n\u00f6tigen Probebetrieb durchzuf\u00fchren, ist die Stadt Speyer auf internes Personal angewiesen,\u00a0unter anderem auf\u00a0die Mitarbeiter*innen des B\u00fcrgerb\u00fcros in der Innenstadt. Das B\u00fcrgerb\u00fcro in der Industriestra\u00dfe ist zu den gewohnten Zeiten besetzt, sodass die\u00a0grunds\u00e4tzliche\u00a0Funktionsf\u00e4higkeit und Erreichbarkeit gew\u00e4hrleistet ist.\u00a0Die Stadtverwaltung bittet um Verst\u00e4ndnis daf\u00fcr, sollte es im B\u00fcrgerb\u00fcro Industriestra\u00dfe aufgrund der besonderen Situation vor\u00fcbergehend zu l\u00e4ngeren Wartezeiten kommen.<\/p>\n\n\n\n<p>\u201eDer Kampf gegen die Pandemie ist ein ungeheurer Kraftakt, bei dem alle helfenden H\u00e4nde gefordert sind\u201c, so Stefanie Seiler. \u201eIch bin zuversichtlich, dass wir das Infektionsgeschehen eind\u00e4mmen k\u00f6nnen, wenn wir gemeinsam anpacken, und bedanke mich\u00a0bei den vielen Helferinnen und Helfern, die mit ihrer gro\u00dfen Einsatzbereitschaft einen wichtigen Baustein zur Bek\u00e4mpfung des Coronavirus bilden.\u201c<\/p>\n\n\n\n<p><em>Text: Stadtverwaltung Speyer Foto: Speyer 24\/7 News, mab<br>11.12.2020<\/em><\/p>\n\n\n\n<h2 class=\"wp-block-heading\"><strong>Speyer.Kultur Xmas Special \/ Konzerte werden live aus dem Alten Stadtsaal gestreamt<\/strong><\/h2>\n\n\n\n<figure class=\"wp-block-image\"><img decoding=\"async\" loading=\"lazy\" width=\"800\" height=\"566\" src=\"https:\/\/speyer24news.com\/wp-content\/uploads\/2020\/12\/Speyer-Kultur-Corona.jpg\" alt=\"\" class=\"wp-image-31603\" srcset=\"https:\/\/speyer24news.com\/wp-content\/uploads\/2020\/12\/Speyer-Kultur-Corona.jpg 800w, https:\/\/speyer24news.com\/wp-content\/uploads\/2020\/12\/Speyer-Kultur-Corona-300x212.jpg 300w, https:\/\/speyer24news.com\/wp-content\/uploads\/2020\/12\/Speyer-Kultur-Corona-768x543.jpg 768w\" sizes=\"(max-width: 800px) 100vw, 800px\" \/><\/figure>\n\n\n\n<p>Leider macht die aktuelle Lage Konzerte mit echtem\u00a0Publikum unm\u00f6glich. Daf\u00fcr k\u00f6nnen die drei f\u00fcr das \u201eXmas Special\u201c gebuchten Bands am Wochenende vor Weihnachten von Speyer aus ihre Musik in die ganze Welt schicken. Gestreamt wird kurz vor Weihnachten aus dem Alten Stadtsaal in Speyer. Tickets f\u00fcr die Online-Konzerte k\u00f6nnen \u00fcber das Ticket-Portal Reservix und die Website der Stadt Speyer gekauft werden. Mit dem Kauf der Tickets erh\u00e4lt man automatisch einen Zugangscode, der zum Livestream f\u00fchrt. Alles, was f\u00fcr unvergessliche Konzert-Abende zuhause ben\u00f6tigt wird, l\u00e4sst sich \u00fcber die \u00f6rtliche Gastronomie und den \u00f6rtlichen Getr\u00e4nkehandel beziehen. Mit den Online-Konzerten kann man also nicht nur die Musiker unterst\u00fctzen, sondern auch noch den lokalen Einzelhandel f\u00f6rdern.<\/p>\n\n\n\n<div class=\"wp-block-image\"><figure class=\"aligncenter\"><img decoding=\"async\" loading=\"lazy\" width=\"500\" height=\"718\" src=\"https:\/\/speyer24news.com\/wp-content\/uploads\/2020\/11\/Rudolph-und-die-Renntiere-3-\u00a9-Gerald-schilling.jpg\" alt=\"\" class=\"wp-image-31175\" srcset=\"https:\/\/speyer24news.com\/wp-content\/uploads\/2020\/11\/Rudolph-und-die-Renntiere-3-\u00a9-Gerald-schilling.jpg 500w, https:\/\/speyer24news.com\/wp-content\/uploads\/2020\/11\/Rudolph-und-die-Renntiere-3-\u00a9-Gerald-schilling-209x300.jpg 209w\" sizes=\"(max-width: 500px) 100vw, 500px\" \/><\/figure><\/div>\n\n\n\n<p>Das Speyer.Kultur \u201eXmas Special\u201c wird am\u00a0<strong>Freitag, 18. Dezember, 20 Uhr<\/strong>, von \u201eRudolph und den Renntieren\u201c er\u00f6ffnet, die eigentlich jedes Jahr ihre Xmas-Party im Philipp eins feiern. Auch das ist in diesem Jahr nicht m\u00f6glich. Speyers dienst\u00e4lteste Rock&#8217;n&#8217;Roll Kapelle, bestehend aus Thomas Hoppe an der Gitarre und Gesang, Vladimir Stalinsky am Kontrabass und Mike Fehn am Schlagzeug, spielt moderne amerikanische Tanzmusik und deutsche Wirtschaftswunderschlager aus den 50er bis fr\u00fchen 60er Jahren des vergangenen Jahrhunderts im authentischen Sound und Stil dieser goldenen Zeit. Ein Stelldichein mit Elvis, Chuck Berry, Peter Kraus und Ted Herold.<\/p>\n\n\n\n<figure class=\"wp-block-image\"><img decoding=\"async\" loading=\"lazy\" width=\"600\" height=\"597\" src=\"https:\/\/speyer24news.com\/wp-content\/uploads\/2020\/11\/Jimi-Hering-Weihnachrs-Experience-\u00a9-Stephan-Hering-Cerin.png\" alt=\"\" class=\"wp-image-31176\" srcset=\"https:\/\/speyer24news.com\/wp-content\/uploads\/2020\/11\/Jimi-Hering-Weihnachrs-Experience-\u00a9-Stephan-Hering-Cerin.png 600w, https:\/\/speyer24news.com\/wp-content\/uploads\/2020\/11\/Jimi-Hering-Weihnachrs-Experience-\u00a9-Stephan-Hering-Cerin-150x150.png 150w, https:\/\/speyer24news.com\/wp-content\/uploads\/2020\/11\/Jimi-Hering-Weihnachrs-Experience-\u00a9-Stephan-Hering-Cerin-300x300.png 300w\" sizes=\"(max-width: 600px) 100vw, 600px\" \/><\/figure>\n\n\n\n<p>Am n\u00e4chsten Abend,\u00a0<strong>Samstag, 19. Dezember, 20 Uhr<\/strong>, ist die \u201eJimi Hering Weihnachts Experience\u201c an der Reihe. Sowohl die Band als auch deren Weihnachtskonzerte sind legend\u00e4r. F\u00fcr 2020 wurde extra eine neue CD eingespielt. Die wahren Helden des Minimalismus im Allgemeinen und der Vorweihnachtszeit im Besonderen werden die Maronen aus dem ewigen Feuer der Belanglosigkeit holen, dass selbst die Herren aus dem Morgenland blass werden (ja, alle drei) und die Myrrhe ob ihres nutzlosen Daseins vor Scham welkt. In einem heiter-besinnlichen, zuweilen furiosen Weihnachts-Mash-Up geben sich deutsche Weihnachtstradition, Rock, Blues, Soul und Jazz ein munteres Stelldichein.<\/p>\n\n\n\n<figure class=\"wp-block-image\"><img decoding=\"async\" loading=\"lazy\" width=\"800\" height=\"534\" src=\"https:\/\/speyer24news.com\/wp-content\/uploads\/2020\/11\/lehmler-3-sw-\u00a9-Alexandra-Lehmler.jpg\" alt=\"\" class=\"wp-image-31177\" srcset=\"https:\/\/speyer24news.com\/wp-content\/uploads\/2020\/11\/lehmler-3-sw-\u00a9-Alexandra-Lehmler.jpg 800w, https:\/\/speyer24news.com\/wp-content\/uploads\/2020\/11\/lehmler-3-sw-\u00a9-Alexandra-Lehmler-300x200.jpg 300w, https:\/\/speyer24news.com\/wp-content\/uploads\/2020\/11\/lehmler-3-sw-\u00a9-Alexandra-Lehmler-768x513.jpg 768w\" sizes=\"(max-width: 800px) 100vw, 800px\" \/><\/figure>\n\n\n\n<p>Den Abschluss am\u00a0<strong>Sonntag, 20. Dezember, 20 Uhr<\/strong>\u00a0gestaltet die Jazz-Saxophonistin Alexandra Lehmler mit ihrem Quartett unter dem Titel ihrer aktuellen CD \u201eSans Mots\u201c \u2013 ohne Worte. Eine internationale Zusammensetzung mit dem italienischen Gitarristen Federico Casagrande, dem franz\u00f6sischen Schlagzeuger Patrice Heral und dem Kontrabassisten Matthias Tc Debus wird daf\u00fcr auf der B\u00fchne des Alten Stadtsaales stehen.<\/p>\n\n\n\n<p><em>Text: Stadtverwaltung Speyer Foto: (1) Gerald Schilling; (2) Stephan Hering Cerin; (3) Alexandra Lehmler<br>11.12.2020<\/em><\/p>\n\n\n\n<h1 class=\"wp-block-heading\" style=\"text-align:center\">Verkehrsnotizen<\/h1>\n\n\n\n<figure class=\"wp-block-image\"><img decoding=\"async\" loading=\"lazy\" width=\"800\" height=\"565\" src=\"https:\/\/speyer24news.com\/wp-content\/uploads\/2020\/01\/Baustelle-2.jpg\" alt=\"\" class=\"wp-image-23900\" srcset=\"https:\/\/speyer24news.com\/wp-content\/uploads\/2020\/01\/Baustelle-2.jpg 800w, https:\/\/speyer24news.com\/wp-content\/uploads\/2020\/01\/Baustelle-2-300x212.jpg 300w, https:\/\/speyer24news.com\/wp-content\/uploads\/2020\/01\/Baustelle-2-768x542.jpg 768w\" sizes=\"(max-width: 800px) 100vw, 800px\" \/><\/figure>\n\n\n\n<h2 class=\"wp-block-heading\"><strong>L\u00e4ngerfristige Teilsperrung des Parkplatzes an der Stadthalle<\/strong><\/h2>\n\n\n\n<p>Wegen der Einrichtung eines Impfzentrums in der Stadthalle werden der hintere \u00f6stliche und der westliche Teilbereich des Parkplatzes an der Stadthalle <strong>ab Dienstag, 15. Dezember 2020 bis voraussichtlich 31. Dezember 2021<\/strong> f\u00fcr den Individualverkehr gesperrt. Auch Jahres- und Monatsparkscheininhaber d\u00fcrfen ihre Fahrzeuge nicht in den f\u00fcr das Impfzentrum reservierten Bereichen abstellen.<\/p>\n\n\n\n<p><em>Stadtverwaltung Speyer<br>11.12.2020<\/em><\/p>\n","protected":false},"excerpt":{"rendered":"<div class=\"mh-excerpt\"><p>Coronafallzahlen Donnerstag, 10.12.2020 Anzahl best\u00e4tigter F\u00e4lle von Coronavirus (SARS-CoV-2)-Infektionen in der Stadt Speyer: 1147 (+ 35)Davon bereits genesen: 535Todesf\u00e4lle: 13 (+ 1)Gemeldete F\u00e4lle der letzten sieben Tage pro 100.000 Einwohner*innen: 417,3Warnstufe: Rot Stand: 10.12.2020, 14:05 <a class=\"mh-excerpt-more\" href=\"https:\/\/speyer24news.com\/?p=31602\" title=\"Corona, Stadtnotizen &#038; Verkehrsnotizen aus Speyer\">[&#8230;]<\/a><\/p>\n<\/div>","protected":false},"author":3,"featured_media":23902,"comment_status":"open","ping_status":"open","sticky":false,"template":"","format":"standard","meta":{"_monsterinsights_skip_tracking":false,"_monsterinsights_sitenote_active":false,"_monsterinsights_sitenote_note":"","_monsterinsights_sitenote_category":0,"footnotes":""},"categories":[47],"tags":[639,6367,6940,6359,6370,5904,6358,7003,5801,6342,9027,9026,699,9025,5202,5344,427,6,8801,9028,657,1296,206,658,1114],"aioseo_notices":[],"amp_enabled":true,"_links":{"self":[{"href":"https:\/\/speyer24news.com\/index.php?rest_route=\/wp\/v2\/posts\/31602"}],"collection":[{"href":"https:\/\/speyer24news.com\/index.php?rest_route=\/wp\/v2\/posts"}],"about":[{"href":"https:\/\/speyer24news.com\/index.php?rest_route=\/wp\/v2\/types\/post"}],"author":[{"embeddable":true,"href":"https:\/\/speyer24news.com\/index.php?rest_route=\/wp\/v2\/users\/3"}],"replies":[{"embeddable":true,"href":"https:\/\/speyer24news.com\/index.php?rest_route=%2Fwp%2Fv2%2Fcomments&post=31602"}],"version-history":[{"count":1,"href":"https:\/\/speyer24news.com\/index.php?rest_route=\/wp\/v2\/posts\/31602\/revisions"}],"predecessor-version":[{"id":31607,"href":"https:\/\/speyer24news.com\/index.php?rest_route=\/wp\/v2\/posts\/31602\/revisions\/31607"}],"wp:featuredmedia":[{"embeddable":true,"href":"https:\/\/speyer24news.com\/index.php?rest_route=\/wp\/v2\/media\/23902"}],"wp:attachment":[{"href":"https:\/\/speyer24news.com\/index.php?rest_route=%2Fwp%2Fv2%2Fmedia&parent=31602"}],"wp:term":[{"taxonomy":"category","embeddable":true,"href":"https:\/\/speyer24news.com\/index.php?rest_route=%2Fwp%2Fv2%2Fcategories&post=31602"},{"taxonomy":"post_tag","embeddable":true,"href":"https:\/\/speyer24news.com\/index.php?rest_route=%2Fwp%2Fv2%2Ftags&post=31602"}],"curies":[{"name":"wp","href":"https:\/\/api.w.org\/{rel}","templated":true}]}}