{"id":31632,"date":"2020-12-12T11:01:10","date_gmt":"2020-12-12T10:01:10","guid":{"rendered":"https:\/\/speyer24news.com\/?p=31632"},"modified":"2020-12-12T11:04:12","modified_gmt":"2020-12-12T10:04:12","slug":"corona-stadtnotizen-verkehrsnotizen-aus-speyer-7","status":"publish","type":"post","link":"https:\/\/speyer24news.com\/?p=31632","title":{"rendered":"Corona, Stadtnotizen &#038; Verkehrsnotizen aus Speyer"},"content":{"rendered":"<style type=\"text\/css\">\r\n\t.ads_top_disp{}\r\n\t.ads_top_corner_disp{ float:left; margin:0px 10px 10px 0px; }\r\n\t.ads_first_p_disp{}\r\n\t.ads_bottom_disp{}\r\n\t<\/style>\n<h1 class=\"wp-block-heading\" style=\"text-align:center\">Corona<\/h1>\n\n\n\n<figure class=\"wp-block-image\"><img decoding=\"async\" loading=\"lazy\" width=\"800\" height=\"400\" src=\"https:\/\/speyer24news.com\/wp-content\/uploads\/2020\/02\/virus-1812092_1920.jpg\" alt=\"\" class=\"wp-image-25128\" srcset=\"https:\/\/speyer24news.com\/wp-content\/uploads\/2020\/02\/virus-1812092_1920.jpg 800w, https:\/\/speyer24news.com\/wp-content\/uploads\/2020\/02\/virus-1812092_1920-300x150.jpg 300w, https:\/\/speyer24news.com\/wp-content\/uploads\/2020\/02\/virus-1812092_1920-768x384.jpg 768w\" sizes=\"(max-width: 800px) 100vw, 800px\" \/><\/figure>\n\n\n\n<h2 class=\"wp-block-heading\">Freitag, 11.12.2020<\/h2>\n\n\n\n<p>Anzahl best\u00e4tigter F\u00e4lle von Coronavirus (SARS-CoV-2)-Infektionen in der Stadt Speyer: 1180 (+ 33)<br>Davon bereits genesen: 543<br>Todesf\u00e4lle: 14 (+ 1) <br>Gemeldete F\u00e4lle der letzten sieben Tage pro 100.000 Einwohner*innen: 407,4<br>Warnstufe: Rot<\/p>\n\n\n\n<p><em>Stand: 11.12.2020, 14:05 Uhr<\/em><\/p>\n\n\n\n<p><em>Landesuntersuchungsamt RheinlandPfalz<br>12.12.2020<\/em><\/p>\n\n\n\n<h2 class=\"wp-block-heading\"><strong>Stellungnahme der Kreisverwaltung Rhein-Pfalz-Kreis zum Artikel in der Rheinpfalz: \u201eGesundheitsamt in der Kritik\u201c:<\/strong><\/h2>\n\n\n\n<div class=\"wp-block-image\"><figure class=\"aligncenter\"><img decoding=\"async\" loading=\"lazy\" width=\"400\" height=\"567\" src=\"https:\/\/speyer24news.com\/wp-content\/uploads\/2020\/12\/Clemens-K\u00f6rner-Portrait_kleiner.jpg\" alt=\"\" class=\"wp-image-31606\" srcset=\"https:\/\/speyer24news.com\/wp-content\/uploads\/2020\/12\/Clemens-K\u00f6rner-Portrait_kleiner.jpg 400w, https:\/\/speyer24news.com\/wp-content\/uploads\/2020\/12\/Clemens-K\u00f6rner-Portrait_kleiner-212x300.jpg 212w\" sizes=\"(max-width: 400px) 100vw, 400px\" \/><\/figure><\/div>\n\n\n\n<p>Die Mitarbeiterinnen und Mitarbeiter der Kreisverwaltung und\ninsbesondere des Gesundheitsamtes sind \u00fcber die \u00c4u\u00dferungen der Oberb\u00fcrgermeisterin\nvon Ludwigshafen, Jutta Steinruck, sehr verwundert und entsprechend ver\u00e4rgert.<\/p>\n\n\n\n<p>Personalratsvorsitzender Swen M\u00f6ller ist sich mit Landrat Clemens K\u00f6rner\neinig, dass die Vorw\u00fcrfe haltlos und m\u00f6glicherweise durch politische Interessen\nmotiviert sind. Hier geht es aber nicht um irgendwelche politischen\nR\u00e4nkespiele, sondern um Menschenleben.<\/p>\n\n\n\n<p>\u201eUnsere Kolleginnen und Kollegen sind seit rund 9 Monaten in einer\ndauerhaften Krisensituation. Sie arbeiten weit \u00fcber das \u00fcbliche Ma\u00df hinaus und\nleisten herausragende Arbeit. In diesem Zusammenhang wurden auch hunderte\n\u00dcberstunden angeh\u00e4uft. Die Aussage von OB Steinruck ist verletzend und sehr\nungerecht unseren Kolleginnen und Kollegen gegen\u00fcber, die t\u00e4glich mit\nEngagement und Herzblut bei der Arbeit sind\u201c, so Swen M\u00f6ller.<\/p>\n\n\n\n<p>Landrat K\u00f6rner hat in den letzten Monaten mehrfach um personelle\nUnterst\u00fctzung f\u00fcr das Gesundheitsamt, das ja schlie\u00dflich auch f\u00fcr die St\u00e4dte\nLudwigshafen, Speyer und Frankenthal zust\u00e4ndig ist, gebeten. Als im Mai schon\nklar war, welcher Personalbedarf erforderlich sein w\u00fcrde, kam aus dem Rathaus\nin Ludwigshafen die Aussage, man k\u00f6nne keine acht Personen entbehren. Die\nKreisverwaltung m\u00f6ge sich doch selbst darum k\u00fcmmern. Bis dato hat Ludwigshafen\nkeine Mitarbeiter\/innen f\u00fcr die erhebliche Mehrarbeit im Gesundheitsamt zur\nVerf\u00fcgung gestellt. <\/p>\n\n\n\n<p>Die Stadt Speyer hatte immerhin ab August ca. 5 Personen abgeordnet und\ndas Gesundheitsamt entsprechend unterst\u00fctzt, wof\u00fcr wir sehr dankbar sind.<\/p>\n\n\n\n<p>Am gestrigen Abend erreichte nun Landrat K\u00f6rner ein Mail von OB\nSteinruck, in der sie sinngem\u00e4\u00df anbietet, 500 Mitarbeiter\/innen der\nStadtverwaltung zur Verf\u00fcgung zu stellen. Und die Kreisverwaltung solle doch\nbitte sch\u00f6n sagen, wo diese sich melden k\u00f6nnten. Allerdings, und das hat schon\nzu erheblichem Erstaunen gef\u00fchrt, nur f\u00fcr Ludwigshafener B\u00fcrger\/innen! Nicht\nnur solidarisches Handeln sieht anders aus, ein vern\u00fcnftiger und sinnvoller\nVorschlag ebenso. Es ist fern jeglicher Realit\u00e4t, Arbeitspl\u00e4tze f\u00fcr 500 Personen\nsofort aus dem Boden zu stampfen und diese auf einmal in die Nachverfolgung\neinzuarbeiten.<\/p>\n\n\n\n<p>Viel wichtiger als solche uns\u00e4glichen Diskussionen zu f\u00fchren, w\u00e4re, wenn\ndie Stadtverwaltungen ihrer ureigenen Aufgabe nachkommen und die Kontakte\nentsprechend der Rechtslage unterbinden w\u00fcrde. Das Problem sind n\u00e4mlich nicht\ndie Nachverfolgungen, sondern die Kontakte und die \u00dcbertragungsintensit\u00e4t. Wer\ngestern dem RKI-Pr\u00e4sidenten Prof. Wieler aufmerksam gefolgt ist, der musste\nerkennen, dass wir die Kontakte deutlich reduzieren m\u00fcssen. Eine vern\u00fcnftige\nNachverfolgung ist bis zu maximal 50 Infizierten je 100.000 Einwohner in einer\nWoche m\u00f6glich. Wir sind hier aber um ein Vielfaches \u00fcber dieser Zahl.<\/p>\n\n\n\n<p>Landrat K\u00f6rner schl\u00e4gt vor, dass Oberb\u00fcrgermeisterin Steinruck auf die Sachebene zur\u00fcckkehren m\u00f6chte, damit eine l\u00f6sungsorientierte Diskussion mit Ergebnissen erreicht werden kann. \u201eWir alle sollten an einem Strang ziehen und gemeinsam mit dem Land auch eine \u00fcber unsere Region hinaus einheitliche Vorgehensweise finden\u201c, betont Landrat K\u00f6rner.<\/p>\n\n\n\n<p><em>Kreisverwaltung Rhein-Pfalz-Kreis<br>12.12.2020<\/em><\/p>\n\n\n\n<h2 class=\"wp-block-heading\"><strong>Oberb\u00fcrgermeisterin Stefanie Seiler fordert in einer Stellungnahme landesweit einheitliche Ma\u00dfnahmen in der Pandemiebek\u00e4mpfung<\/strong><\/h2>\n\n\n\n<div class=\"wp-block-image\"><figure class=\"aligncenter\"><img decoding=\"async\" loading=\"lazy\" width=\"800\" height=\"600\" src=\"https:\/\/speyer24news.com\/wp-content\/uploads\/2020\/01\/IMG_20200110_193106-1.jpg\" alt=\"\" class=\"wp-image-24109\" srcset=\"https:\/\/speyer24news.com\/wp-content\/uploads\/2020\/01\/IMG_20200110_193106-1.jpg 800w, https:\/\/speyer24news.com\/wp-content\/uploads\/2020\/01\/IMG_20200110_193106-1-300x225.jpg 300w, https:\/\/speyer24news.com\/wp-content\/uploads\/2020\/01\/IMG_20200110_193106-1-768x576.jpg 768w, https:\/\/speyer24news.com\/wp-content\/uploads\/2020\/01\/IMG_20200110_193106-1-678x509.jpg 678w, https:\/\/speyer24news.com\/wp-content\/uploads\/2020\/01\/IMG_20200110_193106-1-326x245.jpg 326w, https:\/\/speyer24news.com\/wp-content\/uploads\/2020\/01\/IMG_20200110_193106-1-80x60.jpg 80w\" sizes=\"(max-width: 800px) 100vw, 800px\" \/><\/figure><\/div>\n\n\n\n<p>\u201eDas Infektionsgeschehen ist au\u00dfer Kontrolle geraten \u2013 nicht nur in Speyer und in der Region, sondern landesweit. In enger Abstimmung mit den zust\u00e4ndigen Beh\u00f6rden auf Landesebene ergibt sich die klare Feststellung, dass nur noch einheitliche Ma\u00dfnahmen, die f\u00fcr das ganze Land Rheinland-Pfalz zielf\u00fchrend sind, erlassen werden m\u00fcssen. Wir befinden uns im Austausch mit dem Ministerium und der Staatskanzlei und fordern einen landesweiten Erlass zu einem Lockdown.<\/p>\n\n\n\n<p>Angesichts der extrem hohen Inzidenzzahlen sehe ich keine andere M\u00f6glichkeit, als das gesellschaftliche Leben komplett herunterzufahren \u2013 und zwar nicht nur hier in der Region, sondern in ganz Rheinland-Pfalz. Wir brauchen an dieser Stelle klare Vorgaben, denn wie Ministerpr\u00e4sidentin Malu Dreyer bin ich davon \u00fcberzeugt, dass der Lockdown Light gescheitert ist.<\/p>\n\n\n\n<p>In der Debatte um die Kontaktnachverfolgung m\u00fcssen wir alle nun einen k\u00fchlen Kopf bewahren, um bestm\u00f6gliche Entscheidungen zu treffen. Bei allen internen Diskussionen gilt es jetzt, gemeinsam zu agieren und L\u00f6sungen zu finden. Es steht au\u00dfer Frage, dass die Mitarbeiter*innen des Gesundheitsamtes zur Zeit eine Herkulesaufgabe stemmen und au\u00dferordentliche Arbeit leisten. Die Belastung ist angesichts der hohen Infektionszahlen aber einfach zu hoch.<\/p>\n\n\n\n<p>Die St\u00e4dte ohne eigenes Gesundheitsamt haben das gro\u00dfe Problem, dass ihnen wichtige Informationen fehlen. Es geht dabei insbesondere um das Wissen, welche&nbsp;F\u00e4lle sich hinter der t\u00e4glichen Statistik des Landesuntersuchungsamts verbergen und wann welcher Test in die Statistik einflie\u00dft. Personen, die sich nicht im \u00f6rtlichen Testzentrum oder durch das mobile Abstrichteam des DRK getestet werden, fallen durch unser Raster. Wir wissen nicht, wer wann wo getestet wird, wann welches Ergebnis vorliegt, aus welchem Arbeitsumfeld diese Person stammt und wo sie sich vielleicht angesteckt haben k\u00f6nnte. Diese Informationen sind aber essentiell, um rechtzeitig eingreifen, die Quarant\u00e4neverpflichtung \u00fcberpr\u00fcfen und Testungen veranlassen zu k\u00f6nnen. Wir tappen an dieser Stelle wirklich im Dunkeln. Diese Informationsl\u00fccke muss daher unbedingt geschlossen werden, die St\u00e4dte m\u00fcssen umfassend eingebunden werden \u2013 und zwar jetzt. Das sind wir unseren B\u00fcrger*innen, f\u00fcr die wir Verantwortung tragen, schuldig.<\/p>\n\n\n\n<p>Leider sind aber auch unsere Entscheidungsbefugnisse begrenzt.&nbsp;Wir als Stadt k\u00f6nnen und d\u00fcrfen alleine keine Ma\u00dfnahmen erlassen. F\u00fcr alle Einschr\u00e4nkungen, die \u00fcber die Corona-Landesverordnung hinausgehen, ben\u00f6tigen wir das Einverst\u00e4ndnis des Landes. F\u00fcr \u00f6rtliche Reihentestungen in Einrichtungen ben\u00f6tigen wir die Beauftragung durch das Gesundheitsamt. Deshalb muss es nun, andere Bundesl\u00e4nder machen es vor, klare und landesweit einheitliche Regelungen geben, damit wir wieder eine Chance haben, vor die Lage zu kommen und die Kontaktnachverfolgung vollumf\u00e4nglich und schnell durchzuf\u00fchren.\u201c<\/p>\n\n\n\n<p><em>Text: Stadt Speyer Foto: Speyer 24\/7 News<br>12.12.2020<\/em><\/p>\n\n\n\n<h1 class=\"wp-block-heading\" style=\"text-align:center\">Stadtnotiz<\/h1>\n\n\n\n<figure class=\"wp-block-image\"><img decoding=\"async\" loading=\"lazy\" width=\"800\" height=\"600\" src=\"https:\/\/speyer24news.com\/wp-content\/uploads\/2020\/01\/Speyer-Stadtnachrichten-2.jpg\" alt=\"\" class=\"wp-image-23901\" srcset=\"https:\/\/speyer24news.com\/wp-content\/uploads\/2020\/01\/Speyer-Stadtnachrichten-2.jpg 800w, https:\/\/speyer24news.com\/wp-content\/uploads\/2020\/01\/Speyer-Stadtnachrichten-2-300x225.jpg 300w, https:\/\/speyer24news.com\/wp-content\/uploads\/2020\/01\/Speyer-Stadtnachrichten-2-768x576.jpg 768w, https:\/\/speyer24news.com\/wp-content\/uploads\/2020\/01\/Speyer-Stadtnachrichten-2-678x509.jpg 678w, https:\/\/speyer24news.com\/wp-content\/uploads\/2020\/01\/Speyer-Stadtnachrichten-2-326x245.jpg 326w, https:\/\/speyer24news.com\/wp-content\/uploads\/2020\/01\/Speyer-Stadtnachrichten-2-80x60.jpg 80w\" sizes=\"(max-width: 800px) 100vw, 800px\" \/><\/figure>\n\n\n\n<h2 class=\"wp-block-heading\"><strong>Feuerwehr Speyer&nbsp;befindet sich&nbsp;in Schutzstufe 4.1<\/strong><\/h2>\n\n\n\n<div class=\"wp-block-image\"><figure class=\"aligncenter\"><img decoding=\"async\" loading=\"lazy\" width=\"800\" height=\"600\" src=\"https:\/\/speyer24news.com\/wp-content\/uploads\/2020\/12\/Image-3.jpg\" alt=\"\" class=\"wp-image-31634\" srcset=\"https:\/\/speyer24news.com\/wp-content\/uploads\/2020\/12\/Image-3.jpg 800w, https:\/\/speyer24news.com\/wp-content\/uploads\/2020\/12\/Image-3-300x225.jpg 300w, https:\/\/speyer24news.com\/wp-content\/uploads\/2020\/12\/Image-3-768x576.jpg 768w, https:\/\/speyer24news.com\/wp-content\/uploads\/2020\/12\/Image-3-678x509.jpg 678w, https:\/\/speyer24news.com\/wp-content\/uploads\/2020\/12\/Image-3-326x245.jpg 326w, https:\/\/speyer24news.com\/wp-content\/uploads\/2020\/12\/Image-3-80x60.jpg 80w\" sizes=\"(max-width: 800px) 100vw, 800px\" \/><figcaption>Feuerwache in der Viehtriftstra\u00dfe Speyer.<\/figcaption><\/figure><\/div>\n\n\n\n<p>Die Feuerwehr Speyer&nbsp;befindet sich <strong>seit Montag, 7. Dezember<\/strong> in Schutzstufe 4.1. Das bedeutet, dass nun am Standort der Feuerwehr&nbsp;in der Viehtriftstra\u00dfe neben&nbsp;einem L\u00f6schfahrzeug f\u00fcr den Brandschutz zus\u00e4tzlich&nbsp;auch eine Drehleiter und ein Tankl\u00f6schfahrzeug stationiert sind. Au\u00dferdem k\u00f6nnen dort&nbsp;nun&nbsp;24 Stunden am Tag Alarme ausgel\u00f6st werden,&nbsp;sodass&nbsp;die Wehr verst\u00e4rkt ausr\u00fcckt.&nbsp;<\/p>\n\n\n\n<p>Die Stadt Speyer bittet&nbsp;die&nbsp;Anwohner*innen im Fall einer erh\u00f6hten L\u00e4rmbelastung um ihr Verst\u00e4ndnis.<\/p>\n\n\n\n<p><em>Stadt Speyer<br>12.12.2020<\/em><\/p>\n\n\n\n<h1 class=\"wp-block-heading\" style=\"text-align:center\">Verkehrsnotiz<\/h1>\n\n\n\n<figure class=\"wp-block-image\"><img decoding=\"async\" loading=\"lazy\" width=\"800\" height=\"565\" src=\"https:\/\/speyer24news.com\/wp-content\/uploads\/2020\/01\/Baustelle-2.jpg\" alt=\"\" class=\"wp-image-23900\" srcset=\"https:\/\/speyer24news.com\/wp-content\/uploads\/2020\/01\/Baustelle-2.jpg 800w, https:\/\/speyer24news.com\/wp-content\/uploads\/2020\/01\/Baustelle-2-300x212.jpg 300w, https:\/\/speyer24news.com\/wp-content\/uploads\/2020\/01\/Baustelle-2-768x542.jpg 768w\" sizes=\"(max-width: 800px) 100vw, 800px\" \/><\/figure>\n\n\n\n<h2 class=\"wp-block-heading\"><strong>Parkfl\u00e4chen rund um die Ged\u00e4chtniskirche gesperrt<\/strong><\/h2>\n\n\n\n<figure class=\"wp-block-image\"><img decoding=\"async\" loading=\"lazy\" width=\"800\" height=\"600\" src=\"https:\/\/speyer24news.com\/wp-content\/uploads\/2020\/12\/Ged\u00e4chtniskirche.jpg\" alt=\"\" class=\"wp-image-31633\" srcset=\"https:\/\/speyer24news.com\/wp-content\/uploads\/2020\/12\/Ged\u00e4chtniskirche.jpg 800w, https:\/\/speyer24news.com\/wp-content\/uploads\/2020\/12\/Ged\u00e4chtniskirche-300x225.jpg 300w, https:\/\/speyer24news.com\/wp-content\/uploads\/2020\/12\/Ged\u00e4chtniskirche-768x576.jpg 768w, https:\/\/speyer24news.com\/wp-content\/uploads\/2020\/12\/Ged\u00e4chtniskirche-678x509.jpg 678w, https:\/\/speyer24news.com\/wp-content\/uploads\/2020\/12\/Ged\u00e4chtniskirche-326x245.jpg 326w, https:\/\/speyer24news.com\/wp-content\/uploads\/2020\/12\/Ged\u00e4chtniskirche-80x60.jpg 80w\" sizes=\"(max-width: 800px) 100vw, 800px\" \/><\/figure>\n\n\n\n<p>Wegen eines Gottesdienstes&nbsp;der Evangelischen Kirche der Pfalz in der Ged\u00e4chtniskirche&nbsp;sind die Parkfl\u00e4chen rund um die Ged\u00e4chtniskirche (Barth.-Weltz-Platz und Schwerdstra\u00dfe) am <strong>Sonntag,&nbsp;13. Dezember&nbsp;2020&nbsp;von&nbsp;12:00 Uhr bis 19:00 Uhr<\/strong> f\u00fcr den Individualverkehr gesperrt.&nbsp;Monatsparkscheininhaber d\u00fcrfen an diesem Tag ebenfalls nicht ihre Fahrzeuge dort abstellen.<\/p>\n\n\n\n<p><em>Text: Stadt Speyer Foto: Speyer 24\/7 News<br>12.12.2020<\/em><\/p>\n","protected":false},"excerpt":{"rendered":"<div class=\"mh-excerpt\"><p>Corona Freitag, 11.12.2020 Anzahl best\u00e4tigter F\u00e4lle von Coronavirus (SARS-CoV-2)-Infektionen in der Stadt Speyer: 1180 (+ 33)Davon bereits genesen: 543Todesf\u00e4lle: 14 (+ 1) Gemeldete F\u00e4lle der letzten sieben Tage pro 100.000 Einwohner*innen: 407,4Warnstufe: Rot Stand: 11.12.2020, <a class=\"mh-excerpt-more\" href=\"https:\/\/speyer24news.com\/?p=31632\" title=\"Corona, Stadtnotizen &#038; Verkehrsnotizen aus Speyer\">[&#8230;]<\/a><\/p>\n<\/div>","protected":false},"author":3,"featured_media":23902,"comment_status":"open","ping_status":"open","sticky":false,"template":"","format":"standard","meta":{"_monsterinsights_skip_tracking":false,"_monsterinsights_sitenote_active":false,"_monsterinsights_sitenote_note":"","_monsterinsights_sitenote_category":0,"footnotes":""},"categories":[47],"tags":[6401,8404,6940,8725,6359,6358,7003,6342,507,6638,4940,9034,6614,153,6,657,1296,658,1114],"aioseo_notices":[],"amp_enabled":true,"_links":{"self":[{"href":"https:\/\/speyer24news.com\/index.php?rest_route=\/wp\/v2\/posts\/31632"}],"collection":[{"href":"https:\/\/speyer24news.com\/index.php?rest_route=\/wp\/v2\/posts"}],"about":[{"href":"https:\/\/speyer24news.com\/index.php?rest_route=\/wp\/v2\/types\/post"}],"author":[{"embeddable":true,"href":"https:\/\/speyer24news.com\/index.php?rest_route=\/wp\/v2\/users\/3"}],"replies":[{"embeddable":true,"href":"https:\/\/speyer24news.com\/index.php?rest_route=%2Fwp%2Fv2%2Fcomments&post=31632"}],"version-history":[{"count":2,"href":"https:\/\/speyer24news.com\/index.php?rest_route=\/wp\/v2\/posts\/31632\/revisions"}],"predecessor-version":[{"id":31636,"href":"https:\/\/speyer24news.com\/index.php?rest_route=\/wp\/v2\/posts\/31632\/revisions\/31636"}],"wp:featuredmedia":[{"embeddable":true,"href":"https:\/\/speyer24news.com\/index.php?rest_route=\/wp\/v2\/media\/23902"}],"wp:attachment":[{"href":"https:\/\/speyer24news.com\/index.php?rest_route=%2Fwp%2Fv2%2Fmedia&parent=31632"}],"wp:term":[{"taxonomy":"category","embeddable":true,"href":"https:\/\/speyer24news.com\/index.php?rest_route=%2Fwp%2Fv2%2Fcategories&post=31632"},{"taxonomy":"post_tag","embeddable":true,"href":"https:\/\/speyer24news.com\/index.php?rest_route=%2Fwp%2Fv2%2Ftags&post=31632"}],"curies":[{"name":"wp","href":"https:\/\/api.w.org\/{rel}","templated":true}]}}