{"id":31637,"date":"2020-12-13T08:07:18","date_gmt":"2020-12-13T07:07:18","guid":{"rendered":"https:\/\/speyer24news.com\/?p=31637"},"modified":"2020-12-13T08:07:20","modified_gmt":"2020-12-13T07:07:20","slug":"polizei-434","status":"publish","type":"post","link":"https:\/\/speyer24news.com\/?p=31637","title":{"rendered":"Polizei"},"content":{"rendered":"<style type=\"text\/css\">\r\n\t.ads_top_disp{}\r\n\t.ads_top_corner_disp{ float:left; margin:0px 10px 10px 0px; }\r\n\t.ads_first_p_disp{}\r\n\t.ads_bottom_disp{}\r\n\t<\/style>\n<h2 class=\"wp-block-heading\">Polizeimeldungen vom Samstag (12.12.2020)<\/h2>\n\n\n\n<div class=\"wp-block-image\"><figure class=\"aligncenter\"><img decoding=\"async\" src=\"https:\/\/speyer24news.com\/wp-content\/uploads\/2020\/01\/Aktuelles-Polizeilogo.jpg\" alt=\"\" class=\"wp-image-23832\"\/><\/figure><\/div>\n\n\n\n<h4 class=\"wp-block-heading\">(Speyer) &#8211; Polizeiliche Ma\u00dfnahmen anl\u00e4sslich der Anmeldung einer Querdenkerversammlung am Berliner Platz<\/h4>\n\n\n\n<div class=\"wp-block-image\"><figure class=\"aligncenter\"><img decoding=\"async\" loading=\"lazy\" width=\"600\" height=\"258\" src=\"https:\/\/speyer24news.com\/wp-content\/uploads\/2020\/12\/Querdenken-Speyer-Logo.png\" alt=\"\" class=\"wp-image-31638\" srcset=\"https:\/\/speyer24news.com\/wp-content\/uploads\/2020\/12\/Querdenken-Speyer-Logo.png 600w, https:\/\/speyer24news.com\/wp-content\/uploads\/2020\/12\/Querdenken-Speyer-Logo-300x129.png 300w\" sizes=\"(max-width: 600px) 100vw, 600px\" \/><\/figure><\/div>\n\n\n\n<p>Im Rahmen bundesweit zunehmender Versammlungsanmeldungen von Gegnern\/Kritikern\/Skeptikern der Corona-Regeln wurde im Raum Speyer f\u00fcr den 12.12.2020 im Zeitraum 14:00 &#8211; 17:00 Uhr eine Versammlung am Berliner Platz unter dem Motto &#8222;Wahrung des Grundgesetzes, der Grundrechte und Menschenrechte&#8220; angemeldet. Die Durchf\u00fchrung der Versammlung wurde im Vorfeld durch die Stadt Speyer untersagt. Da nicht absehbar war, ob sich trotzdem Personen vor Ort einfinden, welche eine Teilnahme an der untersagten Versammlung anstreben, erfolgten polizeiliche Einsatzma\u00dfnahmen. Hierbei konnten im Bereich des Berliner Platzes nur wenige Personen angetroffen werden, die sich nach eigenem Bekunden ein Bild von der angemeldeten Versammlung machen wollten. Diese wurden kontrolliert und auf die Untersagung der Versammlung hingewiesen. Einzelnen Personen erhielten einen Platzverweis. Sie entfernten sich daraufhin. Im Stadtgebiet konnten bei geringem Personenaufkommen keinerlei Personen festgestellt werden, die im Bezug zu der untersagten Versammlung standen. Insgesamt verlief der polizeiliche Einsatz ohne besondere Vorkommnisse.<\/p>\n\n\n\n<h4 class=\"wp-block-heading\">(Schweigen-Rechtenbach) &#8211; Einbruchsversuch in Weingut<\/h4>\n\n\n\n<p>Bislang unbekannte T\u00e4ter versuchten in der Nacht von Donnerstag auf Freitag die Eingangst\u00fcr eines Weingutes in der L\u00e4ngelsstra\u00dfe in Schweigen aufzuhebeln, was misslang. Entwendet wurde nichts, die H\u00f6he des Schadens liegt im niedrigen vierstelligen Bereich.<\/p>\n\n\n\n<h4 class=\"wp-block-heading\">(Waldrohrbach \/ Steinfeld) &#8211; Geschwindigkeit \u00fcberwacht<\/h4>\n\n\n\n<p>Am Freitagvormittag, dem 11.12.2020, wurden in der Ortsdurchfahrt Waldrohrbach und auf der L546 bei Steinfeld Geschwindigkeitskontrollen durchgef\u00fchrt. Bei insgesamt 117 gemessenen Fahrzeugen kam es zu 23 Beanstandungen. Das schnellste Fahrzeug wurde mit 86 km\/h in der 50er-Zone gemessen.<\/p>\n\n\n\n<h4 class=\"wp-block-heading\">(Albersweiler) &#8211; Verkehrsunfall unter Alkoholeinfluss<\/h4>\n\n\n\n<p>Aufgrund seiner erheblichen Alkoholisierung verunfallte am Freitag, 11. Dezember gegen 21:10 Uhr ein 56-J\u00e4hriger Landauer mit seinem PKW in der Weinstra\u00dfe in Albersweiler mit einem weiteren PKW-Fahrer. Ein Atemalkoholtest ergab einen Wert von 1,67 Promille. Den Fahrer erwartet ein Strafverfahren wegen Stra\u00dfenverkehrsgef\u00e4hrdung, das \u00fcblicherweise einen l\u00e4ngeren Entzug der Fahrerlaubnis und eine erhebliche Geldstrafe zur Folge haben wird.<\/p>\n\n\n\n<h4 class=\"wp-block-heading\">(A 65 Landau Nord) &#8211; Plane l\u00f6st sich<\/h4>\n\n\n\n<p>Eine sich von einem LKW l\u00f6sende Plane sorgte am Freitagabend, den 11.12.2020 auf der A65 f\u00fcr eine Gefahrensituation. Die Plane drohte sich vom Anh\u00e4nger eines von einem 52-j\u00e4hrigen gef\u00fchrten LKW-Gespanns komplett abzul\u00f6sen. Der Fahrer konnte jedoch rechtzeitig angehalten und kontrolliert werden. Die Plane wurde abmontiert und der Fahrer aufgrund der nicht zureichenden Sicherung seines Fahrzeuges verwarnt.<\/p>\n\n\n\n<h4 class=\"wp-block-heading\">(Landau-Godramstein) &#8211; Verkehrsunfallflucht<\/h4>\n\n\n\n<p>Im Zeitraum zwischen dem 09. und dem 11. Dezember wurde ein in der Godramsteiner Stra\u00dfe auf H\u00f6he der Hausnummer 141 geparkter PKW Audi (gelb) durch einen unbekannten Verkehrsteilnehmer besch\u00e4digt. Zeugen des Geschehens werden gebeten, sich mit der Polizei in Landau in Verbindung zu setzen.<\/p>\n\n\n\n<h4 class=\"wp-block-heading\">(Landau) &#8211; Verkehrsunfallflucht<\/h4>\n\n\n\n<p>Am Freitag, d. 11 Dezember verunfallten gegen 15:15 Uhr zwei PKW in der Hans-Boner-Stra\u00dfe. Aufgrund der widerspr\u00fcchlichen Aussagen beider Unfallbeteiligter sucht die Polizei Landau noch Zeugen, die Angaben zum Unfallhergang machen k\u00f6nnen.<\/p>\n\n\n\n<h4 class=\"wp-block-heading\">(Landau) &#8211; K\u00f6rperverletzung und Widerstandshandlung<\/h4>\n\n\n\n<p>Am Freitag, d. 11 Dezember gerieten am Busbahnhof vor dem Landauer Bahnhof zwei M\u00e4nner in eine handfeste Auseinandersetzung. W\u00e4hrend der Anzeigenaufnahme vor Ort musste einer der beiden Kontrahenten aufgrund seiner vermutlich wegen vorangegangenem erheblichem Alkoholkonsum hohen Aggressivit\u00e4t zun\u00e4chst gefesselt werden. Da der 24-J\u00e4hrige seine Personalien nicht angab, sollte er im weiteren Verlauf zur Dienststelle verbracht werden. Hiergegen wehrte er sich derart heftig, dass er in den Streifenwagen getragen werden musste. W\u00e4hrend des Transport beleidigte er die eingesetzten Beamten auf \u00fcbelste Weise, spuckte mehrfach in ihre Richtung und versuchte, die Polizisten mit gezielten Tritten zu verletzen. Aufgrund seines allgemeinen Zustands wurde er nach erfolgter Ingewahrsamnahme in das Pfalzklinikum verbracht.<\/p>\n\n\n\n<h4 class=\"wp-block-heading\">(Edenkoben) &#8211; Tag des Lichtes<\/h4>\n\n\n\n<p>Aufgrund der dunklen Jahreszeit ist das Thema &#8222;funktionierende Beleuchtung&#8220; an Fahrzeugen f\u00fcr die Sicherheit des Stra\u00dfenverkehrs mehr denn je von erheblicher Bedeutung. Das Ergebnis einer Kontrollstelle am 11.12.2020 mit besonderem Augenmerk auf diese Thematik ergab, dass 14 Fahrzeuge mit M\u00e4ngeln an der Beleuchtung am Verkehr teilnahmen. Die betroffenen Fahrzeugf\u00fchrer mussten mit einem Verwarnungsgeld von 20 Euro und einer Kontrollaufforderung belegt werden. Wird in einem solchen Fall der Kontrollaufforderung nicht entsprochen und der Beleuchtungsmangel nicht behoben, kann es sogar aufgrund der davon ausgehenden Gefahr zur zwanghaften Stilllegung des Fahrzeuges durch die Zulassungsstelle kommen. Die Polizei weist ausdr\u00fccklich darauf hin, dass Fahrzeugf\u00fchrer vor Fahrtantritt das Fahrzeug auf die Verkehrssichert hin zu pr\u00fcfen haben- auch wenn man nicht selbst Halter ist.<\/p>\n\n\n\n<h4 class=\"wp-block-heading\">(Neustadt) &#8211; Risse im Asphalt \/ &#8222;Zwockelsbr\u00fccke&#8220; f\u00fcr Verkehr gesperrt<\/h4>\n\n\n\n<p>Am 12.12.2020 konnten im Asphalt am Widerlager der &#8222;Zwockelsbr\u00fccke&#8220; mehrere deutliche Risse festgestellt werden. Unter Einbindung der Feuerwehr Neustadt, der Deutschen Bahn sowie des Bauhofs der Stadt Neustadt wurde die Br\u00fccke aus Sicherheitsgr\u00fcnden f\u00fcr den Kraftfahrzeugverkehr gesperrt. Eine \u00dcberpr\u00fcfung der &#8222;Zwockelsbr\u00fccke&#8220; am kommenden Montag muss nun zeigen, wie erheblich die Sch\u00e4den sind und wann die Br\u00fccke wieder f\u00fcr den Verkehr freigegeben werden kann. Eine entsprechende Umleitung wurde eingerichtet. Ein Passieren der Br\u00fccke f\u00fcr Fu\u00dfg\u00e4nger und Radfahrer ist weiterhin m\u00f6glich. Der Zugverkehr ist von der Br\u00fcckensperrung nicht betroffen.<\/p>\n\n\n\n<h4 class=\"wp-block-heading\">(Weisenheim am Sand) &#8211; Pkw \u00fcberschl\u00e4gt sich<br>Insassen bleiben unverletzt<\/h4>\n\n\n\n<p>Am 11.12.2020, gegen 15.50 Uhr befuhr der Pkw Audi mit insgesamt 4 Personen besetzt von Weisenheim am Sand kommend die L454 in Fahrtrichtung Maxdorf. Die 24-j\u00e4hrige Fahrerin aus dem Rhein-Pfalz-Kreis erschreckte sich kurz nach der dort befindlichen S-Kurve und verriss das Lenkrad. Auf feuchter Fahrbahn kam der Pkw ins Schleudern. Das Fahrzeug kam nach rechts von der Fahrbahn ab, stie\u00df frontal gegen eine Schutzplanke, \u00fcberschlug sich und kam schlie\u00dflich auf dem Dach in einem leeren Regenr\u00fcckhaltebecken, ca. 3 Meter unterhalb der H\u00f6he der Fahrbahn, zum Stillstand. Die Fahrzeuginsassen (25-j\u00e4hriger Beifahrer, 4-j\u00e4hriger Junge und 2-j\u00e4hriges M\u00e4dchen aus dem Rhein-Pfalz-Kreis) verblieben gl\u00fccklicherweise allesamt unverletzt und konnten sich eigenst\u00e4ndig aus dem Fahrzeug befreien. Das Fahrzeug musste mittels Kran geborgen werden. Am Fahrzeug entstand Totalschaden (Wert circa. 5000 Euro). Die Insassen wurden vorsorglich zur Untersuchung\/Ausschluss von Verletzungen in umliegende Krankenh\u00e4user verbracht. Nach den Untersuchungen konnten diese mit negativem Befund wieder entlassen werden.<\/p>\n\n\n\n<h4 class=\"wp-block-heading\">(Weisenheim am Sand) &#8211; Erneut Reifen an Fahrzeug platt gestochen<\/h4>\n\n\n\n<p>In der Zeit von 10.12.2020, 16.00 Uhr bis 11.12.2020, 08:00 Uhr wurde erneut in Weisenheim am Sand in der Laumersheimer Stra\u00dfe ein Reifen eines Pkw VW Golf platt gestochen. Bereits im November wurden an diesem Pkw der Reifen platt gestochen und an weiteren Pkws war es auch der Fall. Zeugen werden gebeten sich bei der Polizei zu melden.<\/p>\n\n\n\n<p>Die Polizei Bad D\u00fcrkheim bittet um Hinweise unter 06322-963-0 oder per E-Mail an\u00a0<a href=\"mailto:pibadduerkheim@polizei.rlp.de\">pibadduerkheim@polizei.rlp.de<\/a><\/p>\n\n\n\n<h4 class=\"wp-block-heading\">(Mannheim-Innenstadt) &#8211; Rotlichtmissachtung f\u00fchrt zu Stra\u00dfenbahnunfall<\/h4>\n\n\n\n<p>Ein 51-j\u00e4hriger Mercedes-Fahrer befuhr am Freitag gegen 16.00 Uhr die Rheinstra\u00dfe in Richtung Planken und missachtete beim Linksabbiegen H\u00f6he D 6\/E6 das Rotlicht, weshalb es zum Zusammensto\u00df mit einer querenden Stra\u00dfenbahn kam. Der 51-j\u00e4hrige und seine beiden Kinder, die auf der R\u00fcckbank sa\u00dfen, wurden in ein Krankenhaus gebracht, dass sie aber nach ambulanter Behandlung wieder verlassen konnten. Lediglich der Verursacher wurde leicht verletzt. Sein PKW musste abgeschleppt werden. Die H\u00f6he des Sachschadens wird auf ca. 15.000,- Euro gesch\u00e4tzt. Der Stra\u00dfenbahnverkehr war bis 17.30 Uhr eingeschr\u00e4nkt.<\/p>\n\n\n\n<h4 class=\"wp-block-heading\">(Heidelberg-Neuenheim) &#8211; Unbekannter Fahrer streift Auto einer Ersthelferin \/ Zeugen gesucht<\/h4>\n\n\n\n<p>Am Freitagmorgen gegen 8 Uhr besch\u00e4digte ein unbekannter Autofahrer in der Tiergartenstra\u00dfe einen Opel. Vermutlich streifte der Unfallverursacher im Vorbeifahren das geparkte Fahrzeug und fl\u00fcchtete anschlie\u00dfend. Die Besitzerin des Opels bekam davon nichts mit, da sie zu diesem Zeitpunkt bei einem anderen Unfall Erste Hilfe leistete, welcher kurz zuvor passiert war.<\/p>\n\n\n\n<p>Zeugen, die Hinweise zum Unfall und\/oder zu dem fl\u00fcchtigen Fahrzeug und dessen Fahrer geben k\u00f6nnen, werden gebeten, sich mit dem Polizeirevier Heidelberg-Nord, Tel: 06221\/4569-0, in Verbindung zu setzen.<\/p>\n\n\n\n<h4 class=\"wp-block-heading\">(Leimen \/ Rhein-Neckar-Kreis) &#8211; Brand einer Gartenh\u00fctte<\/h4>\n\n\n\n<p>Am fr\u00fchen Samstagmorgen kurz nach 03.00 Uhr geriet eine Gartenh\u00fctte im Stettiner Weg in Brand, wodurch der Saunabereich der H\u00fctte komplett zerst\u00f6rt wurde. Der Eigent\u00fcmer befand sich zu diesem Zeitpunkt noch schlafend im Wohnbereich der H\u00fctte, konnte diese aber selbst\u00e4ndig unverletzt verlassen. Nach den bisherigen Ermittlungen brach das Feuer aus bislang nicht bekannten Gr\u00fcnden im Saunabereich aus. Die H\u00f6he des Sachschadens ist noch unbekannt.<\/p>\n","protected":false},"excerpt":{"rendered":"<div class=\"mh-excerpt\"><p>Polizeimeldungen vom Samstag (12.12.2020) (Speyer) &#8211; Polizeiliche Ma\u00dfnahmen anl\u00e4sslich der Anmeldung einer Querdenkerversammlung am Berliner Platz Im Rahmen bundesweit zunehmender Versammlungsanmeldungen von Gegnern\/Kritikern\/Skeptikern der Corona-Regeln wurde im Raum Speyer f\u00fcr den 12.12.2020 im Zeitraum 14:00 <a class=\"mh-excerpt-more\" href=\"https:\/\/speyer24news.com\/?p=31637\" title=\"Polizei\">[&#8230;]<\/a><\/p>\n<\/div>","protected":false},"author":3,"featured_media":0,"comment_status":"open","ping_status":"open","sticky":false,"template":"","format":"standard","meta":{"_monsterinsights_skip_tracking":false,"_monsterinsights_sitenote_active":false,"_monsterinsights_sitenote_note":"","_monsterinsights_sitenote_category":0,"footnotes":""},"categories":[12],"tags":[3614,61,2555,6955,6986,6263,63,105,6987,53,4854,4683,1548,102,213,55,5261,103,106,2803,2423,427,2625,380,104,979,1565],"aioseo_notices":[],"amp_enabled":true,"_links":{"self":[{"href":"https:\/\/speyer24news.com\/index.php?rest_route=\/wp\/v2\/posts\/31637"}],"collection":[{"href":"https:\/\/speyer24news.com\/index.php?rest_route=\/wp\/v2\/posts"}],"about":[{"href":"https:\/\/speyer24news.com\/index.php?rest_route=\/wp\/v2\/types\/post"}],"author":[{"embeddable":true,"href":"https:\/\/speyer24news.com\/index.php?rest_route=\/wp\/v2\/users\/3"}],"replies":[{"embeddable":true,"href":"https:\/\/speyer24news.com\/index.php?rest_route=%2Fwp%2Fv2%2Fcomments&post=31637"}],"version-history":[{"count":1,"href":"https:\/\/speyer24news.com\/index.php?rest_route=\/wp\/v2\/posts\/31637\/revisions"}],"predecessor-version":[{"id":31639,"href":"https:\/\/speyer24news.com\/index.php?rest_route=\/wp\/v2\/posts\/31637\/revisions\/31639"}],"wp:attachment":[{"href":"https:\/\/speyer24news.com\/index.php?rest_route=%2Fwp%2Fv2%2Fmedia&parent=31637"}],"wp:term":[{"taxonomy":"category","embeddable":true,"href":"https:\/\/speyer24news.com\/index.php?rest_route=%2Fwp%2Fv2%2Fcategories&post=31637"},{"taxonomy":"post_tag","embeddable":true,"href":"https:\/\/speyer24news.com\/index.php?rest_route=%2Fwp%2Fv2%2Ftags&post=31637"}],"curies":[{"name":"wp","href":"https:\/\/api.w.org\/{rel}","templated":true}]}}