{"id":31783,"date":"2020-12-19T21:12:06","date_gmt":"2020-12-19T20:12:06","guid":{"rendered":"https:\/\/speyer24news.com\/?p=31783"},"modified":"2020-12-19T21:12:06","modified_gmt":"2020-12-19T20:12:06","slug":"corona-speyer-7","status":"publish","type":"post","link":"https:\/\/speyer24news.com\/?p=31783","title":{"rendered":"Corona \/ Speyer"},"content":{"rendered":"<style type=\"text\/css\">\r\n\t.ads_top_disp{}\r\n\t.ads_top_corner_disp{ float:left; margin:0px 10px 10px 0px; }\r\n\t.ads_first_p_disp{}\r\n\t.ads_bottom_disp{}\r\n\t<\/style>\n<h2 class=\"wp-block-heading\"><strong>Stadt Speyer erweitert bestehende Allgemeinverf\u00fcgung<\/strong><\/h2>\n\n\n\n<div class=\"wp-block-image\"><figure class=\"aligncenter\"><img decoding=\"async\" loading=\"lazy\" width=\"500\" height=\"500\" src=\"https:\/\/speyer24news.com\/wp-content\/uploads\/2020\/02\/virus-4810549_1920.png\" alt=\"\" class=\"wp-image-25116\" srcset=\"https:\/\/speyer24news.com\/wp-content\/uploads\/2020\/02\/virus-4810549_1920.png 500w, https:\/\/speyer24news.com\/wp-content\/uploads\/2020\/02\/virus-4810549_1920-150x150.png 150w, https:\/\/speyer24news.com\/wp-content\/uploads\/2020\/02\/virus-4810549_1920-300x300.png 300w\" sizes=\"(max-width: 500px) 100vw, 500px\" \/><\/figure><\/div>\n\n\n\n<p>Basierend auf der 14. CoBeLVO des Landes Rheinland-Pfalz sowie der&nbsp;am 18. Dezember 2020 ver\u00f6ffentlichten&nbsp;Zweiten Landesverordnung zur \u00c4nderung der Landesverordnung \u00fcber Aufnahmen, Besuchs- und Ausgangsrechte sowie Testungen in Pflegeeinrichtungen und Einrichtungen der Eingliederungshilfe&nbsp;hat die Stadt Speyer in Abstimmung mit den zust\u00e4ndigen Landesbeh\u00f6rden ihre Allgemeinverf\u00fcgung erweitert.<\/p>\n\n\n\n<p>Die erweiterte Allgemeinverf\u00fcgung der Stadt Speyer vom 19. Dezember 2020 ersetzt&nbsp;die Allgemeinverf\u00fcgung vom 15. Dezember 2020. Die Regelungen gelten ab Montag, 21. Dezember 2020 bis zun\u00e4chst 10. Januar 2020.<\/p>\n\n\n\n<p>Oberb\u00fcrgermeisterin Stefanie Seiler verdeutlicht den Entschluss zur Ergreifung von weiteren Ma\u00dfnahmen am derzeitigen Infektionsgeschehen in Pflegeeinrichtungen: \u201eDer regelm\u00e4\u00dfige&nbsp;Austausch mit den Alten- und Pflegeeinrichtungen in Speyer zeigt uns, dass die Lage sich immer weiter zuspitzt.<\/p>\n\n\n\n<p>Bundesweit und auch in Speyer l\u00e4sst sich erkennen, dass sich in vollstation\u00e4ren Einrichtungen und insbesondere in Seniorenheimen Infektionsketten nur schwer unterbrechen lassen, wenn sich ein*e Bewohner*in mit dem Coronavirus infiziert hat. Dies kann fatale Folgen f\u00fcr die Betroffenen haben, da diese Bev\u00f6lkerungsgruppe ein sehr hohes Risiko f\u00fcr einen schweren oder gar t\u00f6dlichen Verlauf der Krankheit tr\u00e4gt. Da Speyer \u00fcber eine hohe Dichte an Pflegeeinrichtungen verf\u00fcgt und dazu in den letzten Wochen von horrenden Infektionszahlen betroffen ist,\u00a0m\u00fcssen wir weitere Ma\u00dfnahmen erlassen.&#8220;<\/p>\n\n\n\n<figure class=\"wp-block-image\"><img decoding=\"async\" loading=\"lazy\" width=\"800\" height=\"476\" src=\"https:\/\/speyer24news.com\/wp-content\/uploads\/2020\/12\/lockdown-5041623_1920-1.jpg\" alt=\"\" class=\"wp-image-31784\" srcset=\"https:\/\/speyer24news.com\/wp-content\/uploads\/2020\/12\/lockdown-5041623_1920-1.jpg 800w, https:\/\/speyer24news.com\/wp-content\/uploads\/2020\/12\/lockdown-5041623_1920-1-300x179.jpg 300w, https:\/\/speyer24news.com\/wp-content\/uploads\/2020\/12\/lockdown-5041623_1920-1-768x457.jpg 768w\" sizes=\"(max-width: 800px) 100vw, 800px\" \/><\/figure>\n\n\n\n<p>Gem\u00e4\u00df der erweiterten Allgemeinverf\u00fcgung gilt weiterhin die verbindliche Regelung, dass jede*r Bewohner*in t\u00e4glich nur ein*e Besucher*in f\u00fcr die Dauer einer Stunde empfangen darf. H\u00e4rte- und Sterbef\u00e4lle sind hiervon ausgenommen.<\/p>\n\n\n\n<p>Des Weiteren m\u00fcssen in allen Einrichtungen zur Betreuung und Unterbringung \u00e4lterer, behinderter oder pflegebed\u00fcrftiger Menschen Mitarbeiter*innen sowie Besucher*innen mindestens&nbsp;eine FFP2-Maske ohne Ventil tragen, soweit FFP-2 Masken in ausreichender St\u00fcckzahl in den Einrichtungen verf\u00fcgbar sind. Ausnahmen k\u00f6nnen von der Einrichtungsleitung in bestimmten F\u00e4llen zugelassen werden, z.B. f\u00fcr Mitarbeiter*innen ohne direkten Patientenkontakt, wenn dies aus medizinischen Gr\u00fcnden angezeigt ist.&nbsp;<\/p>\n\n\n\n<p>Dar\u00fcber hinaus sind die Betreiber beziehungsweise Leitungen aller genannten Einrichtungen verpflichtet, die in den Einrichtungen t\u00e4tigen Personen sowie Besucher*innen im Hinblick auf eine Infektion mit SARS-CoV-2 oder eine Erkrankung an COVID-19 mittels PoCAntigen-Test zu untersuchen.<\/p>\n\n\n\n<p>Eine Untersuchung des Personals muss dabei mindestens einmal pro Woche stattfinden, im Rahmen eines Ausbruchsgeschehens zweimal pro Woche, und zwar im Abstand von mindestens drei Tagen.<\/p>\n\n\n\n<p>Besucher*innen sind vor dem jeweiligen Besuch zu testen. Ein positiver Antigentest muss durch eine unmittelbar danach entnommene PCR-Untersuchung verifiziert oder entkr\u00e4ftet werden.<\/p>\n\n\n\n<p>\u201eUm sicherzustellen, dass Besucher*innen sich&nbsp;vor dem Betreten einer betroffenen Einrichtung testen lassen, bietet die Stadtverwaltung Speyer Unterst\u00fctzung, indem sie Personal zur Testung schulen sowie die sogenannten Schnelltests kostenfrei f\u00fcr das Abstreichen der Besucher*innen zur Verf\u00fcgung stellen wird. Hier befinden wir uns gerade in der Abstimmung, um zu gew\u00e4hrleisten, dass die Durchf\u00fchrung von Schnelltests bereits n\u00e4chste Woche reibungslos ablaufen kann\u201c, erl\u00e4utert die Stadtchefin.<\/p>\n\n\n\n<p>B\u00fcrgermeisterin und Sozialdezernentin Monika Kabs erg\u00e4nzt: \u201eWir setzen alle Hebel in Bewegung, um das Infektionsgeschehen in unserer Stadt einzud\u00e4mmen und die Bev\u00f6lkerungsgruppe, die besonders schutzbed\u00fcrftig ist, vor der Ausbreitung des Coronavirus in ihrer Einrichtung und vor schlimmen Verl\u00e4ufen einer potenziellen Infektion zu bewahren. Hier ist ohne Zweifel unsere Solidarit\u00e4t besonders gefordert.\u201c<\/p>\n\n\n\n<h4 class=\"wp-block-heading\">Lesen sie hier die erweiterte Allgemeinverf\u00fcgung der Stadt Speyer als pdf:<\/h4>\n\n\n\n<div class=\"wp-block-file\"><a href=\"https:\/\/speyer24news.com\/wp-content\/uploads\/2020\/12\/201219_Allgemeinverf\u00fcgung-der-Stadt-Speyer.pdf\">201219_Allgemeinverf\u00fcgung-der-Stadt-Speyer<\/a><a href=\"https:\/\/speyer24news.com\/wp-content\/uploads\/2020\/12\/201219_Allgemeinverf\u00fcgung-der-Stadt-Speyer.pdf\" class=\"wp-block-file__button\" download>Herunterladen<\/a><\/div>\n\n\n\n<p><em>Stadt Speyer<br>19.12.2020<\/em><\/p>\n\n\n\n<h1 class=\"wp-block-heading\" style=\"text-align:center\">Coronafallzahlen vom Samstag, 19.12.2020<\/h1>\n\n\n\n<figure class=\"wp-block-image\"><img decoding=\"async\" loading=\"lazy\" width=\"800\" height=\"346\" src=\"https:\/\/speyer24news.com\/wp-content\/uploads\/2020\/02\/coronavirus-4817450_1920.jpg\" alt=\"\" class=\"wp-image-25126\" srcset=\"https:\/\/speyer24news.com\/wp-content\/uploads\/2020\/02\/coronavirus-4817450_1920.jpg 800w, https:\/\/speyer24news.com\/wp-content\/uploads\/2020\/02\/coronavirus-4817450_1920-300x130.jpg 300w, https:\/\/speyer24news.com\/wp-content\/uploads\/2020\/02\/coronavirus-4817450_1920-768x332.jpg 768w\" sizes=\"(max-width: 800px) 100vw, 800px\" \/><\/figure>\n\n\n\n<p>Anzahl best\u00e4tigter F\u00e4lle von Coronavirus (SARS-CoV-2)-Infektionen in der Stadt Speyer: 1441 (+\/- 0)<br>Davon bereits genesen: 748<br>Todesf\u00e4lle: 15<br>Gemeldete F\u00e4lle der letzten sieben Tage pro 100.000 Einwohner*innen: 476,7<br>Warnstufe: Rot<\/p>\n\n\n\n<p>S<em>tand: 19.12.2020, 11:20 Uhr<\/em><\/p>\n\n\n\n<p><em>Landesuntersuchungsamt RheinlandPfalz<br>19.12.2020<\/em><\/p>\n\n\n\n<p><\/p>\n","protected":false},"excerpt":{"rendered":"<div class=\"mh-excerpt\"><p>Stadt Speyer erweitert bestehende Allgemeinverf\u00fcgung Basierend auf der 14. CoBeLVO des Landes Rheinland-Pfalz sowie der&nbsp;am 18. Dezember 2020 ver\u00f6ffentlichten&nbsp;Zweiten Landesverordnung zur \u00c4nderung der Landesverordnung \u00fcber Aufnahmen, Besuchs- und Ausgangsrechte sowie Testungen in Pflegeeinrichtungen und Einrichtungen <a class=\"mh-excerpt-more\" href=\"https:\/\/speyer24news.com\/?p=31783\" title=\"Corona \/ Speyer\">[&#8230;]<\/a><\/p>\n<\/div>","protected":false},"author":3,"featured_media":25128,"comment_status":"open","ping_status":"open","sticky":false,"template":"","format":"standard","meta":{"_monsterinsights_skip_tracking":false,"_monsterinsights_sitenote_active":false,"_monsterinsights_sitenote_note":"","_monsterinsights_sitenote_category":0,"footnotes":""},"categories":[5462],"tags":[8975,8828,6401,6367,6940,6359,6370,5904,6358,7003,5801,6342,6],"aioseo_notices":[],"amp_enabled":true,"_links":{"self":[{"href":"https:\/\/speyer24news.com\/index.php?rest_route=\/wp\/v2\/posts\/31783"}],"collection":[{"href":"https:\/\/speyer24news.com\/index.php?rest_route=\/wp\/v2\/posts"}],"about":[{"href":"https:\/\/speyer24news.com\/index.php?rest_route=\/wp\/v2\/types\/post"}],"author":[{"embeddable":true,"href":"https:\/\/speyer24news.com\/index.php?rest_route=\/wp\/v2\/users\/3"}],"replies":[{"embeddable":true,"href":"https:\/\/speyer24news.com\/index.php?rest_route=%2Fwp%2Fv2%2Fcomments&post=31783"}],"version-history":[{"count":1,"href":"https:\/\/speyer24news.com\/index.php?rest_route=\/wp\/v2\/posts\/31783\/revisions"}],"predecessor-version":[{"id":31786,"href":"https:\/\/speyer24news.com\/index.php?rest_route=\/wp\/v2\/posts\/31783\/revisions\/31786"}],"wp:featuredmedia":[{"embeddable":true,"href":"https:\/\/speyer24news.com\/index.php?rest_route=\/wp\/v2\/media\/25128"}],"wp:attachment":[{"href":"https:\/\/speyer24news.com\/index.php?rest_route=%2Fwp%2Fv2%2Fmedia&parent=31783"}],"wp:term":[{"taxonomy":"category","embeddable":true,"href":"https:\/\/speyer24news.com\/index.php?rest_route=%2Fwp%2Fv2%2Fcategories&post=31783"},{"taxonomy":"post_tag","embeddable":true,"href":"https:\/\/speyer24news.com\/index.php?rest_route=%2Fwp%2Fv2%2Ftags&post=31783"}],"curies":[{"name":"wp","href":"https:\/\/api.w.org\/{rel}","templated":true}]}}