{"id":31787,"date":"2020-12-20T08:39:10","date_gmt":"2020-12-20T07:39:10","guid":{"rendered":"https:\/\/speyer24news.com\/?p=31787"},"modified":"2020-12-20T08:39:10","modified_gmt":"2020-12-20T07:39:10","slug":"geschwindigkeitsmessung-blitzer-55","status":"publish","type":"post","link":"https:\/\/speyer24news.com\/?p=31787","title":{"rendered":"Geschwindigkeitsmessung \/ Blitzer"},"content":{"rendered":"<style type=\"text\/css\">\r\n\t.ads_top_disp{}\r\n\t.ads_top_corner_disp{ float:left; margin:0px 10px 10px 0px; }\r\n\t.ads_first_p_disp{}\r\n\t.ads_bottom_disp{}\r\n\t<\/style>\n<h2 class=\"wp-block-heading\">Geschwindigkeitskontrollen f\u00fcr die Woche vom 21. bis 23. Dezember<\/h2>\n\n\n\n<figure class=\"wp-block-image\"><img decoding=\"async\" loading=\"lazy\" width=\"640\" height=\"497\" src=\"https:\/\/speyer24news.com\/wp-content\/uploads\/2020\/01\/Kontrolle-BaW\u00fc.jpg\" alt=\"\" class=\"wp-image-23874\" srcset=\"https:\/\/speyer24news.com\/wp-content\/uploads\/2020\/01\/Kontrolle-BaW\u00fc.jpg 640w, https:\/\/speyer24news.com\/wp-content\/uploads\/2020\/01\/Kontrolle-BaW\u00fc-300x233.jpg 300w\" sizes=\"(max-width: 640px) 100vw, 640px\" \/><\/figure>\n\n\n\n<p><strong>(Mannheim) &#8211;<\/strong> Die Stadt Mannheim f\u00fchrt vom 21. bis 23. Dezember in folgenden Stra\u00dfen Radarkontrollen durch:<\/p>\n\n\n\n<ul><li> Atterseestra\u00dfe<\/li><li> Carl-Benz-Stra\u00dfe<\/li><li> Espenstra\u00dfe<\/li><li> Herbststra\u00dfe<\/li><li> Im Hummelhorst<\/li><li> K\u00e4fertaler Stra\u00dfe<\/li><li> K\u00fclsheimer Stra\u00dfe<\/li><li> Leutweinstra\u00dfe<\/li><li> Mainstra\u00dfe<\/li><li> Mallaustra\u00dfe<\/li><li> Mosbacher Stra\u00dfe<\/li><li> Murgstra\u00dfe<\/li><li> Osterburker Stra\u00dfe<\/li><li> Rheinauer Ring<\/li><li> Rotterdamer Stra\u00dfe<\/li><li> Sudetenstra\u00dfe<\/li><li> Wachenburgstra\u00dfe<\/li><\/ul>\n\n\n\n<p>Kurzfristige \u00c4nderungen oder zus\u00e4tzliche Messstellen sind aus aktuellem Anlass m\u00f6glich.<\/p>\n\n\n\n<p><em>Stadt Mannheim<br>20.12.2020<\/em><\/p>\n","protected":false},"excerpt":{"rendered":"<div class=\"mh-excerpt\"><p>Geschwindigkeitskontrollen f\u00fcr die Woche vom 21. bis 23. Dezember (Mannheim) &#8211; Die Stadt Mannheim f\u00fchrt vom 21. bis 23. Dezember in folgenden Stra\u00dfen Radarkontrollen durch: Atterseestra\u00dfe Carl-Benz-Stra\u00dfe Espenstra\u00dfe Herbststra\u00dfe Im Hummelhorst K\u00e4fertaler Stra\u00dfe K\u00fclsheimer Stra\u00dfe <a class=\"mh-excerpt-more\" href=\"https:\/\/speyer24news.com\/?p=31787\" title=\"Geschwindigkeitsmessung \/ Blitzer\">[&#8230;]<\/a><\/p>\n<\/div>","protected":false},"author":3,"featured_media":0,"comment_status":"open","ping_status":"open","sticky":false,"template":"","format":"standard","meta":{"_monsterinsights_skip_tracking":false,"_monsterinsights_sitenote_active":false,"_monsterinsights_sitenote_note":"","_monsterinsights_sitenote_category":0,"footnotes":""},"categories":[64],"tags":[18,4814,19,4817,4228,947,4815,779,4816,227,17,7004,949,4813,1310,948],"aioseo_notices":[],"amp_enabled":true,"_links":{"self":[{"href":"https:\/\/speyer24news.com\/index.php?rest_route=\/wp\/v2\/posts\/31787"}],"collection":[{"href":"https:\/\/speyer24news.com\/index.php?rest_route=\/wp\/v2\/posts"}],"about":[{"href":"https:\/\/speyer24news.com\/index.php?rest_route=\/wp\/v2\/types\/post"}],"author":[{"embeddable":true,"href":"https:\/\/speyer24news.com\/index.php?rest_route=\/wp\/v2\/users\/3"}],"replies":[{"embeddable":true,"href":"https:\/\/speyer24news.com\/index.php?rest_route=%2Fwp%2Fv2%2Fcomments&post=31787"}],"version-history":[{"count":1,"href":"https:\/\/speyer24news.com\/index.php?rest_route=\/wp\/v2\/posts\/31787\/revisions"}],"predecessor-version":[{"id":31788,"href":"https:\/\/speyer24news.com\/index.php?rest_route=\/wp\/v2\/posts\/31787\/revisions\/31788"}],"wp:attachment":[{"href":"https:\/\/speyer24news.com\/index.php?rest_route=%2Fwp%2Fv2%2Fmedia&parent=31787"}],"wp:term":[{"taxonomy":"category","embeddable":true,"href":"https:\/\/speyer24news.com\/index.php?rest_route=%2Fwp%2Fv2%2Fcategories&post=31787"},{"taxonomy":"post_tag","embeddable":true,"href":"https:\/\/speyer24news.com\/index.php?rest_route=%2Fwp%2Fv2%2Ftags&post=31787"}],"curies":[{"name":"wp","href":"https:\/\/api.w.org\/{rel}","templated":true}]}}