{"id":31858,"date":"2020-12-25T08:47:13","date_gmt":"2020-12-25T07:47:13","guid":{"rendered":"https:\/\/speyer24news.com\/?p=31858"},"modified":"2020-12-25T08:47:14","modified_gmt":"2020-12-25T07:47:14","slug":"corona-2","status":"publish","type":"post","link":"https:\/\/speyer24news.com\/?p=31858","title":{"rendered":"Corona"},"content":{"rendered":"<style type=\"text\/css\">\r\n\t.ads_top_disp{}\r\n\t.ads_top_corner_disp{ float:left; margin:0px 10px 10px 0px; }\r\n\t.ads_first_p_disp{}\r\n\t.ads_bottom_disp{}\r\n\t<\/style>\n<h1 class=\"wp-block-heading\">Coronafallzahlen vom Donnerstag, 24.12.2020<\/h1>\n\n\n\n<figure class=\"wp-block-image\"><img decoding=\"async\" loading=\"lazy\" width=\"800\" height=\"400\" src=\"https:\/\/speyer24news.com\/wp-content\/uploads\/2020\/02\/virus-1812092_1920.jpg\" alt=\"\" class=\"wp-image-25128\" srcset=\"https:\/\/speyer24news.com\/wp-content\/uploads\/2020\/02\/virus-1812092_1920.jpg 800w, https:\/\/speyer24news.com\/wp-content\/uploads\/2020\/02\/virus-1812092_1920-300x150.jpg 300w, https:\/\/speyer24news.com\/wp-content\/uploads\/2020\/02\/virus-1812092_1920-768x384.jpg 768w\" sizes=\"(max-width: 800px) 100vw, 800px\" \/><\/figure>\n\n\n\n<p>Anzahl best\u00e4tigter F\u00e4lle von Coronavirus (SARS-CoV-2)-Infektionen in der Stadt Speyer: 1563 (+ 1)<br>Davon bereits genesen: 844<br>Todesf\u00e4lle: 18 <br>Gemeldete F\u00e4lle der letzten sieben Tage pro 100.000 Einwohner*innen: 316,4<br>Warnstufe: Rot<\/p>\n\n\n\n<p><em>Stand: 24.12.2020, 11:30 Uhr<\/em><\/p>\n\n\n\n<p><em>Landesuntersuchungsamt RheinlandPfalz<br>25.12.2020<\/em><\/p>\n\n\n\n<h2 class=\"wp-block-heading\">\u00dcbersicht der bislang bekannten F\u00e4lle in Rheinland-Pfalz (24.12.2020, 11:30&nbsp;Uhr)<\/h2>\n\n\n\n<p>(Hinweis: Wenn Sie die Tabelle mit einem Desktop-PC oder Laptop aufrufen, kann es sein, dass Sie nicht alle Spalten auf Ihrem Bildschirm sehen. Sie finden am Ende der Tabelle eine M\u00f6glichkeit, um weiter nach rechts zu scrollen.)<\/p>\n\n\n\n<table class=\"wp-block-table\"><thead><tr><th>Landkreis<\/th><th>Gesamt<\/th><th>Differenz<br>zum<br>Vortag<\/th><th>Hospita-<br>lisiert<\/th><th>Verstorben<\/th><th>Genesen*<\/th><th>Aktuelle F\u00e4lle**<\/th><th>Gemeldete***<br>letzte 7 Tage<br>pro 100.000<\/th><th>Gemeldete****<br>letzte 7 Tage<br>pro 100.000<br>(+USAF)<\/th><\/tr><\/thead><tbody><tr><td>Ahrweiler<\/td><td>1895<\/td><td>14<\/td><td>96<\/td><td>24<\/td><td>1435<\/td><td>436<\/td><td>92,2<\/td><td>92,2<\/td><\/tr><tr><td>Altenkirchen<\/td><td>1658<\/td><td>17<\/td><td>102<\/td><td>22<\/td><td>1255<\/td><td>381<\/td><td>67,5<\/td><td>67,5<\/td><\/tr><tr><td>Alzey-Worms<\/td><td>2260<\/td><td>6<\/td><td>145<\/td><td>49<\/td><td>1678<\/td><td>533<\/td><td>154,2<\/td><td>154,1<\/td><\/tr><tr><td>Bad D\u00fcrkheim<\/td><td>1993<\/td><td>31<\/td><td>151<\/td><td>48<\/td><td>1442<\/td><td>503<\/td><td>128,9<\/td><td>128,8<\/td><\/tr><tr><td>Bad Kreuznach<\/td><td>2461<\/td><td>37<\/td><td>106<\/td><td>29<\/td><td>1515<\/td><td>917<\/td><td>154,7<\/td><td>154,6<\/td><\/tr><tr><td>Bernkastel-Wittlich<\/td><td>1460<\/td><td>8<\/td><td>141<\/td><td>27<\/td><td>1088<\/td><td>345<\/td><td>79,1<\/td><td>77,9<\/td><\/tr><tr><td>Birkenfeld<\/td><td>1303<\/td><td>6<\/td><td>119<\/td><td>38<\/td><td>980<\/td><td>285<\/td><td>100,1<\/td><td>96,7<\/td><\/tr><tr><td>Bitburg-Pr\u00fcm<\/td><td>1708<\/td><td>7<\/td><td>48<\/td><td>9<\/td><td>1346<\/td><td>353<\/td><td>130,2<\/td><td>125,8<\/td><\/tr><tr><td>Cochem-Zell<\/td><td>987<\/td><td>17<\/td><td>58<\/td><td>13<\/td><td>732<\/td><td>242<\/td><td>164,6<\/td><td>164,1<\/td><\/tr><tr><td>Donnersbergkreis<\/td><td>1029<\/td><td>27<\/td><td>69<\/td><td>19<\/td><td>723<\/td><td>287<\/td><td>144,7<\/td><td>143,1<\/td><\/tr><tr><td>Germersheim<\/td><td>2308<\/td><td>36<\/td><td>79<\/td><td>62<\/td><td>1608<\/td><td>638<\/td><td>105,4<\/td><td>105,3<\/td><\/tr><tr><td>LK Kaiserslautern<\/td><td>1898<\/td><td>34<\/td><td>78<\/td><td>27<\/td><td>1405<\/td><td>466<\/td><td>134,0<\/td><td>114,5<\/td><\/tr><tr><td>Kusel<\/td><td>1242<\/td><td>18<\/td><td>110<\/td><td>44<\/td><td>943<\/td><td>255<\/td><td>88,3<\/td><td>83,6<\/td><\/tr><tr><td>Mainz-Bingen<\/td><td>3453<\/td><td>43<\/td><td>121<\/td><td>87<\/td><td>2413<\/td><td>953<\/td><td>130,1<\/td><td>130,0<\/td><\/tr><tr><td>Mayen-Koblenz<\/td><td>2789<\/td><td>9<\/td><td>120<\/td><td>57<\/td><td>1940<\/td><td>792<\/td><td>93,7<\/td><td>93,7<\/td><\/tr><tr><td>Neuwied<\/td><td>3354<\/td><td>77<\/td><td>72<\/td><td>44<\/td><td>1939<\/td><td>1371<\/td><td>244,5<\/td><td>244,5<\/td><\/tr><tr><td>Rhein-Hunsr\u00fcck<\/td><td>1380<\/td><td>15<\/td><td>145<\/td><td>17<\/td><td>997<\/td><td>366<\/td><td>137,6<\/td><td>137,5<\/td><\/tr><tr><td>Rhein-Lahn-Kreis<\/td><td>1631<\/td><td>35<\/td><td>152<\/td><td>46<\/td><td>979<\/td><td>606<\/td><td>217,5<\/td><td>217,4<\/td><\/tr><tr><td>Rhein-Pfalz-Kreis<\/td><td>3144<\/td><td>9<\/td><td>42<\/td><td>42<\/td><td>1626<\/td><td>1476<\/td><td>257,4<\/td><td>257,4<\/td><\/tr><tr><td>S\u00fcdliche Weinstr.<\/td><td>1396<\/td><td>10<\/td><td>107<\/td><td>32<\/td><td>975<\/td><td>389<\/td><td>95,9<\/td><td>95,8<\/td><\/tr><tr><td>S\u00fcdwestpfalz<\/td><td>1130<\/td><td>21<\/td><td>98<\/td><td>26<\/td><td>791<\/td><td>313<\/td><td>116,0<\/td><td>114,4<\/td><\/tr><tr><td>Trier-Saarburg<\/td><td>2200<\/td><td>51<\/td><td>149<\/td><td>30<\/td><td>1542<\/td><td>628<\/td><td>181,4<\/td><td>181,1<\/td><\/tr><tr><td>Vulkaneifel<\/td><td>970<\/td><td>13<\/td><td>82<\/td><td>26<\/td><td>655<\/td><td>289<\/td><td>169,8<\/td><td>169,4<\/td><\/tr><tr><td>Westerwaldkreis<\/td><td>2801<\/td><td>78<\/td><td>219<\/td><td>47<\/td><td>1962<\/td><td>792<\/td><td>170,9<\/td><td>170,8<\/td><\/tr><tr><td>Frankenthal<\/td><td>958<\/td><td>0<\/td><td>5<\/td><td>17<\/td><td>512<\/td><td>429<\/td><td>285,1<\/td><td>283,9<\/td><\/tr><tr><td>KS Kaiserslautern<\/td><td>1640<\/td><td>35<\/td><td>92<\/td><td>28<\/td><td>1149<\/td><td>463<\/td><td>186,9<\/td><td>175,2<\/td><\/tr><tr><td>KS Koblenz<\/td><td>2008<\/td><td>13<\/td><td>76<\/td><td>47<\/td><td>1374<\/td><td>587<\/td><td>135,0<\/td><td>134,9<\/td><\/tr><tr><td>Landau i.d.Pfalz<\/td><td>567<\/td><td>1<\/td><td>43<\/td><td>4<\/td><td>370<\/td><td>193<\/td><td>110,9<\/td><td>110,7<\/td><\/tr><tr><td>KS Ludwigshafen<\/td><td>4828<\/td><td>25<\/td><td>69<\/td><td>96<\/td><td>2600<\/td><td>2132<\/td><td>316,4<\/td><td>316,5<\/td><\/tr><tr><td>KS Mainz<\/td><td>5225<\/td><td>47<\/td><td>139<\/td><td>90<\/td><td>3901<\/td><td>1234<\/td><td>141,4<\/td><td>141,2<\/td><\/tr><tr><td>Neustadt Weinst.<\/td><td>757<\/td><td>7<\/td><td>55<\/td><td>11<\/td><td>548<\/td><td>198<\/td><td>129,5<\/td><td>129,3<\/td><\/tr><tr><td>Pirmasens<\/td><td>463<\/td><td>23<\/td><td>65<\/td><td>6<\/td><td>260<\/td><td>197<\/td><td>208,8<\/td><td>207,9<\/td><\/tr><tr><td>Speyer<\/td><td>1563<\/td><td>1<\/td><td>12<\/td><td>18<\/td><td>844<\/td><td>701<\/td><td>316,4<\/td><td>315,1<\/td><\/tr><tr><td>KS Trier<\/td><td>1297<\/td><td>18<\/td><td>76<\/td><td>15<\/td><td>975<\/td><td>307<\/td><td>92,4<\/td><td>92,2<\/td><\/tr><tr><td>Worms<\/td><td>1436<\/td><td>9<\/td><td>91<\/td><td>14<\/td><td>1084<\/td><td>338<\/td><td>168,8<\/td><td>168,6<\/td><\/tr><tr><td>Zweibr\u00fccken<\/td><td>329<\/td><td>1<\/td><td>31<\/td><td>2<\/td><td>262<\/td><td>65<\/td><td>32,2<\/td><td>32,1<\/td><\/tr><tr><th>Rheinland-Pfalz<\/th><th>67521<\/th><th>799<\/th><th>3363<\/th><th>1213<\/th><th>45848 #<\/th><th>20460<\/th><th>153,6<\/th><th>152,3<\/th><\/tr><\/tbody><\/table>\n\n\n\n<h5 class=\"wp-block-heading\"><br>Anmerkungen zur Tabelle<\/h5>\n\n\n\n<p>Dargestellt sind ausschlie\u00dflich mittels PCR laborbest\u00e4tigte Meldef\u00e4lle. Sofern kein Erkrankungsdatum vorliegt, wird das gesch\u00e4tzte Erkrankungsdatum aus Meldedatum minus mittlerem Meldeverzug von derzeit 7 Tagen verwendet.<\/p>\n\n\n\n<p>Als \u201everstorben\u201c gelten F\u00e4lle, die als \u201ean\u201c und \u201emit\u201c COVID-19 verstorben \u00fcbermittelt wurden.<\/p>\n\n\n\n<p>* Genesen wurde wie folgt definiert:<br>a)&nbsp;&nbsp; nicht-verstorben, nicht-hospitalisiert und vor mehr als 21 Tagen ab Datenstichtag erkrankt<br>b)&nbsp;&nbsp; nicht-verstorben, hospitalisiert gemeldet und vor mehr als 28 Tagen ab Datenstichtag erkrankt<br>c)&nbsp;&nbsp; nicht-verstorben, Hospitalisierung unbekannt und vor mehr als 28 ab Datenstichtag Tagen erkrankt<\/p>\n\n\n\n<p>** Errechnet als Differenz aus Gesamtzahl der laborbest\u00e4tigten F\u00e4lle, Verstorbenen und Genesenen.<\/p>\n\n\n\n<p>*** COVID-19 Erkrankungen mit Meldedatum der letzten 7 Tage ab Datenstichtag, pro 100.000 Einwohner. Bitte beachten Sie, dass die Gesamtinzidenz f\u00fcr Rheinland-Pfalz nicht die Summe der Kreisinzidenzen ist.<\/p>\n\n\n\n<p>**** USAF = U.S. Armed Forces; Berechnung der Inzidenz \/100.000 unter Ber\u00fccksichtigung der mit Stand vom 30.6.2020 in der Gebietseinheit stationierten U.S. Streitkr\u00e4fte<\/p>\n\n\n\n<p>#\u00a0Die Summe der in Rheinland-Pfalz bereits von COVID-19 Genesenen kann aufgrund eines unterschiedlichen Datenstandes und Bewertungsalgorithmus von der auf dem RKI-Dashboard abweichen.<\/p>\n\n\n\n<p><em>Landesuntersuchungsamt RheinlandPfalz<br>25.12.2020<\/em><\/p>\n","protected":false},"excerpt":{"rendered":"<div class=\"mh-excerpt\"><p>Coronafallzahlen vom Donnerstag, 24.12.2020 Anzahl best\u00e4tigter F\u00e4lle von Coronavirus (SARS-CoV-2)-Infektionen in der Stadt Speyer: 1563 (+ 1)Davon bereits genesen: 844Todesf\u00e4lle: 18 Gemeldete F\u00e4lle der letzten sieben Tage pro 100.000 Einwohner*innen: 316,4Warnstufe: Rot Stand: 24.12.2020, 11:30 <a class=\"mh-excerpt-more\" href=\"https:\/\/speyer24news.com\/?p=31858\" title=\"Corona\">[&#8230;]<\/a><\/p>\n<\/div>","protected":false},"author":3,"featured_media":25126,"comment_status":"open","ping_status":"open","sticky":false,"template":"","format":"standard","meta":{"_monsterinsights_skip_tracking":false,"_monsterinsights_sitenote_active":false,"_monsterinsights_sitenote_note":"","_monsterinsights_sitenote_category":0,"footnotes":""},"categories":[5462],"tags":[6401,6367,6940,6359,6370,5904,6358,7003,5801,6634,6342],"aioseo_notices":[],"amp_enabled":true,"_links":{"self":[{"href":"https:\/\/speyer24news.com\/index.php?rest_route=\/wp\/v2\/posts\/31858"}],"collection":[{"href":"https:\/\/speyer24news.com\/index.php?rest_route=\/wp\/v2\/posts"}],"about":[{"href":"https:\/\/speyer24news.com\/index.php?rest_route=\/wp\/v2\/types\/post"}],"author":[{"embeddable":true,"href":"https:\/\/speyer24news.com\/index.php?rest_route=\/wp\/v2\/users\/3"}],"replies":[{"embeddable":true,"href":"https:\/\/speyer24news.com\/index.php?rest_route=%2Fwp%2Fv2%2Fcomments&post=31858"}],"version-history":[{"count":1,"href":"https:\/\/speyer24news.com\/index.php?rest_route=\/wp\/v2\/posts\/31858\/revisions"}],"predecessor-version":[{"id":31859,"href":"https:\/\/speyer24news.com\/index.php?rest_route=\/wp\/v2\/posts\/31858\/revisions\/31859"}],"wp:featuredmedia":[{"embeddable":true,"href":"https:\/\/speyer24news.com\/index.php?rest_route=\/wp\/v2\/media\/25126"}],"wp:attachment":[{"href":"https:\/\/speyer24news.com\/index.php?rest_route=%2Fwp%2Fv2%2Fmedia&parent=31858"}],"wp:term":[{"taxonomy":"category","embeddable":true,"href":"https:\/\/speyer24news.com\/index.php?rest_route=%2Fwp%2Fv2%2Fcategories&post=31858"},{"taxonomy":"post_tag","embeddable":true,"href":"https:\/\/speyer24news.com\/index.php?rest_route=%2Fwp%2Fv2%2Ftags&post=31858"}],"curies":[{"name":"wp","href":"https:\/\/api.w.org\/{rel}","templated":true}]}}