{"id":31860,"date":"2020-12-25T08:56:18","date_gmt":"2020-12-25T07:56:18","guid":{"rendered":"https:\/\/speyer24news.com\/?p=31860"},"modified":"2020-12-25T08:56:19","modified_gmt":"2020-12-25T07:56:19","slug":"kirche-bistum-speyer-3","status":"publish","type":"post","link":"https:\/\/speyer24news.com\/?p=31860","title":{"rendered":"Kirche \/ Bistum Speyer"},"content":{"rendered":"<style type=\"text\/css\">\r\n\t.ads_top_disp{}\r\n\t.ads_top_corner_disp{ float:left; margin:0px 10px 10px 0px; }\r\n\t.ads_first_p_disp{}\r\n\t.ads_bottom_disp{}\r\n\t<\/style>\n<div class=\"wp-block-image\"><figure class=\"aligncenter\"><img decoding=\"async\" src=\"https:\/\/speyer24news.com\/wp-content\/uploads\/2020\/12\/Bistum-Speyer.png\" alt=\"\" class=\"wp-image-31861\"\/><\/figure><\/div>\n\n\n\n<h2 class=\"wp-block-heading\"><strong>Gott schenkt Halt in einer ersch\u00fctterten Welt<\/strong><\/h2>\n\n\n\n<h3 class=\"wp-block-heading\"><strong>\u201eVerletzbar der Welt hat sich allumfassend gezeigt\u201c \u2013 \u00d6kumenische Gottesdienste in Krankenhaus und Altenheim<\/strong><\/h3>\n\n\n\n<div class=\"wp-block-image\"><figure class=\"aligncenter\"><img decoding=\"async\" loading=\"lazy\" width=\"800\" height=\"444\" src=\"https:\/\/speyer24news.com\/wp-content\/uploads\/2020\/12\/f260d7a9.ace16c50.jpg\" alt=\"\" class=\"wp-image-31862\" srcset=\"https:\/\/speyer24news.com\/wp-content\/uploads\/2020\/12\/f260d7a9.ace16c50.jpg 800w, https:\/\/speyer24news.com\/wp-content\/uploads\/2020\/12\/f260d7a9.ace16c50-300x167.jpg 300w, https:\/\/speyer24news.com\/wp-content\/uploads\/2020\/12\/f260d7a9.ace16c50-768x426.jpg 768w\" sizes=\"(max-width: 800px) 100vw, 800px\" \/><\/figure><\/div>\n\n\n\n<p>Die Botschaft des Weihnachtsfestes angesichts der ersch\u00fctterten Sicherheiten in der Welt und in der Kirche stellt der Speyerer Bischof Dr. Karl-Heinz Wiesemann in den Mittelpunkt seiner Weihnachtspredigt. Die \u201eglobale Verletzbarkeit unserer Welt\u201c habe sich in diesem Jahr \u201eeinschneidend und allumfassend\u201c gezeigt. Selbstverst\u00e4ndlich angenommene Sicherheiten seien ins Wanken geraten. \u201eMeine \u00e4u\u00dfere und innere Welt ist zutiefst ersch\u00fcttert \u2013 nicht nur die pandemische Welt in der Corona-Krise, auch meine geistliche Welt und Heimat, in der ich gro\u00df geworden bin und f\u00fcr die ich mich habe in den Dienst nehmen lassen \u2013 meine geliebte Kirche\u201c, so Bischof Wiesemann.<\/p>\n\n\n\n<p>Es sei keine \u201eKerzenschein-Romantik\u201c, dass die gro\u00dfen christlichen Feste Weihnachten wie Ostern in der Nacht gefeiert werden, und auch kein \u201eWeihnachts-Winterm\u00e4rchen\u201c, wenn das Evangelium von der Geburt Jesu im Stall von Bethlehem in die stille Nacht hinein verk\u00fcndigt wird. \u201eEs ist eine Provokation Gottes, gerichtet an alle Machtgef\u00fcge dieser Welt, die Umkehrung aller \u00e4u\u00dferen Ordnungen, Licht Gottes in die dunklen Abgr\u00fcnde der Menschen.\u201c Gott zeige sich im Dunkel der Nacht.<\/p>\n\n\n\n<p>Seine Gedanken seien an diesem Weihnachtsfest \u2013 so Bischof Wiesemann weiter \u2013 \u00fcberall dort, wo das Leben in seinen Grundfesten ersch\u00fcttert ist. \u201eWo Menschen einsam sind und keinen Halt finden; wo Menschen um ihr Leben ringen und andere sich mit ihrem eigenen Leben f\u00fcr sie einsetzen; wo Menschen unausweichlich vor Entscheidungen gestellt werden, die sie \u00fcberfordern und moralische Ordnungen zerbrechen lassen; wo Gerechtigkeit und Menschenw\u00fcrde mit F\u00fc\u00dfen getreten wird, nur weil Menschen arm, anders, fremd, auf der Flucht sind.\u201c Mitten in die Wunden der Welt hinein leuchte Gottes Liebe auf.<\/p>\n\n\n\n<h4 class=\"wp-block-heading\"><strong>\u00d6kumenische Gottesdienste im Krankenhaus und Altenheim<\/strong><\/h4>\n\n\n\n<p>Mit \u00f6kumenischen Gottesdiensten im Evangelischen Krankenhaus in Bad D\u00fcrkheim und im Caritas-Altenzentrum St. Hedwig in Kaiserslautern am 24. Dezember bringen Bischof Karl-Heinz Wiesemann und Kirchenpr\u00e4sident Christian Schad die besondere Verbundenheit der Kirchen mit alten und kranken Menschen in der Corona-Pandemie zum Ausdruck. \u201eDer Besuch soll zeichenhaft deutlich machen, dass die Weihnachtsbotschaft gerade denen gilt, die unter der gegenw\u00e4rtigen Situation besonders leiden\u201c, erkl\u00e4ren das Bistum Speyer und die Evangelische Kirche der Pfalz.<\/p>\n\n\n\n<p>Die Gottesdienste werden in der jeweiligen Hauskapelle gefeiert und zu den Patienten und Bewohnern auf die Zimmer \u00fcbertragen. In der Kapelle werden nur die Mitwirkenden anwesend sein. \u201eDamit tragen wir dem Gesundheitsschutz Rechnung, dem angesichts der hohen Infektionszahlen eine herausragende Bedeutung zukommt\u201c, so Bistum und Landeskirche. Auch f\u00fcr den Besuch von Bischof und Kirchenpr\u00e4sident gelten strenge Hygiene- und Schutzma\u00dfnahmen. Eine Teilnahme von weiteren Personen ist nicht m\u00f6glich.<\/p>\n\n\n\n<p><em>Bisch\u00f6fliche Pressestelle<br>25.12.2020<\/em><\/p>\n","protected":false},"excerpt":{"rendered":"<div class=\"mh-excerpt\"><p>Gott schenkt Halt in einer ersch\u00fctterten Welt \u201eVerletzbar der Welt hat sich allumfassend gezeigt\u201c \u2013 \u00d6kumenische Gottesdienste in Krankenhaus und Altenheim Die Botschaft des Weihnachtsfestes angesichts der ersch\u00fctterten Sicherheiten in der Welt und in der <a class=\"mh-excerpt-more\" href=\"https:\/\/speyer24news.com\/?p=31860\" title=\"Kirche \/ Bistum Speyer\">[&#8230;]<\/a><\/p>\n<\/div>","protected":false},"author":3,"featured_media":0,"comment_status":"open","ping_status":"open","sticky":false,"template":"","format":"standard","meta":{"_monsterinsights_skip_tracking":false,"_monsterinsights_sitenote_active":false,"_monsterinsights_sitenote_note":"","_monsterinsights_sitenote_category":0,"footnotes":""},"categories":[120],"tags":[953,122,174,9128,6,9129,9130,9131],"aioseo_notices":[],"amp_enabled":true,"_links":{"self":[{"href":"https:\/\/speyer24news.com\/index.php?rest_route=\/wp\/v2\/posts\/31860"}],"collection":[{"href":"https:\/\/speyer24news.com\/index.php?rest_route=\/wp\/v2\/posts"}],"about":[{"href":"https:\/\/speyer24news.com\/index.php?rest_route=\/wp\/v2\/types\/post"}],"author":[{"embeddable":true,"href":"https:\/\/speyer24news.com\/index.php?rest_route=\/wp\/v2\/users\/3"}],"replies":[{"embeddable":true,"href":"https:\/\/speyer24news.com\/index.php?rest_route=%2Fwp%2Fv2%2Fcomments&post=31860"}],"version-history":[{"count":1,"href":"https:\/\/speyer24news.com\/index.php?rest_route=\/wp\/v2\/posts\/31860\/revisions"}],"predecessor-version":[{"id":31863,"href":"https:\/\/speyer24news.com\/index.php?rest_route=\/wp\/v2\/posts\/31860\/revisions\/31863"}],"wp:attachment":[{"href":"https:\/\/speyer24news.com\/index.php?rest_route=%2Fwp%2Fv2%2Fmedia&parent=31860"}],"wp:term":[{"taxonomy":"category","embeddable":true,"href":"https:\/\/speyer24news.com\/index.php?rest_route=%2Fwp%2Fv2%2Fcategories&post=31860"},{"taxonomy":"post_tag","embeddable":true,"href":"https:\/\/speyer24news.com\/index.php?rest_route=%2Fwp%2Fv2%2Ftags&post=31860"}],"curies":[{"name":"wp","href":"https:\/\/api.w.org\/{rel}","templated":true}]}}