{"id":31866,"date":"2020-12-26T16:47:44","date_gmt":"2020-12-26T15:47:44","guid":{"rendered":"https:\/\/speyer24news.com\/?p=31866"},"modified":"2020-12-26T16:47:46","modified_gmt":"2020-12-26T15:47:46","slug":"polizei-448","status":"publish","type":"post","link":"https:\/\/speyer24news.com\/?p=31866","title":{"rendered":"Polizei"},"content":{"rendered":"<style type=\"text\/css\">\r\n\t.ads_top_disp{}\r\n\t.ads_top_corner_disp{ float:left; margin:0px 10px 10px 0px; }\r\n\t.ads_first_p_disp{}\r\n\t.ads_bottom_disp{}\r\n\t<\/style>\n<h2 class=\"wp-block-heading\">Polizeimeldungen vom Samstag (26.12.2020)<\/h2>\n\n\n\n<div class=\"wp-block-image\"><figure class=\"aligncenter\"><img decoding=\"async\" src=\"https:\/\/speyer24news.com\/wp-content\/uploads\/2020\/01\/Aktuelles-Polizeilogo.jpg\" alt=\"\" class=\"wp-image-23832\"\/><\/figure><\/div>\n\n\n\n<h4 class=\"wp-block-heading\">(Speyer) &#8211; Mit Weihnachtss\u00fc\u00dfigkeit auf Auto geworfen<\/h4>\n\n\n\n<p>Am fr\u00fchen Abend des ersten Weihnachtsfeiertags befuhr ein 39-j\u00e4hriger Mann aus Speyer mit seiner Frau die Spaldinger Stra\u00dfe als er pl\u00f6tzlich einen lauten Schlag im hinteren Bereich seinen Autos wahrnahm.<\/p>\n\n\n\n<p>Gleichzeitig konnte er vier Jugendliche auf ihren Fahrr\u00e4dern sehen, die unmittelbar die Flucht ergriffen. Der Mann nahm die Verfolgung auf und konnte einen der Fl\u00fcchtenden stellen und bis zum Eintreffen der Polizei festhalten.<\/p>\n\n\n\n<p>Es stellte sich in der Folge heraus, dass einer aus der Gruppe eine  Weihnachtsschokoladenkugel auf das Fahrzeug geworfen hatte. Zu einem Schaden kam es gl\u00fccklicherweise nicht. Eine Strafanzeige wegen Gef\u00e4hrlichem Eingriff in den Stra\u00dfenverkehr wurde gefertigt. <\/p>\n\n\n\n<h4 class=\"wp-block-heading\">(Dudenhofen) &#8211; Weihnachtspferd im Vollgalopp<\/h4>\n\n\n\n<p>Eine tierisch weihnachtliche Mitteilung erreichte die Polizei Speyer  am Heiligabend um die Mittagszeit. <\/p>\n\n\n\n<p>Eine Spazierg\u00e4ngerin meldete aufgeregt, dass soeben ein gro\u00dfes schwarz-wei\u00dfes Pferd mit Weihnachtsm\u00fctze auf dem Kopf im Vollgalopp an ihr in der Iggelheimer Stra\u00dfe in Dudenhofen vorbei gesprintet sei. Sie macht sich nun (zu Recht) Sorgen, dass dieses einen Verkehrsunfall verursachen k\u00f6nnte. <\/p>\n\n\n\n<p>Noch w\u00e4hrend der Anfahrt der Funkstreife ruft die 54-j\u00e4hrige Dame aus Dudenhofen wieder bei der Polizei an und teilt mit, dass sie zwei junge Damen mit einem weiteren Pferd mit Weihnachtsm\u00fctze auf der Suche nach dem entflohenen Pferd angetroffen h\u00e4tte. <\/p>\n\n\n\n<p>Gl\u00fccklicherweise konnte zeitglich eine mit Pferden vertraute weitere Frau das fl\u00fcchtende Pferd auf dem dortigen Abenteuerspielplatz festhalten, wo es die beruhigte 22-j\u00e4hrige Pferdehalterin aus Speyer nun abholte. <\/p>\n\n\n\n<h4 class=\"wp-block-heading\">(Lustadt) &#8211; Sachbesch\u00e4digung auf dem Schulgel\u00e4nde <\/h4>\n\n\n\n<div class=\"wp-block-image\"><figure class=\"aligncenter\"><img decoding=\"async\" loading=\"lazy\" width=\"800\" height=\"600\" src=\"https:\/\/speyer24news.com\/wp-content\/uploads\/2020\/12\/Rasen.jpg\" alt=\"\" class=\"wp-image-31867\" srcset=\"https:\/\/speyer24news.com\/wp-content\/uploads\/2020\/12\/Rasen.jpg 800w, https:\/\/speyer24news.com\/wp-content\/uploads\/2020\/12\/Rasen-300x225.jpg 300w, https:\/\/speyer24news.com\/wp-content\/uploads\/2020\/12\/Rasen-768x576.jpg 768w, https:\/\/speyer24news.com\/wp-content\/uploads\/2020\/12\/Rasen-678x509.jpg 678w, https:\/\/speyer24news.com\/wp-content\/uploads\/2020\/12\/Rasen-326x245.jpg 326w, https:\/\/speyer24news.com\/wp-content\/uploads\/2020\/12\/Rasen-80x60.jpg 80w\" sizes=\"(max-width: 800px) 100vw, 800px\" \/><\/figure><\/div>\n\n\n\n<p>In der &#8222;Heilig Abend-Nacht&#8220; wurde die Schulwiese in Lustadt &#8222;umgepfl\u00fcgt&#8220;! Ein bis dato unbekannter Fahrzeugf\u00fchrer befuhr mit seinem Pkw die Schulwiese und &#8222;pfl\u00fcgte&#8220; diese im wahrsten Sinne des Wortes um. Durch die Fahrweise wurde die Wiese erheblich besch\u00e4digt und die Fassade der Schule verschmutzt. Zeugenhinweise nimmt die Polizei in Germersheim, Tel.: 07274-9580 entgegen.<\/p>\n\n\n\n<h4 class=\"wp-block-heading\">(Kandel) &#8211; Verkehrsunfall \/ LKW umgekippt<\/h4>\n\n\n\n<div class=\"wp-block-image\"><figure class=\"aligncenter\"><img decoding=\"async\" loading=\"lazy\" width=\"800\" height=\"619\" src=\"https:\/\/speyer24news.com\/wp-content\/uploads\/2020\/12\/Inked1VUA65_LI.jpg\" alt=\"\" class=\"wp-image-31868\" srcset=\"https:\/\/speyer24news.com\/wp-content\/uploads\/2020\/12\/Inked1VUA65_LI.jpg 800w, https:\/\/speyer24news.com\/wp-content\/uploads\/2020\/12\/Inked1VUA65_LI-300x232.jpg 300w, https:\/\/speyer24news.com\/wp-content\/uploads\/2020\/12\/Inked1VUA65_LI-768x594.jpg 768w\" sizes=\"(max-width: 800px) 100vw, 800px\" \/><\/figure><\/div>\n\n\n\n<p>Am Freitag den 25.12.2020 befuhr ein mit Obst und Gem\u00fcse beladener Sattelschlepper gegen 18:40 Uhr die Auffahrt der A65 bei Kandel-S\u00fcd in Fahrtrichtung Landau. Im Kurvenbereich der Auffahrt kam der LKW vermutlich aufgrund nicht angepasster Geschwindigkeit nach rechts von der Fahrbahn ab, durchbrach die Leitplanke und kippte im Gr\u00fcnstreife zur Seite um. Der 42-j\u00e4hrige Fahrer, sowie sein 37-j\u00e4hriger Beifahrer wurden mit leichten Verletzungen in ein umliegendes Krankenhaus verbracht. Die Auffahrt musste aufgrund der Bergungsarbeiten f\u00fcr mehrere Stunden gesperrt werden.<\/p>\n\n\n\n<h4 class=\"wp-block-heading\">(Ludwigshafen) &#8211; Ohne Fahrerlaubnis unterwegs<\/h4>\n\n\n\n<p>Bei der Verkehrskontrolle eines Audi A7 in der Nacht des 26.12.2020 gegen 02:00 Uhr auf der Brunckstra\u00dfe in Ludwigshafen stellte sich heraus, dass der 26-j\u00e4hrige Fahrer aus Wetzlar nicht im Besitz einer Fahrerlaubnis war. Ihn erwartet nun ein Strafverfahren wegen des F\u00fchrens eines Kraftfahrzeugs ohne Fahrerlaubnis. Ein Mitfahrer, welcher im Besitz einer erforderlichen Fahrerlaubnis war, konnte die Fahrt fortsetzen.<\/p>\n\n\n\n<h4 class=\"wp-block-heading\">(Ludwigshafen) &#8211; Widerstand nach Einbruchsdiebstahl<\/h4>\n\n\n\n<p>In der Nacht zu Samstag, 26.12.2020, gegen 01:20 Uhr verschaffte sich ein 22-J\u00e4hriger gewaltsam Zutritt zu einem Kiosk im Geb\u00e4ude des Hauptbahnhofs in Ludwigshafen am Rhein. Durch die alarmierten Funkstreifenwagenbesatzungen konnte der 22-J\u00e4hrige beim Verlassen des Kiosks und mit der Tatbeute in Form von Genussmitteln unter dem Arm vor Ort angetroffen werden. Der anschlie\u00dfend beabsichtigten Festnahme widersetzte sich der Tatverd\u00e4chtige vehement durch gezielte Faustschl\u00e4ge und Fu\u00dftritte gegen die eingesetzten Beamten, weshalb der Taser eingesetzt werden musste. Erst hiernach konnte der 22-J\u00e4hrige fixiert und zwecks Durchf\u00fchrung von Folgema\u00dfnahmen dem Gewahrsam der Polizeiinspektion Ludwigshafen 1 zugef\u00fchrt werden. Insgesamt entstand dem Betreiber des Kiosks ein Sachschaden in H\u00f6he von ca. 200 Euro.<\/p>\n\n\n\n<h4 class=\"wp-block-heading\">(Ludwigshafen) &#8211; Trunkenheitsfahrt<\/h4>\n\n\n\n<p>Am Freitagabend, 25.12.2020, gegen 20:30 Uhr wird die 56-j\u00e4hrige Fahrerin eines Mercedes SLK auf der Kurt-Schumacher-Br\u00fccke in Fahrtrichtung Mannheim einer Verkehrskontrolle unterzogen, nachdem deren auff\u00e4llige unsichere Fahrweise durch einen Verkehrsteilnehmer kurz zuvor der Polizei via Notruf mitgeteilt wurde. Im Rahmen der verdachtsabh\u00e4ngigen Verkehrskontrolle konnten bei der 56-J\u00e4hrigen aus Mannheim deutliche alkoholbedingte Ausfallerscheinungen festgestellt werden. Der im Anschluss erhobene Atemalkoholwert von 1,67 Promille best\u00e4tigte den bereits zuvor entstandenen Tatverdacht der Trunkenheit im Verkehr. Der Fahrerin wurde in der weiteren Folge eine Blutprobe entnommen und sowohl F\u00fchrerschein als auch Fahrzeugpapiere und -schl\u00fcssel sichergestellt.<\/p>\n\n\n\n<h4 class=\"wp-block-heading\">(Ludwigshafen) &#8211; Radfahrer von PKW erfasst und schwer verletzt<\/h4>\n\n\n\n<p>Am Freitag, 25.12.2020 um 14:05 Uhr querte der 50-j\u00e4hriger Fahrer eines Opel Zafira aus Neuhofen mit seinem Fahrzeug bei Gr\u00fcnlicht ordnungsgem\u00e4\u00df die Kreuzung Rohrlachstra\u00dfe \/ Frankenthaler in Fahrtrichtung Valentin-Bauer-Stra\u00dfe. Ein 79-j\u00e4hriger Radfahrer aus Ludwigshafen befuhr die Valentin-Bauer-Stra\u00dfe entgegen der Fahrtrichtung und querte widerrechtlich besagte Kreuzung diagonal, ohne auf den Verkehr zu achten. Hierbei kam es zum Zusammensto\u00df. Der Radfahrer wurde hierbei schwer verletzt und kam mit dem Rettungsdienst in ein nahegelegenes Krankenhaus. Es entstand ein Schaden von gesch\u00e4tzt 2000 Euro.<\/p>\n\n\n\n<p>Zeugen des Verkehrsunfalls werden gebeten sich bei der Polizeiinspektion Ludwigshafen 2 unter der Telefonnummer 0621 963-2222 zu melden.<\/p>\n\n\n\n<h4 class=\"wp-block-heading\">(Ludwigshafen) &#8211; Bewaffnet und unter Drogeneinfluss ein Fahrzeug gef\u00fchrt<\/h4>\n\n\n\n<p>Im Rahmen einer Verkehrskontrolle mit einem Elektrotretroller in der Bl\u00fccherstra\u00dfe in Ludwigshafen am Freitag, 25.12.2020 um 12:30 Uhr stellte sich heraus, dass der 43-j\u00e4hrigen Fahrer aus Ludwigshafen unter dem Einfluss von Bet\u00e4ubungsmitteln unterwegs war. Zudem hatte er einen Schreckschussrevolver bei sich, f\u00fcr den er keine Erlaubnis zum F\u00fchren vorweisen konnte. Den Fahrer erwartet nun ein Strafverfahren wegen eines Versto\u00dfes nach dem Waffengesetz und eine Ordnungswidrigkeitenanzeige bzgl. der Fahrt unter Drogeneinfluss.<\/p>\n\n\n\n<p>In diesem Zusammenhang wird darauf hingewiesen, dass f\u00fcr Elektrotretroller die gleichen Alkoholgrenzwerte wie beim Autofahren gelten. Ebenso d\u00fcrfen diese Kraftfahrzeuge auch nicht unter dem Einfluss verbotener Substanzen gef\u00fchrt werden.<\/p>\n\n\n\n<h4 class=\"wp-block-heading\">(Leimen \/ St. Illgen \/ Rhein-Neckar-Kreis) &#8211; Wohnungsbrand mit zwei Leichtverletzten<\/h4>\n\n\n\n<p>Am Samstag Morgen gegen 02.50 Uhr kam es in der Theodort-Heuss-Stra\u00dfe in St. Illgen zu einem Wohnungsbrand bei dem 2 Personen leicht verletzt wurden. Nach derzeitigem Ermittlungsstand war eine vergessene Kerze urs\u00e4chlich f\u00fcr den Brand. Durch die 31-j\u00e4hrige Wohnungsinhaberin und einen Brandersthelfer wurde versucht die Flammen mittels eines Wassereimers zu l\u00f6schen. Schlie\u00dflich konnte die Feuerwehr den Brand l\u00f6schen. In der Wohnung entstand ein Sachschaden in H\u00f6he von 15.000EUR. Die Wohnungsinhaberin und der Ersthelfer wurden zur Behandlung in ein Krankenhaus verbracht.<\/p>\n","protected":false},"excerpt":{"rendered":"<div class=\"mh-excerpt\"><p>Polizeimeldungen vom Samstag (26.12.2020) (Speyer) &#8211; Mit Weihnachtss\u00fc\u00dfigkeit auf Auto geworfen Am fr\u00fchen Abend des ersten Weihnachtsfeiertags befuhr ein 39-j\u00e4hriger Mann aus Speyer mit seiner Frau die Spaldinger Stra\u00dfe als er pl\u00f6tzlich einen lauten Schlag <a class=\"mh-excerpt-more\" href=\"https:\/\/speyer24news.com\/?p=31866\" title=\"Polizei\">[&#8230;]<\/a><\/p>\n<\/div>","protected":false},"author":3,"featured_media":0,"comment_status":"open","ping_status":"open","sticky":false,"template":"","format":"standard","meta":{"_monsterinsights_skip_tracking":false,"_monsterinsights_sitenote_active":false,"_monsterinsights_sitenote_note":"","_monsterinsights_sitenote_category":0,"footnotes":""},"categories":[12],"tags":[3614,61,2555,6955,6986,6263,63,105,6987,53,4854,4683,1548,102,213,55,5261,103,106,2803,2423,427,2625,380,104,979,1565],"aioseo_notices":[],"amp_enabled":true,"_links":{"self":[{"href":"https:\/\/speyer24news.com\/index.php?rest_route=\/wp\/v2\/posts\/31866"}],"collection":[{"href":"https:\/\/speyer24news.com\/index.php?rest_route=\/wp\/v2\/posts"}],"about":[{"href":"https:\/\/speyer24news.com\/index.php?rest_route=\/wp\/v2\/types\/post"}],"author":[{"embeddable":true,"href":"https:\/\/speyer24news.com\/index.php?rest_route=\/wp\/v2\/users\/3"}],"replies":[{"embeddable":true,"href":"https:\/\/speyer24news.com\/index.php?rest_route=%2Fwp%2Fv2%2Fcomments&post=31866"}],"version-history":[{"count":1,"href":"https:\/\/speyer24news.com\/index.php?rest_route=\/wp\/v2\/posts\/31866\/revisions"}],"predecessor-version":[{"id":31869,"href":"https:\/\/speyer24news.com\/index.php?rest_route=\/wp\/v2\/posts\/31866\/revisions\/31869"}],"wp:attachment":[{"href":"https:\/\/speyer24news.com\/index.php?rest_route=%2Fwp%2Fv2%2Fmedia&parent=31866"}],"wp:term":[{"taxonomy":"category","embeddable":true,"href":"https:\/\/speyer24news.com\/index.php?rest_route=%2Fwp%2Fv2%2Fcategories&post=31866"},{"taxonomy":"post_tag","embeddable":true,"href":"https:\/\/speyer24news.com\/index.php?rest_route=%2Fwp%2Fv2%2Ftags&post=31866"}],"curies":[{"name":"wp","href":"https:\/\/api.w.org\/{rel}","templated":true}]}}