{"id":31908,"date":"2020-12-28T08:05:15","date_gmt":"2020-12-28T07:05:15","guid":{"rendered":"https:\/\/speyer24news.com\/?p=31908"},"modified":"2020-12-28T08:05:15","modified_gmt":"2020-12-28T07:05:15","slug":"polizei-450","status":"publish","type":"post","link":"https:\/\/speyer24news.com\/?p=31908","title":{"rendered":"Polizei"},"content":{"rendered":"<style type=\"text\/css\">\r\n\t.ads_top_disp{}\r\n\t.ads_top_corner_disp{ float:left; margin:0px 10px 10px 0px; }\r\n\t.ads_first_p_disp{}\r\n\t.ads_bottom_disp{}\r\n\t<\/style>\n<h2 class=\"wp-block-heading\">Minister Lewentz verabschiedet Polizeipr\u00e4sident Thomas Ebling<\/h2>\n\n\n\n<h3 class=\"wp-block-heading\">Innenminister Roger Lewentz hat den Pr\u00e4sidenten des Polizeipr\u00e4sidiums Rheinpfalz, Thomas Ebling, in den Ruhestand verabschiedet. \u201eSie haben sich entschieden, aus gesundheitlichen Gr\u00fcnden in den Ruhestand zu gehen. Wer erleben konnte, wie Sie Ihre Aufgaben immer mit Leib und Seele ausgef\u00fcllt haben, kann nachvollziehen, dass Ihnen dieser Abschied nicht leicht gefallen ist\u201c, sagte Minister Lewentz bei der pers\u00f6nlichen Verabschiedung.<\/h3>\n\n\n\n<div class=\"wp-block-image\"><figure class=\"aligncenter\"><img decoding=\"async\" loading=\"lazy\" width=\"1024\" height=\"512\" src=\"https:\/\/speyer24news.com\/wp-content\/uploads\/2020\/12\/csm_20201217_Verabschiedung_Thomas_Ebling_MdI_RLP_2zu1_befed1144f-1024x512.png\" alt=\"\" class=\"wp-image-31909\" srcset=\"https:\/\/speyer24news.com\/wp-content\/uploads\/2020\/12\/csm_20201217_Verabschiedung_Thomas_Ebling_MdI_RLP_2zu1_befed1144f.png 1024w, https:\/\/speyer24news.com\/wp-content\/uploads\/2020\/12\/csm_20201217_Verabschiedung_Thomas_Ebling_MdI_RLP_2zu1_befed1144f-300x150.png 300w, https:\/\/speyer24news.com\/wp-content\/uploads\/2020\/12\/csm_20201217_Verabschiedung_Thomas_Ebling_MdI_RLP_2zu1_befed1144f-768x384.png 768w\" sizes=\"(max-width: 1024px) 100vw, 1024px\" \/><\/figure><\/div>\n\n\n\n<p>\u201eDer Polizeibeamte Ebling hat seinen Beruf immer als &nbsp;Berufung verstanden und gerade deshalb auch so \u00fcberaus erfolgreich ausge\u00fcbt\u201c, betonte Lewentz.&nbsp;<\/p>\n\n\n\n<p>Der Minister dankte Thomas Ebling f\u00fcr dessen langj\u00e4hriges Wirken f\u00fcr die Sicherheit im Land und zum Wohl der B\u00fcrgerinnen und B\u00fcrger ausdr\u00fccklich auch im Namen von Ministerpr\u00e4sidentin Malu Dreyer. Eine offizielle Verabschiedung in Ludwigshafen soll zu Beginn des kommenden Jahres stattfinden, soweit die Corona-Situation dies zul\u00e4sst.<\/p>\n\n\n\n<p>Thomas Ebling (Jahrgang 1959) ist seit 1979 bei Polizei und durchlief alle Laufbahnen vom mittleren \u00fcber den gehobenen bis zum h\u00f6heren Polizeidienst. Er lernte \u00fcber den Streifendienst bis hin zur Dienstgruppenleitung den Beruf \u201evon der Pike auf\u201c. Stationen waren unter anderem seine T\u00e4tigkeit als Dozent im Fachbereich Polizei an der damaligen Fachhochschule f\u00fcr \u00d6ffentliche Verwaltung, die Leitung der Zentralstelle f\u00fcr Polizeitechnik und die Aufgaben als Referenten f\u00fcr die F\u00fchrung der Polizei, \u00d6ffentlichkeitsarbeit und verkehrspolizeiliche Angelegenheiten im Innenministerium.<\/p>\n\n\n\n<p>In die Funktion des Leiters der Abteilung Polizeieinsatz wechselte Thomas Ebling im &nbsp;Februar 2010 ins Polizeipr\u00e4sidium Mainz. Im Juni 2015 wurde ihm anschlie\u00dfend die &nbsp;Aufgabe des Pr\u00e4sidenten im Polizeipr\u00e4sidium Rheinpfalz \u00fcbertragen.<\/p>\n\n\n\n<p>\u201eNeben Ihrem besonderen Zugang zu Menschen waren Ihre unbestrittenen herausragenden fachlichen Kenntnisse und Ihr hohes Ansehen innerhalb der rheinland-pf\u00e4lzischen Polizei ausschlaggebend, Ihnen diese verantwortungsvolle F\u00fchrungsaufgabe zu \u00fcbertragen\u201c, betonte Minister Lewentz. Die Erarbeitung und Umsetzung des Leitbildes im Bereich der F\u00fchrungslehre steche aus der herausragenden Arbeit von Thomas Ebling hervor und setze bis heute Ma\u00dfst\u00e4be. Der Weg, alle Mitarbeiterinnen und Mitarbeiter bei der Erarbeitung des Leitbildes zu beteiligen, sei bis dahin bundesweit einzigartig und seiner Zeit voraus gewesen.&nbsp;<\/p>\n\n\n\n<p>\u201eIhre humorvolle, menschliche und in den richtigen Situationen auch beharrliche Art zeichnet Sie als Mensch und F\u00fchrungskraft aus und wird in Ihrem Kollegenkreis sowie bei Ihren Mitarbeiterinnen und Mitarbeitern sehr gesch\u00e4tzt\u201c, lobte der Minister. Offiziell wird Thomas Ebling mit Ende des Monats Februar 2021 in den Ruhestand versetzt.&nbsp;<\/p>\n\n\n\n<p>Als Nachfolger von Thomas Ebling und k\u00fcnftigen Pr\u00e4sidenten des Polizeipr\u00e4sidiums Rheinpfalz stellte Minister Lewentz den bisherigen Stellvertreter, Polizeivizepr\u00e4sidenten Georg Litz (61), aus dem Landkreis Bad D\u00fcrkheim vor, der nach den Vorgaben der Laufbahnverordnung zun\u00e4chst mit der Wahrnehmung der Aufgaben der Beh\u00f6rdenleitung beauftragt wurde. Litz geh\u00f6rt seit August 1976 der rheinland-pf\u00e4lzischen Polizei an und hat F\u00fchrungskompetenz in unterschiedlichen Funktionen im Innenministerium sowie den Polizeipr\u00e4sidien Westpfalz, Rheinpfalz und Mainz bewiesen. In Mainz war Georg Litz auch ma\u00dfgeblich f\u00fcr die umfangreichen Einsatzma\u00dfnahmen im Zusammenhang mit dem Tag der deutschen Einheit am 3. Oktober 2017 verantwortlich.<\/p>\n\n\n\n<p>Mit Georg Litz \u00fcbernehme nun \u201eein profunder Kenner des Polizeipr\u00e4sidiums Rheinpfalz das Steuer\u201c, der unter anderem langj\u00e4hriger Dienststellenleiter in Ludwigshafen und schon vor seiner Ernennung zum Polizeivizepr\u00e4sidenten zur Unterst\u00fctzung der Beh\u00f6rdenleitung mit den Aufgaben des Leiters der Abteilung Polizeieinsatz betraut war. \u201eIch bin mir sicher, dass Sie mit Ihren ausgezeichneten fachlichen F\u00e4higkeiten und Ihren Kenntnissen der Besonderheiten des Pr\u00e4sidiums die neuen Herausforderungen sehr gut meistern\u201c, unterstrich der Minister.<\/p>\n\n\n\n<p><em>Ministerium des Innern und f\u00fcr Sport<br>28.12.2020<\/em><\/p>\n","protected":false},"excerpt":{"rendered":"<div class=\"mh-excerpt\"><p>Minister Lewentz verabschiedet Polizeipr\u00e4sident Thomas Ebling Innenminister Roger Lewentz hat den Pr\u00e4sidenten des Polizeipr\u00e4sidiums Rheinpfalz, Thomas Ebling, in den Ruhestand verabschiedet. \u201eSie haben sich entschieden, aus gesundheitlichen Gr\u00fcnden in den Ruhestand zu gehen. Wer erleben <a class=\"mh-excerpt-more\" href=\"https:\/\/speyer24news.com\/?p=31908\" title=\"Polizei\">[&#8230;]<\/a><\/p>\n<\/div>","protected":false},"author":3,"featured_media":0,"comment_status":"open","ping_status":"open","sticky":false,"template":"","format":"standard","meta":{"_monsterinsights_skip_tracking":false,"_monsterinsights_sitenote_active":false,"_monsterinsights_sitenote_note":"","_monsterinsights_sitenote_category":0,"footnotes":""},"categories":[12],"tags":[935,53,4683,9154,8277,2625,979,9155],"aioseo_notices":[],"amp_enabled":true,"_links":{"self":[{"href":"https:\/\/speyer24news.com\/index.php?rest_route=\/wp\/v2\/posts\/31908"}],"collection":[{"href":"https:\/\/speyer24news.com\/index.php?rest_route=\/wp\/v2\/posts"}],"about":[{"href":"https:\/\/speyer24news.com\/index.php?rest_route=\/wp\/v2\/types\/post"}],"author":[{"embeddable":true,"href":"https:\/\/speyer24news.com\/index.php?rest_route=\/wp\/v2\/users\/3"}],"replies":[{"embeddable":true,"href":"https:\/\/speyer24news.com\/index.php?rest_route=%2Fwp%2Fv2%2Fcomments&post=31908"}],"version-history":[{"count":1,"href":"https:\/\/speyer24news.com\/index.php?rest_route=\/wp\/v2\/posts\/31908\/revisions"}],"predecessor-version":[{"id":31910,"href":"https:\/\/speyer24news.com\/index.php?rest_route=\/wp\/v2\/posts\/31908\/revisions\/31910"}],"wp:attachment":[{"href":"https:\/\/speyer24news.com\/index.php?rest_route=%2Fwp%2Fv2%2Fmedia&parent=31908"}],"wp:term":[{"taxonomy":"category","embeddable":true,"href":"https:\/\/speyer24news.com\/index.php?rest_route=%2Fwp%2Fv2%2Fcategories&post=31908"},{"taxonomy":"post_tag","embeddable":true,"href":"https:\/\/speyer24news.com\/index.php?rest_route=%2Fwp%2Fv2%2Ftags&post=31908"}],"curies":[{"name":"wp","href":"https:\/\/api.w.org\/{rel}","templated":true}]}}