{"id":31962,"date":"2020-12-31T08:07:24","date_gmt":"2020-12-31T07:07:24","guid":{"rendered":"https:\/\/speyer24news.com\/?p=31962"},"modified":"2020-12-31T08:09:45","modified_gmt":"2020-12-31T07:09:45","slug":"rhein-pfalz-kreis-55","status":"publish","type":"post","link":"https:\/\/speyer24news.com\/?p=31962","title":{"rendered":"Rhein-Pfalz-Kreis"},"content":{"rendered":"<style type=\"text\/css\">\r\n\t.ads_top_disp{}\r\n\t.ads_top_corner_disp{ float:left; margin:0px 10px 10px 0px; }\r\n\t.ads_first_p_disp{}\r\n\t.ads_bottom_disp{}\r\n\t<\/style>\n<h1 class=\"wp-block-heading\" style=\"text-align:center\">Corona<\/h1>\n\n\n\n<figure class=\"wp-block-image\"><img decoding=\"async\" loading=\"lazy\" width=\"800\" height=\"400\" src=\"https:\/\/speyer24news.com\/wp-content\/uploads\/2020\/02\/virus-1812092_1920.jpg\" alt=\"\" class=\"wp-image-25128\" srcset=\"https:\/\/speyer24news.com\/wp-content\/uploads\/2020\/02\/virus-1812092_1920.jpg 800w, https:\/\/speyer24news.com\/wp-content\/uploads\/2020\/02\/virus-1812092_1920-300x150.jpg 300w, https:\/\/speyer24news.com\/wp-content\/uploads\/2020\/02\/virus-1812092_1920-768x384.jpg 768w\" sizes=\"(max-width: 800px) 100vw, 800px\" \/><\/figure>\n\n\n\n<h2 class=\"wp-block-heading\"><strong>Coronavirus: Aktuelle Fallzahlen im Zust\u00e4ndigkeitsbereich\ndes Gesundheitsamtes Rhein-Pfalz-Kreis<\/strong><\/h2>\n\n\n\n<p>In den Zust\u00e4ndigkeitsbereich des\nGesundheitsamtes Rhein-Pfalz-Kreis geh\u00f6ren neben dem Rhein-Pfalz-Kreis auch die\nSt\u00e4dte Ludwigshafen, Frankenthal und Speyer. <\/p>\n\n\n\n<p>Die Zahlen der mit dem Coronavirus infizierten\nPersonen seit Beginn des Ausbruchs und die aktuellen Zahlen sind auf den Seiten\ndes Ministeriums f\u00fcr Soziales, Arbeit, Gesundheit und Demografie unter <a href=\"http:\/\/www.msagd.rlp.de\">www.msagd.rlp.de<\/a> einzusehen.<\/p>\n\n\n\n<p>Insgesamt wurden uns seit gestern (29.12.) <strong>58 <\/strong>infiziertePersonen aus dem <strong>Rhein-Pfalz-Kreis<\/strong>\ngemeldet. Davon k\u00f6nnen auf die Gemeinden zugordnet werden:<\/p>\n\n\n\n<table class=\"wp-block-table\"><tbody><tr><td>\n  <strong>Gemeinde<\/strong>\n  <\/td><td>\n  <strong>Anzahl<\/strong>\n  <\/td><\/tr><tr><td>\n  Altrip\n  <\/td><td>\n  1\n  <\/td><\/tr><tr><td>\n  Beindersheim\n  <\/td><td>\n  0\n  <\/td><\/tr><tr><td>\n  Birkenheide\n  <\/td><td>\n  3\n  <\/td><\/tr><tr><td>\n  Bobenheim-Roxheim\n  <\/td><td>\n  4\n  <\/td><\/tr><tr><td>\n  B\u00f6hl-Iggelheim\n  <\/td><td>\n  9\n  <\/td><\/tr><tr><td>\n  Dannstadt-Schauernheim\n  <\/td><td>\n  2\n  <\/td><\/tr><tr><td>\n  Dudenhofen\n  <\/td><td>\n  4\n  <\/td><\/tr><tr><td>\n  Fu\u00dfg\u00f6nheim\n  <\/td><td>\n  1\n  <\/td><\/tr><tr><td>\n  Gro\u00dfniedesheim\n  <\/td><td>\n  0\n  <\/td><\/tr><tr><td>\n  Hanhofen\n  <\/td><td>\n  0\n  <\/td><\/tr><tr><td>\n  Harthausen\n  <\/td><td>\n  1\n  <\/td><\/tr><tr><td>\n  He\u00dfheim\n  <\/td><td>\n  0\n  <\/td><\/tr><tr><td>\n  Heuchelheim\n  <\/td><td>\n  2\n  <\/td><\/tr><tr><td>\n  Hochdorf-Assenheim\n  <\/td><td>\n  0\n  <\/td><\/tr><tr><td>\n  Kleinniedesheim\n  <\/td><td>\n  1\n  <\/td><\/tr><tr><td>\n  Lambsheim\n  <\/td><td>\n  0\n  <\/td><\/tr><tr><td>\n  Limburgerhof\n  <\/td><td>\n  7\n  <\/td><\/tr><tr><td>\n  Maxdorf\n  <\/td><td>\n  3\n  <\/td><\/tr><tr><td>\n  Mutterstadt\n  <\/td><td>\n  4\n  <\/td><\/tr><tr><td>\n  Neuhofen\n  <\/td><td>\n  1\n  <\/td><\/tr><tr><td>\n  Otterstadt\n  <\/td><td>\n  2\n  <\/td><\/tr><tr><td>\n  R\u00f6dersheim-Gronau\n  <\/td><td>\n  1\n  <\/td><\/tr><tr><td>\n  R\u00f6merberg\n  <\/td><td>\n  3\n  <\/td><\/tr><tr><td>\n  Schifferstadt\n  <\/td><td>\n  8\n  <\/td><\/tr><tr><td>\n  Waldsee\n  <\/td><td>\n  1\n  <\/td><\/tr><\/tbody><\/table>\n\n\n\n<p>Wir befinden uns in einer dynamischen Lage,\ndaher k\u00f6nnen sich t\u00e4glich Situationen und Zahlen entsprechend ver\u00e4ndern. <\/p>\n\n\n\n<p>Wir weisen Sie darauf hin, dass ein Anteil der Fallzahlen auch auf das Infektionsgeschehen in Alten- und Pflegeeinrichtungen in den Gemeinden zur\u00fcckgef\u00fchrt werden kann. Wir bitten auf die Belange der Alten- und Pflegeeinrichtungen R\u00fccksicht zu nehmen. <\/p>\n\n\n\n<h3 class=\"wp-block-heading\"><strong>Betroffene\nEinrichtungen:<\/strong><\/h3>\n\n\n\n<h4 class=\"wp-block-heading\"><strong>Ludwigshafen:<\/strong><\/h4>\n\n\n\n<p>DRK Alten- und Pflegeheim Melm, Ev. Altenhilfe<\/p>\n\n\n\n<h4 class=\"wp-block-heading\"><strong>Speyer<\/strong>:<\/h4>\n\n\n\n<p>AfA<\/p>\n\n\n\n<p>Leider wurden uns seit gestern auch <strong>7<\/strong> Todesf\u00e4lle aus dem Zust\u00e4ndigkeitsbereich des Gesundheitsamtes genannt:<\/p>\n\n\n\n<ul><li>Ludwigshafen:&nbsp; 1<\/li><li>Frankenthal: 0<\/li><li>Speyer: 1<\/li><li>Rhein-Pfalz-Kreis: 5 (Altrip 2, Maxdorf 3) <\/li><\/ul>\n\n\n\n<p><em>Stand: 30.12.2020<\/em><\/p>\n\n\n\n<p><em>Kreisverwaltung Rhein-Pfalz-Kreis<br>31.12.2020<\/em><\/p>\n\n\n\n<h2 class=\"wp-block-heading\"><strong>Coronavirus: Aktuelle Fallzahlen im Zust\u00e4ndigkeitsbereich\ndes Gesundheitsamtes Rhein-Pfalz-Kreis<\/strong><\/h2>\n\n\n\n<p>Zum Zust\u00e4ndigkeitsbereich des Gesundheitsamtes\nRhein-Pfalz-Kreis geh\u00f6ren neben dem Rhein-Pfalz-Kreis auch die St\u00e4dte Ludwigshafen,\nFrankenthal und Speyer. Die Zahlen der mit dem Coronavirus infizierten Personen\nseit Beginn des Ausbruchs und die aktuellen Zahlen sind auf den Seiten des\nMinisteriums f\u00fcr Soziales, Arbeit, Gesundheit und Demografie einzusehen.<\/p>\n\n\n\n<p>Insgesamt wurden uns seit gestern (28.12.) insgesamt <strong>50 <\/strong>infiziertePersonen aus dem <strong>Rhein-Pfalz-Kreis<\/strong>\ngemeldet. Davon k\u00f6nnen auf die Gemeinden zugordnet werden:<\/p>\n\n\n\n<table class=\"wp-block-table\"><tbody><tr><td>\n  <strong>Gemeinde<\/strong>\n  <\/td><td>\n  <strong>Anzahl<\/strong>\n  <\/td><\/tr><tr><td>\n  Altrip\n  <\/td><td>\n  3\n  <\/td><\/tr><tr><td>\n  Beindersheim\n  <\/td><td>\n  0\n  <\/td><\/tr><tr><td>\n  Birkenheide\n  <\/td><td>\n  1\n  <\/td><\/tr><tr><td>\n  Bobenheim-Roxheim\n  <\/td><td>\n  4\n  <\/td><\/tr><tr><td>\n  B\u00f6hl-Iggelheim\n  <\/td><td>\n  2\n  <\/td><\/tr><tr><td>\n  Dannstadt-Schauernheim\n  <\/td><td>\n  1\n  <\/td><\/tr><tr><td>\n  Dudenhofen\n  <\/td><td>\n  10\n  <\/td><\/tr><tr><td>\n  Fu\u00dfg\u00f6nheim\n  <\/td><td>\n  0\n  <\/td><\/tr><tr><td>\n  Gro\u00dfniedesheim\n  <\/td><td>\n  0\n  <\/td><\/tr><tr><td>\n  Hanhofen\n  <\/td><td>\n  0\n  <\/td><\/tr><tr><td>\n  Harthausen\n  <\/td><td>\n  1\n  <\/td><\/tr><tr><td>\n  He\u00dfheim\n  <\/td><td>\n  0\n  <\/td><\/tr><tr><td>\n  Heuchelheim\n  <\/td><td>\n  0\n  <\/td><\/tr><tr><td>\n  Hochdorf-Assenheim\n  <\/td><td>\n  0\n  <\/td><\/tr><tr><td>\n  Kleinniedesheim\n  <\/td><td>\n  0\n  <\/td><\/tr><tr><td>\n  Lambsheim\n  <\/td><td>\n  0\n  <\/td><\/tr><tr><td>\n  Limburgerhof\n  <\/td><td>\n  2\n  <\/td><\/tr><tr><td>\n  Maxdorf\n  <\/td><td>\n  2\n  <\/td><\/tr><tr><td>\n  Mutterstadt\n  <\/td><td>\n  4\n  <\/td><\/tr><tr><td>\n  Neuhofen\n  <\/td><td>\n  1\n  <\/td><\/tr><tr><td>\n  Otterstadt\n  <\/td><td>\n  1\n  <\/td><\/tr><tr><td>\n  R\u00f6dersheim-Gronau\n  <\/td><td>\n  0\n  <\/td><\/tr><tr><td>\n  R\u00f6merberg\n  <\/td><td>\n  4\n  <\/td><\/tr><tr><td>\n  Schifferstadt\n  <\/td><td>\n  10\n  <\/td><\/tr><tr><td>\n  Waldsee\n  <\/td><td>\n  4\n  <\/td><\/tr><\/tbody><\/table>\n\n\n\n<p>Wir befinden uns in einer dynamischen Lage, daher k\u00f6nnen sich t\u00e4glich Situationen und Zahlen entsprechend ver\u00e4ndern. <\/p>\n\n\n\n<p>Wir weisen Sie darauf hin, dass ein Anteil der Fallzahlen auch auf das Infektionsgeschehen in Alten- und Pflegeeinrichtungen in den Gemeinden zur\u00fcckgef\u00fchrt werden kann. Wir bitten auf die Belange der Alten- und Pflegeeinrichtungen R\u00fccksicht zu nehmen. <\/p>\n\n\n\n<h3 class=\"wp-block-heading\"><strong>Betroffene\nEinrichtungen:<\/strong><\/h3>\n\n\n\n<h4 class=\"wp-block-heading\"><strong>Ludwigshafen:<\/strong><\/h4>\n\n\n\n<p>Domicil Seniorenpflegeheim, St. Marienkrankenhaus, KH Guter Hirte, <\/p>\n\n\n\n<h4 class=\"wp-block-heading\"><strong>Rhein-Pfalz-Kreis<\/strong>: <\/h4>\n\n\n\n<p>Ev. Seniorenzentrum Amalie-Sievking-Haus (R\u00f6merberg)<\/p>\n\n\n\n<h4 class=\"wp-block-heading\"><strong>Speyer<\/strong>:<\/h4>\n\n\n\n<p>AfA<\/p>\n\n\n\n<p>Weiterhin wurden uns leider seit gestern auch <strong>9<\/strong> Todesf\u00e4lle aus dem Zust\u00e4ndigkeitsbereich des Gesundheitsamtes genannt:<\/p>\n\n\n\n<ul><li>Ludwigshafen:&nbsp; 5<\/li><li>Frankenthal: 1<\/li><li>Speyer: 1<\/li><li>Rhein-Pfalz-Kreis: 2 (Mutterstadt 1, Schifferstadt 1)<\/li><\/ul>\n\n\n\n<p><em>Stand: 29.12.2020 <\/em><\/p>\n\n\n\n<p><em>Kreisverwaltung Rhein-Pfalz-Kreis<br>31.12.2020<\/em><\/p>\n\n\n\n<h2 class=\"wp-block-heading\"><strong>Coronavirus: Aktuelle Fallzahlen im Zust\u00e4ndigkeitsbereich\ndes Gesundheitsamtes Rhein-Pfalz-Kreis<\/strong><\/h2>\n\n\n\n<p>Zum Zust\u00e4ndigkeitsbereich des Gesundheitsamtes\nRhein-Pfalz-Kreis geh\u00f6ren neben dem Rhein-Pfalz-Kreis auch die St\u00e4dte Ludwigshafen,\nFrankenthal und Speyer. Die Zahlen der mit dem Coronavirus infizierten Personen\nseit Beginn des Ausbruchs und die aktuellen Zahlen sind auf den Seiten des\nMinisteriums f\u00fcr Soziales, Arbeit, Gesundheit und Demografie einzusehen.<\/p>\n\n\n\n<p>Insgesamt wurden uns \u00fcber die Weihnachtsfeiertage vom 23.\nbis 28. Dezember 2020 insgesamt <strong>179 <\/strong>infiziertePersonen aus dem <strong>Rhein-Pfalz-Kreis<\/strong> gemeldet. Davon k\u00f6nnen auf die Gemeinden\nzugordnet werden:<\/p>\n\n\n\n<table class=\"wp-block-table\"><tbody><tr><td>\n  <strong>Gemeinde<\/strong>\n  <\/td><td>\n  <strong>Anzahl<\/strong>\n  <\/td><\/tr><tr><td>\n  Altrip\n  <\/td><td>\n  4\n  <\/td><\/tr><tr><td>\n  Beindersheim\n  <\/td><td>\n  4\n  <\/td><\/tr><tr><td>\n  Birkenheide\n  <\/td><td>\n  5\n  <\/td><\/tr><tr><td>\n  Bobenheim-Roxheim\n  <\/td><td>\n  4\n  <\/td><\/tr><tr><td>\n  B\u00f6hl-Iggelheim\n  <\/td><td>\n  8\n  <\/td><\/tr><tr><td>\n  Dannstadt-Schauernheim\n  <\/td><td>\n  8\n  <\/td><\/tr><tr><td>\n  Dudenhofen\n  <\/td><td>\n  10\n  <\/td><\/tr><tr><td>\n  Fu\u00dfg\u00f6nheim\n  <\/td><td>\n  4\n  <\/td><\/tr><tr><td>\n  Gro\u00dfniedesheim\n  <\/td><td>\n  0\n  <\/td><\/tr><tr><td>\n  Hanhofen\n  <\/td><td>\n  3\n  <\/td><\/tr><tr><td>\n  Harthausen\n  <\/td><td>\n  7\n  <\/td><\/tr><tr><td>\n  He\u00dfheim\n  <\/td><td>\n  2\n  <\/td><\/tr><tr><td>\n  Heuchelheim\n  <\/td><td>\n  2\n  <\/td><\/tr><tr><td>\n  Hochdorf-Assenheim\n  <\/td><td>\n  3\n  <\/td><\/tr><tr><td>\n  Kleinniedesheim\n  <\/td><td>\n  3\n  <\/td><\/tr><tr><td>\n  Lambsheim\n  <\/td><td>\n  2\n  <\/td><\/tr><tr><td>\n  Limburgerhof\n  <\/td><td>\n  5\n  <\/td><\/tr><tr><td>\n  Maxdorf\n  <\/td><td>\n  10\n  <\/td><\/tr><tr><td>\n  Mutterstadt\n  <\/td><td>\n  22\n  <\/td><\/tr><tr><td>\n  Neuhofen\n  <\/td><td>\n  5\n  <\/td><\/tr><tr><td>\n  Otterstadt\n  <\/td><td>\n  2\n  <\/td><\/tr><tr><td>\n  R\u00f6dersheim-Gronau\n  <\/td><td>\n  2\n  <\/td><\/tr><tr><td>\n  R\u00f6merberg\n  <\/td><td>\n  17\n  <\/td><\/tr><tr><td>\n  Schifferstadt\n  <\/td><td>\n  41\n  <\/td><\/tr><tr><td>\n  Waldsee\n  <\/td><td>\n  6\n  <\/td><\/tr><\/tbody><\/table>\n\n\n\n<p>Wir befinden uns in einer dynamischen Lage, daher k\u00f6nnen sich t\u00e4glich Situationen und Zahlen entsprechend ver\u00e4ndern. <\/p>\n\n\n\n<p>Wir weisen Sie darauf hin, dass ein Anteil der Fallzahlen auch auf das Infektionsgeschehen in Alten- und Pflegeeinrichtungen in den Gemeinden zur\u00fcckgef\u00fchrt werden kann. Wir bitten auf die Belange der Alten- und Pflegeeinrichtungen R\u00fccksicht zu nehmen. <\/p>\n\n\n\n<h3 class=\"wp-block-heading\"><strong>Betroffene\nEinrichtungen:<\/strong><\/h3>\n\n\n\n<h4 class=\"wp-block-heading\"><strong>Ludwigshafen:<\/strong><\/h4>\n\n\n\n<p>Domicil Seniorenpflegeheim, Altenheim PRO VITA Haus Paulinenhof, Hans-Barden-Haus, Seniorenheim DRK Melm, Vitanas Seniorenzentrum, Marienkrankenhaus<\/p>\n\n\n\n<h4 class=\"wp-block-heading\"><strong>Rhein-Pfalz-Kreis<\/strong>: <\/h4>\n\n\n\n<p>St.-Sebastian-Seniorenheim (Dudenhofen), Seniorenresidenz R\u00f6mergarten (Harthausen), Ev. Seniorenzentrum Amalie-Sievking-Haus (R\u00f6merberg), Seniorenheim St. Johannes (Schifferstadt), Rhein-Pfalz-Stift (Waldsee) <\/p>\n\n\n\n<h4 class=\"wp-block-heading\"><strong>Frankenthal:\n<\/strong><\/h4>\n\n\n\n<p>Caritas Heilig Geist, Frankenthaler Sonne<\/p>\n\n\n\n<h4 class=\"wp-block-heading\"><strong>Speyer<\/strong>:<\/h4>\n\n\n\n<p>AfA,\nDiakonissen-Krankenhaus<\/p>\n\n\n\n<p>Weiterhin wurden uns leider auch <strong>40<\/strong> Todesf\u00e4lle aus dem Zust\u00e4ndigkeitsbereich des Gesundheitsamtes genannt:<\/p>\n\n\n\n<ul><li>Ludwigshafen:&nbsp; 21<\/li><li>Frankenthal: 2<\/li><li>Speyer: 3<\/li><li>Rhein-Pfalz-Kreis: 14 (B\u00f6hl-Iggelheim 1, Dudenhofen 3, Harthausen 3, Limburgerhof 1, Maxdorf 1, Mutterstadt 1, R\u00f6merberg 1, Schifferstadt 3)<\/li><\/ul>\n\n\n\n<p><em>Stand: 28.12.2020 <\/em><\/p>\n\n\n\n<p><em>Kreisverwaltung Rhein-Pfalz-Kreis<br>31.12.2020<\/em><\/p>\n\n\n\n<h2 class=\"wp-block-heading\"><strong>Impfzentrum in Schifferstadt steht bereit<\/strong><\/h2>\n\n\n\n<h3 class=\"wp-block-heading\"><strong>Terminvergabe erfolgt zentral \u00fcber das Land<\/strong><\/h3>\n\n\n\n<figure class=\"wp-block-image\"><img decoding=\"async\" loading=\"lazy\" width=\"800\" height=\"533\" src=\"https:\/\/speyer24news.com\/wp-content\/uploads\/2020\/11\/vaccination-2722937_1920.jpg\" alt=\"\" class=\"wp-image-31275\" srcset=\"https:\/\/speyer24news.com\/wp-content\/uploads\/2020\/11\/vaccination-2722937_1920.jpg 800w, https:\/\/speyer24news.com\/wp-content\/uploads\/2020\/11\/vaccination-2722937_1920-300x200.jpg 300w, https:\/\/speyer24news.com\/wp-content\/uploads\/2020\/11\/vaccination-2722937_1920-768x512.jpg 768w\" sizes=\"(max-width: 800px) 100vw, 800px\" \/><\/figure>\n\n\n\n<p>Die Vorgaben des Landes f\u00fcr die Einrichtung\neines Impfzentrums im Rhein-Pfalz-Kreis wurden erfolgreich umgesetzt. Innerhalb\nvon wenigen Wochen wurde die Neue Kreissporthalle in Schifferstadt zu einem\nCorona-Impfzentrum umgebaut. Dieses steht nun den B\u00fcrgerinnen und B\u00fcrgern aus\ndem Rhein-Pfalz-Kreis zur Verf\u00fcgung. In der Sporthalle konnten Einteilungen in\nVerwaltungs-, Lager-, Patienten- und Impfbereiche optimal voneinander getrennt\nwerden. Impfwillige werden im Einbahnstra\u00dfenverkehr durch die Impfstra\u00dfe vom\nEingang bis zum Ausgang des Impfzentrums von Mitarbeiterinnen und Mitarbeitern geleitet.<\/p>\n\n\n\n<p>Nachdem nun ein Impfstoff zugelassen ist, wird\ndieser sukzessive verteilt. Die Verteilung des Impfstoffes erfolgt zentral\ndurch das Land an die Impfzentren. Nach Mitteilung des Landes wird mit einer\nImpfung in Schifferstadt ab dem 11. Januar 2021 gerechnet. Zun\u00e4chst sollen\ngem\u00e4\u00df der Corona-Impfverordnung des Bundes die priorisierte Gruppe,\ninsbesondere der \u00fcber 80-j\u00e4hrigen, geimpft werden. &nbsp;<\/p>\n\n\n\n<p>Die Terminvereinbarung f\u00fcr das Impfzentrum in\nSchifferstadt wird durch das Land <strong>ab dem\n04. Januar 2021<\/strong> gesteuert. F\u00fcr Impfwillige ist hierf\u00fcr eine Hotline\neingerichtet worden, die unter <strong>0800\/5758100<\/strong>\nzu erreichen ist. Auch \u00fcber die Internetseite <a href=\"http:\/\/www.impftermin.rlp.de\">www.impftermin.rlp.de<\/a> kann ein\nTermin vereinbart werden.<\/p>\n\n\n\n<p>Mobile Impfteams, die ebenso durch das Land\nkoordiniert werden, haben bereits begonnen, in Seniorenheimen zu impfen. <\/p>\n\n\n\n<p>Weitere Informationen erhalten Interessierte auf der Seite des Landes unter <a href=\"http:\/\/www.corona.rlp.de\">www.corona.rlp.de<\/a> .<\/p>\n\n\n\n<p><em>Kreisverwaltung Rhein-Pfalz-Kreis<br>31.12.2020<\/em><\/p>\n\n\n\n<h1 class=\"wp-block-heading\" style=\"text-align:center\">Silvester 2020<\/h1>\n\n\n\n<figure class=\"wp-block-image\"><img decoding=\"async\" loading=\"lazy\" width=\"800\" height=\"511\" src=\"https:\/\/speyer24news.com\/wp-content\/uploads\/2020\/12\/new-years-eve-4652544_1920-1.jpg\" alt=\"\" class=\"wp-image-31923\" srcset=\"https:\/\/speyer24news.com\/wp-content\/uploads\/2020\/12\/new-years-eve-4652544_1920-1.jpg 800w, https:\/\/speyer24news.com\/wp-content\/uploads\/2020\/12\/new-years-eve-4652544_1920-1-300x192.jpg 300w, https:\/\/speyer24news.com\/wp-content\/uploads\/2020\/12\/new-years-eve-4652544_1920-1-768x491.jpg 768w\" sizes=\"(max-width: 800px) 100vw, 800px\" \/><\/figure>\n\n\n\n<h2 class=\"wp-block-heading\"><strong>Einsatzplanungen und Kontrollen an Silvester 2020<\/strong><\/h2>\n\n\n\n<figure class=\"wp-block-image\"><img decoding=\"async\" src=\"https:\/\/speyer24news.com\/wp-content\/uploads\/2020\/05\/Polizei.jpg\" alt=\"\" class=\"wp-image-26963\"\/><\/figure>\n\n\n\n<p>Aufgrund der andauernden Corona-Pandemie wird\nSilvester 2020 anders als gewohnt. Um das Infektionsgeschehen und die schnelle\nAusbreitung des Coronavirus einzud\u00e4mmen, wurden Beschr\u00e4nkungen durch die\nLandesregierung erlassen, welche durch Allgemeinverf\u00fcgungen der \u00f6rtlich\nzust\u00e4ndigen St\u00e4dte und Kreise erg\u00e4nzt wurden. <\/p>\n\n\n\n<p>Nach der aktuell g\u00fcltigen 14.\nCorona-Bek\u00e4mpfungsverordnung ist demnach das Abbrennen von Feuerwerksk\u00f6rpern\nauf \u00f6ffentlichen Pl\u00e4tzen und Stra\u00dfen am 31. Dezember 2020 und 1. Januar 2021\ngenerell verboten. Weiterhin gelten die n\u00e4chtlichen Ausgangsbeschr\u00e4nkungen auch\nin der Silvesternacht. Das hei\u00dft, dass sich in dieser Zeit niemand ohne\ntriftigen Grund im \u00f6ffentlichen Raum aufhalten darf. Tags\u00fcber, also zwischen 5\nund 21 Uhr, gelten die allgemeinen Kontaktbeschr\u00e4nkungen.<\/p>\n\n\n\n<p>Die Einsatzkr\u00e4fte des Polizeipr\u00e4sidiums\nRheinpfalz werden im gesamten Zust\u00e4ndigkeitsgebiet in der Silvesternacht\nverst\u00e4rkt Pr\u00e4senz zeigen und unterst\u00fctzen die zust\u00e4ndigen kommunalen\nOrdnungsbeh\u00f6rden. Insbesondere \u00f6ffentliche Pl\u00e4tze, an denen im Vorjahr\ntraditionell viele Feiernde zusammengekommen waren, werden verst\u00e4rkt\nkontrolliert.<\/p>\n\n\n\n<p>Ein Schwerpunkt der Kontrollen durch die\nOrdnungs\u00e4mter und die Polizei liegt auf der Einhaltung der aktuellen\nCorona-Bek\u00e4mpfungsverordnung und den erg\u00e4nzend erlassenen Allgemeinverf\u00fcgungen.<\/p>\n\n\n\n<p>Die B\u00fcrgerinnen und B\u00fcrger werden gebeten,\nsich \u00fcber die aktuellen Vorschriften zu informieren und diese zu beachten. Bei\nVerst\u00f6\u00dfen wird konsequent eingeschritten und diese unterbunden.<\/p>\n\n\n\n<p>\u201eHalten Sie sich bitte an die Regeln, damit\nwir gemeinsam mit Ihnen das Jahr 2021 friedlich und hoffentlich gesund begr\u00fc\u00dfen\nk\u00f6nnen\u201c, lautet der gemeinsame Appell des Polizeipr\u00e4sidiums Rheinpfalz und der\njeweiligen Stadt- bzw. Kreisspitzen.<\/p>\n\n\n\n<p>Die vollumf\u00e4nglichen Rechtsverordnungen finden Sie unter <a href=\"http:\/\/www.corona.rlp.de\">www.corona.rlp.de<\/a> oder bei der f\u00fcr Ihren Wohnort zust\u00e4ndigen Verwaltung.<\/p>\n\n\n\n<p><em>Gemeinsame Pressemeldung des Polizeipr\u00e4sidiums Rheinpfalz, der St\u00e4dte Ludwigshafen am Rhein, Frankenthal (Pfalz) und Speyer sowie des Rhein-Pfalz-Kreises<br>31.12.2020<\/em><\/p>\n\n\n\n<h2 class=\"wp-block-heading\"><strong>Regeln und Beschr\u00e4nkungen f\u00fcr die Silvesternacht 2020\/21<\/strong><\/h2>\n\n\n\n<figure class=\"wp-block-image\"><img decoding=\"async\" src=\"https:\/\/speyer24news.com\/wp-content\/uploads\/2020\/12\/Corona-Ausgangsbeschr\u00e4nkung.jpg\" alt=\"\" class=\"wp-image-31467\"\/><\/figure>\n\n\n\n<p>Auch das Jahresende unterliegt\nden pandemiebedingten Beschr\u00e4nkungen und es wird zu Silvester und Neujahr keine\nLockerungen geben. <\/p>\n\n\n\n<p>Gem\u00e4\u00df der 14.\nCorona-Bek\u00e4mpfungsverordnung des Landes Rheinland-Pfalz d\u00fcrfen sich maximal\nf\u00fcnf Personen aus zwei Haushalten treffen, wobei Kinder unter 14 Jahren nicht\nmitz\u00e4hlen. Au\u00dferdem gilt weiterhin ein generelles An- und Versammlungsverbot,\nalso auch Treffen vor dem Haus mit mehreren Nachbarn oder \u00c4hnliches sowie der\nKonsum von alkoholischen Getr\u00e4nken in der \u00d6ffentlichkeit bleiben untersagt. <\/p>\n\n\n\n<p>F\u00fcr den Rhein-Pfalz-Kreis gilt\nentsprechend der Allgemeinverf\u00fcgung eine n\u00e4chtliche Ausgangsbeschr\u00e4nkung zwischen\n21 und 5 Uhr. Diese wird auch an Silvester\/Neujahr nicht gelockert werden. Nach\n21 Uhr darf sich also nur noch drau\u00dfen aufhalten, wer nach der aktuellen\nAllgemeinverf\u00fcgung einen triftigen Grund daf\u00fcr hat. Diese Regelung hat noch bis\nmindestens 10. Januar 2021 Bestand. Das Nichtbeachten der Ausgangsbeschr\u00e4nkung kann\nmit einem Bu\u00dfgeld in H\u00f6he von 100 Euro pro beteiligter Person geahndet werden.<\/p>\n\n\n\n<p>Des Weiteren ist ein\ngenerelles Abbrennverbot von Feuerwerk und Pyrotechnik auf \u00f6ffentlichen Stra\u00dfen\nund Pl\u00e4tzen sowie ein allgemeines Verkaufs- und Erwerbsverbot solcher gegeben.\nAltbest\u00e4nde dieser Art d\u00fcrfen nur auf Privatgel\u00e4nde abgebrannt werden. Der\nHintergrund f\u00fcr diese Ma\u00dfnahme ist die momentan immer noch kritische Situation\nin den umliegenden Krankenh\u00e4usern. Da die Verletzungsgefahr beim Abbrennen von\nPyrotechnik erfahrungsgem\u00e4\u00df hoch ist, sollte auf das \u201aB\u00f6llern\u2018 in diesem Jahr\nzu verzichten werden, um nicht weitere Kapazit\u00e4ten in den Krankenh\u00e4usern zu\nbinden. <\/p>\n\n\n\n<p>Die Kreisverwaltung Rhein-Pfalz-Kreis appelliert an die Vernunft der B\u00fcrgerinnen und B\u00fcrger und bittet um Verst\u00e4ndnis f\u00fcr die Ma\u00dfnahmen. Gemeinsam werden wir durchhalten und zusammenzuhalten, um hoffnungsvoll in das neue Jahr zu gehen. <\/p>\n\n\n\n<p><em>Kreisverwaltung Rhein-Pfalz-Kreis<br>31.12.2020<\/em><\/p>\n","protected":false},"excerpt":{"rendered":"<div class=\"mh-excerpt\"><p>Corona Coronavirus: Aktuelle Fallzahlen im Zust\u00e4ndigkeitsbereich des Gesundheitsamtes Rhein-Pfalz-Kreis In den Zust\u00e4ndigkeitsbereich des Gesundheitsamtes Rhein-Pfalz-Kreis geh\u00f6ren neben dem Rhein-Pfalz-Kreis auch die St\u00e4dte Ludwigshafen, Frankenthal und Speyer. Die Zahlen der mit dem Coronavirus infizierten Personen seit <a class=\"mh-excerpt-more\" href=\"https:\/\/speyer24news.com\/?p=31962\" title=\"Rhein-Pfalz-Kreis\">[&#8230;]<\/a><\/p>\n<\/div>","protected":false},"author":3,"featured_media":0,"comment_status":"open","ping_status":"open","sticky":false,"template":"","format":"standard","meta":{"_monsterinsights_skip_tracking":false,"_monsterinsights_sitenote_active":false,"_monsterinsights_sitenote_note":"","_monsterinsights_sitenote_category":0,"footnotes":""},"categories":[1564],"tags":[6401,8741,9176,5904,9175,8706,6634,9177,427,1565,9161,9165,9178],"aioseo_notices":[],"amp_enabled":true,"_links":{"self":[{"href":"https:\/\/speyer24news.com\/index.php?rest_route=\/wp\/v2\/posts\/31962"}],"collection":[{"href":"https:\/\/speyer24news.com\/index.php?rest_route=\/wp\/v2\/posts"}],"about":[{"href":"https:\/\/speyer24news.com\/index.php?rest_route=\/wp\/v2\/types\/post"}],"author":[{"embeddable":true,"href":"https:\/\/speyer24news.com\/index.php?rest_route=\/wp\/v2\/users\/3"}],"replies":[{"embeddable":true,"href":"https:\/\/speyer24news.com\/index.php?rest_route=%2Fwp%2Fv2%2Fcomments&post=31962"}],"version-history":[{"count":2,"href":"https:\/\/speyer24news.com\/index.php?rest_route=\/wp\/v2\/posts\/31962\/revisions"}],"predecessor-version":[{"id":31964,"href":"https:\/\/speyer24news.com\/index.php?rest_route=\/wp\/v2\/posts\/31962\/revisions\/31964"}],"wp:attachment":[{"href":"https:\/\/speyer24news.com\/index.php?rest_route=%2Fwp%2Fv2%2Fmedia&parent=31962"}],"wp:term":[{"taxonomy":"category","embeddable":true,"href":"https:\/\/speyer24news.com\/index.php?rest_route=%2Fwp%2Fv2%2Fcategories&post=31962"},{"taxonomy":"post_tag","embeddable":true,"href":"https:\/\/speyer24news.com\/index.php?rest_route=%2Fwp%2Fv2%2Ftags&post=31962"}],"curies":[{"name":"wp","href":"https:\/\/api.w.org\/{rel}","templated":true}]}}