{"id":32032,"date":"2021-01-04T07:36:45","date_gmt":"2021-01-04T06:36:45","guid":{"rendered":"https:\/\/speyer24news.com\/?p=32032"},"modified":"2021-01-04T07:36:47","modified_gmt":"2021-01-04T06:36:47","slug":"polizei-457","status":"publish","type":"post","link":"https:\/\/speyer24news.com\/?p=32032","title":{"rendered":"Polizei"},"content":{"rendered":"<style type=\"text\/css\">\r\n\t.ads_top_disp{}\r\n\t.ads_top_corner_disp{ float:left; margin:0px 10px 10px 0px; }\r\n\t.ads_first_p_disp{}\r\n\t.ads_bottom_disp{}\r\n\t<\/style>\n<h2 class=\"wp-block-heading\">Polizeimeldungen vom Sonntag (03.01.2020)<\/h2>\n\n\n\n<div class=\"wp-block-image\"><figure class=\"aligncenter\"><img decoding=\"async\" src=\"https:\/\/speyer24news.com\/wp-content\/uploads\/2020\/01\/Aktuelles-Polizeilogo.jpg\" alt=\"\" class=\"wp-image-23832\"\/><\/figure><\/div>\n\n\n\n<h4 class=\"wp-block-heading\">(Speyer) &#8211; Verkehrsunfall mit hohem Sachschaden<\/h4>\n\n\n\n<p>Sachschaden in H\u00f6he von ca. 10.000 Euro entstand am Samstag bei einem Verkehrsunfall in Speyer-S\u00fcd.<\/p>\n\n\n\n<p>Ein 43j\u00e4hriger PKW-Fahrer \u00fcbersah hierbei an der Kreuzung Am neuen Rheinhafen \/ Heinkelstra\u00dfe den vorfahrtsberechtigten PKW eines 20j\u00e4hrigen Mannes und kollidierte mit diesem.<\/p>\n\n\n\n<p>Beide Beteiligte blieben gl\u00fccklicherweise unverletzt, die stark besch\u00e4digten Fahrzeuge mussten abgeschleppt werden.<\/p>\n\n\n\n<h4 class=\"wp-block-heading\">(Altrip) &#8211; Verkehrsunfallflucht<\/h4>\n\n\n\n<p>In dem Zeitraum von Donnerstag (13:00 Uhr) bis Freitag (17:00 Uhr) wurde ein in der Wilhelmstra\u00dfe am Stra\u00dfenrand geparkter roter Mazda durch ein bislang unbekanntes Fahrzeug besch\u00e4digt. Der Unfallverursacher entfernte sich unerlaubt von der Unfallstelle. Zeugen, die Hinweise zu dem Unfallgeschehen bzw. dem fl\u00fcchtenden Fahrzeug geben k\u00f6nnen, werden gebeten, sich mit der Polizeiinspektion Schifferstadt unter 06235 495-0 oder\u00a0<a href=\"mailto:pischifferstadt@polizei.rlp.de\">pischifferstadt@polizei.rlp.de<\/a>\u00a0in Verbindung zu setzen.<\/p>\n\n\n\n<h4 class=\"wp-block-heading\">(Mutterstadt) &#8211; Besch\u00e4digung von Laternen<\/h4>\n\n\n\n<p>In der Neujahrsnacht wurde Am Speyerer Weg das Glas von mehreren Stra\u00dfenlaternen mutwillig besch\u00e4digt. Zeugen, die Hinweise zu dem Tatgeschehen geben k\u00f6nnen, werden gebeten, sich mit der Polizeiinspektion Schifferstadt unter 06235 495-0 oder\u00a0<a href=\"mailto:pischifferstadt@polizei.rlp.de\">pischifferstadt@polizei.rlp.de<\/a>\u00a0in Verbindung zu setzen.<\/p>\n\n\n\n<h4 class=\"wp-block-heading\">(Hochdorf-Assenheim) &#8211; Sachbesch\u00e4digung durch Feuer<\/h4>\n\n\n\n<p>Am 02.01., gegen 20:45 Uhr, wurde ein gr\u00f6\u00dferes Feuer auf einem Feld, H\u00f6he Hochdorf-Assenheim, in der N\u00e4he der A65 gemeldet. Vor Ort konnte festgestellt werden, dass durch unbekannte T\u00e4ter Holz, welches unter einer Plane lag, in Brand gesetzt wurde. Das Feuer wurde durch die alarmierte Feuerwehr gel\u00f6scht. Zeugen, die Hinweise zu dem Tatgeschehen geben k\u00f6nnen, werden gebeten, sich mit der Polizeiinspektion Schifferstadt unter 06235 495-0 oder\u00a0<a href=\"mailto:pischifferstadt@polizei.rlp.de\">pischifferstadt@polizei.rlp.de<\/a>\u00a0in Verbindung zu setzen.<\/p>\n\n\n\n<h4 class=\"wp-block-heading\">(Zeiskam) &#8211; Jugendliche Taxibetr\u00fcger ermittelt<\/h4>\n\n\n\n<p>Am Samstagabend bestellten ein 15-J\u00e4hriger und sein ein Jahr \u00e4lterer Freund telefonisch ein Taxi an den Paradeplatz in Germersheim und lie\u00dfen sich nach Zeiskam fahren. Am Fahrtziel angekommen, fl\u00fcchteten beide unvermittelt aus dem Taxi und brachten so den Fahrer um seinen Lohn. Anhand der verwendeten Handynummer konnten die beiden Jugendlichen ermittelt werden und m\u00fcssen sich nun wegen des von ihnen begangenen Betruges verantworten.<\/p>\n\n\n\n<h4 class=\"wp-block-heading\">(Leimersheim) &#8211; Mit Drogencocktail am Steuer<\/h4>\n\n\n\n<p>Am Samstag musste ein BMW-Fahrer nach einer Verkehrskontrolle sein Fahrzeug stehen lassen. Gegen 15:45 Uhr kontrollierten Beamte der Polizeiinspektion Germersheim den 29-J\u00e4hrigen Fahrzeugf\u00fchrer. Im Rahmen der Verkehrskontrolle wurden Hinweise auf einen Bet\u00e4ubungsmittelkonsum festgestellt. Ein Drogenschnelltest schlug in der Folge auf Kokain, Amphetamin und Cannabis an, sodass dem Fahrer eine Blutprobe entnommen und die Weiterfahrt untersagt wurde. Ihm drohen nun ein empfindliches Bu\u00dfgeld sowie ein Fahrverbot.<\/p>\n\n\n\n<h4 class=\"wp-block-heading\">(Rheinzabern) &#8211; Sachbesch\u00e4digung in Rheinzabern<\/h4>\n\n\n\n<p>Am 01.01.2021 meldet um 23:45 Uhr eine Zeugin, dass aktuell gerade die Scheiben an der \u00dcberdachung am Bahnhaltepunkt &#8222;Alte R\u00f6merstra\u00dfe&#8220; besch\u00e4digt werden. 2 m\u00e4nnliche Personen zerschlagen mit Gegenst\u00e4nden, vermutlich Hammer o.\u00e4., die Scheiben des Carports f\u00fcr Fahrr\u00e4der. Die Streifen der Polizeiinspektion W\u00f6rth fuhren sofort die Tat\u00f6rtlichkeit an. Noch auf der Anfahrt berichtet die Zeugin telefonisch, dass die beiden M\u00e4nner nach dem Vandalismus in einen PKW einstiegen und wegfuhren. Die Streifen vor Ort und im Nahbereich konnten leider die 2 M\u00e4nner und das Fluchtfahrzeug nicht mehr feststellen. Jugendliche, die sich zum Tatzeitpunkt unweit des Haltepunktes aufhielten, best\u00e4tigten die telefonischen Angaben der Zeugin, sie konnten als T\u00e4ter zweifelsfrei ausgeschlossen werden. Au\u00dfer den 3 zerborstenen Glasscheiben konnte noch ein umgeknicktes Verkehrsschild festgestellt werden, welches vermutlich ebenfalls von den beiden T\u00e4tern in Mitleidenschaft gezogen wurde. Ein Strafverfahren wurde eingeleitet. In vorliegender Sache bittet die Polizei W\u00f6rth um weitere Zeugenhinweise. Diese bitte unter der Rufnummer 07271-92210 oder per mail an&nbsp;<a href=\"mailto:piwoerth@polizei.rlp.de\">piwoerth@polizei.rlp.de<\/a>&nbsp;angeben.<\/p>\n\n\n\n<h4 class=\"wp-block-heading\">(W\u00f6rth) &#8211; Brand einer M\u00fclltonne in W\u00f6rth<\/h4>\n\n\n\n<p>Der 73-j\u00e4hrige Anwohner sch\u00fcttete am 01.01.2021 gegen 10 Uhr in der Heinrich-Heine-Stra\u00dfe in W\u00f6rth die angeblich erkaltete Asche seines Ofens in die M\u00fclltonne. Der Anwohner dachte irrt\u00fcmlich, dass die Asche abgek\u00fchlt sei. Wenig sp\u00e4ter entz\u00fcndete nach derzeitigem Stand der Ermittlungen diese Asche den Inhalt der M\u00fclltonne, weshalb es zum Brand kam. Durch den Brand der M\u00fclltonne wurde die Hausfassade im Mitleidenschaft gezogen. Durch den schnellen Einsatz der Feuerwehr W\u00f6rth konnten noch schlimmere Brandsch\u00e4den oder gar Gefahren f\u00fcr Personen verhindert werden. Sachschaden d\u00fcrfte bei mehreren 1000 Euro liegen.<\/p>\n\n\n\n<h4 class=\"wp-block-heading\">(Hagenbach) &#8211; Ruhest\u00f6rung durch M\u00e4harbeiten am Feiertag in Hagenbach<\/h4>\n\n\n\n<p>Ein 71-j\u00e4hriger Bewohner der Stadt Hagenbach m\u00e4hte am 01.01.2021 gegen 11:40 Uhr den Rasen auf seinem Anwesen. Trotz Ansprache durch die Nachbarschaft stellte der tatkr\u00e4ftige Mann seine Arbeit nicht ein. Erst durch die Streife vor Ort nach Hinweis auf die Feiertagsbestimmungen stellte der Anwohner seine M\u00e4harbeit ein. Der Vorfall wird zur Entscheidung bzgl. der Sanktionierung an die Verbandsgemeinde Hagenbach abgegeben.<\/p>\n\n\n\n<h4 class=\"wp-block-heading\">(Kandel) &#8211; Erneutes Fahren ohne Fahrerlaubnis<\/h4>\n\n\n\n<p>Am 02.01.2021 befuhr um 14:30 Uhr die aufmerksame Streifenbesatzung der Polizeiinspektion W\u00f6rth in Kandel die Nansenstra\u00dfe und konnte dort einen Citroen mit GER-Kennzeichen im Flie\u00dfverkehr feststellen. Da das Fahrzeug und der vermutete Fahrer aus vorangegangenen Eins\u00e4tzen bekannt war, wurde der PKW einer Verkehrskontrolle unterzogen. Als Fahrer konnte der vermutete 49-j\u00e4hrige Mann aus Kandel festgestellt werden. Aufgrund vorangegangener Verfahren war bekannt, dass der kontrollierte Autofahrer nicht im Besitz einer Fahrerlaubnis ist. Der Kraftfahrer r\u00e4umte auch den jetzigen Versto\u00df ein, die Autofahrt wurde vor Ort beendet, ein Strafverfahren eingeleitet. Da der Kraftfahrer bereits mehrfach in gleicher Sache in Erscheinung trat, d\u00fcrfte die Sanktionierung der Staatsanwaltschaft Landau entsprechend h\u00f6her ausfallen.<\/p>\n\n\n\n<h4 class=\"wp-block-heading\">(Landau) &#8211; Auch im neuen Jahr nichts dazu gelernt<\/h4>\n\n\n\n<p>Am 02.01.2021 gegen 20:30 Uhr wurden im Rahmen einer allgemeinen Verkehrskontrolle, im Bereich Horststra\u00dfe, bei dem 46-j\u00e4hrigen PKW-Fahrer aus Landau, drogentypische Auff\u00e4lligkeiten festgestellt. Ein vor Ort durchgef\u00fchrter Schnelltest best\u00e4tigte den Verdacht der Beamten. Dieser reagierte positiv auf THC. Dem Mann wurde eine Blutprobe entnommen. Sein F\u00fchrerschein wurde sichergestellt. Erst im November letzten Jahres war der Mann in gleicher Sache auff\u00e4llig. Damals konsumierte dieser vor Fahrtantritt Cannabis und Amphetamin.<\/p>\n\n\n\n<h4 class=\"wp-block-heading\">(Landau) &#8211;\u00a0Mehrere Joints zu Silvester<\/h4>\n\n\n\n<p>Unter dem Einfluss von Bet\u00e4ubungsmitteln wurde am 02.01.2021 gegen 18:00 Uhr ein 21 Jahre alter Verkehrsteilnehmer aus Landau festgestellt. Dieser wurde mit seinem PKW im Bereich Wei\u00dfenburger Stra\u00dfe von Beamten der Polizei Landau kontrolliert. Hierbei wurde bekannt, dass der junge Mann an Silvester mehrere Joints konsumierte. Ein vor Ort durchgef\u00fchrter Drogenvortest bet\u00e4tigte dies. Dem jungen Mann wurde anschlie\u00dfend eine Blutprobe entnommen. Der F\u00fchrerschein wurde sichergestellt. Ihn erwartet nun ein Verfahren wegen Trunkenheit im Verkehr.<\/p>\n\n\n\n<h4 class=\"wp-block-heading\">(Edenkoben und Maikammer) &#8211; Aktuelle Verkehrssituation<\/h4>\n\n\n\n<p>Die Zufahrt zum Kalmitparkplatz wurde mittlerweile ( 03.01.2021 \u2013 13:13) wegen \u00dcberf\u00fcllung gesperrt. Das Ordnungsamt Maikammer ist hierbei im Einsatz. Auch musste die K6 von Edenkoben kommend in Richtung Heldenstein aufgrund spiegelglatter Fahrbahn in Verbindung mit starkem Verkehrsaufkommen gesperrt werden. Die Stra\u00dfenmeisterei wurde hier\u00fcber informiert. Es wird aufgrund der geschilderten Verkehrssituation angeraten, die genannten Gebiete als heutiges Ausflugsziel nicht in Betracht zu ziehen.<\/p>\n\n\n\n<h4 class=\"wp-block-heading\">(Maikammer) &#8211; Kalmitparkplatz mal wieder hoffnungslos \u00fcberf\u00fcllt<\/h4>\n\n\n\n<p>Am Sonntag, den 03.01.2021, kam es zu einem neuerlichen Verkehrschaos auf dem Kalmitparkplatz (wir berichteten bereits mehrfach). Insgesamt 24 Kraftfahrzeuge waren falsch bzw. verkehrsbehindernd abgestellt, sodass der Flie\u00dfverkehr beeintr\u00e4chtigt war. Gegen die Falschparker wurden Ordnungswidrigkeitenanzeigen erstattet. In einem Zeitraum von 1,5 Stunden musste die Zufahrt zum Kalmitparkplatz gesperrt werden, da der Verkehr komplett zum Erliegen kam. Auch am heutigen Sonntag muss mit erh\u00f6htem Verkehrsaufkommen gerechnet werden. Die Polizei weist darauf hin, dass alle Parkverst\u00f6\u00dfe in diesem Zusammenhang strikt geahndet werden.<\/p>\n\n\n\n<h4 class=\"wp-block-heading\">(Maikammer) &#8211; W\u00e4re besser mal die Frau gefahren&#8230;.<\/h4>\n\n\n\n<p>Soeben wurde am 03.01.2021 gegen 12:45 Uhr auf der K32 bei Maikammer ein 24-j\u00e4hriger VW-Fahrer aus dem Kreis Germersheim einer allgemeinen Verkehrskontrolle unterzogen. Im Verlauf der Kontrolle stellte sich heraus, dass der Fahrer nicht im Besitz seiner g\u00fcltigen Fahrerlaubnis ist. Den F\u00fchrerschein musste er in der Vergangenheit aufgrund einer Verkehrsstraftat abgeben und hat diesen bisher nicht wiedererlangt. Auf dem Beifahrersitz sa\u00df die Lebensgef\u00e4hrtin des 24-j\u00e4hrigen. Diese hatte einen F\u00fchrerschein und konnte nach Beendigung der Kontrolle den VW Passt weiterfahren. Den 24-j\u00e4hrigen aus dem Kreis Germersheim erwartet nun ein Strafverfahren wegen Fahren ohne Fahrerlaubnis. Auch die F\u00fchrerscheinstelle wird hier\u00fcber in Kenntnis gesetzt. Zum Vorteil f\u00fcr die Wiedererlangung des F\u00fchrerscheins d\u00fcrfte ihm dies nicht gereichen.<\/p>\n\n\n\n<h4 class=\"wp-block-heading\">(Neustadt) &#8211; Promilletour durch Neustadt a.d. Weinstra\u00dfe<\/h4>\n\n\n\n<p>In der Nacht von 01.01.2021 auf 02.01.2021 konnten innerhalb von einer halben Stunde gleich zwei Fahrradfahrer in Neustadt a.d. Weinstra\u00dfe kontrolliert werden. Beide konnten jedoch bei ihrer n\u00e4chtlichen Tour ihre R\u00e4der nur noch in Schlangenlinien auf der Stra\u00dfe halten. Bei durchgef\u00fchrten Atemalkoholtests konnten Werte von 2,86 und 3,09 Promille festgestellt werden. Aufgrund der unerlaubten Substanz im Blut wurde die Weiterfahrt untersagt, beiden M\u00e4nnern im Alter von 23 und 63 Jahren wurde eine Blutprobe entnommen. Au\u00dferdem wurden Strafverfahren wegen Trunkenheit im Verkehr eingeleitet.<\/p>\n\n\n\n<h4 class=\"wp-block-heading\">(Frankenthal) &#8211; Unfallflucht und Alkoholkonsum f\u00fchren zu Beschlagnahme des F\u00fchrerscheins<\/h4>\n\n\n\n<p>Am fr\u00fchen Abend des 02.01.21 befuhr eine 47-j\u00e4hrige Frankenthalerin die Carl-Theodorstra\u00dfe, kam mit ihrem PKW aus zun\u00e4chst ungekl\u00e4rter Ursache auf die Gegenfahrbahn und kollidierte mit einem entgegenkommenden Fahrzeug. Ungeachtet dessen setzte die Dame ihre Fahrt weiter fort, woraufhin die Unfallgegnerin sofort die Polizei verst\u00e4ndigte. Die Unfallverursacherin konnte letztlich, vor ihrem Fahrzeug sitzend, im Innenstadtbereich angetroffen werden. Hier stellte sich heraus, dass die Fahrzeugf\u00fchrerin so stark alkoholisiert war, dass sie nur mit Hilfe der Polizeibeamten in der Lage war aufzustehen. Ein Atemalkoholtest brachte einen Atemalkoholgehalt von 2,86 Promille zu Tage. Der F\u00fchrerschein wurde daher beschlagnahmt und der Dame eine Blutprobe entnommen. Insgesamt entstand ein Unfallschaden in H\u00f6he von ca. 3500 EUR, verletzt wurde gl\u00fccklicherweise keiner der Beteiligten. Der Einfluss von Alkohol oder anderen berauschenden Mitteln stellt eine Hauptunfallursache dar. Wer berauscht f\u00e4hrt, gef\u00e4hrdet nicht nur sich, sondern auch Andere. Gegen die unter Alkoholeinfluss stehenden Unfallverursacherin wurde ein Ermittlungsverfahren wegen des Verdachtes der Stra\u00dfenverkehrsgef\u00e4hrdung, Verkehrsunfallflucht und Trunkenheitsfahrt eingeleitet. Der F\u00fchrerschein wurde beschlagnahmt und gegen sie kann eine Freiheitsstrafe bis zu f\u00fcnf Jahren oder eine Geldstrafe verh\u00e4ngt werden.<\/p>\n\n\n\n<h4 class=\"wp-block-heading\">(Ludwigshafen) &#8211; Verkehrsunfallflucht mit orangefarbenem VW T3 \/ Zeugen gesucht<\/h4>\n\n\n\n<p>Am 03.01.2021 gegen 17:00 Uhr kam es in der Carl-Clemm-Stra\u00dfe zu einer Verkehrsunfallflucht. Vermutlich bog ein orangefarbener VW T3 von der Carl-Clemm-Stra\u00dfe nach rechts in die Sedanstra\u00dfe ab und besch\u00e4digte hierbei das am Fahrbahnrand parkende Fahrzeug derart, dass die Hecksto\u00dfstange fast g\u00e4nzlich abgerissen wurde. Der Schaden des fl\u00fcchtigen Fahrzeuges befindet sich wohlm\u00f6glich auf der rechten Fahrzeugseite.<\/p>\n\n\n\n<p>Wer kann sachdienliche Hinweise zum fl\u00fcchtigen PKW machen?<\/p>\n\n\n\n<p>Zeugen werden gebeten, sich an die Polizeiinspektion Ludwigshafen 2, Telefonnummer 0621 963-2222 oder per E-Mail an\u00a0<a href=\"mailto:piludwigshafen2@polizei.rlp.de\">piludwigshafen2@polizei.rlp.de<\/a>\u00a0zu wenden.<\/p>\n\n\n\n<h4 class=\"wp-block-heading\">(Heidelberg-Weststadt) &#8211; Elektroroller in einer Tiefgarage in Brand geraten<\/h4>\n\n\n\n<p>Am Sonntagnachmittag, gegen 17.10 Uhr, wurde durch Anwohner eine massive Rauchentwicklung aus einer Tiefgarage in der Rohrbacher Stra\u00dfe gemeldet. Vor Ort konnte festgestellt werden, dass ein in der Tiefgarage abgestellter Elektroroller in Brand geraten war. Die Berufsfeuerwehr Heidelberg, die mit einem L\u00f6schzug vor Ort war, konnte den Brand rasch unter Kontrolle bringen und l\u00f6schen. Die Brandursache ist derzeit noch unklar und Gegenstand der Ermittlungen. Personen kamen nicht zu Schaden. Des Weiteren wurde durch das Brandgeschehen ein unmittelbar neben dem total ausgebrannten Roller weiterer Roller in Mitleidenschaft gezogen. Der Gesamtschaden wird auf ca. 6500,- Euro gesch\u00e4tzt. Das Polizeirevier Heidelberg-Mitte hat die Ermittlungen \u00fcbernommen.<\/p>\n\n\n\n<h4 class=\"wp-block-heading\">(Heidelberg) &#8211; Gro\u00dfer Andrang am K\u00f6nigstuhl in Heidelberg<\/h4>\n\n\n\n<p>Am Sonntagmorgen entschied sich offenbar eine Vielzahl von Menschen das Winterwetter zu nutzen und mit der Familie einen Ausflug im Bereich des K\u00f6nigstuhls zu unternehmen. Aufgrund der Erfahrungen der letzten Jahre wurden die Parkpl\u00e4tze und Anfahrtswege fr\u00fchzeitig von der Polizei \u00fcberwacht. Erst als die Parkpl\u00e4tze voll waren, die ersten Verkehrsbehinderungen des \u00f6ffentlichen Nahverkehrs durch Wildparker gemeldet wurden, entschied sich die Polizei gegen 11 Uhr dazu, die Zufahrtswege zum K\u00f6nigstuhl zu sperren. Nur so konnte gew\u00e4hrleistet werden, dass es nicht zu gr\u00f6\u00dferen Menschenansammlungen und den damit verbundenen Verst\u00f6\u00dfen gegen die Corona Verordnung kam. Trotz Hinweisen der Polizei in den sozialen Medien, dass die Zufahrten zum K\u00f6nigstuhl bereits gesperrt werden mussten, versuchten viele Besucher auf den K\u00f6nigstuhl zu gelangen indem sie z.b. noch in Gaiberg parkten und den Rest des Weges zu Fu\u00df liefen. Andere parkten verbotenerweise ihre Fahrzeuge in den abzweigenden Waldwegen. Durch das Polizeirevier Heidelberg-Mitte wurden 66 Verst\u00f6\u00dfe wegen Falschparkens und eine Owi-Anzeige wegen falscher Bereifung (Sommerreifen) festgestellt. Da der Andrang gegen 15 Uhr sp\u00fcrbar abnahm konnten die Sperrungen der Zufahrtswege wieder aufgehoben werden.<\/p>\n\n\n\n<h4 class=\"wp-block-heading\">(Heidelberg \/ B 37) &#8211; Unbekannte werfen Kieselsteine von Br\u00fccke, zwei Pkw besch\u00e4digt. Polizei sucht Zeugen<\/h4>\n\n\n\n<p>Am fr\u00fchen Samstagabend wurden die Frontscheiben an zwei auf der Bundesstra\u00dfe 37 in Heidelberg fahrenden Pkw besch\u00e4digt. Nach bisherigen Erkenntnissen warfen Unbekannte gegen 19.00 Uhr mehrere kleine Kieselsteine von der \u00fcber die B 37 f\u00fchrenden Br\u00fccke &#8222;Wieblinger Weg&#8220;. Hierdurch wurden die Frontscheiben eines Pkw Citroen und Pkw BMW getroffen, die entsprechend besch\u00e4digt wurden. Hinweise zu den unbekannten Personen konnten bislang nicht erlangt werden. Zeugen, die Hinweise zum Sachverhalt oder den unbekannten Personen geben k\u00f6nnen, werden gebeten, sich mit dem Polizeirevier Heidelberg-S\u00fcd, Tel.: 06221\/34180 in Verbindung zu setzen.<\/p>\n\n\n\n<h4 class=\"wp-block-heading\">(M\u00fchlhausen \/ Rhein-Neckar-Kreis) &#8211; Wildunfall \/ BMW-Fahrerin erfasst Reh<\/h4>\n\n\n\n<p>Am Samstagnachmittag, gegen 17.50 Uhr, befuhr eine 52-j\u00e4hrige BMW Fahrerin die Kreisstra\u00dfe 4271, von Tairnbach kommend, in Richtung M\u00fchlhausen. Unvermittelt querte hier ein Reh die Fahrbahn. Die 52-J\u00e4hrige konnten eine Kollision nicht mehr vermeiden und erfasste das Tier. W\u00e4hrend das Reh am Unfallort verendete blieb die Fahrzeuglenkerin unverletzt. Jedoch entstand an ihrem Pkw ein erheblicher Sachschaden, der auf ca. 7000,- Euro gesch\u00e4tzt wird.<\/p>\n\n\n\n<h4 class=\"wp-block-heading\">(Sinsheim-Waibstadt \/ Rhein-Neckar-Kreis) &#8211; Polizei beendet Grillparty<\/h4>\n\n\n\n<p>Am Samstagabend, gegen 20:15 Uhr, wurden Beamte des Polizeireviers Sinsheim nach Waibstadt gerufen, da in einem dortigen Hinterhof eine Griffparty mit einer gr\u00f6\u00dferen Personengruppe stattfinden w\u00fcrde. Tats\u00e4chlich konnten die Beamten in besagtem Hinterhof eine Grillparty am offenen Lagerfeuer feststellen, an der sich mindestens neun Personen aus unterschiedlichen Haushalten ohne Mundschutz und Mindestabstand beteiligt hatten. Weitere Teilnehmer hatten sich offensichtlich zuvor bereits entfernt. Mit dem polizeilichen Ende der Grillparty erwartet die festgestellten Teilnehmer nun ein saftiges Bu\u00dfgeld.<\/p>\n\n\n\n<h4 class=\"wp-block-heading\">(Lobbach-Lobenfeld \/ Rhein-Neckar-Kreis) &#8211; Einbruch in Lagerhalle \/ Zeugen gesucht<\/h4>\n\n\n\n<p>In der Zeit vom 31.12.2020 bis 02.01.2021 brachen ein oder mehrere Unbekannte in eine im Rohbau befindliche Lagerhalle in der Neurottstra\u00dfe ein. Der oder die T\u00e4ter \u00fcberwanden hierzu zun\u00e4chst einen Gitterzaun und verschafften so Zutritt in die Halle. In der weiteren Folge brachen der oder die T\u00e4ter einen abgeschlossenen Raum und einen Container auf. Nach bisherigen Erkenntnissen wurden ein Stromaggregat, ein Schwei\u00dfger\u00e4t, ein Akku-Schrauber, eine Flex und ein Radio entwendet. Der Diebstahlsschaden wird mit 1550,- Euro beziffert. Der entstandene Sachschaden bel\u00e4uft sich auf ca. 300,- Euro. Die weiteren Ermittlungen werden durch Polizeirevier Neckargem\u00fcnd gef\u00fchrt. Zeugen und\/oder Anwohner, die im fraglichen Zeitraum verd\u00e4chtige Wahrnehmungen gemacht haben, werden gebeten Kontakt mit dem Polizeirevier Neckargem\u00fcnd, Tel.: 06223\/9254-0 aufzunehmen.<\/p>\n","protected":false},"excerpt":{"rendered":"<div class=\"mh-excerpt\"><p>Polizeimeldungen vom Sonntag (03.01.2020) (Speyer) &#8211; Verkehrsunfall mit hohem Sachschaden Sachschaden in H\u00f6he von ca. 10.000 Euro entstand am Samstag bei einem Verkehrsunfall in Speyer-S\u00fcd. Ein 43j\u00e4hriger PKW-Fahrer \u00fcbersah hierbei an der Kreuzung Am neuen <a class=\"mh-excerpt-more\" href=\"https:\/\/speyer24news.com\/?p=32032\" title=\"Polizei\">[&#8230;]<\/a><\/p>\n<\/div>","protected":false},"author":3,"featured_media":0,"comment_status":"open","ping_status":"open","sticky":false,"template":"","format":"standard","meta":{"_monsterinsights_skip_tracking":false,"_monsterinsights_sitenote_active":false,"_monsterinsights_sitenote_note":"","_monsterinsights_sitenote_category":0,"footnotes":""},"categories":[12],"tags":[3614,61,2555,6955,6986,6263,63,105,6987,53,4854,4683,1548,102,213,55,5261,103,106,2803,2423,427,2625,380,104,979,1565],"aioseo_notices":[],"amp_enabled":true,"_links":{"self":[{"href":"https:\/\/speyer24news.com\/index.php?rest_route=\/wp\/v2\/posts\/32032"}],"collection":[{"href":"https:\/\/speyer24news.com\/index.php?rest_route=\/wp\/v2\/posts"}],"about":[{"href":"https:\/\/speyer24news.com\/index.php?rest_route=\/wp\/v2\/types\/post"}],"author":[{"embeddable":true,"href":"https:\/\/speyer24news.com\/index.php?rest_route=\/wp\/v2\/users\/3"}],"replies":[{"embeddable":true,"href":"https:\/\/speyer24news.com\/index.php?rest_route=%2Fwp%2Fv2%2Fcomments&post=32032"}],"version-history":[{"count":1,"href":"https:\/\/speyer24news.com\/index.php?rest_route=\/wp\/v2\/posts\/32032\/revisions"}],"predecessor-version":[{"id":32033,"href":"https:\/\/speyer24news.com\/index.php?rest_route=\/wp\/v2\/posts\/32032\/revisions\/32033"}],"wp:attachment":[{"href":"https:\/\/speyer24news.com\/index.php?rest_route=%2Fwp%2Fv2%2Fmedia&parent=32032"}],"wp:term":[{"taxonomy":"category","embeddable":true,"href":"https:\/\/speyer24news.com\/index.php?rest_route=%2Fwp%2Fv2%2Fcategories&post=32032"},{"taxonomy":"post_tag","embeddable":true,"href":"https:\/\/speyer24news.com\/index.php?rest_route=%2Fwp%2Fv2%2Ftags&post=32032"}],"curies":[{"name":"wp","href":"https:\/\/api.w.org\/{rel}","templated":true}]}}