{"id":32034,"date":"2021-01-04T07:50:48","date_gmt":"2021-01-04T06:50:48","guid":{"rendered":"https:\/\/speyer24news.com\/?p=32034"},"modified":"2021-01-04T07:50:49","modified_gmt":"2021-01-04T06:50:49","slug":"corona-3","status":"publish","type":"post","link":"https:\/\/speyer24news.com\/?p=32034","title":{"rendered":"Corona"},"content":{"rendered":"<style type=\"text\/css\">\r\n\t.ads_top_disp{}\r\n\t.ads_top_corner_disp{ float:left; margin:0px 10px 10px 0px; }\r\n\t.ads_first_p_disp{}\r\n\t.ads_bottom_disp{}\r\n\t<\/style>\n<h2 class=\"wp-block-heading\">Fallzahlen vom Sonntag, 03.01.2020<\/h2>\n\n\n\n<figure class=\"wp-block-image\"><img decoding=\"async\" loading=\"lazy\" width=\"800\" height=\"400\" src=\"https:\/\/speyer24news.com\/wp-content\/uploads\/2020\/02\/virus-1812092_1920.jpg\" alt=\"\" class=\"wp-image-25128\" srcset=\"https:\/\/speyer24news.com\/wp-content\/uploads\/2020\/02\/virus-1812092_1920.jpg 800w, https:\/\/speyer24news.com\/wp-content\/uploads\/2020\/02\/virus-1812092_1920-300x150.jpg 300w, https:\/\/speyer24news.com\/wp-content\/uploads\/2020\/02\/virus-1812092_1920-768x384.jpg 768w\" sizes=\"(max-width: 800px) 100vw, 800px\" \/><\/figure>\n\n\n\n<p>Anzahl best\u00e4tigter F\u00e4lle von Coronavirus (SARS-CoV-2)-Infektionen in der Stadt Speyer: 1721 (+ 7)<br>Davon bereits genesen: 1129<br>Todesf\u00e4lle: 23 (+\/- 0)<br>Gemeldete F\u00e4lle der letzten sieben Tage pro 100.000 Einwohner*innen: 239,3 (- 26,7)<br>Warnstufe: Rot<\/p>\n\n\n\n<p>Stand: 03.01.2021,\u00a011:10 Uhr<\/p>\n\n\n\n<p><em>Landesuntersuchungsamt Rheinland-Pfalz<br>04.01.2021<\/em><\/p>\n\n\n\n<h2 class=\"wp-block-heading\">Ministerpr\u00e4sidentin Malu Dreyer: Zahlen runter, Freiheit rauf<\/h2>\n\n\n\n<div class=\"wp-block-image\"><figure class=\"aligncenter\"><img decoding=\"async\" src=\"https:\/\/speyer24news.com\/wp-content\/uploads\/2021\/01\/Dreyer-Malu-Ministerpr\u00e4sidentin-RlP-SPD.jpg\" alt=\"\" class=\"wp-image-32035\"\/><\/figure><\/div>\n\n\n\n<p>Ministerpr\u00e4sidentin Malu Dreyer setzt weiterhin alles daran, die Infektionszahlen zu senken, um das \u00f6ffentliche Leben bald wieder schrittweise hochfahren zu k\u00f6nnen.&nbsp;\u201eDaf\u00fcr testen und impfen wir in Rheinland-Pfalz besonders gef\u00e4hrdete Gruppen oft und schnell. Wir setzen auf Schutz und Impfbereitschaft. Auch ich werde mich impfen lassen, sobald ich an der Reihe bin. Es ist ein Schutz f\u00fcr sich und f\u00fcr andere\u201c, sagte die Ministerpr\u00e4sidentin vor dem Bund-L\u00e4nder-Gespr\u00e4ch. Die durchschnittliche Inzidenz in Deutschland sei noch immer viel zu hoch. \u201eDie Inzidenz ist nicht das einzige Kriterium. Unser Gesundheitssystem ist robust, aber die Mitarbeiter und Mitarbeiterinnen in den Kliniken und Gesundheits\u00e4mtern arbeiten seit Monaten am Limit, um Menschenleben zu retten. Hinzu kommt, dass die Auswirkungen von Weihnachten und Silvester fr\u00fchestens in einer Woche sichtbar werden. Wir k\u00f6nnen daher noch keine Lockerungen vornehmen, aber wir arbeiten weiter daran, wie wir das \u00f6ffentliche Leben wieder hochfahren k\u00f6nnen.\u201c<\/p>\n\n\n\n<h4 class=\"wp-block-heading\">Fernunterricht&nbsp;bis 15. Januar&nbsp;&#8211; mehr Tests f\u00fcr Erzieher und Lehrer<\/h4>\n\n\n\n<p>\u201eWir wollen Planungssicherheit f\u00fcr Familien und Sicherheit f\u00fcr Erzieher und Erzieherinnen, deswegen kann sich das Personal in unseren Kindertagesst\u00e4tten vom&nbsp;4.&nbsp;&nbsp;bis 18. Januar 2021&nbsp;einmal anlasslos testen lassen. Neu ist auch, dass sie sich k\u00fcnftig auch dann testen lassen k\u00f6nnen, wenn sie Kontaktperson der Kategorie 2 sind,\u201c sagte Ministerpr\u00e4sidentin Malu Dreyer. \u201eDas wird auch f\u00fcr Lehrkr\u00e4fte gelten, wenn&nbsp;&nbsp;der Pr\u00e4senzunterricht wieder beginnt.\u201c<\/p>\n\n\n\n<p>Die Landesregierung hatte bereits vor Weihnachten f\u00fcr Planungssicherheit gesorgt und festgelegt, dass\u00a0bis zum 15. Januar 2021\u00a0Fernunterricht stattfinden wird. Er sei das mildere Mittel im Vergleich zur Schulschlie\u00dfung oder Ferienverl\u00e4ngerung. Abiturpr\u00fcfungen finden in Rheinland-Pfalz statt.\u00a0Die Kitas bleiben offen f\u00fcr die, die sonst keine Betreuung haben.<\/p>\n\n\n\n<p><em>Staatskanzlei Rheinland-Pfalz<br>04.01.2021<\/em><\/p>\n","protected":false},"excerpt":{"rendered":"<div class=\"mh-excerpt\"><p>Fallzahlen vom Sonntag, 03.01.2020 Anzahl best\u00e4tigter F\u00e4lle von Coronavirus (SARS-CoV-2)-Infektionen in der Stadt Speyer: 1721 (+ 7)Davon bereits genesen: 1129Todesf\u00e4lle: 23 (+\/- 0)Gemeldete F\u00e4lle der letzten sieben Tage pro 100.000 Einwohner*innen: 239,3 (- 26,7)Warnstufe: Rot <a class=\"mh-excerpt-more\" href=\"https:\/\/speyer24news.com\/?p=32034\" title=\"Corona\">[&#8230;]<\/a><\/p>\n<\/div>","protected":false},"author":3,"featured_media":25126,"comment_status":"open","ping_status":"open","sticky":false,"template":"","format":"standard","meta":{"_monsterinsights_skip_tracking":false,"_monsterinsights_sitenote_active":false,"_monsterinsights_sitenote_note":"","_monsterinsights_sitenote_category":0,"footnotes":""},"categories":[5462],"tags":[6401,6367,8600,6940,6359,6370,5904,6358,7003,5801,6342,9203,9204,1537,4124],"aioseo_notices":[],"amp_enabled":true,"_links":{"self":[{"href":"https:\/\/speyer24news.com\/index.php?rest_route=\/wp\/v2\/posts\/32034"}],"collection":[{"href":"https:\/\/speyer24news.com\/index.php?rest_route=\/wp\/v2\/posts"}],"about":[{"href":"https:\/\/speyer24news.com\/index.php?rest_route=\/wp\/v2\/types\/post"}],"author":[{"embeddable":true,"href":"https:\/\/speyer24news.com\/index.php?rest_route=\/wp\/v2\/users\/3"}],"replies":[{"embeddable":true,"href":"https:\/\/speyer24news.com\/index.php?rest_route=%2Fwp%2Fv2%2Fcomments&post=32034"}],"version-history":[{"count":1,"href":"https:\/\/speyer24news.com\/index.php?rest_route=\/wp\/v2\/posts\/32034\/revisions"}],"predecessor-version":[{"id":32036,"href":"https:\/\/speyer24news.com\/index.php?rest_route=\/wp\/v2\/posts\/32034\/revisions\/32036"}],"wp:featuredmedia":[{"embeddable":true,"href":"https:\/\/speyer24news.com\/index.php?rest_route=\/wp\/v2\/media\/25126"}],"wp:attachment":[{"href":"https:\/\/speyer24news.com\/index.php?rest_route=%2Fwp%2Fv2%2Fmedia&parent=32034"}],"wp:term":[{"taxonomy":"category","embeddable":true,"href":"https:\/\/speyer24news.com\/index.php?rest_route=%2Fwp%2Fv2%2Fcategories&post=32034"},{"taxonomy":"post_tag","embeddable":true,"href":"https:\/\/speyer24news.com\/index.php?rest_route=%2Fwp%2Fv2%2Ftags&post=32034"}],"curies":[{"name":"wp","href":"https:\/\/api.w.org\/{rel}","templated":true}]}}