{"id":32037,"date":"2021-01-04T08:10:11","date_gmt":"2021-01-04T07:10:11","guid":{"rendered":"https:\/\/speyer24news.com\/?p=32037"},"modified":"2021-01-04T08:10:12","modified_gmt":"2021-01-04T07:10:12","slug":"corona-kreis-germersheim","status":"publish","type":"post","link":"https:\/\/speyer24news.com\/?p=32037","title":{"rendered":"Corona \/ Kreis Germersheim"},"content":{"rendered":"<style type=\"text\/css\">\r\n\t.ads_top_disp{}\r\n\t.ads_top_corner_disp{ float:left; margin:0px 10px 10px 0px; }\r\n\t.ads_first_p_disp{}\r\n\t.ads_bottom_disp{}\r\n\t<\/style>\n<h2 class=\"wp-block-heading\"><strong>Erste Corona-Schutzimpfungen im Landkreis Germersheim<\/strong><\/h2>\n\n\n\n<h3 class=\"wp-block-heading\"><strong>Landrat Brechtel und Parlamentarischer Staatssekret\u00e4r Gebhart: Ein guter Auftakt f\u00fcr das Jahr 2021 und ein Grund f\u00fcr Optimismus!<\/strong><\/h3>\n\n\n\n<figure class=\"wp-block-image\"><img decoding=\"async\" loading=\"lazy\" width=\"800\" height=\"535\" src=\"https:\/\/speyer24news.com\/wp-content\/uploads\/2021\/01\/Coronaimpfung.jpg\" alt=\"\" class=\"wp-image-32040\" srcset=\"https:\/\/speyer24news.com\/wp-content\/uploads\/2021\/01\/Coronaimpfung.jpg 800w, https:\/\/speyer24news.com\/wp-content\/uploads\/2021\/01\/Coronaimpfung-300x201.jpg 300w, https:\/\/speyer24news.com\/wp-content\/uploads\/2021\/01\/Coronaimpfung-768x514.jpg 768w\" sizes=\"(max-width: 800px) 100vw, 800px\" \/><\/figure>\n\n\n\n<p>Im Landkreis Germersheim haben die Corona-Schutzimpfungen begonnen. Am 1. Januar 2021 wurde in der ersten Senioreneinrichtung, im Altenpflegeheim Palatina Westheim, rund 50 Personen geimpft. \u201eDas ist ein guter Start in das Jahr 2021. Ich bin froh, dass die Impfungen bei uns nun angelaufen sind und wir somit optimistisch auf das vor uns liegende Jahr schauen d\u00fcrfen\u201c, so Landrat Dr. Fritz Brechtel. Den Auftakt der Impfungen begleiteten er und der Parlamentarische Staatssekret\u00e4r beim Bundesminister f\u00fcr Gesundheit, Dr. Thomas Gebhart. Gebhart zeigte sich zuversichtlich, \u201edass wir mit Hilfe der Impfungen im neuen Jahr die Corona-Pandemie bew\u00e4ltigen.\u201c<\/p>\n\n\n\n<p>Insbesondere dankten Gebhart und Brechtel den Mitarbeitenden der Einrichtungen und den mobilen Impfteams: \u201eF\u00fcr sie bedeutet die Organisation der Impfaktionen schon im Vorfeld eine enorme Anstrengung. Danke, dass wir im Landkreis Germersheim auf sie vertrauen k\u00f6nnen. Auch den mobilen Impfteams des Deutschen Roten Kreuzes, die sofort bereitstehen, wenn das Land die Impfbereitschaft von Einrichtungen mitteilt, ein besonderes Dankesch\u00f6n!\u201c<\/p>\n\n\n\n<div class=\"wp-block-image\"><figure class=\"aligncenter\"><img decoding=\"async\" loading=\"lazy\" width=\"800\" height=\"535\" src=\"https:\/\/speyer24news.com\/wp-content\/uploads\/2021\/01\/134581551_1990886867787148_7520280345465033702_o.jpg\" alt=\"\" class=\"wp-image-32038\" srcset=\"https:\/\/speyer24news.com\/wp-content\/uploads\/2021\/01\/134581551_1990886867787148_7520280345465033702_o.jpg 800w, https:\/\/speyer24news.com\/wp-content\/uploads\/2021\/01\/134581551_1990886867787148_7520280345465033702_o-300x201.jpg 300w, https:\/\/speyer24news.com\/wp-content\/uploads\/2021\/01\/134581551_1990886867787148_7520280345465033702_o-768x514.jpg 768w\" sizes=\"(max-width: 800px) 100vw, 800px\" \/><\/figure><\/div>\n\n\n\n<p>In der Einrichtung Palatina Westheim wurden vom 11-k\u00f6pfigen mobilen Impfteam des DRK-Kreisverbandes unter Leitung von Simon Kern und mit Unterst\u00fctzung von Dr. H\u00fcseyin Celik und der Apothekerin Margit Bredel am Neujahrstag rund 40 Bewohner und etwa 25 Mitarbeiterinnen und Mitarbeiter, vor alle Pflegekr\u00e4fte, geimpft. Insgesamt leben in dem Heim 48 Personen. Gemeinsam mit seinem Team und dem DRK hatten die Heimleitung, Familie Kleinfeldt, alle Vorbereitungen getroffen und zwei Impfstra\u00dfen vorbereitet \u2013 je eine f\u00fcr die Bewohnerinnen und Bewohner, eine f\u00fcr das Personal. Die erste Person, die im Landkreis Germersheim die Corona-Schutzimpfung erhalten hat war der 66-j\u00e4hrige Dieter Knoll, der seit kurzem im Altenpflegeheim in Westheim wohnt.<\/p>\n\n\n\n<div class=\"wp-block-image\"><figure class=\"aligncenter\"><img decoding=\"async\" src=\"https:\/\/speyer24news.com\/wp-content\/uploads\/2021\/01\/Schnelltest-Corona.jpg\" alt=\"\" class=\"wp-image-32041\"\/><\/figure><\/div>\n\n\n\n<p>\u201eIn den n\u00e4chsten Tagen werden weitere Senioreneinrichtungen entsprechend den Landesvorgaben dazukommen. Ich hoffe, dass wir schnell m\u00f6glichst viele Menschen impfen k\u00f6nnen, vor allem auch jene, die in sensiblen Strukturen unbedingt gebraucht werden\u201c, sagt Landrat Brechtel.<\/p>\n\n\n\n<p>In einem n\u00e4chsten Schritt sieht die bundesweite Impfstrategie vor, dass vor allem die \u00fcber 80-J\u00e4hrigen einen Impftermin bekommen. Am 4. Januar startet in Rheinland-Pfalz die Terminvergabe. Die Corona-Schutzimpfungen in den 31 rheinland-pf\u00e4lzischen Impfzentren, also auch im gro\u00dfen Landes-Impfzentrum S\u00fcdpfalz in W\u00f6rth, beginnen am 7. Januar 2021.<\/p>\n\n\n\n<figure class=\"wp-block-image\"><img decoding=\"async\" src=\"https:\/\/speyer24news.com\/wp-content\/uploads\/2021\/01\/Corona-Impfstoff.jpg\" alt=\"\" class=\"wp-image-32039\"\/><\/figure>\n\n\n\n<p>Die Terminvergabe f\u00fcr die Impftermine erfolgt ab dem 4. Januar entweder telefonisch \u00fcber die Telefonnummer 0800\/5758100 oder \u00fcber die Internetseite des Landes\u00a0<a rel=\"noreferrer noopener\" href=\"https:\/\/deref-web.de\/mail\/client\/Rrw3HqZ0sV0\/dereferrer\/?redirectUrl=http%3A%2F%2Fwww.impftermin.rlp.de\" target=\"_blank\">www.impftermin.rlp.de<\/a><\/p>\n\n\n\n<p><em>Kreisverwaltung Germersheim<br>04.01.2021<\/em><\/p>\n","protected":false},"excerpt":{"rendered":"<div class=\"mh-excerpt\"><p>Erste Corona-Schutzimpfungen im Landkreis Germersheim Landrat Brechtel und Parlamentarischer Staatssekret\u00e4r Gebhart: Ein guter Auftakt f\u00fcr das Jahr 2021 und ein Grund f\u00fcr Optimismus! Im Landkreis Germersheim haben die Corona-Schutzimpfungen begonnen. Am 1. Januar 2021 wurde <a class=\"mh-excerpt-more\" href=\"https:\/\/speyer24news.com\/?p=32037\" title=\"Corona \/ Kreis Germersheim\">[&#8230;]<\/a><\/p>\n<\/div>","protected":false},"author":3,"featured_media":0,"comment_status":"open","ping_status":"open","sticky":false,"template":"","format":"standard","meta":{"_monsterinsights_skip_tracking":false,"_monsterinsights_sitenote_active":false,"_monsterinsights_sitenote_note":"","_monsterinsights_sitenote_category":0,"footnotes":""},"categories":[449],"tags":[6902,9176,9205,8739,6323,6903,210,5569],"aioseo_notices":[],"amp_enabled":true,"_links":{"self":[{"href":"https:\/\/speyer24news.com\/index.php?rest_route=\/wp\/v2\/posts\/32037"}],"collection":[{"href":"https:\/\/speyer24news.com\/index.php?rest_route=\/wp\/v2\/posts"}],"about":[{"href":"https:\/\/speyer24news.com\/index.php?rest_route=\/wp\/v2\/types\/post"}],"author":[{"embeddable":true,"href":"https:\/\/speyer24news.com\/index.php?rest_route=\/wp\/v2\/users\/3"}],"replies":[{"embeddable":true,"href":"https:\/\/speyer24news.com\/index.php?rest_route=%2Fwp%2Fv2%2Fcomments&post=32037"}],"version-history":[{"count":1,"href":"https:\/\/speyer24news.com\/index.php?rest_route=\/wp\/v2\/posts\/32037\/revisions"}],"predecessor-version":[{"id":32042,"href":"https:\/\/speyer24news.com\/index.php?rest_route=\/wp\/v2\/posts\/32037\/revisions\/32042"}],"wp:attachment":[{"href":"https:\/\/speyer24news.com\/index.php?rest_route=%2Fwp%2Fv2%2Fmedia&parent=32037"}],"wp:term":[{"taxonomy":"category","embeddable":true,"href":"https:\/\/speyer24news.com\/index.php?rest_route=%2Fwp%2Fv2%2Fcategories&post=32037"},{"taxonomy":"post_tag","embeddable":true,"href":"https:\/\/speyer24news.com\/index.php?rest_route=%2Fwp%2Fv2%2Ftags&post=32037"}],"curies":[{"name":"wp","href":"https:\/\/api.w.org\/{rel}","templated":true}]}}