{"id":32086,"date":"2021-01-07T06:36:35","date_gmt":"2021-01-07T05:36:35","guid":{"rendered":"https:\/\/speyer24news.com\/?p=32086"},"modified":"2021-01-07T06:36:37","modified_gmt":"2021-01-07T05:36:37","slug":"corona-stadtnotizen-verkehrsnotizen","status":"publish","type":"post","link":"https:\/\/speyer24news.com\/?p=32086","title":{"rendered":"Corona, Stadtnotizen &#038; Verkehrsnotizen"},"content":{"rendered":"<style type=\"text\/css\">\r\n\t.ads_top_disp{}\r\n\t.ads_top_corner_disp{ float:left; margin:0px 10px 10px 0px; }\r\n\t.ads_first_p_disp{}\r\n\t.ads_bottom_disp{}\r\n\t<\/style>\n<h1 class=\"wp-block-heading\" style=\"text-align:center\">Corona-Fallzahlen vom Mittwoch (06.01.2020)<\/h1>\n\n\n\n<figure class=\"wp-block-image\"><img decoding=\"async\" loading=\"lazy\" width=\"800\" height=\"400\" src=\"https:\/\/speyer24news.com\/wp-content\/uploads\/2020\/02\/virus-1812092_1920.jpg\" alt=\"\" class=\"wp-image-25128\" srcset=\"https:\/\/speyer24news.com\/wp-content\/uploads\/2020\/02\/virus-1812092_1920.jpg 800w, https:\/\/speyer24news.com\/wp-content\/uploads\/2020\/02\/virus-1812092_1920-300x150.jpg 300w, https:\/\/speyer24news.com\/wp-content\/uploads\/2020\/02\/virus-1812092_1920-768x384.jpg 768w\" sizes=\"(max-width: 800px) 100vw, 800px\" \/><\/figure>\n\n\n\n<p>Anzahl best\u00e4tigter F\u00e4lle von Coronavirus (SARS-CoV-2)-Infektionen in der Stadt Speyer: 1754 (+ 14 )<br>Davon bereits genesen: 1200<br>Todesf\u00e4lle: 27 ( + 1 ) <br>Gemeldete F\u00e4lle der letzten sieben Tage pro 100.000 Einwohner*innen: 182,0 ( &#8211; 33,6 )<br>Warnstufe: Rot<\/p>\n\n\n\n<p><em>Stand: 06.01.2021, 14:10 Uhr<\/em><\/p>\n\n\n\n<p><em>Landesuntersuchungsamt Rheinland-Pfalz<br>07.01.2021<\/em><\/p>\n\n\n\n<h1 class=\"wp-block-heading\" style=\"text-align:center\">Stadtnotizen<\/h1>\n\n\n\n<figure class=\"wp-block-image\"><img decoding=\"async\" loading=\"lazy\" width=\"800\" height=\"600\" src=\"https:\/\/speyer24news.com\/wp-content\/uploads\/2020\/01\/Speyer-Stadtnachrichten-2.jpg\" alt=\"\" class=\"wp-image-23901\" srcset=\"https:\/\/speyer24news.com\/wp-content\/uploads\/2020\/01\/Speyer-Stadtnachrichten-2.jpg 800w, https:\/\/speyer24news.com\/wp-content\/uploads\/2020\/01\/Speyer-Stadtnachrichten-2-300x225.jpg 300w, https:\/\/speyer24news.com\/wp-content\/uploads\/2020\/01\/Speyer-Stadtnachrichten-2-768x576.jpg 768w, https:\/\/speyer24news.com\/wp-content\/uploads\/2020\/01\/Speyer-Stadtnachrichten-2-678x509.jpg 678w, https:\/\/speyer24news.com\/wp-content\/uploads\/2020\/01\/Speyer-Stadtnachrichten-2-326x245.jpg 326w, https:\/\/speyer24news.com\/wp-content\/uploads\/2020\/01\/Speyer-Stadtnachrichten-2-80x60.jpg 80w\" sizes=\"(max-width: 800px) 100vw, 800px\" \/><\/figure>\n\n\n\n<h2 class=\"wp-block-heading\"><strong>Weihnachtsbaumentsorgung<\/strong><\/h2>\n\n\n\n<div class=\"wp-block-image\"><figure class=\"aligncenter\"><img decoding=\"async\" loading=\"lazy\" width=\"500\" height=\"667\" src=\"https:\/\/speyer24news.com\/wp-content\/uploads\/2020\/12\/WhatsApp-Image-2020-12-13-at-19.04.33.jpeg\" alt=\"\" class=\"wp-image-31851\" srcset=\"https:\/\/speyer24news.com\/wp-content\/uploads\/2020\/12\/WhatsApp-Image-2020-12-13-at-19.04.33.jpeg 500w, https:\/\/speyer24news.com\/wp-content\/uploads\/2020\/12\/WhatsApp-Image-2020-12-13-at-19.04.33-225x300.jpeg 225w\" sizes=\"(max-width: 500px) 100vw, 500px\" \/><\/figure><\/div>\n\n\n\n<p>Die EBS\/SWS sammeln in der <strong>Woche ab Montag, 11. Januar 2021<\/strong>, jeweils am regul\u00e4ren M\u00fcll- und Wertstoff-Abfuhrtag die Tannenb\u00e4ume ein.<\/p>\n\n\n\n<p>Der Baum muss zum Termin 6 Uhr morgens frei von Weihnachtsschmuck am Stra\u00dfenrand bereitliegen. Bitte nicht im Vorgarten hinterm Zaun aufstellen \u2013 dort wird er im D\u00e4mmerlicht eventuell nicht als Entsorgungsgut erkannt. Exemplare mit einem Stammdurchmesser \u00fcber 10 Zentimeter und L\u00e4ngen gr\u00f6\u00dfer 2,30 Meter k\u00f6nnen nicht verladen werden. Gegebenenfalls teilen!<\/p>\n\n\n\n<p><em>Stadtwerke Speyer GmbH<br>07.01.2021<\/em><\/p>\n\n\n\n<h1 class=\"wp-block-heading\" style=\"text-align:center\">Verkehrsnotizen<\/h1>\n\n\n\n<figure class=\"wp-block-image\"><img decoding=\"async\" loading=\"lazy\" width=\"800\" height=\"565\" src=\"https:\/\/speyer24news.com\/wp-content\/uploads\/2020\/01\/Baustelle-2.jpg\" alt=\"\" class=\"wp-image-23900\" srcset=\"https:\/\/speyer24news.com\/wp-content\/uploads\/2020\/01\/Baustelle-2.jpg 800w, https:\/\/speyer24news.com\/wp-content\/uploads\/2020\/01\/Baustelle-2-300x212.jpg 300w, https:\/\/speyer24news.com\/wp-content\/uploads\/2020\/01\/Baustelle-2-768x542.jpg 768w\" sizes=\"(max-width: 800px) 100vw, 800px\" \/><\/figure>\n\n\n\n<h2 class=\"wp-block-heading\"><strong>Korngasse gesperrt<\/strong><\/h2>\n\n\n\n<p>Aufgrund von Leitungsarbeiten im Auftrag der Stadtwerke Speyer wird die Korngasse auf H\u00f6he der Maximilianstra\u00dfe 81 <strong>ab Mittwoch, 13. Januar bis voraussichtlich Freitag, 29. Januar 2021 <\/strong>f\u00fcr den Durchgangsverkehr voll gesperrt.<\/p>\n\n\n\n<p>F\u00fcr R\u00fcckfragen steht die Stra\u00dfenverkehrsbeh\u00f6rde unter der Rufnummer 14-2938 zur Verf\u00fcgung.<\/p>\n\n\n\n<p><em>Stadt Speyer<br>07.01.2021<\/em><\/p>\n","protected":false},"excerpt":{"rendered":"<div class=\"mh-excerpt\"><p>Corona-Fallzahlen vom Mittwoch (06.01.2020) Anzahl best\u00e4tigter F\u00e4lle von Coronavirus (SARS-CoV-2)-Infektionen in der Stadt Speyer: 1754 (+ 14 )Davon bereits genesen: 1200Todesf\u00e4lle: 27 ( + 1 ) Gemeldete F\u00e4lle der letzten sieben Tage pro 100.000 Einwohner*innen: <a class=\"mh-excerpt-more\" href=\"https:\/\/speyer24news.com\/?p=32086\" title=\"Corona, Stadtnotizen &#038; Verkehrsnotizen\">[&#8230;]<\/a><\/p>\n<\/div>","protected":false},"author":3,"featured_media":23902,"comment_status":"open","ping_status":"open","sticky":false,"template":"","format":"standard","meta":{"_monsterinsights_skip_tracking":false,"_monsterinsights_sitenote_active":false,"_monsterinsights_sitenote_note":"","_monsterinsights_sitenote_category":0,"footnotes":""},"categories":[47],"tags":[8404,6940,8725,6358,7003,6342,6572,6,1296,1442,1114,9076,5056,5208],"aioseo_notices":[],"amp_enabled":true,"_links":{"self":[{"href":"https:\/\/speyer24news.com\/index.php?rest_route=\/wp\/v2\/posts\/32086"}],"collection":[{"href":"https:\/\/speyer24news.com\/index.php?rest_route=\/wp\/v2\/posts"}],"about":[{"href":"https:\/\/speyer24news.com\/index.php?rest_route=\/wp\/v2\/types\/post"}],"author":[{"embeddable":true,"href":"https:\/\/speyer24news.com\/index.php?rest_route=\/wp\/v2\/users\/3"}],"replies":[{"embeddable":true,"href":"https:\/\/speyer24news.com\/index.php?rest_route=%2Fwp%2Fv2%2Fcomments&post=32086"}],"version-history":[{"count":1,"href":"https:\/\/speyer24news.com\/index.php?rest_route=\/wp\/v2\/posts\/32086\/revisions"}],"predecessor-version":[{"id":32087,"href":"https:\/\/speyer24news.com\/index.php?rest_route=\/wp\/v2\/posts\/32086\/revisions\/32087"}],"wp:featuredmedia":[{"embeddable":true,"href":"https:\/\/speyer24news.com\/index.php?rest_route=\/wp\/v2\/media\/23902"}],"wp:attachment":[{"href":"https:\/\/speyer24news.com\/index.php?rest_route=%2Fwp%2Fv2%2Fmedia&parent=32086"}],"wp:term":[{"taxonomy":"category","embeddable":true,"href":"https:\/\/speyer24news.com\/index.php?rest_route=%2Fwp%2Fv2%2Fcategories&post=32086"},{"taxonomy":"post_tag","embeddable":true,"href":"https:\/\/speyer24news.com\/index.php?rest_route=%2Fwp%2Fv2%2Ftags&post=32086"}],"curies":[{"name":"wp","href":"https:\/\/api.w.org\/{rel}","templated":true}]}}