{"id":32238,"date":"2021-01-14T09:44:32","date_gmt":"2021-01-14T08:44:32","guid":{"rendered":"https:\/\/speyer24news.com\/?p=32238"},"modified":"2021-01-14T09:44:34","modified_gmt":"2021-01-14T08:44:34","slug":"germersheim-landkreis-germersheim-8","status":"publish","type":"post","link":"https:\/\/speyer24news.com\/?p=32238","title":{"rendered":"Germersheim &#038; Landkreis Germersheim"},"content":{"rendered":"<style type=\"text\/css\">\r\n\t.ads_top_disp{}\r\n\t.ads_top_corner_disp{ float:left; margin:0px 10px 10px 0px; }\r\n\t.ads_first_p_disp{}\r\n\t.ads_bottom_disp{}\r\n\t<\/style>\n<h1 class=\"wp-block-heading\" style=\"text-align:center\">Coronafallzahlen des Landkreis Germersheim<\/h1>\n\n\n\n<figure class=\"wp-block-image\"><img decoding=\"async\" loading=\"lazy\" width=\"800\" height=\"400\" src=\"https:\/\/speyer24news.com\/wp-content\/uploads\/2020\/02\/virus-1812092_1920.jpg\" alt=\"\" class=\"wp-image-25128\" srcset=\"https:\/\/speyer24news.com\/wp-content\/uploads\/2020\/02\/virus-1812092_1920.jpg 800w, https:\/\/speyer24news.com\/wp-content\/uploads\/2020\/02\/virus-1812092_1920-300x150.jpg 300w, https:\/\/speyer24news.com\/wp-content\/uploads\/2020\/02\/virus-1812092_1920-768x384.jpg 768w\" sizes=\"(max-width: 800px) 100vw, 800px\" \/><\/figure>\n\n\n\n<h2 class=\"wp-block-heading\">Mittwoch, 13.01.2021<\/h2>\n\n\n\n<p>Aktuell gibt\nes im Landkreis Germersheim 383 best\u00e4tigte positive F\u00e4lle, die Gesamtzahl bel\u00e4uft\nsich auf 2799 Infizierte seit Beginn der Pandemie (+22)<\/p>\n\n\n\n<h4 class=\"wp-block-heading\"><strong>Weiterer\nTodesfall<\/strong><\/h4>\n\n\n\n<p>Leider ist eine weitere Person an oder mit Covid-19 verstorben. Insgesamt steigt die Anzahl der Todesf\u00e4lle damit auf 80.<\/p>\n\n\n\n<table class=\"wp-block-table\"><tbody><tr><td><strong>VG \/   Stadt<\/strong>   <\/td><td><strong>Ort<\/strong>   <\/td><td><strong>Infizierte seit Beginn der Pandemie<\/strong>   <\/td><td><strong>Aktuell infizierte Personen<\/strong>   <\/td><td><strong>Gesundete bzw. nicht mehr   infizierte Personen<\/strong>   <\/td><td><strong>Leider an oder mit Covid-19   verstorbene Personen<\/strong>   <\/td><\/tr><tr><td>\n  VG\n  Hagenbach\n  <\/td><td>\n  Berg\n  <\/td><td>\n  29\n  <\/td><td>\n  2\n  <\/td><td>\n  27\n  <\/td><td>\n  0\n  <\/td><\/tr><tr><td>\n  &nbsp;\n  <\/td><td>\n  Hagenbach\n  <\/td><td>\n  134\n  <\/td><td>\n  19\n  <\/td><td>\n  100\n  <\/td><td>\n  15\n  <\/td><\/tr><tr><td>\n  &nbsp;\n  <\/td><td>\n  Neuburg\n  <\/td><td>\n  65\n  <\/td><td>\n  4\n  <\/td><td>\n  58\n  <\/td><td>\n  3\n  <\/td><\/tr><tr><td>\n  &nbsp;\n  <\/td><td>\n  Scheibenhardt\n  <\/td><td>\n  13\n  <\/td><td>\n  0\n  <\/td><td>\n  13\n  <\/td><td>\n  0\n  <\/td><\/tr><tr><td>\n  <strong>&nbsp;<\/strong>\n  <\/td><td>\n  <strong>Summen<\/strong><strong><\/strong>\n  <\/td><td>\n  <strong>241<\/strong><strong><\/strong>\n  <\/td><td>\n  <strong>25<\/strong><strong><\/strong>\n  <\/td><td>\n  <strong>198<\/strong><strong><\/strong>\n  <\/td><td>\n  <strong>18<\/strong><strong><\/strong>\n  <\/td><\/tr><tr><td>\n  W\u00f6rth\n  <\/td><td>\n  Maximiliansau\n  <\/td><td>\n  133\n  <\/td><td>\n  11\n  <\/td><td>\n  121\n  <\/td><td>\n  1\n  <\/td><\/tr><tr><td>\n  &nbsp;\n  <\/td><td>\n  Schaidt\n  <\/td><td>\n  12\n  <\/td><td>\n  0\n  <\/td><td>\n  12\n  <\/td><td>\n  0\n  <\/td><\/tr><tr><td>\n  &nbsp;\n  <\/td><td>\n  W\u00f6rth,\n  Stadt\n  <\/td><td>\n  247\n  <\/td><td>\n  33\n  <\/td><td>\n  211\n  <\/td><td>\n  3\n  <\/td><\/tr><tr><td>\n  &nbsp;\n  <\/td><td>\n  B\u00fcchelberg\n  <\/td><td>\n  16\n  <\/td><td>\n  1\n  <\/td><td>\n  15\n  <\/td><td>\n  0\n  <\/td><\/tr><tr><td>\n  <strong>&nbsp;<\/strong>\n  <\/td><td>\n  <strong>Summen<\/strong><strong><\/strong>\n  <\/td><td>\n  <strong>408<\/strong><strong><\/strong>\n  <\/td><td>\n  <strong>45<\/strong><strong><\/strong>\n  <\/td><td>\n  <strong>359<\/strong><strong><\/strong>\n  <\/td><td>\n  <strong>4<\/strong><strong><\/strong>\n  <\/td><\/tr><tr><td>\n  VG Kandel\n  <\/td><td>\n  Erlenbach\n  <\/td><td>\n  8\n  <\/td><td>\n  2\n  <\/td><td>\n  6\n  <\/td><td>\n  0\n  <\/td><\/tr><tr><td>\n  &nbsp;\n  <\/td><td>\n  Freckenfeld\n  <\/td><td>\n  26\n  <\/td><td>\n  7\n  <\/td><td>\n  19\n  <\/td><td>\n  0\n  <\/td><\/tr><tr><td>\n  &nbsp;\n  <\/td><td>\n  Kandel\n  <\/td><td>\n  132\n  <\/td><td>\n  17\n  <\/td><td>\n  114\n  <\/td><td>\n  1\n  <\/td><\/tr><tr><td>\n  &nbsp;\n  <\/td><td>\n  Minfeld\n  <\/td><td>\n  25\n  <\/td><td>\n  4\n  <\/td><td>\n  21\n  <\/td><td>\n  0\n  <\/td><\/tr><tr><td>\n  &nbsp;\n  <\/td><td>\n  Steinweiler\n  <\/td><td>\n  32\n  <\/td><td>\n  7\n  <\/td><td>\n  25\n  <\/td><td>\n  0\n  <\/td><\/tr><tr><td>\n  &nbsp;\n  <\/td><td>\n  Vollmersweiler\n  <\/td><td>\n  1\n  <\/td><td>\n  0\n  <\/td><td>\n  1\n  <\/td><td>\n  0\n  <\/td><\/tr><tr><td>\n  &nbsp;\n  <\/td><td>\n  Winden\n  <\/td><td>\n  18\n  <\/td><td>\n  4\n  <\/td><td>\n  13\n  <\/td><td>\n  1\n  <\/td><\/tr><tr><td>\n  &nbsp;\n  <\/td><td>\n  <strong>Summen<\/strong><strong><\/strong>\n  <\/td><td>\n  <strong>242<\/strong><strong><\/strong>\n  <\/td><td>\n  <strong>41<\/strong><strong><\/strong>\n  <\/td><td>\n  <strong>199<\/strong><strong><\/strong>\n  <\/td><td>\n  <strong>2<\/strong><strong><\/strong>\n  <\/td><\/tr><tr><td>\n  VG\n  Jockgrim\n  <\/td><td>\n  Hatzenb\u00fchl\n  <\/td><td>\n  33\n  <\/td><td>\n  8\n  <\/td><td>\n  25\n  <\/td><td>\n  0\n  <\/td><\/tr><tr><td>\n  &nbsp;\n  <\/td><td>\n  Jockgrim\n  <\/td><td>\n  120\n  <\/td><td>\n  18\n  <\/td><td>\n  99\n  <\/td><td>\n  3\n  <\/td><\/tr><tr><td>\n  &nbsp;\n  <\/td><td>\n  Neupotz\n  <\/td><td>\n  23\n  <\/td><td>\n  5\n  <\/td><td>\n  16\n  <\/td><td>\n  2\n  <\/td><\/tr><tr><td>\n  &nbsp;\n  <\/td><td>\n  Rheinzabern\n  <\/td><td>\n  70\n  <\/td><td>\n  11\n  <\/td><td>\n  58\n  <\/td><td>\n  1\n  <\/td><\/tr><tr><td>\n  &nbsp;\n  <\/td><td>\n  <strong>Summen<\/strong><strong><\/strong>\n  <\/td><td>\n  <strong>246<\/strong><strong><\/strong>\n  <\/td><td>\n  <strong>42<\/strong><strong><\/strong>\n  <\/td><td>\n  <strong>198<\/strong><strong><\/strong>\n  <\/td><td>\n  <strong>6<\/strong><strong><\/strong>\n  <\/td><\/tr><tr><td>\n  VG\n  R\u00fclzheim\n  <\/td><td>\n  H\u00f6rdt\n  <\/td><td>\n  53\n  <\/td><td>\n  9\n  <\/td><td>\n  44\n  <\/td><td>\n  0\n  <\/td><\/tr><tr><td>\n  &nbsp;\n  <\/td><td>\n  Kuhardt\n  <\/td><td>\n  42\n  <\/td><td>\n  9\n  <\/td><td>\n  33\n  <\/td><td>\n  0\n  <\/td><\/tr><tr><td>\n  &nbsp;\n  <\/td><td>\n  Leimersheim\n  <\/td><td>\n  36\n  <\/td><td>\n  4\n  <\/td><td>\n  31\n  <\/td><td>\n  1\n  <\/td><\/tr><tr><td>\n  &nbsp;\n  <\/td><td>\n  R\u00fclzheim\n  <\/td><td>\n  149\n  <\/td><td>\n  27\n  <\/td><td>\n  118\n  <\/td><td>\n  4\n  <\/td><\/tr><tr><td>\n  &nbsp;\n  <\/td><td>\n  <strong>Summen<\/strong><strong><\/strong>\n  <\/td><td>\n  <strong>280<\/strong><strong><\/strong>\n  <\/td><td>\n  <strong>49<\/strong><strong><\/strong>\n  <\/td><td>\n  <strong>226<\/strong><strong><\/strong>\n  <\/td><td>\n  <strong>5<\/strong><strong><\/strong>\n  <\/td><\/tr><tr><td>\n  VG\n  Bellheim\n  <\/td><td>\n  Bellheim\n  <\/td><td>\n  254\n  <\/td><td>\n  25\n  <\/td><td>\n  204\n  <\/td><td>\n  25\n  <\/td><\/tr><tr><td>\n  &nbsp;\n  <\/td><td>\n  Knittelsheim\n  <\/td><td>\n  23\n  <\/td><td>\n  1\n  <\/td><td>\n  22\n  <\/td><td>\n  0\n  <\/td><\/tr><tr><td>\n  &nbsp;\n  <\/td><td>\n  Ottersheim\n  <\/td><td>\n  38\n  <\/td><td>\n  5\n  <\/td><td>\n  33\n  <\/td><td>\n  0\n  <\/td><\/tr><tr><td>\n  &nbsp;\n  <\/td><td>\n  Zeiskam\n  <\/td><td>\n  44\n  <\/td><td>\n  3\n  <\/td><td>\n  41\n  <\/td><td>\n  0\n  <\/td><\/tr><tr><td>\n  &nbsp;\n  <\/td><td>\n  <strong>Summen<\/strong><strong><\/strong>\n  <\/td><td>\n  <strong>359<\/strong><strong><\/strong>\n  <\/td><td>\n  <strong>34<\/strong><strong><\/strong>\n  <\/td><td>\n  <strong>300<\/strong><strong><\/strong>\n  <\/td><td>\n  <strong>25<\/strong><strong><\/strong>\n  <\/td><\/tr><tr><td>\n  Germersheim\n  + So\n  <\/td><td>\n  &nbsp;\n  <\/td><td>\n  576\n  <\/td><td>\n  52\n  <\/td><td>\n  514\n  <\/td><td>\n  10\n  <\/td><\/tr><tr><td>\n  &nbsp;\n  <\/td><td>\n  <strong>Summen<\/strong><strong><\/strong>\n  <\/td><td>\n  <strong>576<\/strong><strong><\/strong>\n  <\/td><td>\n  <strong>52<\/strong><strong><\/strong>\n  <\/td><td>\n  <strong>514<\/strong><strong><\/strong>\n  <\/td><td>\n  <strong>10<\/strong><strong><\/strong>\n  <\/td><\/tr><tr><td>\n  VG\n  Lingenfeld\n  <\/td><td>\n  Freisbach\n  <\/td><td>\n  34\n  <\/td><td>\n  3\n  <\/td><td>\n  30\n  <\/td><td>\n  1\n  <\/td><\/tr><tr><td>\n  &nbsp;\n  <\/td><td>\n  Lingenfeld\n  <\/td><td>\n  141\n  <\/td><td>\n  47\n  <\/td><td>\n  93\n  <\/td><td>\n  1\n  <\/td><\/tr><tr><td>\n  &nbsp;\n  <\/td><td>\n  Lustadt\n  <\/td><td>\n  61\n  <\/td><td>\n  6\n  <\/td><td>\n  54\n  <\/td><td>\n  1\n  <\/td><\/tr><tr><td>\n  &nbsp;\n  <\/td><td>\n  Schwegenheim\n  <\/td><td>\n  95\n  <\/td><td>\n  10\n  <\/td><td>\n  85\n  <\/td><td>\n  0\n  <\/td><\/tr><tr><td>\n  &nbsp;\n  <\/td><td>\n  Weingarten\n  <\/td><td>\n  58\n  <\/td><td>\n  5\n  <\/td><td>\n  52\n  <\/td><td>\n  1\n  <\/td><\/tr><tr><td>\n  &nbsp;\n  <\/td><td>\n  Westheim\n  <\/td><td>\n  58\n  <\/td><td>\n  24\n  <\/td><td>\n  28\n  <\/td><td>\n  6\n  <\/td><\/tr><tr><td>\n  &nbsp;\n  <\/td><td>\n  <strong>Summen<\/strong><strong><\/strong>\n  <\/td><td>\n  <strong>447<\/strong><strong><\/strong>\n  <\/td><td>\n  <strong>95<\/strong><strong><\/strong>\n  <\/td><td>\n  <strong>342<\/strong><strong><\/strong>\n  <\/td><td>\n  <strong>10<\/strong><strong><\/strong>\n  <\/td><\/tr><tr><td>\n  &nbsp;\n  <\/td><td>\n  <strong>Endsummen<\/strong><strong><\/strong>\n  <\/td><td>\n  <strong>2799<\/strong><strong><\/strong>\n  <\/td><td>\n  <strong>383<\/strong><strong><\/strong>\n  <\/td><td>\n  <strong>2336<\/strong><strong><\/strong>\n  <\/td><td>\n  <strong>80<\/strong><strong><\/strong>\n  <\/td><\/tr><\/tbody><\/table>\n\n\n\n<p>Stand 13. Januar 2021 <\/p>\n\n\n\n<h2 class=\"wp-block-heading\">Dienstag, 12.01.2021<\/h2>\n\n\n\n<p>Aktuell gibt\nes im Landkreis Germersheim 369 best\u00e4tigte positive F\u00e4lle, die Gesamtzahl bel\u00e4uft\nsich auf 2777 Infizierte seit Beginn der Pandemie (+22)<\/p>\n\n\n\n<h4 class=\"wp-block-heading\"><strong>Weitere\nTodesf\u00e4lle<\/strong><\/h4>\n\n\n\n<p>Leider sind zwei weitere Personen an oder mit\nCovid-19 verstorben. Insgesamt steigt die Anzahl der Todesf\u00e4lle damit auf 79.<\/p>\n\n\n\n<h4 class=\"wp-block-heading\"><strong>Seniorenheim Haus\nEdelberg Lingenfeld<\/strong><\/h4>\n\n\n\n<p>Im Rahmen einer Reihentestung sind weitere F\u00e4lle bekanntgeworden. Aktuell sind insgesamt 42 Personen positiv.<\/p>\n\n\n\n<table class=\"wp-block-table\"><tbody><tr><td><strong>VG \/ Stadt<\/strong>   <\/td><td><strong>Ort<\/strong>   <\/td><td><strong>Infizierte seit Beginn der Pandemie<\/strong>   <\/td><td><strong>Aktuell infizierte Personen<\/strong>   <\/td><td><strong>Gesundete bzw. nicht mehr infizierte Personen<\/strong>   <\/td><td><strong>Leider an oder mit Covid-19 verstorbene Personen<\/strong>   <\/td><\/tr><tr><td>\n  VG Hagenbach\n  <\/td><td>\n  Berg\n  <\/td><td>\n  28\n  <\/td><td>\n  1\n  <\/td><td>\n  27\n  <\/td><td>\n  0\n  <\/td><\/tr><tr><td>\n  &nbsp;\n  <\/td><td>\n  Hagenbach\n  <\/td><td>\n  134\n  <\/td><td>\n  19\n  <\/td><td>\n  100\n  <\/td><td>\n  15\n  <\/td><\/tr><tr><td>\n  &nbsp;\n  <\/td><td>\n  Neuburg\n  <\/td><td>\n  65\n  <\/td><td>\n  4\n  <\/td><td>\n  58\n  <\/td><td>\n  3\n  <\/td><\/tr><tr><td>\n  &nbsp;\n  <\/td><td>\n  Scheibenhardt\n  <\/td><td>\n  13\n  <\/td><td>\n  0\n  <\/td><td>\n  13\n  <\/td><td>\n  0\n  <\/td><\/tr><tr><td>\n  <strong>&nbsp;<\/strong>\n  <\/td><td>\n  <strong>Summen<\/strong><strong><\/strong>\n  <\/td><td>\n  <strong>240<\/strong><strong><\/strong>\n  <\/td><td>\n  <strong>24<\/strong><strong><\/strong>\n  <\/td><td>\n  <strong>198<\/strong><strong><\/strong>\n  <\/td><td>\n  <strong>18<\/strong><strong><\/strong>\n  <\/td><\/tr><tr><td>\n  W\u00f6rth\n  <\/td><td>\n  Maximiliansau\n  <\/td><td>\n  133\n  <\/td><td>\n  11\n  <\/td><td>\n  121\n  <\/td><td>\n  1\n  <\/td><\/tr><tr><td>\n  &nbsp;\n  <\/td><td>\n  Schaidt\n  <\/td><td>\n  12\n  <\/td><td>\n  0\n  <\/td><td>\n  12\n  <\/td><td>\n  0\n  <\/td><\/tr><tr><td>\n  &nbsp;\n  <\/td><td>\n  W\u00f6rth, Stadt\n  <\/td><td>\n  245\n  <\/td><td>\n  31\n  <\/td><td>\n  211\n  <\/td><td>\n  3\n  <\/td><\/tr><tr><td>\n  &nbsp;\n  <\/td><td>\n  B\u00fcchelberg\n  <\/td><td>\n  16\n  <\/td><td>\n  1\n  <\/td><td>\n  15\n  <\/td><td>\n  0\n  <\/td><\/tr><tr><td>\n  <strong>&nbsp;<\/strong>\n  <\/td><td>\n  <strong>Summen<\/strong><strong><\/strong>\n  <\/td><td>\n  <strong>406<\/strong><strong><\/strong>\n  <\/td><td>\n  <strong>43<\/strong><strong><\/strong>\n  <\/td><td>\n  <strong>359<\/strong><strong><\/strong>\n  <\/td><td>\n  <strong>4<\/strong><strong><\/strong>\n  <\/td><\/tr><tr><td>\n  VG Kandel\n  <\/td><td>\n  Erlenbach\n  <\/td><td>\n  8\n  <\/td><td>\n  2\n  <\/td><td>\n  6\n  <\/td><td>\n  0\n  <\/td><\/tr><tr><td>\n  &nbsp;\n  <\/td><td>\n  Freckenfeld\n  <\/td><td>\n  24\n  <\/td><td>\n  5\n  <\/td><td>\n  19\n  <\/td><td>\n  0\n  <\/td><\/tr><tr><td>\n  &nbsp;\n  <\/td><td>\n  Kandel\n  <\/td><td>\n  131\n  <\/td><td>\n  17\n  <\/td><td>\n  113\n  <\/td><td>\n  1\n  <\/td><\/tr><tr><td>\n  &nbsp;\n  <\/td><td>\n  Minfeld\n  <\/td><td>\n  25\n  <\/td><td>\n  4\n  <\/td><td>\n  21\n  <\/td><td>\n  0\n  <\/td><\/tr><tr><td>\n  &nbsp;\n  <\/td><td>\n  Steinweiler\n  <\/td><td>\n  31\n  <\/td><td>\n  7\n  <\/td><td>\n  24\n  <\/td><td>\n  0\n  <\/td><\/tr><tr><td>\n  &nbsp;\n  <\/td><td>\n  Vollmersweiler\n  <\/td><td>\n  1\n  <\/td><td>\n  0\n  <\/td><td>\n  1\n  <\/td><td>\n  0\n  <\/td><\/tr><tr><td>\n  &nbsp;\n  <\/td><td>\n  Winden\n  <\/td><td>\n  18\n  <\/td><td>\n  4\n  <\/td><td>\n  13\n  <\/td><td>\n  1\n  <\/td><\/tr><tr><td>\n  &nbsp;\n  <\/td><td>\n  <strong>Summen<\/strong><strong><\/strong>\n  <\/td><td>\n  <strong>238<\/strong><strong><\/strong>\n  <\/td><td>\n  <strong>39<\/strong><strong><\/strong>\n  <\/td><td>\n  <strong>197<\/strong><strong><\/strong>\n  <\/td><td>\n  <strong>2<\/strong><strong><\/strong>\n  <\/td><\/tr><tr><td>\n  VG Jockgrim\n  <\/td><td>\n  Hatzenb\u00fchl\n  <\/td><td>\n  33\n  <\/td><td>\n  8\n  <\/td><td>\n  25\n  <\/td><td>\n  0\n  <\/td><\/tr><tr><td>\n  &nbsp;\n  <\/td><td>\n  Jockgrim\n  <\/td><td>\n  115\n  <\/td><td>\n  13\n  <\/td><td>\n  99\n  <\/td><td>\n  3\n  <\/td><\/tr><tr><td>\n  &nbsp;\n  <\/td><td>\n  Neupotz\n  <\/td><td>\n  22\n  <\/td><td>\n  5\n  <\/td><td>\n  16\n  <\/td><td>\n  1\n  <\/td><\/tr><tr><td>\n  &nbsp;\n  <\/td><td>\n  Rheinzabern\n  <\/td><td>\n  69\n  <\/td><td>\n  11\n  <\/td><td>\n  57\n  <\/td><td>\n  1\n  <\/td><\/tr><tr><td>\n  &nbsp;\n  <\/td><td>\n  <strong>Summen<\/strong><strong><\/strong>\n  <\/td><td>\n  <strong>239<\/strong><strong><\/strong>\n  <\/td><td>\n  <strong>37<\/strong><strong><\/strong>\n  <\/td><td>\n  <strong>197<\/strong><strong><\/strong>\n  <\/td><td>\n  <strong>5<\/strong><strong><\/strong>\n  <\/td><\/tr><tr><td>\n  VG R\u00fclzheim\n  <\/td><td>\n  H\u00f6rdt\n  <\/td><td>\n  53\n  <\/td><td>\n  11\n  <\/td><td>\n  42\n  <\/td><td>\n  0\n  <\/td><\/tr><tr><td>\n  &nbsp;\n  <\/td><td>\n  Kuhardt\n  <\/td><td>\n  41\n  <\/td><td>\n  8\n  <\/td><td>\n  33\n  <\/td><td>\n  0\n  <\/td><\/tr><tr><td>\n  &nbsp;\n  <\/td><td>\n  Leimersheim\n  <\/td><td>\n  36\n  <\/td><td>\n  4\n  <\/td><td>\n  31\n  <\/td><td>\n  1\n  <\/td><\/tr><tr><td>\n  &nbsp;\n  <\/td><td>\n  R\u00fclzheim\n  <\/td><td>\n  148\n  <\/td><td>\n  27\n  <\/td><td>\n  117\n  <\/td><td>\n  4\n  <\/td><\/tr><tr><td>\n  &nbsp;\n  <\/td><td>\n  <strong>Summen<\/strong><strong><\/strong>\n  <\/td><td>\n  <strong>278<\/strong><strong><\/strong>\n  <\/td><td>\n  <strong>50<\/strong><strong><\/strong>\n  <\/td><td>\n  <strong>223<\/strong><strong><\/strong>\n  <\/td><td>\n  <strong>5<\/strong><strong><\/strong>\n  <\/td><\/tr><tr><td>\n  VG Bellheim\n  <\/td><td>\n  Bellheim\n  <\/td><td>\n  253\n  <\/td><td>\n  24\n  <\/td><td>\n  204\n  <\/td><td>\n  25\n  <\/td><\/tr><tr><td>\n  &nbsp;\n  <\/td><td>\n  Knittelsheim\n  <\/td><td>\n  23\n  <\/td><td>\n  1\n  <\/td><td>\n  22\n  <\/td><td>\n  0\n  <\/td><\/tr><tr><td>\n  &nbsp;\n  <\/td><td>\n  Ottersheim\n  <\/td><td>\n  38\n  <\/td><td>\n  5\n  <\/td><td>\n  33\n  <\/td><td>\n  0\n  <\/td><\/tr><tr><td>\n  &nbsp;\n  <\/td><td>\n  Zeiskam\n  <\/td><td>\n  44\n  <\/td><td>\n  3\n  <\/td><td>\n  41\n  <\/td><td>\n  0\n  <\/td><\/tr><tr><td>\n  &nbsp;\n  <\/td><td>\n  <strong>Summen<\/strong><strong><\/strong>\n  <\/td><td>\n  <strong>358<\/strong><strong><\/strong>\n  <\/td><td>\n  <strong>33<\/strong><strong><\/strong>\n  <\/td><td>\n  <strong>300<\/strong><strong><\/strong>\n  <\/td><td>\n  <strong>25<\/strong><strong><\/strong>\n  <\/td><\/tr><tr><td>\n  &nbsp;Germersheim\n  + So\n  <\/td><td>\n  <strong>Summen<\/strong><strong><\/strong>\n  <\/td><td>\n  <strong>573<\/strong><strong><\/strong>\n  <\/td><td>\n  <strong>50<\/strong><strong><\/strong>\n  <\/td><td>\n  <strong>513<\/strong><strong><\/strong>\n  <\/td><td>\n  <strong>10<\/strong><strong><\/strong>\n  <\/td><\/tr><tr><td>\n  VG Lingenfeld\n  <\/td><td>\n  Freisbach\n  <\/td><td>\n  34\n  <\/td><td>\n  3\n  <\/td><td>\n  30\n  <\/td><td>\n  1\n  <\/td><\/tr><tr><td>\n  &nbsp;\n  <\/td><td>\n  Lingenfeld\n  <\/td><td>\n  139\n  <\/td><td>\n  45\n  <\/td><td>\n  93\n  <\/td><td>\n  1\n  <\/td><\/tr><tr><td>\n  &nbsp;\n  <\/td><td>\n  Lustadt\n  <\/td><td>\n  61\n  <\/td><td>\n  6\n  <\/td><td>\n  54\n  <\/td><td>\n  1\n  <\/td><\/tr><tr><td>\n  &nbsp;\n  <\/td><td>\n  Schwegenheim\n  <\/td><td>\n  95\n  <\/td><td>\n  10\n  <\/td><td>\n  85\n  <\/td><td>\n  0\n  <\/td><\/tr><tr><td>\n  &nbsp;\n  <\/td><td>\n  Weingarten\n  <\/td><td>\n  58\n  <\/td><td>\n  5\n  <\/td><td>\n  52\n  <\/td><td>\n  1\n  <\/td><\/tr><tr><td>\n  &nbsp;\n  <\/td><td>\n  Westheim\n  <\/td><td>\n  58\n  <\/td><td>\n  24\n  <\/td><td>\n  28\n  <\/td><td>\n  6\n  <\/td><\/tr><tr><td>\n  &nbsp;\n  <\/td><td>\n  <strong>Summen<\/strong><strong><\/strong>\n  <\/td><td>\n  <strong>445<\/strong><strong><\/strong>\n  <\/td><td>\n  <strong>93<\/strong><strong><\/strong>\n  <\/td><td>\n  <strong>342<\/strong><strong><\/strong>\n  <\/td><td>\n  <strong>10<\/strong><strong><\/strong>\n  <\/td><\/tr><tr><td>\n  &nbsp;\n  <\/td><td>\n  <strong>Endsummen<\/strong><strong><\/strong>\n  <\/td><td>\n  <strong>2777<\/strong><strong><\/strong>\n  <\/td><td>\n  <strong>369<\/strong><strong><\/strong>\n  <\/td><td>\n  <strong>2329<\/strong><strong><\/strong>\n  <\/td><td>\n  <strong>79<\/strong><strong><\/strong>\n  <\/td><\/tr><\/tbody><\/table>\n\n\n\n<p>Stand 12. Januar 2021 <\/p>\n\n\n\n<h2 class=\"wp-block-heading\">Montag, 11.01.2021<\/h2>\n\n\n\n<p>Aktuell gibt\nes im Landkreis Germersheim 380 best\u00e4tigte positive F\u00e4lle, die Gesamtzahl bel\u00e4uft\nsich auf 2755 Infizierte seit Beginn der Pandemie (+70 F\u00e4lle seit der\nFallzahlmeldung am vergangenen Freitag)<\/p>\n\n\n\n<h4 class=\"wp-block-heading\"><strong>Weiterer\nTodesfall<\/strong><\/h4>\n\n\n\n<p>Leider ist eine weitere Person an oder mit Covid-19 verstorben. Insgesamt steigt die Anzahl der Todesf\u00e4lle damit auf 77.<\/p>\n\n\n\n<table class=\"wp-block-table\"><tbody><tr><td><strong>VG \/ Stadt<\/strong>   <\/td><td><strong>Ort<\/strong>   <\/td><td><strong>Infizierte seit Beginn der Pandemie<\/strong>   <\/td><td><strong>Aktuell infizierte Personen<\/strong>   <\/td><td><strong>Gesundete bzw. nicht mehr infizierte Personen<\/strong>   <\/td><td><strong>Leider an oder mit Covid-19 verstorbene Personen<\/strong>   <\/td><\/tr><tr><td>\n  VG Hagenbach\n  <\/td><td>\n  Berg\n  <\/td><td>\n  28\n  <\/td><td>\n  2\n  <\/td><td>\n  26\n  <\/td><td>\n  0\n  <\/td><\/tr><tr><td>\n  &nbsp;\n  <\/td><td>\n  Hagenbach\n  <\/td><td>\n  134\n  <\/td><td>\n  21\n  <\/td><td>\n  98\n  <\/td><td>\n  15\n  <\/td><\/tr><tr><td>\n  &nbsp;\n  <\/td><td>\n  Neuburg\n  <\/td><td>\n  63\n  <\/td><td>\n  3\n  <\/td><td>\n  57\n  <\/td><td>\n  3\n  <\/td><\/tr><tr><td>\n  &nbsp;\n  <\/td><td>\n  Scheibenhardt\n  <\/td><td>\n  13\n  <\/td><td>\n  0\n  <\/td><td>\n  13\n  <\/td><td>\n  0\n  <\/td><\/tr><tr><td>\n  <strong>&nbsp;<\/strong>\n  <\/td><td>\n  <strong>Summen<\/strong><strong><\/strong>\n  <\/td><td>\n  <strong>238<\/strong><strong><\/strong>\n  <\/td><td>\n  <strong>26<\/strong><strong><\/strong>\n  <\/td><td>\n  <strong>194<\/strong><strong><\/strong>\n  <\/td><td>\n  <strong>18<\/strong><strong><\/strong>\n  <\/td><\/tr><tr><td>\n  W\u00f6rth\n  <\/td><td>\n  Maximiliansau\n  <\/td><td>\n  132\n  <\/td><td>\n  10\n  <\/td><td>\n  121\n  <\/td><td>\n  1\n  <\/td><\/tr><tr><td>\n  &nbsp;\n  <\/td><td>\n  Schaidt\n  <\/td><td>\n  12\n  <\/td><td>\n  0\n  <\/td><td>\n  12\n  <\/td><td>\n  0\n  <\/td><\/tr><tr><td>\n  &nbsp;\n  <\/td><td>\n  W\u00f6rth, Stadt\n  <\/td><td>\n  240\n  <\/td><td>\n  27\n  <\/td><td>\n  210\n  <\/td><td>\n  3\n  <\/td><\/tr><tr><td>\n  &nbsp;\n  <\/td><td>\n  B\u00fcchelberg\n  <\/td><td>\n  16\n  <\/td><td>\n  1\n  <\/td><td>\n  15\n  <\/td><td>\n  0\n  <\/td><\/tr><tr><td>\n  <strong>&nbsp;<\/strong>\n  <\/td><td>\n  <strong>Summen<\/strong><strong><\/strong>\n  <\/td><td>\n  <strong>400<\/strong><strong><\/strong>\n  <\/td><td>\n  <strong>38<\/strong><strong><\/strong>\n  <\/td><td>\n  <strong>358<\/strong><strong><\/strong>\n  <\/td><td>\n  <strong>4<\/strong><strong><\/strong>\n  <\/td><\/tr><tr><td>\n  VG Kandel\n  <\/td><td>\n  Erlenbach\n  <\/td><td>\n  8\n  <\/td><td>\n  2\n  <\/td><td>\n  6\n  <\/td><td>\n  0\n  <\/td><\/tr><tr><td>\n  &nbsp;\n  <\/td><td>\n  Freckenfeld\n  <\/td><td>\n  24\n  <\/td><td>\n  5\n  <\/td><td>\n  19\n  <\/td><td>\n  0\n  <\/td><\/tr><tr><td>\n  &nbsp;\n  <\/td><td>\n  Kandel\n  <\/td><td>\n  129\n  <\/td><td>\n  15\n  <\/td><td>\n  113\n  <\/td><td>\n  1\n  <\/td><\/tr><tr><td>\n  &nbsp;\n  <\/td><td>\n  Minfeld\n  <\/td><td>\n  25\n  <\/td><td>\n  5\n  <\/td><td>\n  20\n  <\/td><td>\n  0\n  <\/td><\/tr><tr><td>\n  &nbsp;\n  <\/td><td>\n  Steinweiler\n  <\/td><td>\n  31\n  <\/td><td>\n  8\n  <\/td><td>\n  23\n  <\/td><td>\n  0\n  <\/td><\/tr><tr><td>\n  &nbsp;\n  <\/td><td>\n  Vollmersweiler\n  <\/td><td>\n  1\n  <\/td><td>\n  0\n  <\/td><td>\n  1\n  <\/td><td>\n  0\n  <\/td><\/tr><tr><td>\n  &nbsp;\n  <\/td><td>\n  Winden\n  <\/td><td>\n  17\n  <\/td><td>\n  3\n  <\/td><td>\n  13\n  <\/td><td>\n  1\n  <\/td><\/tr><tr><td>\n  &nbsp;\n  <\/td><td>\n  <strong>Summen<\/strong><strong><\/strong>\n  <\/td><td>\n  <strong>235<\/strong><strong><\/strong>\n  <\/td><td>\n  <strong>38<\/strong><strong><\/strong>\n  <\/td><td>\n  <strong>195<\/strong><strong><\/strong>\n  <\/td><td>\n  <strong>2<\/strong><strong><\/strong>\n  <\/td><\/tr><tr><td>\n  VG Jockgrim\n  <\/td><td>\n  Hatzenb\u00fchl\n  <\/td><td>\n  33\n  <\/td><td>\n  8\n  <\/td><td>\n  25\n  <\/td><td>\n  0\n  <\/td><\/tr><tr><td>\n  &nbsp;\n  <\/td><td>\n  Jockgrim\n  <\/td><td>\n  113\n  <\/td><td>\n  13\n  <\/td><td>\n  97\n  <\/td><td>\n  3\n  <\/td><\/tr><tr><td>\n  &nbsp;\n  <\/td><td>\n  Neupotz\n  <\/td><td>\n  22\n  <\/td><td>\n  5\n  <\/td><td>\n  16\n  <\/td><td>\n  1\n  <\/td><\/tr><tr><td>\n  &nbsp;\n  <\/td><td>\n  Rheinzabern\n  <\/td><td>\n  69\n  <\/td><td>\n  13\n  <\/td><td>\n  55\n  <\/td><td>\n  1\n  <\/td><\/tr><tr><td>\n  &nbsp;\n  <\/td><td>\n  <strong>Summen<\/strong><strong><\/strong>\n  <\/td><td>\n  <strong>237<\/strong><strong><\/strong>\n  <\/td><td>\n  <strong>39<\/strong><strong><\/strong>\n  <\/td><td>\n  <strong>193<\/strong><strong><\/strong>\n  <\/td><td>\n  <strong>5<\/strong><strong><\/strong>\n  <\/td><\/tr><tr><td>\n  VG R\u00fclzheim\n  <\/td><td>\n  H\u00f6rdt\n  <\/td><td>\n  53\n  <\/td><td>\n  11\n  <\/td><td>\n  42\n  <\/td><td>\n  0\n  <\/td><\/tr><tr><td>\n  &nbsp;\n  <\/td><td>\n  Kuhardt\n  <\/td><td>\n  40\n  <\/td><td>\n  8\n  <\/td><td>\n  32\n  <\/td><td>\n  0\n  <\/td><\/tr><tr><td>\n  &nbsp;\n  <\/td><td>\n  Leimersheim\n  <\/td><td>\n  36\n  <\/td><td>\n  4\n  <\/td><td>\n  31\n  <\/td><td>\n  1\n  <\/td><\/tr><tr><td>\n  &nbsp;\n  <\/td><td>\n  R\u00fclzheim\n  <\/td><td>\n  148\n  <\/td><td>\n  27\n  <\/td><td>\n  117\n  <\/td><td>\n  4\n  <\/td><\/tr><tr><td>\n  &nbsp;\n  <\/td><td>\n  <strong>Summen<\/strong><strong><\/strong>\n  <\/td><td>\n  <strong>277<\/strong><strong><\/strong>\n  <\/td><td>\n  <strong>50<\/strong><strong><\/strong>\n  <\/td><td>\n  <strong>222<\/strong><strong><\/strong>\n  <\/td><td>\n  <strong>5<\/strong><strong><\/strong>\n  <\/td><\/tr><tr><td>\n  VG Bellheim\n  <\/td><td>\n  Bellheim\n  <\/td><td>\n  253\n  <\/td><td>\n  27\n  <\/td><td>\n  202\n  <\/td><td>\n  24\n  <\/td><\/tr><tr><td>\n  &nbsp;\n  <\/td><td>\n  Knittelsheim\n  <\/td><td>\n  23\n  <\/td><td>\n  1\n  <\/td><td>\n  22\n  <\/td><td>\n  0\n  <\/td><\/tr><tr><td>\n  &nbsp;\n  <\/td><td>\n  Ottersheim\n  <\/td><td>\n  35\n  <\/td><td>\n  2\n  <\/td><td>\n  33\n  <\/td><td>\n  0\n  <\/td><\/tr><tr><td>\n  &nbsp;\n  <\/td><td>\n  Zeiskam\n  <\/td><td>\n  44\n  <\/td><td>\n  3\n  <\/td><td>\n  41\n  <\/td><td>\n  0\n  <\/td><\/tr><tr><td>\n  &nbsp;\n  <\/td><td>\n  <strong>Summen<\/strong><strong><\/strong>\n  <\/td><td>\n  <strong>355<\/strong><strong><\/strong>\n  <\/td><td>\n  <strong>33<\/strong><strong><\/strong>\n  <\/td><td>\n  <strong>298<\/strong><strong><\/strong>\n  <\/td><td>\n  <strong>24<\/strong><strong><\/strong>\n  <\/td><\/tr><tr><td>\n  &nbsp;Germersheim\n  + So\n  <\/td><td>\n  <strong>Summen<\/strong><strong><\/strong>\n  <\/td><td>\n  <strong>568<\/strong><strong><\/strong>\n  <\/td><td>\n  <strong>54<\/strong><strong><\/strong>\n  <\/td><td>\n  <strong>504<\/strong><strong><\/strong>\n  <\/td><td>\n  <strong>10<\/strong><strong><\/strong>\n  <\/td><\/tr><tr><td>\n  VG Lingenfeld\n  <\/td><td>\n  Freisbach\n  <\/td><td>\n  34\n  <\/td><td>\n  3\n  <\/td><td>\n  30\n  <\/td><td>\n  1\n  <\/td><\/tr><tr><td>\n  &nbsp;\n  <\/td><td>\n  Lingenfeld\n  <\/td><td>\n  139\n  <\/td><td>\n  50\n  <\/td><td>\n  89\n  <\/td><td>\n  0\n  <\/td><\/tr><tr><td>\n  &nbsp;\n  <\/td><td>\n  Lustadt\n  <\/td><td>\n  61\n  <\/td><td>\n  8\n  <\/td><td>\n  52\n  <\/td><td>\n  1\n  <\/td><\/tr><tr><td>\n  &nbsp;\n  <\/td><td>\n  Schwegenheim\n  <\/td><td>\n  95\n  <\/td><td>\n  11\n  <\/td><td>\n  84\n  <\/td><td>\n  0\n  <\/td><\/tr><tr><td>\n  &nbsp;\n  <\/td><td>\n  Weingarten\n  <\/td><td>\n  58\n  <\/td><td>\n  5\n  <\/td><td>\n  52\n  <\/td><td>\n  1\n  <\/td><\/tr><tr><td>\n  &nbsp;\n  <\/td><td>\n  Westheim\n  <\/td><td>\n  58\n  <\/td><td>\n  25\n  <\/td><td>\n  27\n  <\/td><td>\n  6\n  <\/td><\/tr><tr><td>\n  &nbsp;\n  <\/td><td>\n  <strong>Summen<\/strong><strong><\/strong>\n  <\/td><td>\n  <strong>445<\/strong><strong><\/strong>\n  <\/td><td>\n  <strong>102<\/strong><strong><\/strong>\n  <\/td><td>\n  <strong>334<\/strong><strong><\/strong>\n  <\/td><td>\n  <strong>9<\/strong><strong><\/strong>\n  <\/td><\/tr><tr><td>\n  &nbsp;\n  <\/td><td>\n  <strong>Endsummen<\/strong><strong><\/strong>\n  <\/td><td>\n  <strong>2755<\/strong><strong><\/strong>\n  <\/td><td>\n  <strong>380<\/strong><strong><\/strong>\n  <\/td><td>\n  <strong>2298<\/strong><strong><\/strong>\n  <\/td><td>\n  <strong>77<\/strong><strong><\/strong>\n  <\/td><\/tr><\/tbody><\/table>\n\n\n\n<p>Stand 11. Januar 2021 <\/p>\n\n\n\n<h2 class=\"wp-block-heading\">Freitag, 08.01.2021<\/h2>\n\n\n\n<p>Aktuell gibt es im Landkreis Germersheim 388 best\u00e4tigte positive F\u00e4lle, die Gesamtzahl bel\u00e4uft sich auf 2685 Infizierte seit Beginn der Pandemie (+30)<\/p>\n\n\n\n<table class=\"wp-block-table\"><tbody><tr><td><strong>VG \/ Stadt<\/strong>   <\/td><td><strong>Ort<\/strong>   <\/td><td><strong>Infizierte seit Beginn der Pandemie<\/strong>   <\/td><td><strong>Aktuell infizierte Personen<\/strong>   <\/td><td><strong>Gesundete bzw. nicht mehr infizierte Personen<\/strong>   <\/td><td><strong>Leider an oder mit Covid-19 verstorbene Personen<\/strong>   <\/td><\/tr><tr><td>\n  VG Hagenbach\n  <\/td><td>\n  Berg\n  <\/td><td>\n  28\n  <\/td><td>\n  3\n  <\/td><td>\n  25\n  <\/td><td>\n  0\n  <\/td><\/tr><tr><td>\n  &nbsp;\n  <\/td><td>\n  Hagenbach\n  <\/td><td>\n  134\n  <\/td><td>\n  28\n  <\/td><td>\n  91\n  <\/td><td>\n  15\n  <\/td><\/tr><tr><td>\n  &nbsp;\n  <\/td><td>\n  Neuburg\n  <\/td><td>\n  63\n  <\/td><td>\n  5\n  <\/td><td>\n  55\n  <\/td><td>\n  3\n  <\/td><\/tr><tr><td>\n  &nbsp;\n  <\/td><td>\n  Scheibenhardt\n  <\/td><td>\n  13\n  <\/td><td>\n  0\n  <\/td><td>\n  13\n  <\/td><td>\n  0\n  <\/td><\/tr><tr><td>\n  <strong>&nbsp;<\/strong>\n  <\/td><td>\n  <strong>Summen<\/strong><strong><\/strong>\n  <\/td><td>\n  <strong>238<\/strong><strong><\/strong>\n  <\/td><td>\n  <strong>36<\/strong><strong><\/strong>\n  <\/td><td>\n  <strong>184<\/strong><strong><\/strong>\n  <\/td><td>\n  <strong>18<\/strong><strong><\/strong>\n  <\/td><\/tr><tr><td>\n  W\u00f6rth\n  <\/td><td>\n  Maximiliansau\n  <\/td><td>\n  133\n  <\/td><td>\n  14\n  <\/td><td>\n  118\n  <\/td><td>\n  1\n  <\/td><\/tr><tr><td>\n  &nbsp;\n  <\/td><td>\n  Schaidt\n  <\/td><td>\n  12\n  <\/td><td>\n  0\n  <\/td><td>\n  12\n  <\/td><td>\n  0\n  <\/td><\/tr><tr><td>\n  &nbsp;\n  <\/td><td>\n  W\u00f6rth, Stadt\n  <\/td><td>\n  235\n  <\/td><td>\n  34\n  <\/td><td>\n  198\n  <\/td><td>\n  3\n  <\/td><\/tr><tr><td>\n  &nbsp;\n  <\/td><td>\n  B\u00fcchelberg\n  <\/td><td>\n  16\n  <\/td><td>\n  1\n  <\/td><td>\n  15\n  <\/td><td>\n  0\n  <\/td><\/tr><tr><td>\n  <strong>&nbsp;<\/strong>\n  <\/td><td>\n  <strong>Summen<\/strong><strong><\/strong>\n  <\/td><td>\n  <strong>396<\/strong><strong><\/strong>\n  <\/td><td>\n  <strong>49<\/strong><strong><\/strong>\n  <\/td><td>\n  <strong>343<\/strong><strong><\/strong>\n  <\/td><td>\n  <strong>4<\/strong><strong><\/strong>\n  <\/td><\/tr><tr><td>\n  VG Kandel\n  <\/td><td>\n  Erlenbach\n  <\/td><td>\n  8\n  <\/td><td>\n  2\n  <\/td><td>\n  6\n  <\/td><td>\n  0\n  <\/td><\/tr><tr><td>\n  &nbsp;\n  <\/td><td>\n  Freckenfeld\n  <\/td><td>\n  23\n  <\/td><td>\n  6\n  <\/td><td>\n  17\n  <\/td><td>\n  0\n  <\/td><\/tr><tr><td>\n  &nbsp;\n  <\/td><td>\n  Kandel\n  <\/td><td>\n  125\n  <\/td><td>\n  13\n  <\/td><td>\n  111\n  <\/td><td>\n  1\n  <\/td><\/tr><tr><td>\n  &nbsp;\n  <\/td><td>\n  Minfeld\n  <\/td><td>\n  24\n  <\/td><td>\n  4\n  <\/td><td>\n  20\n  <\/td><td>\n  0\n  <\/td><\/tr><tr><td>\n  &nbsp;\n  <\/td><td>\n  Steinweiler\n  <\/td><td>\n  30\n  <\/td><td>\n  8\n  <\/td><td>\n  22\n  <\/td><td>\n  0\n  <\/td><\/tr><tr><td>\n  &nbsp;\n  <\/td><td>\n  Vollmersweiler\n  <\/td><td>\n  1\n  <\/td><td>\n  0\n  <\/td><td>\n  1\n  <\/td><td>\n  0\n  <\/td><\/tr><tr><td>\n  &nbsp;\n  <\/td><td>\n  Winden\n  <\/td><td>\n  17\n  <\/td><td>\n  3\n  <\/td><td>\n  13\n  <\/td><td>\n  1\n  <\/td><\/tr><tr><td>\n  &nbsp;\n  <\/td><td>\n  <strong>Summen<\/strong><strong><\/strong>\n  <\/td><td>\n  <strong>228<\/strong><strong><\/strong>\n  <\/td><td>\n  <strong>36<\/strong><strong><\/strong>\n  <\/td><td>\n  <strong>190<\/strong><strong><\/strong>\n  <\/td><td>\n  <strong>2<\/strong><strong><\/strong>\n  <\/td><\/tr><tr><td>\n  VG Jockgrim\n  <\/td><td>\n  Hatzenb\u00fchl\n  <\/td><td>\n  32\n  <\/td><td>\n  7\n  <\/td><td>\n  25\n  <\/td><td>\n  0\n  <\/td><\/tr><tr><td>\n  &nbsp;\n  <\/td><td>\n  Jockgrim\n  <\/td><td>\n  111\n  <\/td><td>\n  17\n  <\/td><td>\n  91\n  <\/td><td>\n  3\n  <\/td><\/tr><tr><td>\n  &nbsp;\n  <\/td><td>\n  Neupotz\n  <\/td><td>\n  22\n  <\/td><td>\n  7\n  <\/td><td>\n  15\n  <\/td><td>\n  0\n  <\/td><\/tr><tr><td>\n  &nbsp;\n  <\/td><td>\n  Rheinzabern\n  <\/td><td>\n  68\n  <\/td><td>\n  14\n  <\/td><td>\n  53\n  <\/td><td>\n  1\n  <\/td><\/tr><tr><td>\n  &nbsp;\n  <\/td><td>\n  <strong>Summen<\/strong><strong><\/strong>\n  <\/td><td>\n  <strong>233<\/strong><strong><\/strong>\n  <\/td><td>\n  <strong>45<\/strong><strong><\/strong>\n  <\/td><td>\n  <strong>184<\/strong><strong><\/strong>\n  <\/td><td>\n  <strong>4<\/strong><strong><\/strong>\n  <\/td><\/tr><tr><td>\n  VG R\u00fclzheim\n  <\/td><td>\n  H\u00f6rdt\n  <\/td><td>\n  52\n  <\/td><td>\n  10\n  <\/td><td>\n  42\n  <\/td><td>\n  0\n  <\/td><\/tr><tr><td>\n  &nbsp;\n  <\/td><td>\n  Kuhardt\n  <\/td><td>\n  39\n  <\/td><td>\n  9\n  <\/td><td>\n  30\n  <\/td><td>\n  0\n  <\/td><\/tr><tr><td>\n  &nbsp;\n  <\/td><td>\n  Leimersheim\n  <\/td><td>\n  36\n  <\/td><td>\n  4\n  <\/td><td>\n  31\n  <\/td><td>\n  1\n  <\/td><\/tr><tr><td>\n  &nbsp;\n  <\/td><td>\n  R\u00fclzheim\n  <\/td><td>\n  145\n  <\/td><td>\n  29\n  <\/td><td>\n  112\n  <\/td><td>\n  4\n  <\/td><\/tr><tr><td>\n  &nbsp;\n  <\/td><td>\n  <strong>Summen<\/strong><strong><\/strong>\n  <\/td><td>\n  <strong>272<\/strong><strong><\/strong>\n  <\/td><td>\n  <strong>52<\/strong><strong><\/strong>\n  <\/td><td>\n  <strong>215<\/strong><strong><\/strong>\n  <\/td><td>\n  <strong>5<\/strong><strong><\/strong>\n  <\/td><\/tr><tr><td>\n  VG Bellheim\n  <\/td><td>\n  Bellheim\n  <\/td><td>\n  248\n  <\/td><td>\n  27\n  <\/td><td>\n  197\n  <\/td><td>\n  24\n  <\/td><\/tr><tr><td>\n  &nbsp;\n  <\/td><td>\n  Knittelsheim\n  <\/td><td>\n  22\n  <\/td><td>\n  0\n  <\/td><td>\n  22\n  <\/td><td>\n  0\n  <\/td><\/tr><tr><td>\n  &nbsp;\n  <\/td><td>\n  Ottersheim\n  <\/td><td>\n  35\n  <\/td><td>\n  3\n  <\/td><td>\n  32\n  <\/td><td>\n  0\n  <\/td><\/tr><tr><td>\n  &nbsp;\n  <\/td><td>\n  Zeiskam\n  <\/td><td>\n  43\n  <\/td><td>\n  2\n  <\/td><td>\n  41\n  <\/td><td>\n  0\n  <\/td><\/tr><tr><td>\n  &nbsp;\n  <\/td><td>\n  <strong>Summen<\/strong><strong><\/strong>\n  <\/td><td>\n  <strong>348<\/strong><strong><\/strong>\n  <\/td><td>\n  <strong>32<\/strong><strong><\/strong>\n  <\/td><td>\n  <strong>292<\/strong><strong><\/strong>\n  <\/td><td>\n  <strong>24<\/strong><strong><\/strong>\n  <\/td><\/tr><tr><td>\n  &nbsp;Germersheim\n  + So\n  <\/td><td>\n  <strong>Summen<\/strong><strong><\/strong>\n  <\/td><td>\n  <strong>564<\/strong><strong><\/strong>\n  <\/td><td>\n  <strong>66<\/strong><strong><\/strong>\n  <\/td><td>\n  <strong>488<\/strong><strong><\/strong>\n  <\/td><td>\n  <strong>10<\/strong><strong><\/strong>\n  <\/td><\/tr><tr><td>\n  VG Lingenfeld\n  <\/td><td>\n  Freisbach\n  <\/td><td>\n  34\n  <\/td><td>\n  3\n  <\/td><td>\n  30\n  <\/td><td>\n  1\n  <\/td><\/tr><tr><td>\n  &nbsp;\n  <\/td><td>\n  Lingenfeld\n  <\/td><td>\n  105\n  <\/td><td>\n  20\n  <\/td><td>\n  85\n  <\/td><td>\n  0\n  <\/td><\/tr><tr><td>\n  &nbsp;\n  <\/td><td>\n  Lustadt\n  <\/td><td>\n  60\n  <\/td><td>\n  8\n  <\/td><td>\n  51\n  <\/td><td>\n  1\n  <\/td><\/tr><tr><td>\n  &nbsp;\n  <\/td><td>\n  Schwegenheim\n  <\/td><td>\n  92\n  <\/td><td>\n  12\n  <\/td><td>\n  80\n  <\/td><td>\n  0\n  <\/td><\/tr><tr><td>\n  &nbsp;\n  <\/td><td>\n  Weingarten\n  <\/td><td>\n  57\n  <\/td><td>\n  4\n  <\/td><td>\n  52\n  <\/td><td>\n  1\n  <\/td><\/tr><tr><td>\n  &nbsp;\n  <\/td><td>\n  Westheim\n  <\/td><td>\n  58\n  <\/td><td>\n  25\n  <\/td><td>\n  27\n  <\/td><td>\n  6\n  <\/td><\/tr><tr><td>\n  &nbsp;\n  <\/td><td>\n  <strong>Summen<\/strong><strong><\/strong>\n  <\/td><td>\n  <strong>406<\/strong><strong><\/strong>\n  <\/td><td>\n  <strong>72<\/strong><strong><\/strong>\n  <\/td><td>\n  <strong>325<\/strong><strong><\/strong>\n  <\/td><td>\n  <strong>9<\/strong><strong><\/strong>\n  <\/td><\/tr><tr><td>\n  &nbsp;\n  <\/td><td>\n  <strong>Endsummen<\/strong><strong><\/strong>\n  <\/td><td>\n  <strong>2685<\/strong><strong><\/strong>\n  <\/td><td>\n  <strong>388<\/strong><strong><\/strong>\n  <\/td><td>\n  <strong>2221<\/strong><strong><\/strong>\n  <\/td><td>\n  <strong>76<\/strong><strong><\/strong>\n  <\/td><\/tr><\/tbody><\/table>\n\n\n\n<p>Stand 08.\nJanuar 2021<\/p>\n\n\n\n<h2 class=\"wp-block-heading\"><strong>Diskrepanzen in Fallzahlmeldungen<\/strong><\/h2>\n\n\n\n<p>Die Fallzahlmeldungen und die daraus errechnete Inzidenz, die das Ministerium f\u00fcr Soziales, Arbeit, Gesundheit und Demografie t\u00e4glich ver\u00f6ffentlich, haben sich f\u00fcr einige Tage deutlich von den Zahlen des Landkreises Germersheim unterschieden. Darauf weist die Kreisverwaltung hin. Nach jetzigem Kenntnisstand ist das Problem jedoch behoben, sodass die Zahlen wieder stimmen m\u00fcssten.<\/p>\n\n\n\n<p>Nach den Landeszahlen l\u00e4ge der Landkreis Germersheim Stand 07.01.2021 bei einer Inzidenz von ca. 26, tats\u00e4chlich liegt sie jedoch bei ca. 125.<\/p>\n\n\n\n<p>Hat das Land am 07.01.2021 f\u00fcr den Landkreis Germersheim eine Gesamtfallzahl von 2568 und 71 Todesf\u00e4lle ver\u00f6ffentlicht, stehen diese Zahlen in einem deutliche Missverh\u00e4ltnis zu den tats\u00e4chlichen Zahlen. In seiner eigenen Fallzahlmeldung musste der Kreis am 07.01.2021 eine Gesamtzahlen von 2655 und leider 76 Todesf\u00e4lle mitteilen.<\/p>\n\n\n\n<p>Die Datengrundlage ist dabei dieselbe, n\u00e4mlich die Datenbank, die direkt im Gesundheitsamt gepflegt wird. \u201eWir wissen von Problemen, die es seitens des Landes bzw. des Robert-Koch-Instituts nach einem Software-Update gegeben hat. Wir waren im Kontakt mit Land und RKI, um unterst\u00fctzend bei der Behebung des Problems mitzuwirken. Wenn die Daten\u00fcbermittlung oder -verarbeitung jetzt wieder einwandfrei funktioniert, k\u00f6nnen sich alle auch wieder auf die ver\u00f6ffentlichten Zahlen und Inzidenz-Berechnungen verlassen\u201c, so Landrat Dr. Brechtel. \u201eSolche Pannen sind bedauerlich und sorgen nat\u00fcrlich f\u00fcr gro\u00dfe Verwirrung. Aber Fehler sind menschlich. Leider bleiben der Vielzahl der Meldungen und der sich st\u00e4ndig verbessernden EDV Ausstattung, kurzfristige Softwareprobleme nicht aus. Wichtig ist, dass wir uns nicht beirren lassen, dass wir uns weiterhin an alle Vorsichtsma\u00dfnahmen halten und dass wir dadurch das Ziel Pandemie-Bek\u00e4mpfung nicht aus den Augen verlieren.\u201c<\/p>\n\n\n\n<h2 class=\"wp-block-heading\">Donnerstag, 07.01.2021<\/h2>\n\n\n\n<p>Aktuell gibt es im Landkreis Germersheim 456 best\u00e4tigte positive F\u00e4lle, die Gesamtzahl bel\u00e4uft sich auf 2655 Infizierte seit Beginn der Pandemie (+32)<\/p>\n\n\n\n<table class=\"wp-block-table\"><tbody><tr><td><strong>VG \/ Stadt<\/strong>   <\/td><td><strong>Ort<\/strong>   <\/td><td><strong>Infizierte seit Beginn der Pandemie<\/strong>   <\/td><td><strong>Aktuell infizierte Personen<\/strong>   <\/td><td><strong>Gesundete bzw. nicht mehr infizierte Personen<\/strong>   <\/td><td><strong>Leider an oder mit Covid-19 verstorbene Personen<\/strong>   <\/td><\/tr><tr><td>\n  VG Hagenbach\n  <\/td><td>\n  Berg\n  <\/td><td>\n  28\n  <\/td><td>\n  3\n  <\/td><td>\n  25\n  <\/td><td>\n  0\n  <\/td><\/tr><tr><td>\n  &nbsp;\n  <\/td><td>\n  Hagenbach\n  <\/td><td>\n  134\n  <\/td><td>\n  33\n  <\/td><td>\n  86\n  <\/td><td>\n  15\n  <\/td><\/tr><tr><td>\n  &nbsp;\n  <\/td><td>\n  Neuburg\n  <\/td><td>\n  62\n  <\/td><td>\n  4\n  <\/td><td>\n  55\n  <\/td><td>\n  3\n  <\/td><\/tr><tr><td>\n  &nbsp;\n  <\/td><td>\n  Scheibenhardt\n  <\/td><td>\n  13\n  <\/td><td>\n  0\n  <\/td><td>\n  13\n  <\/td><td>\n  0\n  <\/td><\/tr><tr><td>\n  <strong>&nbsp;<\/strong>\n  <\/td><td>\n  <strong>Summen<\/strong><strong><\/strong>\n  <\/td><td>\n  <strong>237<\/strong><strong><\/strong>\n  <\/td><td>\n  <strong>40<\/strong><strong><\/strong>\n  <\/td><td>\n  <strong>179<\/strong><strong><\/strong>\n  <\/td><td>\n  <strong>18<\/strong><strong><\/strong>\n  <\/td><\/tr><tr><td>\n  W\u00f6rth\n  <\/td><td>\n  Maximiliansau\n  <\/td><td>\n  131\n  <\/td><td>\n  17\n  <\/td><td>\n  113\n  <\/td><td>\n  1\n  <\/td><\/tr><tr><td>\n  &nbsp;\n  <\/td><td>\n  Schaidt\n  <\/td><td>\n  12\n  <\/td><td>\n  0\n  <\/td><td>\n  12\n  <\/td><td>\n  0\n  <\/td><\/tr><tr><td>\n  &nbsp;\n  <\/td><td>\n  W\u00f6rth, Stadt\n  <\/td><td>\n  233\n  <\/td><td>\n  38\n  <\/td><td>\n  192\n  <\/td><td>\n  3\n  <\/td><\/tr><tr><td>\n  &nbsp;\n  <\/td><td>\n  B\u00fcchelberg\n  <\/td><td>\n  15\n  <\/td><td>\n  0\n  <\/td><td>\n  15\n  <\/td><td>\n  0\n  <\/td><\/tr><tr><td>\n  <strong>&nbsp;<\/strong>\n  <\/td><td>\n  <strong>Summen<\/strong><strong><\/strong>\n  <\/td><td>\n  <strong>391<\/strong><strong><\/strong>\n  <\/td><td>\n  <strong>55<\/strong><strong><\/strong>\n  <\/td><td>\n  <strong>332<\/strong><strong><\/strong>\n  <\/td><td>\n  <strong>4<\/strong><strong><\/strong>\n  <\/td><\/tr><tr><td>\n  VG Kandel\n  <\/td><td>\n  Erlenbach\n  <\/td><td>\n  7\n  <\/td><td>\n  2\n  <\/td><td>\n  5\n  <\/td><td>\n  0\n  <\/td><\/tr><tr><td>\n  &nbsp;\n  <\/td><td>\n  Freckenfeld\n  <\/td><td>\n  22\n  <\/td><td>\n  5\n  <\/td><td>\n  17\n  <\/td><td>\n  0\n  <\/td><\/tr><tr><td>\n  &nbsp;\n  <\/td><td>\n  Kandel\n  <\/td><td>\n  122\n  <\/td><td>\n  23\n  <\/td><td>\n  98\n  <\/td><td>\n  1\n  <\/td><\/tr><tr><td>\n  &nbsp;\n  <\/td><td>\n  Minfeld\n  <\/td><td>\n  24\n  <\/td><td>\n  4\n  <\/td><td>\n  20\n  <\/td><td>\n  0\n  <\/td><\/tr><tr><td>\n  &nbsp;\n  <\/td><td>\n  Steinweiler\n  <\/td><td>\n  28\n  <\/td><td>\n  6\n  <\/td><td>\n  22\n  <\/td><td>\n  0\n  <\/td><\/tr><tr><td>\n  &nbsp;\n  <\/td><td>\n  Vollmersweiler\n  <\/td><td>\n  1\n  <\/td><td>\n  0\n  <\/td><td>\n  1\n  <\/td><td>\n  0\n  <\/td><\/tr><tr><td>\n  &nbsp;\n  <\/td><td>\n  Winden\n  <\/td><td>\n  17\n  <\/td><td>\n  3\n  <\/td><td>\n  13\n  <\/td><td>\n  1\n  <\/td><\/tr><tr><td>\n  &nbsp;\n  <\/td><td>\n  <strong>Summen<\/strong><strong><\/strong>\n  <\/td><td>\n  <strong>221<\/strong><strong><\/strong>\n  <\/td><td>\n  <strong>43<\/strong><strong><\/strong>\n  <\/td><td>\n  <strong>176<\/strong><strong><\/strong>\n  <\/td><td>\n  <strong>2<\/strong><strong><\/strong>\n  <\/td><\/tr><tr><td>\n  VG Jockgrim\n  <\/td><td>\n  Hatzenb\u00fchl\n  <\/td><td>\n  32\n  <\/td><td>\n  7\n  <\/td><td>\n  25\n  <\/td><td>\n  0\n  <\/td><\/tr><tr><td>\n  &nbsp;\n  <\/td><td>\n  Jockgrim\n  <\/td><td>\n  110\n  <\/td><td>\n  22\n  <\/td><td>\n  85\n  <\/td><td>\n  3\n  <\/td><\/tr><tr><td>\n  &nbsp;\n  <\/td><td>\n  Neupotz\n  <\/td><td>\n  22\n  <\/td><td>\n  8\n  <\/td><td>\n  14\n  <\/td><td>\n  0\n  <\/td><\/tr><tr><td>\n  &nbsp;\n  <\/td><td>\n  Rheinzabern\n  <\/td><td>\n  68\n  <\/td><td>\n  17\n  <\/td><td>\n  50\n  <\/td><td>\n  1\n  <\/td><\/tr><tr><td>\n  &nbsp;\n  <\/td><td>\n  <strong>Summen<\/strong><strong><\/strong>\n  <\/td><td>\n  <strong>232<\/strong><strong><\/strong>\n  <\/td><td>\n  <strong>54<\/strong><strong><\/strong>\n  <\/td><td>\n  <strong>174<\/strong><strong><\/strong>\n  <\/td><td>\n  <strong>4<\/strong><strong><\/strong>\n  <\/td><\/tr><tr><td>\n  VG R\u00fclzheim\n  <\/td><td>\n  H\u00f6rdt\n  <\/td><td>\n  52\n  <\/td><td>\n  12\n  <\/td><td>\n  40\n  <\/td><td>\n  0\n  <\/td><\/tr><tr><td>\n  &nbsp;\n  <\/td><td>\n  Kuhardt\n  <\/td><td>\n  37\n  <\/td><td>\n  8\n  <\/td><td>\n  29\n  <\/td><td>\n  0\n  <\/td><\/tr><tr><td>\n  &nbsp;\n  <\/td><td>\n  Leimersheim\n  <\/td><td>\n  36\n  <\/td><td>\n  6\n  <\/td><td>\n  29\n  <\/td><td>\n  1\n  <\/td><\/tr><tr><td>\n  &nbsp;\n  <\/td><td>\n  R\u00fclzheim\n  <\/td><td>\n  142\n  <\/td><td>\n  29\n  <\/td><td>\n  109\n  <\/td><td>\n  4\n  <\/td><\/tr><tr><td>\n  &nbsp;\n  <\/td><td>\n  <strong>Summen<\/strong><strong><\/strong>\n  <\/td><td>\n  <strong>267<\/strong><strong><\/strong>\n  <\/td><td>\n  <strong>55<\/strong><strong><\/strong>\n  <\/td><td>\n  <strong>207<\/strong><strong><\/strong>\n  <\/td><td>\n  <strong>5<\/strong><strong><\/strong>\n  <\/td><\/tr><tr><td>\n  VG Bellheim\n  <\/td><td>\n  Bellheim\n  <\/td><td>\n  244\n  <\/td><td>\n  33\n  <\/td><td>\n  187\n  <\/td><td>\n  24\n  <\/td><\/tr><tr><td>\n  &nbsp;\n  <\/td><td>\n  Knittelsheim\n  <\/td><td>\n  22\n  <\/td><td>\n  0\n  <\/td><td>\n  22\n  <\/td><td>\n  0\n  <\/td><\/tr><tr><td>\n  &nbsp;\n  <\/td><td>\n  Ottersheim\n  <\/td><td>\n  35\n  <\/td><td>\n  6\n  <\/td><td>\n  29\n  <\/td><td>\n  0\n  <\/td><\/tr><tr><td>\n  &nbsp;\n  <\/td><td>\n  Zeiskam\n  <\/td><td>\n  43\n  <\/td><td>\n  4\n  <\/td><td>\n  39\n  <\/td><td>\n  0\n  <\/td><\/tr><tr><td>\n  &nbsp;\n  <\/td><td>\n  <strong>Summen<\/strong><strong><\/strong>\n  <\/td><td>\n  <strong>344<\/strong><strong><\/strong>\n  <\/td><td>\n  <strong>43<\/strong><strong><\/strong>\n  <\/td><td>\n  <strong>277<\/strong><strong><\/strong>\n  <\/td><td>\n  <strong>24<\/strong><strong><\/strong>\n  <\/td><\/tr><tr><td>\n  &nbsp;Germersheim\n  + So\n  <\/td><td>\n  <strong>Summen<\/strong><strong><\/strong>\n  <\/td><td>\n  <strong>561<\/strong><strong><\/strong>\n  <\/td><td>\n  <strong>83<\/strong><strong><\/strong>\n  <\/td><td>\n  <strong>468<\/strong><strong><\/strong>\n  <\/td><td>\n  <strong>10<\/strong><strong><\/strong>\n  <\/td><\/tr><tr><td>\n  VG Lingenfeld\n  <\/td><td>\n  Freisbach\n  <\/td><td>\n  34\n  <\/td><td>\n  6\n  <\/td><td>\n  27\n  <\/td><td>\n  1\n  <\/td><\/tr><tr><td>\n  &nbsp;\n  <\/td><td>\n  Lingenfeld\n  <\/td><td>\n  104\n  <\/td><td>\n  21\n  <\/td><td>\n  83\n  <\/td><td>\n  0\n  <\/td><\/tr><tr><td>\n  &nbsp;\n  <\/td><td>\n  Lustadt\n  <\/td><td>\n  60\n  <\/td><td>\n  13\n  <\/td><td>\n  46\n  <\/td><td>\n  1\n  <\/td><\/tr><tr><td>\n  &nbsp;\n  <\/td><td>\n  Schwegenheim\n  <\/td><td>\n  91\n  <\/td><td>\n  12\n  <\/td><td>\n  79\n  <\/td><td>\n  0\n  <\/td><\/tr><tr><td>\n  &nbsp;\n  <\/td><td>\n  Weingarten\n  <\/td><td>\n  55\n  <\/td><td>\n  3\n  <\/td><td>\n  51\n  <\/td><td>\n  1\n  <\/td><\/tr><tr><td>\n  &nbsp;\n  <\/td><td>\n  Westheim\n  <\/td><td>\n  58\n  <\/td><td>\n  28\n  <\/td><td>\n  24\n  <\/td><td>\n  6\n  <\/td><\/tr><tr><td>\n  &nbsp;\n  <\/td><td>\n  <strong>Summen<\/strong><strong><\/strong>\n  <\/td><td>\n  <strong>402<\/strong><strong><\/strong>\n  <\/td><td>\n  <strong>83<\/strong><strong><\/strong>\n  <\/td><td>\n  <strong>310<\/strong><strong><\/strong>\n  <\/td><td>\n  <strong>9<\/strong><strong><\/strong>\n  <\/td><\/tr><tr><td>\n  &nbsp;\n  <\/td><td>\n  <strong>Endsummen<\/strong><strong><\/strong>\n  <\/td><td>\n  <strong>2655<\/strong><strong><\/strong>\n  <\/td><td>\n  <strong>456<\/strong><strong><\/strong>\n  <\/td><td>\n  <strong>2123<\/strong><strong><\/strong>\n  <\/td><td>\n  <strong>76<\/strong><strong><\/strong>\n  <\/td><\/tr><\/tbody><\/table>\n\n\n\n<p>Stand 07.\nJanuar 2021<\/p>\n\n\n\n<p><em>Kreisverwaltung Germersheim<br>14.01.2021<\/em><\/p>\n\n\n\n<h2 class=\"wp-block-heading\"><strong>Coronatests f\u00fcr Personal in Kitas und \u00e4hnlichen Tageseinrichtungen<\/strong><\/h2>\n\n\n\n<h3 class=\"wp-block-heading\"><strong>DRK-Kreisverband hat Teststation eingerichtet<\/strong><\/h3>\n\n\n\n<p>Der Kreisverband Germersheim des Deutschen Roten Kreuzes bietet f\u00fcr Personal von Kindertagesst\u00e4tten und Tagespflegeeinrichtungen im Landkreis Germersheim k\u00fcnftig PoC-Schnelltests und PCR-Tests an. Eine entsprechende Teststation wurde in der DRK-Kreisgesch\u00e4ftsstelle, Hans-Graf-Sponeckstra\u00dfe 33, 76726 Germersheim bereits eingerichtet. <\/p>\n\n\n\n<p>Wer aus diesem Personenkreis eine Legitimationsbescheinigung der Einrichtung erh\u00e4lt und zum Termin vorlegen kann, kann sich seit Mittwoch, 13. Januar, ab 13 Uhr, telefonisch unter Tel. 0172\/7429012 anmelden und einen Termin vereinbaren. Ab dem Folgetag ist diese Hotline werktags von 8 bis 16 Uhr erreichbar. Eine Anmeldung ist auch per E-Mail \u00fcber\u00a0<a rel=\"noreferrer noopener\" href=\"mailto:CTS@drk-kv-germersheim.de\" target=\"_blank\">CTS@drk-kv-germersheim.de<\/a>\u00a0m\u00f6glich, auch k\u00f6nnen hier Wunschtermine ge\u00e4u\u00dfert werden. \u201e<\/p>\n\n\n\n<p>Dieser Personenkreis geh\u00f6rt zu den Gruppen, die aufgrund ihrer N\u00e4he zu vielen Menschen besonders im Fokus bei der m\u00f6glichen Weiterverbreitung des Coronavirus stehen. Daher sind wir sehr dankbar, dass unser Kreisverband des DRK diese wichtige Aufgabe \u00fcbernimmt und damit auch das \u00f6ffentliche Gesundheitswesen an der Stelle entlastet\u201c, so Landrat Dr. Fritz Brechtel und der f\u00fcr Kinder, Jugend und Soziales zust\u00e4ndige Erste Kreisbeigeordnete, Christoph Buttweiler.<\/p>\n\n\n\n<p><em>Kreisverwaltung Germersheim<br>14.01.2021<\/em><\/p>\n\n\n\n<h2 class=\"wp-block-heading\"><strong>Neue E-Mail-Adressen der Pflegest\u00fctzpunkte<\/strong><\/h2>\n\n\n\n<figure class=\"wp-block-image\"><img decoding=\"async\" loading=\"lazy\" width=\"800\" height=\"429\" src=\"https:\/\/speyer24news.com\/wp-content\/uploads\/2021\/01\/Pflege-St\u00fctzpunkte-RLP.png\" alt=\"\" class=\"wp-image-32235\" srcset=\"https:\/\/speyer24news.com\/wp-content\/uploads\/2021\/01\/Pflege-St\u00fctzpunkte-RLP.png 800w, https:\/\/speyer24news.com\/wp-content\/uploads\/2021\/01\/Pflege-St\u00fctzpunkte-RLP-300x161.png 300w, https:\/\/speyer24news.com\/wp-content\/uploads\/2021\/01\/Pflege-St\u00fctzpunkte-RLP-768x412.png 768w\" sizes=\"(max-width: 800px) 100vw, 800px\" \/><\/figure>\n\n\n\n<p>Zum Jahreswechsel haben\ndie Pflegest\u00fctzpunkte in Rheinland-Pfalz ein neues EDV-System erhalten. Aus\ndiesem Grund sind die Fachkr\u00e4fte in den Pflegest\u00fctzpunkten ab dem kommenden\nJahr unter neuen E-Mail-Adressen erreichbar. Aus dem Punkt zwischen\n\u201epflegestuetzpunkte\u201c und \u201erlp\u201c wird dann ein Minuszeichen:<\/p>\n\n\n\n<p>Derzeit: &nbsp;&nbsp;&nbsp;&nbsp;&nbsp;&nbsp;&nbsp;&nbsp;&nbsp;&nbsp;&nbsp;&nbsp;&nbsp;&nbsp;&nbsp;&nbsp;&nbsp;&nbsp;&nbsp;&nbsp;&nbsp;&nbsp;&nbsp;&nbsp;&nbsp;&nbsp;&nbsp;&nbsp;&nbsp;&nbsp;&nbsp;&nbsp;&nbsp;&nbsp; <a href=\"mailto:Vorname.Name@pflegestuetzpunkte.rlp.de\">Vorname.Name@pflegestuetzpunkte.rlp.de<\/a><\/p>\n\n\n\n<p>Seit dem\n01.01.2021: &nbsp;&nbsp;&nbsp; &nbsp;&nbsp;&nbsp;&nbsp;&nbsp;&nbsp;&nbsp;&nbsp;&nbsp;&nbsp;&nbsp; <a href=\"mailto:Vorname.Name@pflegestuetzpunkte-rlp.de\">Vorname.Name@pflegestuetzpunkte-rlp.de<\/a><\/p>\n\n\n\n<p>Auf die\ntelefonische Erreichbarkeit der Pflegest\u00fctzpunkte hat die Systemumstellung\nkeine Auswirkungen. Die Kontaktdaten aller rheinland-pf\u00e4lzischen\nPflegest\u00fctzpunkte findet man auf der Homepage des Sozialportals Rheinland-Pfalz\nunter <a href=\"http:\/\/www.pflegestuetzpunkte.rlp.de\">www.pflegestuetzpunkte.rlp.de<\/a> oder <a href=\"https:\/\/sozialportal.rlp.de\/aeltere-menschen\/pflegestuetzpunkte\/\">https:\/\/sozialportal.rlp.de\/aeltere-menschen\/pflegestuetzpunkte\/<\/a>.<\/p>\n\n\n\n<p>Die\nPflegest\u00fctzpunkte informieren und beraten hilfe- und pflegebed\u00fcrftige, kranke\noder behinderte Menschen und ihre Angeh\u00f6rigen \u00fcber alle Unterst\u00fctzungs- und\nFinanzierungsm\u00f6glichkeiten. Sie beraten unabh\u00e4ngig, unverbindlich, kostenlos\nund unter Wahrung der Schweigepflicht. Im Landkreis Germersheim gibt es vier\nPflegest\u00fctzpunkte mit Sitz in Germersheim, R\u00fclzheim, Kandel und W\u00f6rth:<\/p>\n\n\n\n<h4 class=\"wp-block-heading\"><strong>Pflegest\u00fctzpunkt Germersheim<\/strong><\/h4>\n\n\n\n<ul><li>(Stadt Germersheim, VG Lingenfeld)<\/li><li>Bismarckstra\u00dfe 12, 76726 Germersheim<\/li><li>Frau Ahilger &amp; Frau Stepp,<\/li><li>Telefon: 0 72 74 &#8211; 70 30 932<\/li><li>E-Mail: <a href=\"sabine.stepp@pflegestuetzpunkte-rlp.de\">sabine.stepp@pflegestuetzpunkte-rlp.de<\/a><\/li><li><a href=\"cornelia.ahilger@pflegestuetzpunkte-rlp.de\">cornelia.ahilger@pflegestuetzpunkte-rlp.de<\/a><\/li><li>Frau Scheib<\/li><li>Telefon: 0 72 74 &#8211; 70 30 177<\/li><li>E-Mail: <a href=\"christiane.scheib@pflegestuetzpunkte.rlp.de\">christiane.scheib@pflegestuetzpunkte.rlp.de<\/a><\/li><\/ul>\n\n\n\n<h4 class=\"wp-block-heading\"><strong>Pflegest\u00fctzpunkt R\u00fclzheim<\/strong><\/h4>\n\n\n\n<ul><li>(VG R\u00fclzheim, VG Bellheim)<\/li><li>Kuhardter Stra\u00dfe 37, 76761 R\u00fclzheim<\/li><li>Frau Geiger<\/li><li>Telefon: 0 72 72 \u2013 75 03 42<\/li><li>E-Mail: <a href=\"stephanie.geiger@pflegestuetzpunkte-rlp.de\">stephanie.geiger@pflegestuetzpunkte-rlp.de<\/a><\/li><li>Frau Pfirrmann<\/li><li>Telefon: 0 72 72 \u2013 97 29 68<\/li><li>E-Mail: <a href=\"rosa.pfirrmann@pflegestuetzpunkte-rlp.de\">rosa.pfirrmann@pflegestuetzpunkte-rlp.de<\/a><\/li><\/ul>\n\n\n\n<h4 class=\"wp-block-heading\"><strong>Pflegest\u00fctzpunkt Kandel<\/strong><\/h4>\n\n\n\n<ul><li>(Stadt Kandel, VG Kandel, VG Jockgrim)<\/li><li>Gartenstra\u00dfe 8, 76870 Kandel<\/li><li>Frau B\u00f6rckel<\/li><li>Telefon: 07275 94 87 775<\/li><li>E-Mail: <a href=\"http:\/\/sarah.boerckel@pflegest\u00fctzpunkte-rlp.de\">sarah.boerckel@pflegest\u00fctzpunkte-rlp.de<\/a><\/li><li>Frau Scheib<\/li><li>Telefon: 07275 94 87 774<\/li><li>E-Mail: <a href=\"christiane.scheib@pflegestuetzpunkte-rlp.de\">christiane.scheib@pflegestuetzpunkte-rlp.de<\/a><\/li><\/ul>\n\n\n\n<h4 class=\"wp-block-heading\"><strong>Pflegest\u00fctzpunkt W\u00f6rth<\/strong><\/h4>\n\n\n\n<ul><li>(Stadt W\u00f6rth, VG Hagenbach)<\/li><li>Artur-Nisio-Str. 23, 76744 W\u00f6rth<\/li><li>Frau Duthweiler<\/li><li>Telefon: 0 72 71 &#8211; 13 20 335<\/li><li>E-Mail: <a href=\"elke.duthweiler@pflegestuetzpunkte-rlp.de\">elke.duthweiler@pflegestuetzpunkte-rlp.de<\/a><\/li><li>Frau Pfirrmann<\/li><li>Telefon: 0 72 71 &#8211; 13 20 336 E-Mail: <a href=\"rosa.pfirrmann@pflegestuetzpunkte-rlp.de\">rosa.pfirrmann@pflegestuetzpunkte-rlp.de<\/a><\/li><\/ul>\n\n\n\n<p><em>Kreisverwaltung Germersheim<br>14.01.2021<\/em><\/p>\n\n\n\n<h2 class=\"wp-block-heading\"><strong>Kreisvolkshochschule Germersheim: Kurse, Vortr\u00e4ge, Veranstaltungen<\/strong><\/h2>\n\n\n\n<figure class=\"wp-block-image\"><img decoding=\"async\" src=\"https:\/\/speyer24news.com\/wp-content\/uploads\/2020\/01\/VHS-GER-Logo.png\" alt=\"\" class=\"wp-image-24132\"\/><\/figure>\n\n\n\n<p>Aufgrund der aktuellen Beschr\u00e4nkungen fallen alle Veranstaltungen\/Kurse der Kreisvolkshochschule Germersheim zun\u00e4chst <strong>bis zum 31. Januar 2021<\/strong> aus. Wer Fragen zu den geplanten Kursen hat, kann sich gerne bei den Mitarbeiterinnen der Kreisvolkshochschule telefonisch unter Tel. 07274\/53-382 und 53-334 melden.<\/p>\n\n\n\n<p><em>Kreisverwaltung Germersheim<br>14.01.2021<\/em>  <\/p>\n\n\n\n<h2 class=\"wp-block-heading\"><strong>Besucherlenkungskonzept Bienwald \u2013 Land gew\u00e4hrt F\u00f6rderung f\u00fcr Beschilderung und M\u00f6blierung<\/strong><\/h2>\n\n\n\n<div class=\"wp-block-image\"><figure class=\"aligncenter\"><img decoding=\"async\" loading=\"lazy\" width=\"800\" height=\"511\" src=\"https:\/\/speyer24news.com\/wp-content\/uploads\/2021\/01\/Foto-Schild-Naturfreundehaus.jpg\" alt=\"\" class=\"wp-image-32245\" srcset=\"https:\/\/speyer24news.com\/wp-content\/uploads\/2021\/01\/Foto-Schild-Naturfreundehaus.jpg 800w, https:\/\/speyer24news.com\/wp-content\/uploads\/2021\/01\/Foto-Schild-Naturfreundehaus-300x192.jpg 300w, https:\/\/speyer24news.com\/wp-content\/uploads\/2021\/01\/Foto-Schild-Naturfreundehaus-768x491.jpg 768w\" sizes=\"(max-width: 800px) 100vw, 800px\" \/><\/figure><\/div>\n\n\n\n<p><strong>Die Umsetzung des LEADER-Projektes Besucherlenkungskonzept Bienwald geht in die n\u00e4chste Runde. Die Beschilderung der Rad- und Wanderwege nach den geltenden Richtlinien des Landes Rheinland-Pfalz soll bis Sommer umgesetzt werden.<\/strong><\/p>\n\n\n\n<p>Das\nLand Rheinland-Pfalz unterst\u00fctzt das Vorhaben mit rund 260.000 Euro aus Mitteln\ndes Europ\u00e4ischen Landwirtschaftsfonds f\u00fcr die Entwicklung des l\u00e4ndlichen Raums\n(ELER). Die Gesamtkosten der Umsetzung belaufen sich auf rund 347.000 Euro. Der\nverbleibende Eigenanteil wird von den betroffenen Verbandsgemeinden sowie der\nStadt W\u00f6rth \u00fcbernommen, der Landkreis Germersheim hatte den verbleibenden\nEigenanteil der Planungskosten sowie die Projekttr\u00e4gerschaft \u00fcbernommen. <\/p>\n\n\n\n<p>\u201eDieses\nneue Angebot ist eine nachhaltige Investition in die Freizeit- und\nErholungsqualit\u00e4t des Landkreises Germersheim sowie ein wichtiger Baustein, das\nZiel `RadReiseRegion\u00b4 zu erreichen. Der bisher nur unzureichend erschlossene\nBienwald wird durch die neu beschilderten Wege f\u00fcr ruhesuchende Naherholende\nund G\u00e4ste zug\u00e4nglich gemacht. Auf gut markierten Wegen werden diese zuk\u00fcnftig\ndurch den Bienwald gef\u00fchrt\u201c, so Landrat Dr. Fritz Brechtel. <\/p>\n\n\n\n<p>\u201eAls\nVorsitzender der Lokalen Aktionsgruppe der LEADER-Region S\u00fcdpfalz freue ich\nmich ganz besonders, dass wir gemeinsam mit allen Beteiligten dieses Projekt in\ndie Umsetzung bringen k\u00f6nnen. Der Bienwald erg\u00e4nzt das Naherholungsangebot in\nder S\u00fcdpfalz und hat auch eine wichtige Bedeutung f\u00fcr die touristische\nEntwicklung der Bienwaldregion Kandel\u201c, erg\u00e4nzt B\u00fcrgermeister Volker Po\u00df. <\/p>\n\n\n\n<p>In\nder ersten Projektphase wurden zun\u00e4chst in einem sehr zeitintensiven Prozess\ndie bestehenden und neuen Wegeverbindungen mit allen Akteuren abgestimmt und\ndie \u00dcbernahme der zuk\u00fcnftigen Pflege der Wege geregelt. Nun kann mit der\nUmsetzung der Beschilderung begonnen werden. Insgesamt werden 229 km Wanderwege\nund 142 km Radwege neu beschildert. Zus\u00e4tzlich zu den bereits bestehenden Wegen\nwerden drei neue Themenradwege und sieben neue Rundwanderwege ausgeschildert.\nZwei der bestehenden Themenwanderwege sollen als Qualit\u00e4tswege zertifiziert\nwerden. <\/p>\n\n\n\n<p>&#8222;Gemeinsam\nhaben wir es geschafft, die Bed\u00fcrfnisse der verschiedenen Nutzergruppen in\nEinklang zu bringen und ein zeitgem\u00e4\u00dfes Konzept zu erarbeiten. Erholung,\nWaldnaturschutz und Holznutzung sind auf gleicher Fl\u00e4che m\u00f6glich und\nwidersprechen sich nicht.&#8220;, so Astrid Berens, Leiterin Forstamt Bienwald.<\/p>\n\n\n\n<p>Das\nProjekt folgt der Tourismusstrategie des Landkreises Germersheim und f\u00fcgt sich\nin die gemeinsame Strategie von Pfalz.Touristik e.V. ein. Gemeinsam mit den\nNachbarlandkreisen S\u00fcdliche Weinstra\u00dfe, dem Rheinpfalz-Kreis sowie den St\u00e4dten\nLandau, Speyer und Neustadt verfolgt der Landkreis Germersheim das Ziel, ADFC\nzertifizierte RadReiseRegion zu werden. \u201eDas Besucherlenkungskonzept Bienwald\nist ein wichtiger Baustein zur Verbesserung der Radwegeinfrastruktur und hat\ndas Potential, zus\u00e4tzlich G\u00e4ste in die S\u00fcdpfalz zu bringen\u201c, so Landrat Dr.\nFritz Brechtel. <\/p>\n\n\n\n<p><em>Text: Kreisverwaltung Germersheim Foto: S\u00fcdpfalz Tourismus Bienwaldregion Kandel e.V. <br>14.01.2021<\/em><\/p>\n\n\n\n<h2 class=\"wp-block-heading\"><strong>Anmeldetermine der\nweiterf\u00fchrenden Schulen im Landkreis Germersheim<\/strong><\/h2>\n\n\n\n<p>Von\nEnde Januar bis M\u00e4rz 2021 sind die Anmeldetermine f\u00fcr die weiterf\u00fchrenden Schulen\nim Landkreis Germersheim. Darauf weist Christoph Buttweiler, Erster\nKreisbeigeordneter und Schuldezernent hin. <\/p>\n\n\n\n<p>Hier\ndie Anmeldetermine im \u00dcberblick:<\/p>\n\n\n\n<p><strong>Realschule Plus\nBellheim, <\/strong>Schulstra\u00dfe\n4, 22.02. \u2013 26.02.2021 von 8 \u2013 12 Uhr (nach telefonischer Vereinbarung, es\nk\u00f6nnen auch individuelle Termine vergeben werden), <a href=\"http:\/\/www.rs-plus-bellheim.de\">www.rs-plus-bellheim.de<\/a><\/p>\n\n\n\n<p><strong>Geschwister-Scholl-Realschule\nPlus Germersheim<\/strong>,\nR\u00f6merweg 2, 29.01.2021 von 8 \u2013 13 Uhr, 01.02. \u2013 04.02.2021; Mo \u2013 Do von 8 \u2013 16\nUhr, 05.02.2021 von 8 \u2013 13 Uhr, <a href=\"http:\/\/www.realschuleplus-germersheim.de\">www.realschuleplus-germersheim.de<\/a><\/p>\n\n\n\n<p><strong>Richard-von-Weizs\u00e4cker\nRealschule Plus Germersheim<\/strong>,\nAugust-Keiler-Str. 35, 30.01.2021 von 9 \u2013 12 Uhr, 01.02. \u2013 04.02.2021 von 8 \u2013\n15 Uhr, <a href=\"http:\/\/www.realschule-germersheim.de\/\">www.realschule-germersheim.de<\/a><\/p>\n\n\n\n<p><strong>Realschule Plus Kandel<\/strong>, Jahnstra\u00dfe 18, 30.01.2021 von 9 \u2013\n12 Uhr, 01.02. \u2013 02.02.2021 von 8 \u2013 15 Uhr, 03.02.2021 von 9 \u2013 15 Uhr, <a href=\"http:\/\/www.rsplus-kandel.de\">www.rsplus-kandel.de<\/a> <\/p>\n\n\n\n<p><strong>Realschule Plus\nLingenfeld<\/strong>,\nSchillerstra\u00dfe 10-12, Mo bis Fr. ab 01.02.2021 von 8 \u2013 11 Uhr, Nachmittagstermine\nnach telefonischer Vereinbarung, <a href=\"http:\/\/www.rsplus-lingenfeld.de\">www.rsplus-lingenfeld.de<\/a><\/p>\n\n\n\n<p><strong>IGS R\u00fclzheim<\/strong>, Schulstra\u00dfe 17, 5. Klassen:\n30.01.2021 von 8 \u2013 14 Uhr, 01.02. und 02.02.2021 von 8 \u2013 16 Uhr; 11. Klassen:\n03.02.2021 von 9.30 \u2013 15 Uhr, 04.02.2021 von 8.30 \u2013 16 Uhr, 05.02.2021 von 9.30\n\u2013 14 Uhr, 08.02.2021 von 10 \u2013 15 Uhr und 09.02.2021 von 8.30 \u2013 14 Uhr,\nAnmeldetermine m\u00fcssen telefonisch vereinbart werden, <a href=\"http:\/\/www.igs-ruelzheim.de\">www.igs-ruelzheim.de<\/a><\/p>\n\n\n\n<p><strong>IGS Kandel<\/strong>, Jahnstra\u00dfe 20, 5. Klassen: 30.01.2021\nvon 9 \u2013 12 Uhr, 01.02.2021 von 9 \u2013 12 Uhr und 14 \u2013 16 Uhr, 02.02.2021 von 9 \u2013\n12 Uhr, 11. Klassen: 08.02.2020 und 09.02.2020 von 9.00 Uhr &#8211; 12.30 Uhr und\n14.00 Uhr bis 16.00 Uhr, <a href=\"http:\/\/www.igs-kandel.de\/\">www.igs-kandel.de<\/a><\/p>\n\n\n\n<p><strong>IGS Rheinzabern<\/strong>, Jockgrimer Stra\u00dfe 100, 5. Klassen: &nbsp;30.01.2021 von 10 \u2013 13 Uhr, 01.02. und\n02.02.2021 jeweils von 8 \u2013 16 Uhr bzw. nach telefonischer Terminvereinbarung,\n11. Klassen: 06.02.2021 von 10 &#8211; 13 Uhr, 08.02.2021, 8 &#8211; 16 Uhr und 09.02.2021\nvon 8 &#8211; 16 Uhr, bzw. nach telefonischer Terminvereinbarung, <a href=\"http:\/\/www.igs-rheinzabern.de\/\">www.igs-rheinzabern.de<\/a><\/p>\n\n\n\n<p><strong>Carl-Benz-Gesamtschule\nW\u00f6rth (IGS W\u00f6rth)<\/strong>,\nForststra\u00dfe 1a, 5. Klassen: 30.01.2021 von 10 \u2013 13 Uhr, 01.02.2021 von 8 \u2013 16\nUhr, 02.02.2021 von 8 \u2013 16 Uhr, 11. Klassen: 10.02. \u2013 11.02.2021 von 10 &#8211; 16\nUhr und 12.02.2021 von 8 &#8211; 13 Uhr, um die Corona-Hygiene-Richtlinien\neinzuhalten, m\u00fcssen die Anmeldetermine vorab gebucht werden. Informationen\nhierzu gibt es ab 15. Januar auf der Homepage. <a href=\"http:\/\/www.cbg-woerth.de\">www.cbg-woerth.de<\/a> <\/p>\n\n\n\n<p><strong>Goethe Gymnasium\nGermersheim<\/strong>,\nAugust-Keiler-Stra\u00dfe 34, 30.01.2021 von 10 \u2013 16 Uhr, 01.02.2021 von 13 \u2013 18\nUhr, 02.02.2021 von 13 \u2013 16 Uhr, <a href=\"http:\/\/www.goethe-gym-ger.de\/\">www.goethe-gym-ger.de<\/a><\/p>\n\n\n\n<p><strong>Europa-Gymnasium W\u00f6rth<\/strong>, Forststra\u00dfe 1, 05.02. von 14 \u2013 16 Uhr, 06.02. von 10 \u2013 12 Uhr, 08.02. \u2013 09.02. von 14 \u2013 16 Uhr. Damit Wartezeiten und Kontakte reduziert werden, ist eine Anmeldung \u00fcber die Homepage erforderlich, <a href=\"http:\/\/www.egwoerth.de\/\">www.egwoerth.de<\/a><\/p>\n\n\n\n<p><strong>Berufsbildende Schule Germersheim,<\/strong> Standort Germersheim: Paradeplatz 8, Anmeldung bis sp\u00e4testens 01.03.2021, Mo \u2013Do 7.30 &#8211; 12 Uhr und 13 \u2013 15.30 Uhr, Fr 7.30 \u2013 12 Uhr, Standort W\u00f6rth: Hanns-Martin-Schleyer-Str. 3, Anmeldung bis sp\u00e4testens 01.03.2021, Mo \u2013 Do von 7.45 &#8211; 15.30 Uhr, Fr von 7.30 &#8211; 13.30 Uhr, <a href=\"http:\/\/www.bbs-germersheim.de\">www.bbs-germersheim.de<\/a><\/p>\n\n\n\n<p><em>Kreisverwaltung Germersheim<br>14.01.2021<\/em><\/p>\n\n\n\n<h2 class=\"wp-block-heading\"><strong>Erfolgreicher Impfstart im Landes-Impfzentrum S\u00fcdpfalz \u2013 Abl\u00e4ufe wurden rasch optimiert<\/strong><\/h2>\n\n\n\n<h3 class=\"wp-block-heading\"><strong>Neu errichteter beheizter Wartebereich mit zus\u00e4tzlichen Toiletten<\/strong><\/h3>\n\n\n\n<div class=\"wp-block-image\"><figure class=\"aligncenter\"><img decoding=\"async\" loading=\"lazy\" width=\"800\" height=\"535\" src=\"https:\/\/speyer24news.com\/wp-content\/uploads\/2021\/01\/Landrat_besichtigt-neuen_Wartebereich-Impfzentrum.jpg\" alt=\"\" class=\"wp-image-32244\" srcset=\"https:\/\/speyer24news.com\/wp-content\/uploads\/2021\/01\/Landrat_besichtigt-neuen_Wartebereich-Impfzentrum.jpg 800w, https:\/\/speyer24news.com\/wp-content\/uploads\/2021\/01\/Landrat_besichtigt-neuen_Wartebereich-Impfzentrum-300x201.jpg 300w, https:\/\/speyer24news.com\/wp-content\/uploads\/2021\/01\/Landrat_besichtigt-neuen_Wartebereich-Impfzentrum-768x514.jpg 768w\" sizes=\"(max-width: 800px) 100vw, 800px\" \/><figcaption>Landrat Fritz Brechtel besichtigt u.a. den neuen, beheizten Wartebereich f\u00fcr Impfwillige.<\/figcaption><\/figure><\/div>\n\n\n\n<p>Dank einer hervorragenden Vorbereitung bei der Errichtung des Impfzentrums S\u00fcdpfalz verlief bereits der erste Impftag erfolgreich. Im Echtbetrieb wurden noch einige Optimierungsm\u00f6glichkeiten erkannt und binnen k\u00fcrzester Zeit umgesetzt.<\/p>\n\n\n\n<p>So haben die Verantwortlichen und Mitarbeiter des Impfzentrums W\u00f6rth \u00e4u\u00dferst rasch reagiert und den Komfort beim Warten auf den Einlass ins Impfzentrum deutlich optimiert. Innerhalb nur eines Tages wurde ein &nbsp;etwa 600 Quadratmeter gro\u00dfer zus\u00e4tzlicher, beheizter Hallenteil als erweiterter Wartebereich vor dem Einlass ins Landes-Impfzentrum S\u00fcdpfalz im W\u00f6rther Hafengebiet errichtet. Nachdem sich beim Impfstart am vergangenen Donnerstag vor dem Eingang im Freien eine Menschenschlange gebildet hatte, haben die Verantwortlichen vor Ort direkt reagiert und bereits einen Tag sp\u00e4ter einen zus\u00e4tzlichen beheizten Hallenabschnitt als vorderen Wartebereich noch vor dem eigentlichen Ceck-In eingerichtet. Etwa 80 Personen k\u00f6nnen hier ab sofort einen barrierefreien Zugang nutzen, der zus\u00e4tzlich noch mit Toiletten ausgestattet ist. Damit muss k\u00fcnftig selbst bei starkem Andrang niemand mehr im Freien auf den Einlass ins Impfzentrum &nbsp;warten, sondern kann sich in einem beheizten Warteraum aufhalten.<\/p>\n\n\n\n<p>\u201eWir haben es sehr bedauert, dass am ersten Tag einige Menschen in der K\u00e4lte warten mussten. Zwar gelang es, die Lage bei der Er\u00f6ffnung der Einrichtung noch am Morgen zu entsch\u00e4rfen, dennoch bin ich froh, dass das Team um unseren Impfkoordinator Mathias Deubig schnell reagiert und eine dauerhafte L\u00f6sung f\u00fcr das Problem gefunden hat\u201c, so der Germersheimer Landrat Dr. Fritz Brechtel. Au\u00dferdem wurde das Wege-Leitsystem weiter optimiert. Damit werden den Besuchern, die sich vor Ort gegen das Coronavirus impfen wollen, die Abl\u00e4ufe innerhalb des Impfzentrums noch klarer vermittelt.<\/p>\n\n\n\n<p>Brechtel informierte sich bereits einen Tag sp\u00e4ter vor Ort von den getroffenen Ma\u00dfnahmen und bedankte sich pers\u00f6nlich bei den Teams, die innerhalb k\u00fcrzester Zeit die im Echtbetrieb sichtbar gewordenen Schwachstellen ausger\u00e4umt hatten. \u201eSie haben eine hervorragende Arbeit in der Vorbereitung des Impfzentrums geleistet. Dies best\u00e4tigen die zahlreichen positiven R\u00fcckmeldungen der geimpften Menschen bereits am ersten Tag. Es liegt aber auch in der Natur der Sache, dass beim Start eines solchen Gro\u00dfprojektes zu Beginn noch nicht alles perfekt l\u00e4uft\u201c, so Brechtel zu den Mitarbeitenden im Impfzentrum. Dank einer professionellen Zusammenarbeit aller vor Ort t\u00e4tigen Teams konnten schon einen Tag sp\u00e4ter alle erkennbaren Optimierungsma\u00dfnahmen umgesetzt werden. Ab kommenden Montag (11. Januar) werden etwa 300 Menschen t\u00e4glich zur Impfung erwartet.<\/p>\n\n\n\n<p><em>Kreisverwaltung Germersheim<br>14.01.2021<\/em><\/p>\n\n\n\n<h2 class=\"wp-block-heading\"><strong>Landtagswahl am 14. M\u00e4rz 2021: <\/strong><\/h2>\n\n\n\n<h3 class=\"wp-block-heading\"><strong>Kreiswahlausschuss l\u00e4sst sechs Parteien f\u00fcr Wahlkreis 52 zu<\/strong><\/h3>\n\n\n\n<div class=\"wp-block-image\"><figure class=\"aligncenter\"><img decoding=\"async\" loading=\"lazy\" width=\"800\" height=\"512\" src=\"https:\/\/speyer24news.com\/wp-content\/uploads\/2021\/01\/Landtagswahl-2021-RLP.jpg\" alt=\"\" class=\"wp-image-32242\" srcset=\"https:\/\/speyer24news.com\/wp-content\/uploads\/2021\/01\/Landtagswahl-2021-RLP.jpg 800w, https:\/\/speyer24news.com\/wp-content\/uploads\/2021\/01\/Landtagswahl-2021-RLP-300x192.jpg 300w, https:\/\/speyer24news.com\/wp-content\/uploads\/2021\/01\/Landtagswahl-2021-RLP-768x492.jpg 768w\" sizes=\"(max-width: 800px) 100vw, 800px\" \/><\/figure><\/div>\n\n\n\n<p>Unter Vorsitz des Kreiswahlleiters Landrat Dr. Fritz Brechtel hat der Kreiswahlausschuss f\u00fcr den Wahlkreis 52 in seiner Sitzung am Mittwoch, 6. Januar, getagt. Das Gremium entschied \u00fcber die Zulassung der eingereichten Wahlvorschl\u00e4ge f\u00fcr die Wahl zum 18. Landtag Rheinland-Pfalz am 14. M\u00e4rz und hat sechs Wahlvorschl\u00e4ge zugelassen. <\/p>\n\n\n\n<p>Zur Wahl zugelassen wurden die\nWahlkreisvorschl\u00e4ge von SPD, CDU, AfD, FDP, GR\u00dcNE und FREIE W\u00c4HLER. Damit\nwerden folgende Parteien und Wahlkreisbewerber einschlie\u00dflich Ersatzbewerber\nauf dem Stimmzettel des Wahlkreises 52 stehen: <\/p>\n\n\n\n<ul><li>Sozialdemokratische Partei Deutschlands (SPD): Dr. Rehak-Nitsche, Katrin, W\u00f6rth; Ersatzbewerber Y\u00fcksel, Ziya, Kuhardt.<\/li><li>Christlich Demokratische Union Deutschlands (CDU): Brandl, Martin, R\u00fclzheim; Ersatzbewerber Bellaire, Florian, Neupotz.<\/li><li>Alternative f\u00fcr Deutschland (AfD): Wondra, Andreas, Hagenbach; Ersatzbewerber Scherrer, Theo, Berg.<\/li><li>Freie Demokratische Partei (FDP): V\u00f6lker, Christian, Hagenbach; Ersatzbewerberin Fahrentholz, Kathleen, Hatzenb\u00fchl. <\/li><li>B\u00fcndnis 90\/DIE GR\u00dcNEN (GR\u00dcNE): Endres, Pascal, Jockgrim; kein\/e Ersatzbewerber\/in.<\/li><li>FREIE W\u00c4HLER Rheinland-Pfalz (FREIE W\u00c4HLER): Wei\u00df, Steffen, W\u00f6rth; kein\/e Ersatzbewerber\/in.<\/li><\/ul>\n\n\n\n<p><strong>Hintergrund<\/strong><\/p>\n\n\n\n<p>Der Kreiswahlausschuss entscheidet am\n67. Tag vor der Wahl \u00fcber die Zulassung der Wahlkreisvorschl\u00e4ge. Dieser Termin\nist f\u00fcr alle Wahlaussch\u00fcsse landeseinheitlich. <\/p>\n\n\n\n<p><em>Kreisverwaltung Germersheim<br>14.01.2021<\/em><\/p>\n\n\n\n<h2 class=\"wp-block-heading\"><strong>Landtagswahl am 14. M\u00e4rz 2021: <\/strong><\/h2>\n\n\n\n<h3 class=\"wp-block-heading\"><strong>Kreiswahlausschuss l\u00e4sst sieben Parteien f\u00fcr Wahlkreis 51 zu<\/strong><\/h3>\n\n\n\n<div class=\"wp-block-image\"><figure class=\"aligncenter\"><img decoding=\"async\" loading=\"lazy\" width=\"800\" height=\"512\" src=\"https:\/\/speyer24news.com\/wp-content\/uploads\/2021\/01\/Landtagswahl-2021-RLP.jpg\" alt=\"\" class=\"wp-image-32242\" srcset=\"https:\/\/speyer24news.com\/wp-content\/uploads\/2021\/01\/Landtagswahl-2021-RLP.jpg 800w, https:\/\/speyer24news.com\/wp-content\/uploads\/2021\/01\/Landtagswahl-2021-RLP-300x192.jpg 300w, https:\/\/speyer24news.com\/wp-content\/uploads\/2021\/01\/Landtagswahl-2021-RLP-768x492.jpg 768w\" sizes=\"(max-width: 800px) 100vw, 800px\" \/><\/figure><\/div>\n\n\n\n<p>Unter Vorsitz des Kreiswahlleiters Landrat Dr. Fritz Brechtel hat der Kreiswahlausschuss f\u00fcr den Wahlkreis 51 in seiner Sitzung am Mittwoch, 6. Januar, getagt. Das Gremium entschied \u00fcber die Zulassung der eingereichten Wahlvorschl\u00e4ge f\u00fcr die Wahl zum 18. Landtag Rheinland-Pfalz am 14. M\u00e4rz und hat sieben Wahlvorschl\u00e4ge zugelassen. <\/p>\n\n\n\n<p>Zur Wahl zugelassen wurden die\nWahlkreisvorschl\u00e4ge von SPD, CDU, AfD, FDP, GR\u00dcNE, DIE LINKE und FREIE W\u00c4HLER.\nDamit werden folgende Parteien und Wahlkreisbewerber einschlie\u00dflich\nErsatzbewerber auf dem Stimmzettel des Wahlkreises 51 stehen: <\/p>\n\n\n\n<ul><li>Sozialdemokratische Partei Deutschlands (SPD): Kropfreiter, Markus, Lingenfeld; Ersatzbewerber Dr. Emling, David, Bellheim.<\/li><li>Christlich Demokratische Union Deutschlands (CDU): Baumg\u00e4rtner, Tobias, Bellheim; Ersatzbewerber Wingerter, Lukas, Bornheim.<\/li><li>Alternative f\u00fcr Deutschland (AfD): Joa, Matthias, Westheim; Ersatzbewerber Braun, Alfons, Germersheim.<\/li><li>Freie Demokratische Partei (FDP): Becht, Andy, Bellheim; kein\/e Ersatzbewerber\/in. <\/li><li>B\u00fcndnis 90\/DIE GR\u00dcNEN (GR\u00dcNE): Pantea, Marc-Andre, Lingenfeld; kein\/e Ersatzbewerber\/in.<\/li><li>DIE LINKE (DIE LINKE): Strantz, J\u00fcrgen; kein\/e Ersatzbewerber\/in.<\/li><li>FREIE W\u00c4HLER Rheinland-Pfalz (FREIE W\u00c4HLER): Hardardt, Volker, Lustadt; Ersatzbewerber Lutzke, Bodo, Schwegenheim.<\/li><\/ul>\n\n\n\n<p><strong>Hintergrund<\/strong><\/p>\n\n\n\n<p>Der Kreiswahlausschuss entscheidet am\n67. Tag vor der Wahl \u00fcber die Zulassung der Wahlkreisvorschl\u00e4ge. Dieser Termin\nist f\u00fcr alle Wahlaussch\u00fcsse landeseinheitlich. <\/p>\n\n\n\n<p><em>Kreisverwaltung Germersheim<br>14.01.2021<\/em><\/p>\n\n\n\n<h2 class=\"wp-block-heading\"><strong>Impfzentrum S\u00fcdpfalz in W\u00f6rth bietet kostenloses Bus-Shuttle an<\/strong><\/h2>\n\n\n\n<h3 class=\"wp-block-heading\"><strong>Regelm\u00e4\u00dfig vom Bahnhof W\u00f6rth zum Impfzentrum und zur\u00fcck<\/strong><\/h3>\n\n\n\n<div class=\"wp-block-image\"><figure class=\"aligncenter\"><img decoding=\"async\" loading=\"lazy\" width=\"800\" height=\"495\" src=\"https:\/\/speyer24news.com\/wp-content\/uploads\/2021\/01\/210108_Bus_Shuttle-Impfzentrum-023-bearbeitet.jpg\" alt=\"\" class=\"wp-image-32243\" srcset=\"https:\/\/speyer24news.com\/wp-content\/uploads\/2021\/01\/210108_Bus_Shuttle-Impfzentrum-023-bearbeitet.jpg 800w, https:\/\/speyer24news.com\/wp-content\/uploads\/2021\/01\/210108_Bus_Shuttle-Impfzentrum-023-bearbeitet-300x186.jpg 300w, https:\/\/speyer24news.com\/wp-content\/uploads\/2021\/01\/210108_Bus_Shuttle-Impfzentrum-023-bearbeitet-768x475.jpg 768w\" sizes=\"(max-width: 800px) 100vw, 800px\" \/><figcaption>v.l.: Busfahrer G\u00fcnter B\u00fcgel, Landrat Dr. Fritz Brechtel sowie den Inhaber des gleichnamigen Busunternehmens, Tobias Fichtenkamm. <\/figcaption><\/figure><\/div>\n\n\n\n<p>\u201eWer mit \u00f6ffentlichen Verkehrsmitteln zum Bahnhof nach W\u00f6rth gelangt, hat seit \u00d6ffnung des Landes-Impfzentrums S\u00fcdpfalz auch die M\u00f6glichkeit einen kostenlosen Bus-Shuttle zu nutzen. Im Halbstunden-Takt f\u00e4hrt ein gro\u00dfer Reisebus, bei dem die Abst\u00e4nde gewahrt werden k\u00f6nnen, zur Einrichtung ins W\u00f6rther Hafengebiet.\u201c Darauf machen die Landr\u00e4te Dr. Fritz Brechtel (Germersheim), Dietmar Seefeldt (S\u00fcdliche Weinstra\u00dfe) und Landaus Oberb\u00fcrgermeister Thomas Hirsch aufmerksam. Der Bus-Shuttle kann von Menschen genutzt werden, die einen Termin zur Corona-Schutzimpfung in W\u00f6rth vereinbart haben. Die Fahrt am Bahnhof W\u00f6rth beginnt jeweils zur vollen und halben Stunde, im Impfzentrum sind die Abfahrten jeweils auf die 15te und 45ste Minute terminiert.<\/p>\n\n\n\n<p>Damit ist von Beginn an w\u00e4hrend der \u00d6ffnungszeiten des Landes-Impfzentrums S\u00fcdpfalz auch die Anreise mit den \u00d6ffentlichen Verkehrsmitteln m\u00f6glich. Der Pendlerbus verkehrt so lange, wie im Impfzentrum tats\u00e4chlich Termine anberaumt sind, so dass stets die Hin- und R\u00fcckfahrt zwischen Bahnhof und Einrichtung gew\u00e4hrleistet wird.<\/p>\n\n\n\n<p><em>Gemeinsame Pressemitteilung der Landkreise Germersheim und S\u00fcdliche Weinstra\u00dfe und der Stadt Landau in der Pfalz<br>14.01.2021<\/em><\/p>\n\n\n\n<h2 class=\"wp-block-heading\"><strong>Impfstart im Landes-Impfzentrum S\u00fcdpfalz<\/strong><\/h2>\n\n\n\n<h3 class=\"wp-block-heading\"><strong>Etwa 230 Personen am ersten Tag geimpft \/ Alle Impfstra\u00dfen f\u00fcr S\u00dcW, GER und LD sind in Betrieb \u2013 Echtbetrieb macht auch Verbesserungsbedarf sichtbar &#8211; Weiterhin Schutz-Regeln einhalten<\/strong><\/h3>\n\n\n\n<figure class=\"wp-block-image\"><img decoding=\"async\" loading=\"lazy\" width=\"800\" height=\"535\" src=\"https:\/\/speyer24news.com\/wp-content\/uploads\/2021\/01\/210107_Erster-Impftag-Impfzentrum-038-bearbeitet.jpg\" alt=\"\" class=\"wp-image-32240\" srcset=\"https:\/\/speyer24news.com\/wp-content\/uploads\/2021\/01\/210107_Erster-Impftag-Impfzentrum-038-bearbeitet.jpg 800w, https:\/\/speyer24news.com\/wp-content\/uploads\/2021\/01\/210107_Erster-Impftag-Impfzentrum-038-bearbeitet-300x201.jpg 300w, https:\/\/speyer24news.com\/wp-content\/uploads\/2021\/01\/210107_Erster-Impftag-Impfzentrum-038-bearbeitet-768x514.jpg 768w\" sizes=\"(max-width: 800px) 100vw, 800px\" \/><figcaption>v.l.: Landrat Dietmar Seefeldt (S\u00dcW), Landrat Fritz Brechtel (GER), Oberb\u00fcrgermeister Thoams Hirsch und MdB Thomas Gebhart (WK S\u00dcW) lassen sich das neue Impfzentrum zeigen.<\/figcaption><\/figure>\n\n\n\n<p>Das Impfen im Landes-Impfzentrum S\u00fcdpfalz in W\u00f6rth hat begonnen. Bereits am ersten Tag, am Donnerstag, 7. Januar 2021, werden bis zum Abend rund 230 Personen geimpft sein, ca. 105 aus S\u00dcW, ca. 75 aus GER und ca. 50 aus LD. \u201eDer Impfstart auch bei uns in der S\u00fcdpfalz ist ein Meilenstein in der Bek\u00e4mpfung der Corona-Pandemie\u201c, so die Landr\u00e4te Dr. Fritz Brechtel (GER) und Dietmar Seefeldt (S\u00dcW) sowie Oberb\u00fcrgermeister Thomas Hirsch (LD). F\u00fcr 8.30&nbsp;Uhr war der erste Impftermin im Impfzentrum vergeben. Alle drei Impfstra\u00dfen f\u00fcr S\u00dcW, GER und LD waren in Betrieb und mit je vier Verwaltungsangestellten und zwei \u00c4rzten plus medizinischem Personal besetzt. Ein Apotheker bereitet die Impfdosen vor. Von Anmeldung, \u00fcber Aufkl\u00e4rungsgespr\u00e4ch, Impfung, bis hin zum Ausgang f\u00fchrt ein Farbleitsystems durch das Impfzentrum. Alles ist barrierefrei, bei Bedarf stehen \u2013gerade f\u00fcr \u00e4ltere und geheingeschr\u00e4nkte Menschen \u2013 Rollst\u00fchle bereit, auch gibt es behindertengerechte Toiletten. Das Durchkommen mit Rollstuhl oder Rollator ist problemlos m\u00f6glich. Das hat sich im Echtbetrieb best\u00e4tigt.<\/p>\n\n\n\n<p>Die erste Person, die im Impfzentrum die Corona-Schutzimpfung erhalten hat, war ein 83-j\u00e4hriger Mann aus Edenkoben. Er wie auch die folgenden Personen waren positiv gestimmt und mit der Organisation vor Ort insgesamt zufrieden. Anlaufschwierigkeiten nahmen alle gelassen und mit viel Verst\u00e4ndnis auf; die Routine spielte sich dann im Laufe des Tages ein. \u201eAuch in diesen Momenten zeigte sich das gute Miteinander der S\u00fcdpf\u00e4lzer: Jeder war f\u00fcr jeden da, Personal und Impfwillige entgegneten einander mit viel Empathie\u201c, beobachteten Hirsch, Seefeldt und Brechtel beim Impfstart.<\/p>\n\n\n\n<figure class=\"wp-block-image\"><img decoding=\"async\" loading=\"lazy\" width=\"800\" height=\"594\" src=\"https:\/\/speyer24news.com\/wp-content\/uploads\/2021\/01\/210107_Erster-Impftag-Impfzentrum-150-bearbeitet.jpg\" alt=\"\" class=\"wp-image-32241\" srcset=\"https:\/\/speyer24news.com\/wp-content\/uploads\/2021\/01\/210107_Erster-Impftag-Impfzentrum-150-bearbeitet.jpg 800w, https:\/\/speyer24news.com\/wp-content\/uploads\/2021\/01\/210107_Erster-Impftag-Impfzentrum-150-bearbeitet-300x223.jpg 300w, https:\/\/speyer24news.com\/wp-content\/uploads\/2021\/01\/210107_Erster-Impftag-Impfzentrum-150-bearbeitet-768x570.jpg 768w, https:\/\/speyer24news.com\/wp-content\/uploads\/2021\/01\/210107_Erster-Impftag-Impfzentrum-150-bearbeitet-80x60.jpg 80w\" sizes=\"(max-width: 800px) 100vw, 800px\" \/><figcaption>Das Impfzentrum ist absolut barrierefrei und die Mitarbeiter\/innen freundlich und engagiert.<\/figcaption><\/figure>\n\n\n\n<p>Der erste Tag zeigte auch, wo nach nachgesteuert werden musste. So wurde noch eine Mikrofonanlage f\u00fcr den Bereich \u201eAufkl\u00e4rungsgespr\u00e4ch\u201c besorgt, da einige die Informationen der \u00c4rzte ansonsten nur schwer verstehen konnten. An manchen Stellen werden die Markierungen des Farbleitsystems optimiert. Besonders wird auch im Au\u00dfenbereich nachgearbeitet. Viele zu Impfende kamen so fr\u00fchzeitig, dass die vorhandene \u00dcberdachung im Au\u00dfen-Wartebereich nicht ausreichte. Hier werden weitere Zelte mit Sitzgelegenheit und Heizstrahler und auch Toiletten aufgestellt. \u201eTrotzdem ist der Ablauf insgesamt toll arrangiert\u201c, sagte ein frisch Geimpfter nach seinem Durchlauf im Impfzentrum.<\/p>\n\n\n\n<p>\u201eDass der Impfstart insgesamt gut ablief, ist der guten Vorbereitung des Personals und dem Einsatz von \u00c4rzten und medizinischem Personal zu verdanken. Aber auch unsere Ehrenamtlichen tragen einen erheblichen Teil dazu bei. Wir sind froh und dankbar, dass der Gemeinsinn in der S\u00fcdpfalz eine so tragende S\u00e4ule ist\u201c, sagten Oberb\u00fcrgermeister Thomas Hirsch, Landrat Dr. Fritz Brechtel und Landrat Dietmar Seefeldt.<\/p>\n\n\n\n<p>Wenn die Corona-Schutzimpfung auch optimistisch stimmt, erinnern die Verwaltungschef ausdr\u00fccklich daran, dass das Virus und die Pandemie damit noch l\u00e4ngst nicht bek\u00e4mpft sind: \u201eBitte denken Sie alle weiter an die notwendigen Schutzma\u00dfnahmen, bitte halten Sie sich weiter an die AHA-Formel &#8211; Abstandhalten, H\u00e4ndewaschen, Alltagsmaske \u2013 und helfen Sie so entscheidend mit, die Ausbreitung des Virus einzud\u00e4mmen. Wir m\u00fcssen alle weiterhin zu unserem und zum Schutz unserer N\u00e4chsten achtsam sein.\u201c<\/p>\n\n\n\n<p>Die Impfstrategie sieht vor, dass sich im ersten Schritt Menschen \u00fcber 80 Jahren und Mitarbeitende von Pflegeeinrichtungen, mobilen Pflegediensten und medizinisches Personal impfen lassen k\u00f6nnen. Termine vergibt zentral das Land telefonisch \u00fcber die Termin-Hotline: 0800\/5758100 oder \u00fcbers Internet&nbsp;<a href=\"https:\/\/deref-web.de\/mail\/client\/Rrw3HqZ0sV0\/dereferrer\/?redirectUrl=http%3A%2F%2Fwww.impftermin.rlp.de\" target=\"_blank\" rel=\"noreferrer noopener\">www.impftermin.rlp.de<\/a>. Die Mitarbeiterinnen und Mitarbeiter des Impfzentrums k\u00f6nnen auf die Terminvergabe keinen Einfluss nehmen.<\/p>\n\n\n\n<p><em>Gemeinsame Pressemitteilung der Landkreise Germersheim und S\u00fcdliche Weinstra\u00dfe und der Stadt Landau in der Pfalz<br>14.01.2021<\/em><\/p>\n\n\n\n<h2 class=\"wp-block-heading\"><strong>Berufliches Gymnasium, Fachrichtung Wirtschaft, wird \u201esmart\u201c<\/strong><\/h2>\n\n\n\n<h3 class=\"wp-block-heading\"><strong>Nach erfolgreicher Pilotphase neue digitale Klasse ab n\u00e4chstem Schuljahr<\/strong><\/h3>\n\n\n\n<div class=\"wp-block-image\"><figure class=\"aligncenter\"><img decoding=\"async\" loading=\"lazy\" width=\"800\" height=\"533\" src=\"https:\/\/speyer24news.com\/wp-content\/uploads\/2021\/01\/student-849825_1920.jpg\" alt=\"\" class=\"wp-image-32239\" srcset=\"https:\/\/speyer24news.com\/wp-content\/uploads\/2021\/01\/student-849825_1920.jpg 800w, https:\/\/speyer24news.com\/wp-content\/uploads\/2021\/01\/student-849825_1920-300x200.jpg 300w, https:\/\/speyer24news.com\/wp-content\/uploads\/2021\/01\/student-849825_1920-768x512.jpg 768w\" sizes=\"(max-width: 800px) 100vw, 800px\" \/><\/figure><\/div>\n\n\n\n<p>Ab dem kommenden Schuljahr 2021\/2022 werden die neuen Sch\u00fclerinnen und Sch\u00fcler des beruflichen Gymnasiums (Wirtschaftsgymnasium) an der Berufsbildenden Schule Germersheim \u00fcberwiegend mit digitalen Endger\u00e4ten wie Tablets oder Laptops arbeiten. Das ist ein Ergebnis aus der zweiw\u00f6chigen Testphase im November. \u201eIn der Zeit erhielten die&nbsp;Klassen der H\u00f6heren Berufsfachschule digitalen Fernunterricht mit dem Ziel,&nbsp;die in den Sommerferien und zu Beginn des Schuljahres erarbeiteten Konzepte zu erproben. Die Ergebnisse waren aus Sicht der Sch\u00fclerinnen und Sch\u00fcler und der Lehrkr\u00e4fte durchweg positiv, weshalb wir die neue Klasse des Wirtschaftsgymnasiums `digitalisieren\u00b4 wollen\u201c, berichtet Schulleiter Alexander Ott.<\/p>\n\n\n\n<p>Wer das Wirtschaftsgymnasium (ab Klasse 11) besuchen und Teil der \u201eSmart Eleven\u201c werden m\u00f6chte, kann sich bis 1. M\u00e4rz 2021 anmelden. Informationen gibt es unter&nbsp;<a href=\"https:\/\/deref-web.de\/mail\/client\/xjM-8AOG5po\/dereferrer\/?redirectUrl=http%3A%2F%2Fwww.bbs-germersheim.de\" target=\"_blank\" rel=\"noreferrer noopener\">www.bbs-germersheim.de<\/a>. F\u00fcr eine pers\u00f6nliche Beratung melden sich Interessierte im Sekretariat der BBS Germersheim unter Tel. 07274\/7002-0.&nbsp;Einen digitalen Info-Abend gibt es am Dienstag, 9. Februar 2021. N\u00e4here Informationen dazu werden in K\u00fcrze auf der Schulhomepage zu finden sein.<\/p>\n\n\n\n<p>\u201eDurch die digitale Ausstattung des Beruflichen Gymnasiums, die seit dem Schuljahr 2019\/2020 im Unterricht mit iPads arbeiten, waren die Sch\u00fclerinnen und Sch\u00fcler ideal f\u00fcr den Fernunterricht vorbereitet und ausgestattet\u201c, berichtet der f\u00fcr Schulen zust\u00e4ndige Erste Kreisbeigeordnete, Christoph Buttweiler, und erg\u00e4nzt: \u201eWenn auch die Testphase in Teilen corona-bedingt war, hat sie grunds\u00e4tzliche Ergebnisse gebracht und neue Wege er\u00f6ffnet, besonders auch in der Umsetzung und Nutzung von Software und Systemen. Die Schule geht dadurch jetzt neue Wege im Unterricht, die sicherlich vielen Sch\u00fclerinnen und Sch\u00fclern nicht nur gut gefallen, sondern auch gro\u00dfen Nutzen im Lernen und Umsetzen des Gelernten bringen werden.\u201c<\/p>\n\n\n\n<p>Die positive Bilanz der Testwochen und die umfassenden M\u00f6glichkeiten, die die digitalen Endger\u00e4te bieten, zeigen sich in folgendem Sch\u00fclerzitat: \u201eIch finde, dass ich durch das Tablet mehr organisiert bin. (\u2026) Mein Rucksack ist leichter (\u2026) und wenn ich nicht weiterkomme, kann ich das Internet nutzen.\u201c Aktuell werden in der 12. Klassenstufe des beruflichen Gymnasiums mithilfe der iPads zahlreiche Apps im Unterricht eingesetzt. In Mathematik dient die App \u201eGeoGebra\u201c zur visuellen Unterst\u00fctzung des Unterrichts beispielsweise bei Darstellungen von Funktionen oder bei Wahrscheinlichkeitsverteilungen in der Stochastik. In Physik wird die App \u201eViana\u201c f\u00fcr Videoanalysen eingesetzt. Mit ihr lassen sich Alltagsbewegungen automatisch analysieren und physikalische Konzepte und Methoden k\u00f6nnen anschaulich angewendet werden. Zudem kann durch Augmented Reality die Realit\u00e4t ins Klassenzimmer geholt werden. Mithilfe der App \u201eAnatomy 4D\u201c kann beispielsweise das 3D-Modell eines Menschen im \u201erealen Raum\u201c dargestellt und einzelne K\u00f6rpersysteme genauer analysiert werden. Geschichte kann durch Zeitzeugenberichte aus der App \u201eWDR AR\u201c lebendig gemacht werden.<\/p>\n\n\n\n<p>\u201eWir haben im Landkreis Germersheim ein wirklich breites Angebot an Schulformen und Abschlussm\u00f6glichkeiten. Das Abitur am Wirtschaftsgymnasium ist eine davon. In den n\u00e4chsten Wochen laufen die Anmeldefristen der jeweiligen Schulen. Ich w\u00fcnsche allen Sch\u00fclerinnen und Sch\u00fclern eine gute Entscheidung und eine gl\u00fcckliche Schulzeit\u201c, so Christoph Buttweiler.<\/p>\n\n\n\n<p><em>Kreisverwaltung Germersheim<br>14.01.2021<\/em><\/p>\n","protected":false},"excerpt":{"rendered":"<div class=\"mh-excerpt\"><p>Coronafallzahlen des Landkreis Germersheim Mittwoch, 13.01.2021 Aktuell gibt es im Landkreis Germersheim 383 best\u00e4tigte positive F\u00e4lle, die Gesamtzahl bel\u00e4uft sich auf 2799 Infizierte seit Beginn der Pandemie (+22) Weiterer Todesfall Leider ist eine weitere Person <a class=\"mh-excerpt-more\" href=\"https:\/\/speyer24news.com\/?p=32238\" title=\"Germersheim &#038; Landkreis Germersheim\">[&#8230;]<\/a><\/p>\n<\/div>","protected":false},"author":3,"featured_media":0,"comment_status":"open","ping_status":"open","sticky":false,"template":"","format":"standard","meta":{"_monsterinsights_skip_tracking":false,"_monsterinsights_sitenote_active":false,"_monsterinsights_sitenote_note":"","_monsterinsights_sitenote_category":0,"footnotes":""},"categories":[449],"tags":[9288,9287,8140,6902,9205,8739,6323,9285,9286,6903,210,9289,9290,1665,5569,7765,9243,9284,4282],"aioseo_notices":[],"amp_enabled":true,"_links":{"self":[{"href":"https:\/\/speyer24news.com\/index.php?rest_route=\/wp\/v2\/posts\/32238"}],"collection":[{"href":"https:\/\/speyer24news.com\/index.php?rest_route=\/wp\/v2\/posts"}],"about":[{"href":"https:\/\/speyer24news.com\/index.php?rest_route=\/wp\/v2\/types\/post"}],"author":[{"embeddable":true,"href":"https:\/\/speyer24news.com\/index.php?rest_route=\/wp\/v2\/users\/3"}],"replies":[{"embeddable":true,"href":"https:\/\/speyer24news.com\/index.php?rest_route=%2Fwp%2Fv2%2Fcomments&post=32238"}],"version-history":[{"count":1,"href":"https:\/\/speyer24news.com\/index.php?rest_route=\/wp\/v2\/posts\/32238\/revisions"}],"predecessor-version":[{"id":32246,"href":"https:\/\/speyer24news.com\/index.php?rest_route=\/wp\/v2\/posts\/32238\/revisions\/32246"}],"wp:attachment":[{"href":"https:\/\/speyer24news.com\/index.php?rest_route=%2Fwp%2Fv2%2Fmedia&parent=32238"}],"wp:term":[{"taxonomy":"category","embeddable":true,"href":"https:\/\/speyer24news.com\/index.php?rest_route=%2Fwp%2Fv2%2Fcategories&post=32238"},{"taxonomy":"post_tag","embeddable":true,"href":"https:\/\/speyer24news.com\/index.php?rest_route=%2Fwp%2Fv2%2Ftags&post=32238"}],"curies":[{"name":"wp","href":"https:\/\/api.w.org\/{rel}","templated":true}]}}