{"id":32247,"date":"2021-01-14T12:36:42","date_gmt":"2021-01-14T11:36:42","guid":{"rendered":"https:\/\/speyer24news.com\/?p=32247"},"modified":"2021-01-14T12:36:44","modified_gmt":"2021-01-14T11:36:44","slug":"landau-und-landkreis-suew","status":"publish","type":"post","link":"https:\/\/speyer24news.com\/?p=32247","title":{"rendered":"Landau und Landkreis S\u00dcW"},"content":{"rendered":"<style type=\"text\/css\">\r\n\t.ads_top_disp{}\r\n\t.ads_top_corner_disp{ float:left; margin:0px 10px 10px 0px; }\r\n\t.ads_first_p_disp{}\r\n\t.ads_bottom_disp{}\r\n\t<\/style>\n<h1 class=\"wp-block-heading\" style=\"text-align:center\">Corona Landau und Landkreis S\u00dcW<\/h1>\n\n\n\n<figure class=\"wp-block-image\"><img decoding=\"async\" loading=\"lazy\" width=\"800\" height=\"400\" src=\"https:\/\/speyer24news.com\/wp-content\/uploads\/2020\/02\/virus-1812092_1920.jpg\" alt=\"\" class=\"wp-image-25128\" srcset=\"https:\/\/speyer24news.com\/wp-content\/uploads\/2020\/02\/virus-1812092_1920.jpg 800w, https:\/\/speyer24news.com\/wp-content\/uploads\/2020\/02\/virus-1812092_1920-300x150.jpg 300w, https:\/\/speyer24news.com\/wp-content\/uploads\/2020\/02\/virus-1812092_1920-768x384.jpg 768w\" sizes=\"(max-width: 800px) 100vw, 800px\" \/><\/figure>\n\n\n\n<h2 class=\"wp-block-heading\"><strong>Coronavirus &#8211; Fallzahlen von Mittwoch, 13.01.2021<\/strong><\/h2>\n\n\n\n<p>Nach aktuellem Stand (13.01.2021, 11:00 Uhr) haben\nsich seit der gestrigen Meldung <strong>39 <\/strong>weitereF\u00e4lle des\nCoronavirus (COVID-19) im Landkreis S\u00fcdliche Weinstra\u00dfe und der Stadt Landau best\u00e4tigt.\nInsgesamt wurden <strong>2.609 <\/strong>F\u00e4lle im\nZust\u00e4ndigkeitsbereich des Gesundheitsamts S\u00fcdliche Weinstra\u00dfe an das\nLandesuntersuchungsamt \u00fcbermittelt. <strong>2.021<\/strong>\nPersonen sind gesundet*. <\/p>\n\n\n\n<p>Insgesamt sind <strong>63<\/strong> Personen verstorben.<\/p>\n\n\n\n<p>Folgende Einrichtungen im Landkreis S\u00fcdliche Weinstra\u00dfe\nund der Stadt Landau sind aktuell neu betroffen:<\/p>\n\n\n\n<p>Seniorenheim\nLudwigsh\u00f6he Edenkoben<\/p>\n\n\n\n<p>1 Bewohner wurde positiv auf COVID-19 getestet.\nDie weiteren Ermittlungen dauern noch an.<\/p>\n\n\n\n<p>Caritas-F\u00f6rderzentrum\nSt. Laurentius und Paulus Landau<\/p>\n\n\n\n<p>1 Mitarbeiter wurde positiv auf COVID-19 getestet.\nDie weiteren Ermittlungen dauern noch an.<\/p>\n\n\n\n<p>Katholisches\nAltenzentrum Landau<\/p>\n\n\n\n<p>2 Bewohner wurden positiv auf COVID-19 getestet.\nDie weiteren Ermittlungen dauern noch an.<\/p>\n\n\n\n<p>Lebenshilfe\nS\u00fcdliche Weinstra\u00dfe, Ramberg<br>\n1\nBewohner wurde positiv auf COVID-19 getestet. Die weiteren Ermittlungen dauern\nnoch an.<\/p>\n\n\n\n<p>Edith-Stein-Fachklinik\nBad Bergzabern<\/p>\n\n\n\n<p>1 Mitarbeiter wurde positiv auf COVID-19 getestet.\nDie weiteren Ermittlungen dauern noch an.<\/p>\n\n\n\n<p>Vinzentius\nKrankenhaus Landau<\/p>\n\n\n\n<p>1 Mitarbeiter wurde positiv auf COVID-19 getestet.\nDie weiteren Ermittlungen dauern noch an.<\/p>\n\n\n\n<p>Aus Datenschutzgr\u00fcnden wird bei Personenbezeichnungen\nund personenbezogenen Hauptw\u00f6rtern in dieser Meldung die m\u00e4nnliche Form\nverwendet. Entsprechende Begriffe k\u00f6nnen sich auch auf weibliche Personen\nbeziehen. <\/p>\n\n\n\n<p><strong>Verbandsgemeinde\nAnnweiler:<\/strong> 237 Personen (178\ndavon gesundet, 6 verstorben)<\/p>\n\n\n\n<p><strong>Verbandsgemeinde\nBad Bergzabern<\/strong>:421 Personen (333 davon gesundet, 9 verstorben)<\/p>\n\n\n\n<p><strong>Verbandsgemeinde\nEdenkoben<\/strong>: 303 Personen (250\ndavon gesundet, 2 verstorben)<\/p>\n\n\n\n<p><strong>Verbandsgemeinde\nHerxheim: <\/strong>318 Personen (240\ndavon gesundet, 15 verstorben)<\/p>\n\n\n\n<p><strong>Verbandsgemeinde\nLandau-Land<\/strong>: 195\nPersonen (141 davon gesundet, 10 verstorben)<\/p>\n\n\n\n<p><strong>Verbandsgemeinde\nMaikammer<\/strong>: 109 Personen (80\ndavon gesundet, 1 verstorben)<\/p>\n\n\n\n<p><strong>Verbandsgemeinde\nOffenbach<\/strong>: 201 Personen (156\ndavon gesundet, 2 verstorben)<\/p>\n\n\n\n<p><strong>Stadt Landau<\/strong>: 825\nPersonen (643 davon gesundet, 18 verstorben).<\/p>\n\n\n\n<p>*Eine Person gilt als gesundet und wird aus\nder 10-t\u00e4gigen h\u00e4uslichen Quarant\u00e4ne entlassen, wenn sie 48 Stunden (an Tag 9\nund 10 der h\u00e4uslichen Quarant\u00e4ne) symptomfrei war. Ein erneuter Test findet bei\nPersonen in h\u00e4uslicher Quarant\u00e4ne nicht statt.<\/p>\n\n\n\n<p>Eine\nAusnahme besteht bei Personen mit schwerem COVID-19-Verlauf: Bei F\u00e4llen mit\nSauerstoffbed\u00fcrftigkeit muss am Ende der Isolierung eine erneute PCR\nUntersuchung erfolgen. Zur Entisolierung von Bewohnern von\nAltenpflegeeinrichtungen ist unabh\u00e4ngig von der Schwere der Krankheit immer\neine erneute PCR Untersuchung notwendig.<\/p>\n\n\n\n<p>Informationen zum Thema Coronavirus finden Sie\nauf der Homepage des Landkreises: <a href=\"http:\/\/www.suedliche-weinstrasse.de\">www.suedliche-weinstrasse.de<\/a>. Die aktuellen 7-Tage-Inzidenzwerte<strong> <\/strong>sind unter <a href=\"http:\/\/www.corona.rlp.de\/de\/aktuelles\/corona-warn-und-aktionsplan-rlp\/\">www.corona.rlp.de\/de\/aktuelles\/corona-warn-und-aktionsplan-rlp\/<\/a> zu finden.<\/p>\n\n\n\n<h2 class=\"wp-block-heading\"><strong>Coronavirus &#8211; Fallzahlen von Dienstag, 12.01.2021<\/strong><\/h2>\n\n\n\n<p>Nach aktuellem Stand (12.01.2021, 13:20 Uhr) haben\nsich seit der gestrigen Meldung <strong>58 <\/strong>weitereF\u00e4lle des\nCoronavirus (COVID-19) im Landkreis S\u00fcdliche Weinstra\u00dfe und der Stadt Landau best\u00e4tigt.\nInsgesamt wurden <strong>2.570 <\/strong>F\u00e4lle im\nZust\u00e4ndigkeitsbereich des Gesundheitsamts S\u00fcdliche Weinstra\u00dfe an das\nLandesuntersuchungsamt \u00fcbermittelt. <strong>2.012<\/strong>\nPersonen sind gesundet*. <\/p>\n\n\n\n<p>Leider m\u00fcssen 10 neue Todesf\u00e4lle verzeichnet werden.\nAufgrund einer Unstimmigkeit in der Meldekette sind dem Gesundheitsamt im\nNachgang sieben Todesf\u00e4lle bekannt geworden. Die Personen sind im Zeitraum vom\n10. Dezember 2020 bis 7. Januar 2021 verstorben. Drei weitere Todesf\u00e4lle sind\naktuell verstorben. Es handelt sich bei allen Verstorbenen um \u00e4ltere Personen,\ndie an oder mit COVID-19 verstorben sind. Stadt Landau: vier weibliche und zwei\nm\u00e4nnliche Personen, Verbandsgemeinde Annweiler: eine m\u00e4nnliche Person,\nVerbandsgemeinde Herxheim: eine weibliche Person, Verbandsgemeinde Landau-Land:\neine m\u00e4nnliche Person und Verbandsgemeinde Offenbach: eine m\u00e4nnliche Person.\nInsgesamt sind <strong>63<\/strong> Personen\nverstorben.<\/p>\n\n\n\n<p>Folgende Einrichtungen im Landkreis S\u00fcdliche Weinstra\u00dfe\nund der Stadt Landau sind aktuell neu betroffen:<\/p>\n\n\n\n<p>Edith-Stein-Fachklinik\nBad Bergzabern<\/p>\n\n\n\n<p>2 Mitarbeiter, davon 1 aus dem\nZust\u00e4ndigkeitsbereich eines anderen Gesundheitsamtes, wurden positiv\nauf COVID-19 getestet. Die weiteren Ermittlungen dauern noch an.<\/p>\n\n\n\n<p>Kath.\nKindertagesst\u00e4tte St. Maria Landau <\/p>\n\n\n\n<p>1 Mitarbeiter wurde positiv auf COVID-19 getestet. 9\nPersonen wurden als Kontaktpersonen der Kategorie I eingestuft. Die weiteren\nErmittlungen dauern noch an.<\/p>\n\n\n\n<p>R\u00f6mergarten\nResidenz Offenbach <\/p>\n\n\n\n<p>1 Mitarbeiter und 10 Bewohner wurden positiv\nauf COVID-19 getestet. Die weiteren Ermittlungen dauern noch an.<\/p>\n\n\n\n<p>Vinzentius\nKrankenhaus Landau<\/p>\n\n\n\n<p>3 Mitarbeiter, davon 1 aus dem\nZust\u00e4ndigkeitsbereich eines anderen Gesundheitsamtes, wurden positiv\nauf COVID-19 getestet. Die weiteren Ermittlungen dauern noch an.<\/p>\n\n\n\n<p>Tagespflege der\n\u00f6kumenischen Sozialstation Landau<\/p>\n\n\n\n<p>7 Besucher\nwurden positiv auf COVID-19 getestet. Die weiteren Ermittlungen dauern noch an.<\/p>\n\n\n\n<p>Aus Datenschutzgr\u00fcnden wird bei\nPersonenbezeichnungen und personenbezogenen Hauptw\u00f6rtern in dieser Meldung die\nm\u00e4nnliche Form verwendet. Entsprechende Begriffe k\u00f6nnen sich auch auf weibliche\nPersonen beziehen. <\/p>\n\n\n\n<p><strong>Verbandsgemeinde\nAnnweiler:<\/strong> 234 Personen (178\ndavon gesundet, 6 verstorben)<\/p>\n\n\n\n<p><strong>Verbandsgemeinde\nBad Bergzabern<\/strong>:416 Personen (333 davon gesundet, 9 verstorben)<\/p>\n\n\n\n<p><strong>Verbandsgemeinde\nEdenkoben<\/strong>: 302 Personen (248\ndavon gesundet, 2 verstorben)<\/p>\n\n\n\n<p><strong>Verbandsgemeinde\nHerxheim: <\/strong>317 Personen (240\ndavon gesundet, 15 verstorben)<\/p>\n\n\n\n<p><strong>Verbandsgemeinde\nLandau-Land<\/strong>: 190\nPersonen (140 davon gesundet, 10 verstorben)<\/p>\n\n\n\n<p><strong>Verbandsgemeinde\nMaikammer<\/strong>: 107 Personen (80 davon\ngesundet, 1 verstorben)<\/p>\n\n\n\n<p><strong>Verbandsgemeinde\nOffenbach<\/strong>: 190 Personen (156\ndavon gesundet, 2 verstorben)<\/p>\n\n\n\n<p><strong>Stadt Landau<\/strong>: 814\nPersonen (637 davon gesundet, 18 verstorben).<\/p>\n\n\n\n<p>*Eine Person gilt als gesundet und wird aus\nder 10-t\u00e4gigen h\u00e4uslichen Quarant\u00e4ne entlassen, wenn sie 48 Stunden (an Tag 9\nund 10 der h\u00e4uslichen Quarant\u00e4ne) symptomfrei war. Ein erneuter Test findet bei\nPersonen in h\u00e4uslicher Quarant\u00e4ne nicht statt.<\/p>\n\n\n\n<p>Eine\nAusnahme besteht bei Personen mit schwerem COVID-19-Verlauf: Bei F\u00e4llen mit\nSauerstoffbed\u00fcrftigkeit muss am Ende der Isolierung eine erneute PCR\nUntersuchung erfolgen. Zur Entisolierung von Bewohnern von\nAltenpflegeeinrichtungen ist unabh\u00e4ngig von der Schwere der Krankheit immer\neine erneute PCR Untersuchung notwendig.<\/p>\n\n\n\n<p>Informationen zum Thema Coronavirus finden Sie\nauf der Homepage des Landkreises: <a href=\"http:\/\/www.suedliche-weinstrasse.de\">www.suedliche-weinstrasse.de<\/a>.\nDie aktuellen 7-Tage-Inzidenzwerte<strong> <\/strong>sind unter <a href=\"http:\/\/www.corona.rlp.de\/de\/aktuelles\/corona-warn-und-aktionsplan-rlp\/\">www.corona.rlp.de\/de\/aktuelles\/corona-warn-und-aktionsplan-rlp\/<\/a>\nzu finden.<\/p>\n\n\n\n<h2 class=\"wp-block-heading\"><strong>Coronavirus &#8211; Fallzahlen von Montag, 11.01.2021<\/strong><\/h2>\n\n\n\n<p>Nach aktuellem Stand (11.01.2021, 11:20 Uhr) haben\nsich seit der letzten Meldung am Freitag, 8. Januar\n2021, <strong>59 <\/strong>weitereF\u00e4lle des Coronavirus (COVID-19) im Landkreis S\u00fcdliche Weinstra\u00dfe und\nder Stadt Landau best\u00e4tigt. Insgesamt wurden <strong>2.512 <\/strong>F\u00e4lle im Zust\u00e4ndigkeitsbereich des Gesundheitsamts S\u00fcdliche\nWeinstra\u00dfe an das Landesuntersuchungsamt \u00fcbermittelt. <strong>1.982<\/strong> Personen sind gesundet*. <br>\nLeider m\u00fcssen vier neue Todesf\u00e4lle verzeichnet werden. Es handelt sich um eine\n\u00e4ltere, m\u00e4nnliche Person aus der Verbandsgemeinde Edenkoben, um zwei \u00e4ltere,\nweibliche Personen aus der Verbandsgemeinde Herxheim und um eine \u00e4ltere,\nweibliche Person aus der Stadt Landau, die alle mit COVID-19 verstorben sind. <\/p>\n\n\n\n<p>Insgesamt sind <strong>53<\/strong> Personen verstorben.<\/p>\n\n\n\n<p>Folgende Einrichtungen im Landkreis S\u00fcdliche Weinstra\u00dfe\nund der Stadt Landau sind aktuell neu betroffen:<\/p>\n\n\n\n<p>Katholisches\nAltenzentrum Landau<br>\n1 Mitarbeiter wurde positiv auf COVID-19 getestet.\nDie weiteren Ermittlungen dauern noch an.<\/p>\n\n\n\n<p>R\u00f6mergarten\nResidenz Offenbach<br>\n1 Bewohner wurde positiv auf COVID-19 getestet.\nDie weiteren Ermittlungen dauern noch an.<\/p>\n\n\n\n<p>Vinzentius\nKrankenhaus Landau <br>\n1 Mitarbeiter wurde positiv auf COVID-19 getestet.\nDie weiteren Ermittlungen dauern noch an.<\/p>\n\n\n\n<p>St. Paulus\nStift Herxheim <br>\n1 Mitarbeiter wurde positiv auf COVID-19 getestet, 7\nPersonen wurden als Kontaktpersonen der Kategorie I eingestuft. <\/p>\n\n\n\n<p>Aus Datenschutzgr\u00fcnden wird bei Personenbezeichnungen\nund personenbezogenen Hauptw\u00f6rtern in dieser Meldung die m\u00e4nnliche Form\nverwendet. Entsprechende Begriffe k\u00f6nnen sich auch auf weibliche Personen\nbeziehen. <\/p>\n\n\n\n<p><strong>Verbandsgemeinde\nAnnweiler:<\/strong> 230 Personen (171\ndavon gesundet, 5 verstorben)<\/p>\n\n\n\n<p><strong>Verbandsgemeinde\nBad Bergzabern<\/strong>:405 Personen (329 davon gesundet, 9 verstorben)<\/p>\n\n\n\n<p><strong>Verbandsgemeinde\nEdenkoben<\/strong>: 297 Personen (242\ndavon gesundet, 2 verstorben)<\/p>\n\n\n\n<p><strong>Verbandsgemeinde\nHerxheim: <\/strong>314 Personen (237\ndavon gesundet, 14 verstorben)<\/p>\n\n\n\n<p><strong>Verbandsgemeinde\nLandau-Land<\/strong>: 182\nPersonen (139 davon gesundet, 9 verstorben)<\/p>\n\n\n\n<p><strong>Verbandsgemeinde\nMaikammer<\/strong>: 99 Personen (80\ndavon gesundet, 1 verstorben)<\/p>\n\n\n\n<p><strong>Verbandsgemeinde\nOffenbach<\/strong>: 186 Personen (155\ndavon gesundet, 1 verstorben)<\/p>\n\n\n\n<p><strong>Stadt Landau<\/strong>: 799\nPersonen (629 davon gesundet, 12 verstorben).<\/p>\n\n\n\n<p>*Eine Person gilt als gesundet und wird aus\nder 10-t\u00e4gigen h\u00e4uslichen Quarant\u00e4ne entlassen, wenn sie 48 Stunden (an Tag 9\nund 10 der h\u00e4uslichen Quarant\u00e4ne) symptomfrei war. Ein erneuter Test findet bei\nPersonen in h\u00e4uslicher Quarant\u00e4ne nicht statt.<\/p>\n\n\n\n<p>Eine\nAusnahme besteht bei Personen mit schwerem COVID-19-Verlauf: Bei F\u00e4llen mit\nSauerstoffbed\u00fcrftigkeit muss am Ende der Isolierung eine erneute PCR\nUntersuchung erfolgen. Zur Entisolierung von Bewohnern von\nAltenpflegeeinrichtungen ist unabh\u00e4ngig von der Schwere der Krankheit immer\neine erneute PCR Untersuchung notwendig.<\/p>\n\n\n\n<p>Informationen zum Thema Coronavirus finden Sie\nauf der Homepage des Landkreises: <a href=\"http:\/\/www.suedliche-weinstrasse.de\">www.suedliche-weinstrasse.de<\/a>. Die aktuellen 7-Tage-Inzidenzwerte<strong> <\/strong>sind unter <a href=\"http:\/\/www.corona.rlp.de\/de\/aktuelles\/corona-warn-und-aktionsplan-rlp\/\">www.corona.rlp.de\/de\/aktuelles\/corona-warn-und-aktionsplan-rlp\/<\/a> zu finden.<\/p>\n\n\n\n<h2 class=\"wp-block-heading\"><strong>Coronavirus &#8211; Fallzahlen von Freitag, 08.01.2021<\/strong><\/h2>\n\n\n\n<p>Nach aktuellem Stand (08.01.2021, 11:30 Uhr) haben\nsich seit der gestrigen Meldung <strong>57 <\/strong>weitereF\u00e4lle des\nCoronavirus (COVID-19) im Landkreis S\u00fcdliche Weinstra\u00dfe und der Stadt Landau best\u00e4tigt.\nInsgesamt wurden <strong>2.453 <\/strong>F\u00e4lle im\nZust\u00e4ndigkeitsbereich des Gesundheitsamts S\u00fcdliche Weinstra\u00dfe an das\nLandesuntersuchungsamt \u00fcbermittelt. <strong>1.930<\/strong>\nPersonen sind gesundet*. Leider muss ein neuer Todesfall verzeichnet werden. Es\nhandelt sich um eine m\u00e4nnliche, \u00e4ltere Person aus der Stadt Landau, die mit COVID-19\nverstorben ist. Insgesamt sind <strong>49<\/strong>\nPersonen verstorben.<\/p>\n\n\n\n<p>Folgende Einrichtungen im Landkreis S\u00fcdliche Weinstra\u00dfe\nund der Stadt Landau sind aktuell neu betroffen:<\/p>\n\n\n\n<p>Katholisches\nAltenzentrum Landau<br>\n2 Bewohner wurden positiv auf COVID-19\ngetestet. Die weiteren Ermittlungen dauern noch an.<\/p>\n\n\n\n<p>R\u00f6mergarten\nResidenz Offenbach<br>\n1 Bewohner wurde positiv auf COVID-19\ngetestet. Die weiteren Ermittlungen dauern noch an.<\/p>\n\n\n\n<p>Edith-Stein-Fachklinik\nBad Bergzabern<br>\n2 Patienten, davon einer aus dem\nZust\u00e4ndigkeitsbereich eines anderen Gesundheitsamtes, wurden positiv\nauf COVID-19 getestet. Die weiteren Ermittlungen dauern noch an.<\/p>\n\n\n\n<p>Vinzentius\nKrankenhaus Landau<br>\n2 Mitarbeiter aus dem Zust\u00e4ndigkeitsbereich\neines anderen Gesundheitsamtes wurden positiv auf COVID-19 getestet. Die\nweiteren Ermittlungen dauern noch an. <\/p>\n\n\n\n<p>Aus Datenschutzgr\u00fcnden wird bei\nPersonenbezeichnungen und personenbezogenen Hauptw\u00f6rtern in dieser Meldung die\nm\u00e4nnliche Form verwendet. Entsprechende Begriffe k\u00f6nnen sich auch auf weibliche\nPersonen beziehen. <\/p>\n\n\n\n<p><strong>Verbandsgemeinde\nAnnweiler:<\/strong> 224 Personen (164\ndavon gesundet, 5 verstorben)<\/p>\n\n\n\n<p><strong>Verbandsgemeinde\nBad Bergzabern<\/strong>:399 Personen (323 davon gesundet, 9 verstorben)<\/p>\n\n\n\n<p><strong>Verbandsgemeinde\nEdenkoben<\/strong>: 295 Personen (238\ndavon gesundet, 1 verstorben)<\/p>\n\n\n\n<p><strong>Verbandsgemeinde\nHerxheim: <\/strong>307 Personen (232\ndavon gesundet, 12 verstorben)<\/p>\n\n\n\n<p><strong>Verbandsgemeinde\nLandau-Land<\/strong>: 176\nPersonen (137 davon gesundet, 9 verstorben)<\/p>\n\n\n\n<p><strong>Hinweis<\/strong>:\nEine bislang gesundete Person in der VG Landau-Land wurde wegen erneuter\nSymptome wieder in Quarant\u00e4ne versetzt und wird deshalb wieder bei den aktiven\nF\u00e4llen gelistet.<\/p>\n\n\n\n<p><strong>Verbandsgemeinde\nMaikammer<\/strong>: 98 Personen (77\ndavon gesundet, 1 verstorben)<\/p>\n\n\n\n<p><strong>Verbandsgemeinde\nOffenbach<\/strong>: 183 Personen (154 davon\ngesundet, 1 verstorben)<\/p>\n\n\n\n<p><strong>Stadt Landau<\/strong>: 771\nPersonen (605 davon gesundet, 11 verstorben).<\/p>\n\n\n\n<p>*Eine Person gilt als gesundet und wird aus\nder 10-t\u00e4gigen h\u00e4uslichen Quarant\u00e4ne entlassen, wenn sie 48 Stunden (an Tag 9\nund 10 der h\u00e4uslichen Quarant\u00e4ne) symptomfrei war. Ein erneuter Test findet bei\nPersonen in h\u00e4uslicher Quarant\u00e4ne nicht statt.<\/p>\n\n\n\n<p>Eine\nAusnahme besteht bei Personen mit schwerem COVID-19-Verlauf: Bei F\u00e4llen mit\nSauerstoffbed\u00fcrftigkeit muss am Ende der Isolierung eine erneute PCR\nUntersuchung erfolgen. Zur Entisolierung von Bewohnern von\nAltenpflegeeinrichtungen ist unabh\u00e4ngig von der Schwere der Krankheit immer\neine erneute PCR Untersuchung notwendig.<\/p>\n\n\n\n<p>Informationen zum Thema Coronavirus finden Sie\nauf der Homepage des Landkreises: <a href=\"http:\/\/www.suedliche-weinstrasse.de\">www.suedliche-weinstrasse.de<\/a>.\nDie aktuellen 7-Tage-Inzidenzwerte<strong> <\/strong>sind unter <a href=\"http:\/\/www.corona.rlp.de\/de\/aktuelles\/corona-warn-und-aktionsplan-rlp\/\">www.corona.rlp.de\/de\/aktuelles\/corona-warn-und-aktionsplan-rlp\/<\/a>\nzu finden.<\/p>\n\n\n\n<h2 class=\"wp-block-heading\"><strong>Coronavirus &#8211; Fallzahlen von Donnerstag, 07.01.2021<\/strong><\/h2>\n\n\n\n<p>Nach aktuellem Stand (07.01.2021, 11:30 Uhr) haben\nsich seit der gestrigen Meldung <strong>32 <\/strong>weitereF\u00e4lle des\nCoronavirus (COVID-19) im Landkreis S\u00fcdliche Weinstra\u00dfe und der Stadt Landau best\u00e4tigt.\nInsgesamt wurden <strong>2.396 <\/strong>F\u00e4lle im\nZust\u00e4ndigkeitsbereich des Gesundheitsamts S\u00fcdliche Weinstra\u00dfe an das\nLandesuntersuchungsamt \u00fcbermittelt. <strong>1.867<\/strong>\nPersonen sind gesundet*. Leider m\u00fcssen zwei neue Todesf\u00e4lle verzeichnet werden.\nEs handelt sich um eine weibliche, \u00e4ltere Person aus der Stadt Landau und um\neine weibliche, \u00e4ltere Person aus der Verbandsgemeinde Herxheim, die beide mit COVID-19\nverstorben sind. Insgesamt sind <strong>48<\/strong>\nPersonen verstorben.<\/p>\n\n\n\n<p>Folgende Einrichtungen im Landkreis S\u00fcdliche Weinstra\u00dfe\nund der Stadt Landau sind aktuell neu betroffen:<\/p>\n\n\n\n<p>Caritas\nF\u00f6rderzentrum St. Laurentius und Paulus Landau <\/p>\n\n\n\n<p>1 Bewohner wurde positiv auf COVID-19\ngetestet. Die weiteren Ermittlungen dauern noch an.<\/p>\n\n\n\n<p>Katholisches\nAltenzentrum Landau <\/p>\n\n\n\n<p>1 Mitarbeiter wurde positiv auf COVID-19\ngetestet. Die weiteren Ermittlungen dauern noch an.<\/p>\n\n\n\n<p>Edith-Stein-Fachklinik\nBad Bergzabern<\/p>\n\n\n\n<p>2 Mitarbeiter aus dem\nZust\u00e4ndigkeitsbereich anderer Gesundheits\u00e4mter wurden positiv auf COVID-19\ngetestet. Die weiteren Ermittlungen dauern noch an.<\/p>\n\n\n\n<p>Aus Datenschutzgr\u00fcnden wird bei\nPersonenbezeichnungen und personenbezogenen Hauptw\u00f6rtern in dieser Meldung die\nm\u00e4nnliche Form verwendet. Entsprechende Begriffe k\u00f6nnen sich auch auf weibliche\nPersonen beziehen. <\/p>\n\n\n\n<p><strong>Verbandsgemeinde\nAnnweiler:<\/strong> 216 Personen (158\ndavon gesundet, 5 verstorben)<\/p>\n\n\n\n<p><strong>Verbandsgemeinde\nBad Bergzabern<\/strong>:386 Personen (314 davon gesundet, 9 verstorben)<\/p>\n\n\n\n<p><strong>Verbandsgemeinde\nEdenkoben<\/strong>: 295 Personen (232\ndavon gesundet, 1 verstorben)<\/p>\n\n\n\n<p><strong>Verbandsgemeinde\nHerxheim: <\/strong>304 Personen (227\ndavon gesundet, 12 verstorben)<\/p>\n\n\n\n<p><strong>Verbandsgemeinde\nLandau-Land<\/strong>: 169\nPersonen (138 davon gesundet, 9 verstorben)<\/p>\n\n\n\n<p><strong>Verbandsgemeinde\nMaikammer<\/strong>: 95 Personen (76\ndavon gesundet, 1 verstorben)<\/p>\n\n\n\n<p><strong>Hinweis<\/strong>: Eine Person, die den aktiven F\u00e4llen in der Verbandsgemeinde\nMaikammer zugeordnet war, wird seit heute nicht mehr in der Statistik gef\u00fchrt.\nGrund daf\u00fcr ist, dass die Meldeadresse sich ge\u00e4ndert hat und die Person dem\nZust\u00e4ndigkeitsbereich eines anderen Gesundheitsamtes zugeordnet wurde. <\/p>\n\n\n\n<p><strong>Verbandsgemeinde\nOffenbach<\/strong>: 180 Personen (147\ndavon gesundet, 1 verstorben)<\/p>\n\n\n\n<p><strong>Stadt Landau<\/strong>: 751\nPersonen (575 davon gesundet, 10 verstorben).<\/p>\n\n\n\n<p>*Eine Person gilt als gesundet und wird aus\nder 10-t\u00e4gigen h\u00e4uslichen Quarant\u00e4ne entlassen, wenn sie 48 Stunden (an Tag 9\nund 10 der h\u00e4uslichen Quarant\u00e4ne) symptomfrei war. Ein erneuter Test findet bei\nPersonen in h\u00e4uslicher Quarant\u00e4ne nicht statt.<\/p>\n\n\n\n<p>Eine\nAusnahme besteht bei Personen mit schwerem COVID-19-Verlauf: Bei F\u00e4llen mit\nSauerstoffbed\u00fcrftigkeit muss am Ende der Isolierung eine erneute PCR\nUntersuchung erfolgen. Zur Entisolierung von Bewohnern von\nAltenpflegeeinrichtungen ist unabh\u00e4ngig von der Schwere der Krankheit immer\neine erneute PCR Untersuchung notwendig.<\/p>\n\n\n\n<p>Informationen zum Thema Coronavirus finden Sie auf der Homepage des Landkreises: <a href=\"http:\/\/www.suedliche-weinstrasse.de\">www.suedliche-weinstrasse.de<\/a>. Die aktuellen 7-Tage-Inzidenzwerte<strong> <\/strong>sind unter <a href=\"http:\/\/www.corona.rlp.de\/de\/aktuelles\/corona-warn-und-aktionsplan-rlp\/\">www.corona.rlp.de\/de\/aktuelles\/corona-warn-und-aktionsplan-rlp\/<\/a> zu finden.<\/p>\n\n\n\n<p><em>Gemeinsame Pressemitteilung der Kreisverwaltung S\u00fcdliche Weinstra\u00dfe und der Stadtverwaltung Landau<br>14.01.2021<\/em><\/p>\n\n\n\n<h2 class=\"wp-block-heading\"><strong>Erste Baubesprechung im geplanten neuen Impfzentrum in Landau \u2013 OB Hirsch und Landrat Seefeldt: Impfzentrum f\u00fcr Landau und S\u00dcW soll zum 20. Februar betriebsbereit sein <\/strong><\/h2>\n\n\n\n<div class=\"wp-block-image\"><figure class=\"aligncenter\"><img decoding=\"async\" loading=\"lazy\" width=\"800\" height=\"533\" src=\"https:\/\/speyer24news.com\/wp-content\/uploads\/2021\/01\/13-01-2021-Info-Impfzentrum_1.jpg\" alt=\"\" class=\"wp-image-32267\" srcset=\"https:\/\/speyer24news.com\/wp-content\/uploads\/2021\/01\/13-01-2021-Info-Impfzentrum_1.jpg 800w, https:\/\/speyer24news.com\/wp-content\/uploads\/2021\/01\/13-01-2021-Info-Impfzentrum_1-300x200.jpg 300w, https:\/\/speyer24news.com\/wp-content\/uploads\/2021\/01\/13-01-2021-Info-Impfzentrum_1-768x512.jpg 768w\" sizes=\"(max-width: 800px) 100vw, 800px\" \/><figcaption>Bei einer ersten Baubesprechung vor Ort nahmen Mitarbeiter von Stadt- und Kreisverwaltung jetzt das Geb\u00e4ude f\u00fcr das geplante Impfzentrum am Standort Landau unter die Lupe.<br><em>(Quelle: Stadt Landau) <\/em> <\/figcaption><\/figure><\/div>\n\n\n\n<p>Die Vorbereitungen f\u00fcr ein eigenes Impfzentrum am Standort Landau laufen auf Hochtouren. Hier sollen k\u00fcnftig die Menschen aus der Stadt Landau sowie gro\u00dfen Teilen des Landkreises S\u00fcdliche Weinstra\u00dfe ihre Corona-Schutzimpfungen erhalten. Oberb\u00fcrgermeister Thomas Hirsch und Landrat Dietmar Seefeldt nahmen am gestrigen Dienstag, 12. Januar, an einer ersten Baubesprechung vor Ort teil. Bei der Immobilie, die kurzfristig durch die beiden Kommunen gepachtet werden soll, handelt es sich um das leerstehende Hallengeb\u00e4ude eines Zulieferers f\u00fcr Automobilteile und Werkst\u00e4ttenbedarf im Gewerbepark am Messegel\u00e4nde. <\/p>\n\n\n\n<div class=\"wp-block-image\"><figure class=\"aligncenter\"><img decoding=\"async\" loading=\"lazy\" width=\"800\" height=\"533\" src=\"https:\/\/speyer24news.com\/wp-content\/uploads\/2021\/01\/13-01-2021-Info-Impfzentrum_2.jpg\" alt=\"\" class=\"wp-image-32268\" srcset=\"https:\/\/speyer24news.com\/wp-content\/uploads\/2021\/01\/13-01-2021-Info-Impfzentrum_2.jpg 800w, https:\/\/speyer24news.com\/wp-content\/uploads\/2021\/01\/13-01-2021-Info-Impfzentrum_2-300x200.jpg 300w, https:\/\/speyer24news.com\/wp-content\/uploads\/2021\/01\/13-01-2021-Info-Impfzentrum_2-768x512.jpg 768w\" sizes=\"(max-width: 800px) 100vw, 800px\" \/><figcaption>OB Hirsch (M.) und Landrat Seefeldt (r.) im Gespr\u00e4ch mit Stefan Krauch, Leiter der Abteilung Brand- und Katastrophenschutz der Stadt Landau.<br><em>(Quelle: Stadt Landau)<\/em> <\/figcaption><\/figure><\/div>\n\n\n\n<p>\u201eDas Geb\u00e4ude ist gut anfahrbar und bietet dank\nseines Zuschnitts perfekte Voraussetzungen f\u00fcr ein Impfzentrum\u201c, fassen OB und\nLandrat zusammen. Klar ist aber auch, dass auf die Mitarbeiterinnen und\nMitarbeiter von Stadt und Kreis in den kommenden Wochen viel Arbeit zukommt:\n\u201eEs gilt, in k\u00fcrzester Zeit eine \u00e4u\u00dferst komplexe Infrastruktur auf die Beine\nzu stellen und in leerstehenden Lagerhallen funktionierende Impfstra\u00dfen zu\nerrichten. Zum Gl\u00fcck waren die Mitarbeiterinnen und Mitarbeiter von Beginn an\nin die Realisierung des gemeinsamen Landes-Impfzentrums am Standort W\u00f6rth\neingebunden\u201c, machen Hirsch und Seefeldt deutlich. Beide teilen mit, dass das\nneue Impfzentrum im Landauer Gewerbepark zum 20. Februar betriebsbereit sein\nsoll. Impfstart soll dann voraussichtlich am Montag, 22. Februar, sein. <\/p>\n\n\n\n<p>Der schnelle und flexible Umsetzungsbeginn mache schon deutlich, dass die s\u00fcdpf\u00e4lzischen Kommunen in enger Abstimmung mit dem Land Rheinland-Pfalz auf die Errichtung eines weiteren Impfzentrums vorbereitet gewesen seien, so Hirsch und Seefeldt weiter. Nach einer ersten telefonischen Zusage durch das Land werde man diesem nun noch ein genaues Konzept f\u00fcr das neue Impfzentrum in Landau vorlegen. Dieses sieht auch vor, dass die Menschen aus den Gemeinden der Verbandsgemeinde Maikammer k\u00fcnftig im Impfzentrum Neustadt geimpft werden sollen, um noch k\u00fcrzere Wege zu garantieren.<\/p>\n\n\n\n<p><em>Stadt Landau in der Pfalz<br>14.01.2021<\/em><\/p>\n\n\n\n<h2 class=\"wp-block-heading\">Bei Online-Anmeldung f\u00fcr Impftermin: Jugendf\u00f6rderung Landau unterst\u00fctzt<\/h2>\n\n\n\n<figure class=\"wp-block-image\"><img decoding=\"async\" loading=\"lazy\" width=\"800\" height=\"535\" src=\"https:\/\/speyer24news.com\/wp-content\/uploads\/2021\/01\/12-01-2021-Info-Juf\u00f6-hilft.jpg\" alt=\"\" class=\"wp-image-32261\" srcset=\"https:\/\/speyer24news.com\/wp-content\/uploads\/2021\/01\/12-01-2021-Info-Juf\u00f6-hilft.jpg 800w, https:\/\/speyer24news.com\/wp-content\/uploads\/2021\/01\/12-01-2021-Info-Juf\u00f6-hilft-300x201.jpg 300w, https:\/\/speyer24news.com\/wp-content\/uploads\/2021\/01\/12-01-2021-Info-Juf\u00f6-hilft-768x514.jpg 768w\" sizes=\"(max-width: 800px) 100vw, 800px\" \/><figcaption>Im Landes-Impfzentrum in W\u00f6rth haben die Corona-Schutzimpfungen f\u00fcr die \u00dc80-Seniorinnen und -Senioren aus der S\u00fcdpfalz begonnen.<br><em>(Quelle: Landkreis Germersheim)<\/em> <\/figcaption><\/figure>\n\n\n\n<p>Das Team der Jugendf\u00f6rderung\nim Haus der Jugend der Stadt Landau will helfen und unterst\u00fctzt Seniorinnen und\nSenioren bei der Online-Anmeldung f\u00fcr einen Impftermin. Stadtjugendpfleger Arno\nSch\u00f6nh\u00f6fer: \u201eUnter der Telefonnummer 0 63 41\/13 51 76 ist ein Teammitglied von\nuns zu erreichen und geht gemeinsam mit den Anruferinnen und Anrufern den\nOnline-Dialog zur Terminvergabe durch.\u201c Erreichbar ist dieser Service montags\nbis freitags von 8:30 bis 18 Uhr. Er richtet sich ausdr\u00fccklich und ganz\nbesonders auch an Seniorinnen und Senioren, die keinen Zugang zu einem Computer\nhaben. <\/p>\n\n\n\n<p>Oberb\u00fcrgermeister und Jugenddezernent Thomas Hirsch dankt dem Team der \u201eJuf\u00f6\u201c f\u00fcr deren besonderes Engagement in schweren Zeiten. \u201eUnsere Jugendf\u00f6rderung ist nicht nur f\u00fcr die Kids in Landau da, sondern durch Einrichtungen wie das Mehrgenerationenhaus f\u00fcr alle Menschen in unserer Stadt. Dass das Team um Arno Sch\u00f6nh\u00f6fer nun die Initiative zur Unterst\u00fctzung \u00e4lterer Menschen bei der Impfanmeldung ergriffen hat, finde ich toll und danke f\u00fcr diese Bereitschaft, die weit \u00fcber den \u00abJob\u00bb hinausgeht.\u201c\u00a0 \u00a0 Zum Hintergrund: \u00dc80-Seniorinnen und -Senioren k\u00f6nnen \u00fcber die Landes-Hotline 0800\/57 58 100 bzw. die Landes-Internetseite <a href=\"http:\/\/www.impftermin.rlp.de\">www.impftermin.rlp.de<\/a> einen Impftermin vereinbaren \u2013 auch f\u00fcr das gemeinsame s\u00fcdpf\u00e4lzische Impfzentrum in W\u00f6rth, das zeitnah durch ein weiteres Impfzentrum am Standort Landau erg\u00e4nzt werden soll.<\/p>\n\n\n\n<p><em>Text: Stadt Landau in der Pfalz Foto: Landkreis Germersheim<br>14.01.2021<\/em><\/p>\n\n\n\n<h2 class=\"wp-block-heading\"><strong>Gemeinsame Erkl\u00e4rung von OB Hirsch, Landrat Seefeldt und Landrat Brechtel: Stadt Landau und Landkreis S\u00dcW fragen beim Land nach Zustimmung f\u00fcr weiteres s\u00fcdpf\u00e4lzisches Impfzentrum<\/strong><\/h2>\n\n\n\n<figure class=\"wp-block-image\"><img decoding=\"async\" loading=\"lazy\" width=\"800\" height=\"533\" src=\"https:\/\/speyer24news.com\/wp-content\/uploads\/2020\/11\/vaccination-2722937_1920.jpg\" alt=\"\" class=\"wp-image-31275\" srcset=\"https:\/\/speyer24news.com\/wp-content\/uploads\/2020\/11\/vaccination-2722937_1920.jpg 800w, https:\/\/speyer24news.com\/wp-content\/uploads\/2020\/11\/vaccination-2722937_1920-300x200.jpg 300w, https:\/\/speyer24news.com\/wp-content\/uploads\/2020\/11\/vaccination-2722937_1920-768x512.jpg 768w\" sizes=\"(max-width: 800px) 100vw, 800px\" \/><\/figure>\n\n\n\n<p>Auf Basis der zahlreichen\nR\u00fcckmeldungen von \u00dc80-Seniorinnen und -Senioren sowie deren Angeh\u00f6rigen wie\nauch der Eindr\u00fccke vor Ort haben Oberb\u00fcrgermeister Thomas Hirsch (Landau) und\nLandrat Dietmar Seefeldt (S\u00fcdliche Weinstra\u00dfe) \u00fcber die Impfkoordinatoren beim\nLand Rheinland-Pfalz angefragt, ob ein zus\u00e4tzliches Impfzentrum in Landau die\nZustimmung der zust\u00e4ndigen Landestellen findet. \u201eDiese Zustimmung des Landes\nist notwendig, da nach vorliegenden Informationen in anderen Landesgebieten die\nEntfernungen zu den Impfzentren durchaus mit denen aus Landau oder S\u00dcW zum\nLandes-Impfzentrum in W\u00f6rth vergleichbar sind\u201c, so OB und Landrat. <\/p>\n\n\n\n<p>Beide machen aber auch\ndeutlich, dass die Errichtung eines weiteren Impfzentrums am Standort Landau\neinen zus\u00e4tzlichen Kraftakt f\u00fcr die ohnehin schon stark belasteten haupt- und\nehrenamtlichen Kr\u00e4fte in der Region darstelle. Um Kr\u00e4fte zu b\u00fcndeln, Synergien\nzu erzielen und Ressourcen zu schonen, hatte man sich daher zun\u00e4chst\nentschieden, die sehr komplexe Logistik eines Landes-Impfzentrums in W\u00f6rth zu\nkonzentrieren, wo durch das von Stadt und Kreis mitfinanzierte Hilfskrankenhaus\nbereits eine gute Infrastruktur vorhanden war. Auf diese Weise konnte schnell\nund effektiv eines der gr\u00f6\u00dften Impfzentren im Land f\u00fcr alle drei Gebietsk\u00f6rperschaften\ngeschaffen werden \u2013 erg\u00e4nzt durch mobile Impfteams, die die Bewohnerinnen und\nBewohner der Alten- und Pflegeheime direkt vor Ort impfen.<\/p>\n\n\n\n<p>Aber: Von Anfang an\nhatten OB und Landrat auch betont, dass das Geschehen im Landes-Impfzentrum in\nW\u00f6rth genau beobachtet werde. \u201eSollte sich zeigen, dass es zu einem\nun\u00fcberschaubaren Andrang und Terminstaus kommt, werden wir [\u2026] flexibel\nreagieren und umgehend mit dem Ministerium eine Erg\u00e4nzung durch ein weiteres\nImpfzentrum abkl\u00e4ren\u201c, hie\u00df es bereits in fr\u00fcheren gemeinsamen\nPresseerkl\u00e4rungen der Stadt Landau sowie der Landkreise S\u00fcdliche Weinstra\u00dfe und\nGermersheim. \u201eDas zeigt, dass wir von Anfang an vorausschauend an einer\nkonstruktiven L\u00f6sung f\u00fcr alle denkbaren Entwicklungen im guten Miteinander\norientiert waren\u201c, so Seefeldt und Hirsch in Abstimmung mit ihrem\nS\u00fcdpfalz-Kollegen Landrat Dr. Fritz Brechtel (Germersheim) zu der aktuellen\nInitiative.<\/p>\n\n\n\n<p>Der Impfstart in W\u00f6rth\nsei erfolgreich verlaufen und die Abl\u00e4ufe vor Ort seien schnell weiter\noptimiert, zus\u00e4tzliche beheizte Wartebereiche eingerichtet und auch die\nTransportangebote verbessert worden \u2013 aber es sei auch klar geworden, dass f\u00fcr\nviele aus der \u00dc80-Personengruppe der Besuch im Impfzentrum \u00fcberhaupt eine hohe\nBelastung darstelle, so die drei Verwaltungschefs der S\u00fcdpfalz. <\/p>\n\n\n\n<p>Nachdem die nationale\nImpfstrategie, die erst nach der Standort-Entscheidung f\u00fcr die\nLandes-Impfzentren verabschiedet wurde, die Impfung der \u00dc80-Personen mit\nh\u00f6chster Priorit\u00e4t vorsehe, k\u00f6nne ein zus\u00e4tzliches Impfzentrum in Landau die\nBelastungen f\u00fcr diese Risikogruppe reduzieren. <\/p>\n\n\n\n<p>Deswegen habe man nach zahlreichen R\u00fcckmeldungen unmittelbar die entsprechende Anfrage beim Land gestartet, um schnellstm\u00f6glich reagieren zu k\u00f6nnen, so Hirsch und Seefeldt.\u00a0 Unabh\u00e4ngig davon appellieren sie gemeinsam mit Brechtel an die Bev\u00f6lkerung, sich mit nachbarschaftlicher Hilfe bei der Anmeldung und Bef\u00f6rderung zum Impfzentrum solidarisch zu zeigen.<\/p>\n\n\n\n<p><em>Gemeinsame Pressemitteilung der Landkreise Germersheim und S\u00fcdliche Weinstra\u00dfe und der Stadt Landau in der Pfalz<br>14.01.2021<\/em><\/p>\n\n\n\n<h2 class=\"wp-block-heading\"><strong>Impfzentrum S\u00fcdpfalz in W\u00f6rth bietet\nkostenloses Bus-Shuttle an<\/strong><\/h2>\n\n\n\n<h3 class=\"wp-block-heading\"><strong>Regelm\u00e4\u00dfig\nvom Bahnhof W\u00f6rth zum Impfzentrum und zur\u00fcck<\/strong><\/h3>\n\n\n\n<figure class=\"wp-block-image\"><img decoding=\"async\" loading=\"lazy\" width=\"800\" height=\"495\" src=\"https:\/\/speyer24news.com\/wp-content\/uploads\/2021\/01\/210108_Bus_Shuttle-Impfzentrum-023-bearbeitet.jpg\" alt=\"\" class=\"wp-image-32243\" srcset=\"https:\/\/speyer24news.com\/wp-content\/uploads\/2021\/01\/210108_Bus_Shuttle-Impfzentrum-023-bearbeitet.jpg 800w, https:\/\/speyer24news.com\/wp-content\/uploads\/2021\/01\/210108_Bus_Shuttle-Impfzentrum-023-bearbeitet-300x186.jpg 300w, https:\/\/speyer24news.com\/wp-content\/uploads\/2021\/01\/210108_Bus_Shuttle-Impfzentrum-023-bearbeitet-768x475.jpg 768w\" sizes=\"(max-width: 800px) 100vw, 800px\" \/><figcaption> v.l.: Busfahrer G\u00fcnter B\u00fcgel, Landrat Dr. Fritz Brechtel sowie den Inhaber des gleichnamigen Busunternehmens, Tobias Fichtenkamm.<br><em>(Foto: Kreisverwaltung Germersheim)<\/em><\/figcaption><\/figure>\n\n\n\n<p>\u201eWer mit \u00f6ffentlichen Verkehrsmitteln zum Bahnhof nach W\u00f6rth gelangt, hat seit \u00d6ffnung des Landes-Impfzentrums S\u00fcdpfalz auch die M\u00f6glichkeit einen kostenlosen Bus-Shuttle zu nutzen. Im Halbstunden-Takt f\u00e4hrt ein gro\u00dfer Reisebus, bei dem die Abst\u00e4nde gewahrt werden k\u00f6nnen, zur Einrichtung ins W\u00f6rther Hafengebiet.\u201c Darauf machen die Landr\u00e4te Dr. Fritz Brechtel (Germersheim), Dietmar Seefeldt (S\u00fcdliche Weinstra\u00dfe) und Landaus Oberb\u00fcrgermeister Thomas Hirsch aufmerksam. Der Bus-Shuttle kann von Menschen genutzt werden, die einen Termin zur Corona-Schutzimpfung in W\u00f6rth vereinbart haben. Die Fahrt am Bahnhof W\u00f6rth beginnt jeweils zur vollen und halben Stunde, im Impfzentrum sind die Abfahrten jeweils auf die 15te und 45ste Minute terminiert.<\/p>\n\n\n\n<p>Damit ist von Beginn an w\u00e4hrend der \u00d6ffnungszeiten des Landes-Impfzentrums S\u00fcdpfalz auch die Anreise mit den \u00d6ffentlichen Verkehrsmitteln m\u00f6glich. Der Pendlerbus verkehrt so lange, wie im Impfzentrum tats\u00e4chlich Termine anberaumt sind, so dass stets die Hin- und R\u00fcckfahrt zwischen Bahnhof und Einrichtung gew\u00e4hrleistet wird.<\/p>\n\n\n\n<p><em>Text: Gemeinsame Pressemitteilung der Landkreise Germersheim und S\u00fcdliche Weinstra\u00dfe und der Stadt Landau in der Pfalz Foto: Kreisverwaltung Germersheim\/KV GER<br>14.01.2021<\/em><\/p>\n\n\n\n<h2 class=\"wp-block-heading\"><strong>Kreisverwaltung organisiert Transport von Menschen ohne Fahrm\u00f6glichkeit ins Landesimpfzentrum W\u00f6rth<\/strong><\/h2>\n\n\n\n<p>\u00c4ltere Menschen aus dem Landkreis S\u00dcW und der Stadt Landau, die bereits einen Termin beim Landesimpfzentrum S\u00fcdpfalz in W\u00f6rth haben und denen keine Fahrm\u00f6glichkeit zur Verf\u00fcgung steht, k\u00f6nnen sich seit Montag, 11. Januar 2021, bei der Kreisverwaltung melden. Eine Stelle vermittelt kostenlose und individuelle Transportm\u00f6glichkeiten im Rahmen des ehrenamtlichen Engagements. <\/p>\n\n\n\n<p>\u201eUm den Menschen ohne\nFahrm\u00f6glichkeit eine schnelle Hilfe zu bieten, haben wir kurzfristig eine\nKoordinierungsstelle eingerichtet. Die Koordinierungsstelle wird nach dem\nEingang einer Meldung Kontakt zu den vor Ort bestehenden ehrenamtlichen\nUnterst\u00fctzungsinitiativen aufnehmen und versuchen, eine individuelle L\u00f6sung\nherbeizuf\u00fchren. Ein Dank gilt schon jetzt allen Ehrenamtlichen, die sich hierf\u00fcr\nengagieren\u201c, so Landrat Dietmar Seefeldt und Oberb\u00fcrgermeister Thomas Hirsch. <\/p>\n\n\n\n<p>Im Rahmen einer Einzelfallpr\u00fcfung\nwird die Koordinierungsstelle pr\u00fcfen, ob ein aktuelles Hilfsangebot zur\nVerf\u00fcgung steht und ob darauf zur\u00fcckgegriffen werden kann. <\/p>\n\n\n\n<p>Die Voraussetzungen, um\neinen Transport in Anspruch nehmen zu k\u00f6nnen, sind:<\/p>\n\n\n\n<p>Ein Termin f\u00fcr die Impfung im Landesimpfzentrum W\u00f6rth ist bereits vorhanden und die Person hat keine eigenen Fahrm\u00f6glichkeiten. Des Weiteren ist die Person mobil; Kranken-, Rollstuhl- und Liegendtransporte sind leider nicht m\u00f6glich.  Hilfesuchende werden gebeten, sich bei Bedarf m\u00f6glichst zeitnah nach der erfolgten Terminvereinbarung mit der Koordinierungsstelle in Verbindung zu setzen. Diese ist von Montag bis Freitag von 9 bis 17 Uhr unter der Telefonnummer 06341 940 444 erreichbar.<\/p>\n\n\n\n<p><em>Gemeinsame Pressemitteilung der Kreisverwaltung S\u00fcdliche Weinstra\u00dfe und der Stadtverwaltung Landau<br>14.01.2021<\/em><\/p>\n\n\n\n<h2 class=\"wp-block-heading\"><strong>Impfstart\nim Landes-Impfzentrum S\u00fcdpfalz<\/strong><\/h2>\n\n\n\n<h3 class=\"wp-block-heading\"><strong>Etwa 230 Personen am ersten Tag geimpft \u2013 Alle Impfstra\u00dfen f\u00fcr S\u00dcW, GER und LD sind in Betrieb \u2013 Echtbetrieb macht auch Verbesserungsbedarf sichtbar &#8211; Weiterhin Schutz-Regeln einhalten<\/strong><\/h3>\n\n\n\n<figure class=\"wp-block-image\"><img decoding=\"async\" loading=\"lazy\" width=\"800\" height=\"535\" src=\"https:\/\/speyer24news.com\/wp-content\/uploads\/2021\/01\/210107_Erster-Impftag-Impfzentrum-038-bearbeitet.jpg\" alt=\"\" class=\"wp-image-32240\" srcset=\"https:\/\/speyer24news.com\/wp-content\/uploads\/2021\/01\/210107_Erster-Impftag-Impfzentrum-038-bearbeitet.jpg 800w, https:\/\/speyer24news.com\/wp-content\/uploads\/2021\/01\/210107_Erster-Impftag-Impfzentrum-038-bearbeitet-300x201.jpg 300w, https:\/\/speyer24news.com\/wp-content\/uploads\/2021\/01\/210107_Erster-Impftag-Impfzentrum-038-bearbeitet-768x514.jpg 768w\" sizes=\"(max-width: 800px) 100vw, 800px\" \/><figcaption>v.l.:  Landrat Dietmar Seefeldt, Landrat Dr. Fritz Brechtel, Oberb\u00fcrgermeister Thomas Hirsch und der Parlamentarische Staatssekret\u00e4r beim Bundesminister f\u00fcr Gesundheit, Dr. Thomas Gebhart, in einem kurzen Gespr\u00e4ch mit einem Mitarbeiter einer Pflegeeinrichtung, der zu den ersten Geimpften geh\u00f6rt.<br><em>(Foto: Kreisverwaltung Germersheim\/KV GER)<\/em><\/figcaption><\/figure>\n\n\n\n<p>Das Impfen im Landes-Impfzentrum\nS\u00fcdpfalz in W\u00f6rth hat begonnen. Bereits am ersten Tag, am Donnerstag, 7. Januar\n2021, werden bis zum Abend rund 230 Personen geimpft sein, ca. 105 aus S\u00dcW, ca.\n75 aus GER und ca. 50 aus LD. \u201eDer Impfstart auch bei uns in der S\u00fcdpfalz ist\nein Meilenstein in der Bek\u00e4mpfung der Corona-Pandemie\u201c, so die Landr\u00e4te Dr.\nFritz Brechtel (GER) und Dietmar Seefeldt (S\u00dcW) sowie Oberb\u00fcrgermeister Thomas\nHirsch (LD). F\u00fcr 8.30&nbsp;Uhr war der erste Impftermin im Impfzentrum\nvergeben. Alle drei Impfstra\u00dfen f\u00fcr S\u00dcW, GER und LD waren in Betrieb und mit je\nvier Verwaltungsangestellten und zwei \u00c4rzten plus medizinischem Personal\nbesetzt. Ein Apotheker bereitet die Impfdosen vor. Von Anmeldung, \u00fcber\nAufkl\u00e4rungsgespr\u00e4ch, Impfung, bis hin zum Ausgang f\u00fchrt ein Farbleitsystems\ndurch das Impfzentrum. Alles ist barrierefrei, bei Bedarf stehen \u2013gerade f\u00fcr\n\u00e4ltere und geheingeschr\u00e4nkte Menschen \u2013 Rollst\u00fchle bereit, auch gibt es\nbehindertengerechte Toiletten. Das Durchkommen mit Rollstuhl oder Rollator ist\nproblemlos m\u00f6glich. Das hat sich im Echtbetrieb best\u00e4tigt.<\/p>\n\n\n\n<p>Die erste Person, die im Impfzentrum\ndie Corona-Schutzimpfung erhalten hat, war ein 83-j\u00e4hriger Mann aus Edenkoben.\nEr wie auch die folgenden Personen waren positiv gestimmt und mit der\nOrganisation vor Ort insgesamt zufrieden. Anlaufschwierigkeiten nahmen alle\ngelassen und mit viel Verst\u00e4ndnis auf; die Routine spielte sich dann im Laufe\ndes Tages ein. \u201eAuch in diesen Momenten zeigte sich das gute Miteinander der\nS\u00fcdpf\u00e4lzer: Jeder war f\u00fcr jeden da, Personal und Impfwillige entgegneten\neinander mit viel Empathie\u201c, beobachteten Hirsch, Seefeldt und Brechtel beim\nImpfstart.<\/p>\n\n\n\n<p>Der erste Tag zeigte auch, wo nach nachgesteuert werden musste. So wurde noch eine Mikrofonanlage f\u00fcr den Bereich \u201eAufkl\u00e4rungsgespr\u00e4ch\u201c besorgt, da einige die Informationen der \u00c4rzte ansonsten nur schwer verstehen konnten. An manchen Stellen werden die Markierungen des Farbleitsystems optimiert. Besonders wird auch im Au\u00dfenbereich nachgearbeitet. Viele zu Impfende kamen so fr\u00fchzeitig, dass die vorhandene \u00dcberdachung im Au\u00dfen-Wartebereich nicht ausreichte. Hier werden weitere Zelte mit Sitzgelegenheit und Heizstrahler und auch Toiletten aufgestellt. \u201eTrotzdem ist der Ablauf insgesamt toll arrangiert\u201c, sagte ein frisch Geimpfter nach seinem Durchlauf im Impfzentrum.<\/p>\n\n\n\n<figure class=\"wp-block-image\"><img decoding=\"async\" loading=\"lazy\" width=\"800\" height=\"594\" src=\"https:\/\/speyer24news.com\/wp-content\/uploads\/2021\/01\/210107_Erster-Impftag-Impfzentrum-150-bearbeitet.jpg\" alt=\"\" class=\"wp-image-32241\" srcset=\"https:\/\/speyer24news.com\/wp-content\/uploads\/2021\/01\/210107_Erster-Impftag-Impfzentrum-150-bearbeitet.jpg 800w, https:\/\/speyer24news.com\/wp-content\/uploads\/2021\/01\/210107_Erster-Impftag-Impfzentrum-150-bearbeitet-300x223.jpg 300w, https:\/\/speyer24news.com\/wp-content\/uploads\/2021\/01\/210107_Erster-Impftag-Impfzentrum-150-bearbeitet-768x570.jpg 768w, https:\/\/speyer24news.com\/wp-content\/uploads\/2021\/01\/210107_Erster-Impftag-Impfzentrum-150-bearbeitet-80x60.jpg 80w\" sizes=\"(max-width: 800px) 100vw, 800px\" \/><\/figure>\n\n\n\n<p>\u201eDass\nder Impfstart insgesamt gut ablief, ist der guten Vorbereitung des Personals\nund dem Einsatz von \u00c4rzten und medizinischem Personal zu verdanken. Aber auch\nunsere Ehrenamtlichen tragen einen erheblichen Teil dazu bei. Wir sind froh und\ndankbar, dass der Gemeinsinn in der S\u00fcdpfalz eine so tragende S\u00e4ule ist\u201c,\nsagten Oberb\u00fcrgermeister Thomas Hirsch, Landrat Dr. Fritz Brechtel und Landrat\nDietmar Seefeldt.<\/p>\n\n\n\n<p>Wenn\ndie Corona-Schutzimpfung auch optimistisch stimmt, erinnern die Verwaltungschef\nausdr\u00fccklich daran, dass das Virus und die Pandemie damit noch l\u00e4ngst nicht\nbek\u00e4mpft sind: \u201eBitte denken Sie alle weiter an die notwendigen\nSchutzma\u00dfnahmen, bitte halten Sie sich weiter an die AHA-Formel &#8211; Abstandhalten,\nH\u00e4ndewaschen, Alltagsmaske \u2013 und helfen Sie so entscheidend mit, die\nAusbreitung des Virus einzud\u00e4mmen. Wir m\u00fcssen alle weiterhin zu unserem und zum\nSchutz unserer N\u00e4chsten achtsam sein.\u201c<\/p>\n\n\n\n<p>Die Impfstrategie sieht vor, dass sich im ersten Schritt Menschen \u00fcber 80 Jahren und Mitarbeitende von Pflegeeinrichtungen, mobilen Pflegediensten und medizinisches Personal impfen lassen k\u00f6nnen. Termine vergibt zentral das Land telefonisch \u00fcber die Termin-Hotline: 0800\/5758100 oder \u00fcbers Internet <a href=\"http:\/\/www.impftermin.rlp.de\">www.impftermin.rlp.de<\/a>. Die Mitarbeiterinnen und Mitarbeiter des Impfzentrums k\u00f6nnen auf die Terminvergabe keinen Einfluss nehmen.<\/p>\n\n\n\n<p><em>Text: Gemeinsame Pressemitteilung der Landkreise Germersheim und S\u00fcdliche Weinstra\u00dfe und der Stadt Landau in der Pfalz Foto: Kreisverwaltung Germersheim\/KV GER<br>14.01.2021<\/em><\/p>\n\n\n\n<h2 class=\"wp-block-heading\">\u201eBedeutendes Zeichen der Hoffnung\u201c im Kampf gegen Corona: Startschuss f\u00fcr Schutzimpfungen in Landauer Einrichtungen f\u00fcr Seniorinnen und Senioren sowie Pflegebed\u00fcrftige gefallen<\/h2>\n\n\n\n<div class=\"wp-block-image\"><figure class=\"aligncenter\"><img decoding=\"async\" loading=\"lazy\" width=\"800\" height=\"533\" src=\"https:\/\/speyer24news.com\/wp-content\/uploads\/2021\/01\/07-01-2021-Info-Impfstart.jpg\" alt=\"\" class=\"wp-image-32256\" srcset=\"https:\/\/speyer24news.com\/wp-content\/uploads\/2021\/01\/07-01-2021-Info-Impfstart.jpg 800w, https:\/\/speyer24news.com\/wp-content\/uploads\/2021\/01\/07-01-2021-Info-Impfstart-300x200.jpg 300w, https:\/\/speyer24news.com\/wp-content\/uploads\/2021\/01\/07-01-2021-Info-Impfstart-768x512.jpg 768w\" sizes=\"(max-width: 800px) 100vw, 800px\" \/><figcaption>In Landau fiel heute der Startschuss f\u00fcr die Impfungen in den Einrichtungen f\u00fcr Seniorinnen und Senioren sowie Pflegebed\u00fcrftige.<br><em>(Quelle: Stadt Landau)<\/em> <\/figcaption><\/figure><\/div>\n\n\n\n<p>Sie sind die Ersten: Rund 150\nBewohnerinnen und Bewohner sowie Mitarbeiterinnen und Mitarbeiter des\nKatholischen Altenzentrums in Landau wurden am heutigen Donnerstag, 7. Januar,\nvon einem mobilen Impfteam gegen das Corona-Virus geimpft. Damit fiel in Landau\nder Startschuss f\u00fcr die Impfungen in den Einrichtungen f\u00fcr Seniorinnen und Senioren\nsowie Pflegebed\u00fcrftige am selben Tag wie im gemeinsamen, s\u00fcdpf\u00e4lzischen\nImpfzentrum in W\u00f6rth. Im Altenzentrum wurde f\u00fcr die erste von insgesamt zwei\nnotwendigen Schutzimpfungen eine eigene \u201eImpfstra\u00dfe\u201c eingerichtet \u2013 mit den\nStationen Aufkl\u00e4rung, Impfung und Nachversorgung. <\/p>\n\n\n\n<p>Oberb\u00fcrgermeister Thomas\nHirsch dankt allen Beteiligten: Dem DRK Landau und dem Landesverband des DRK,\nder DLRG Landau, den \u00c4rztinnen und \u00c4rzten, den Apothekerinnen und Apothekern\nsowie den Teams der Einrichtungen, stellvertretend den Mitarbeiterinnen und\nMitarbeitern des Katholischen Altenzentrums um Leiterin Ursula Seelinger. <\/p>\n\n\n\n<p>\u201eGerade im Hinblick auf die\njetzt beschlossene Versch\u00e4rfung und Verl\u00e4ngerung des bundesweiten Lockdowns ist\nder Impfbeginn auch bei uns vor Ort ein bedeutendes Zeichen der Hoffnung auf\neine Besserung in der Corona-Lage\u201c, fasst der OB zusammen. Er betont: \u201eDie\nmobilen Impfteams sind eine wichtige Erg\u00e4nzung zum gro\u00dfen, s\u00fcdpfalzweiten\nImpfzentrum in W\u00f6rth, f\u00fcr das wir aktuell M\u00f6glichkeiten pr\u00fcfen, um f\u00fcr\nmobilit\u00e4tseingeschr\u00e4nkte Personen individuelle Transporte zu organisieren.\u201c\nZudem ruhe die Hoffnung auf einer baldigen Impfung durch die Haus\u00e4rztinnen und\nHaus\u00e4rzte, die besonders kurze Wege f\u00fcr die Impfwilligen garantiere, so Landaus\nOB. <\/p>\n\n\n\n<p>Weiterf\u00fchrende\nInformationen: <\/p>\n\n\n\n<p>Das Impfen in den Landauer Einrichtungen\nf\u00fcr Seniorinnen und Senioren sowie Pflegebed\u00fcrftige wird von den Einrichtungen\nselbst organisiert. Wer zu der gem\u00e4\u00df Corona-Impfverordnung des Bundes\npriorisierten Gruppe, insbesondere den \u00fcber 80-J\u00e4hrigen, geh\u00f6rt, kann zudem\neinen Termin im Impfzentrum in W\u00f6rth vereinbaren. Das geht f\u00fcr Rheinland-Pfalz\nzentral unter der Telefonnummer 0800\/57 58 100 bzw. \u00fcber die Internetseite <a href=\"http:\/\/www.impftermin.rlp.de\">www.impftermin.rlp.de<\/a>. Weitere, fortw\u00e4hrend aktualisierte Informationen finden\nsich auf <a href=\"http:\/\/www.landau.de\">www.landau.de<\/a> sowie <a href=\"http:\/\/www.corona.rlp.de\">www.corona.rlp.de<\/a>. <\/p>\n\n\n\n<p><em>Stadt Landau in der Pfalz<br>14.01.2021<\/em><\/p>\n\n\n\n<figure class=\"wp-block-image\"><img decoding=\"async\" loading=\"lazy\" width=\"800\" height=\"346\" src=\"https:\/\/speyer24news.com\/wp-content\/uploads\/2021\/01\/Trennlinie-Spacig-1.jpg\" alt=\"\" class=\"wp-image-32257\" srcset=\"https:\/\/speyer24news.com\/wp-content\/uploads\/2021\/01\/Trennlinie-Spacig-1.jpg 800w, https:\/\/speyer24news.com\/wp-content\/uploads\/2021\/01\/Trennlinie-Spacig-1-300x130.jpg 300w, https:\/\/speyer24news.com\/wp-content\/uploads\/2021\/01\/Trennlinie-Spacig-1-768x332.jpg 768w\" sizes=\"(max-width: 800px) 100vw, 800px\" \/><\/figure>\n\n\n\n<h2 class=\"wp-block-heading\">Stadtdorfentwicklung: Stadt Landau weist Sanierungsgebiet im Ortskern von Arzheim aus<\/h2>\n\n\n\n<div class=\"wp-block-image\"><figure class=\"aligncenter\"><img decoding=\"async\" loading=\"lazy\" width=\"800\" height=\"533\" src=\"https:\/\/speyer24news.com\/wp-content\/uploads\/2021\/01\/13-01-2021-Info-Sanierungsgebiet-Arzheim.jpg\" alt=\"\" class=\"wp-image-32266\" srcset=\"https:\/\/speyer24news.com\/wp-content\/uploads\/2021\/01\/13-01-2021-Info-Sanierungsgebiet-Arzheim.jpg 800w, https:\/\/speyer24news.com\/wp-content\/uploads\/2021\/01\/13-01-2021-Info-Sanierungsgebiet-Arzheim-300x200.jpg 300w, https:\/\/speyer24news.com\/wp-content\/uploads\/2021\/01\/13-01-2021-Info-Sanierungsgebiet-Arzheim-768x512.jpg 768w\" sizes=\"(max-width: 800px) 100vw, 800px\" \/><figcaption>Stadtdorfentwicklung: Das neue Sanierungsgebiet im Ortskern von Arzheim liegt unter anderem entlang der sanierten Hauptstra\u00dfe.<br><em>(Quelle: Stadt Landau)<\/em> <\/figcaption><\/figure><\/div>\n\n\n\n<p>Es tut sich was in Arzheim:\nNach der abschnittsweisen Sanierung der Arzheimer Hauptstra\u00dfe und der\nRohrgasse, an der die Stadt Landau und die beauftragten Bauunternehmen seit\nM\u00e4rz 2019 arbeiten, und dem anstehenden Ausbau der Prinz-Eugen-Stra\u00dfe d\u00fcrfen\nnun auch die Arzheimerinnen und Arzheimer selbst Hand anlegen: Mit der\nAusweisung eines Sanierungsgebiets im Ortskern des Landauer Stadtdorfs will die\nVerwaltung das Bauen und Sanieren f\u00fcr Eigent\u00fcmerinnen und Eigent\u00fcmer\nattraktiver machen und Anreize f\u00fcr Investitionen schaffen. Gemeinsam soll der\nArzheimer Ortskern so weiter aufgewertet, ansprechend gestaltet und auch in\nSachen Klimaschutz und Klimaanpassung fit f\u00fcr die Zukunft gemacht werden.<\/p>\n\n\n\n<p>Vorteil f\u00fcr die\nEigent\u00fcmerinnen und Eigent\u00fcmer: Modernisierungs- und Instandsetzungsarbeiten am\nund im Geb\u00e4ude k\u00f6nnen \u00fcber mehrere Jahre erh\u00f6ht steuerlich abgeschrieben\nwerden. Dabei k\u00f6nnen nicht nur Material- und Handwerkerkosten, sondern auch\nEigenleistungen ber\u00fccksichtigt werden. <\/p>\n\n\n\n<p>Um sanierungs- und\nf\u00f6rderrechtliche Fragen zu kl\u00e4ren, k\u00f6nnen kostenfreie individuelle\nBeratungstermine vereinbart werden: Entweder beim von der Stadt beauftragten\nPlanungsb\u00fcro Hubert L. Deubert aus Quirnheim unter der Telefonnummer 0 63 59\/80\n16 80 oder direkt bei der Stadtplanungsabteilung des Bauamts unter der\nTelefonnummer 0 63 41\/ 13 61 18 bzw. per E-Mail an <a href=\"mailto:florian.denzer@landau.de\">florian.denzer@landau.de<\/a>. <\/p>\n\n\n\n<p>Weitere Informationen zum Sanierungsgebiet in Arzheim erhalten die Eigent\u00fcmerinnen und Eigent\u00fcmer in K\u00fcrze \u00fcber einen Infoflyer, der an die Haushalte im Ortskern verteilt wird, und auf der st\u00e4dtischen Internetseite unter <a href=\"http:\/\/www.landau.de\/sanierungsgebiet-arzheim\">www.landau.de\/sanierungsgebiet-arzheim<\/a>.<\/p>\n\n\n\n<p><em>Stadt Landau in der Pfalz<br>14.01.2021<\/em><\/p>\n\n\n\n<h2 class=\"wp-block-heading\">Vielen Dank f\u00fcr die Blumen: Landauer R\u00fcdiger Frank f\u00fcr Engagement im Kleingartenwesen mit Landesverdienstorden ausgezeichnet<\/h2>\n\n\n\n<div class=\"wp-block-image\"><figure class=\"aligncenter\"><img decoding=\"async\" loading=\"lazy\" width=\"800\" height=\"533\" src=\"https:\/\/speyer24news.com\/wp-content\/uploads\/2021\/01\/13-01-2021-Info-R\u00fcdiger-Frank.jpg\" alt=\"\" class=\"wp-image-32265\" srcset=\"https:\/\/speyer24news.com\/wp-content\/uploads\/2021\/01\/13-01-2021-Info-R\u00fcdiger-Frank.jpg 800w, https:\/\/speyer24news.com\/wp-content\/uploads\/2021\/01\/13-01-2021-Info-R\u00fcdiger-Frank-300x200.jpg 300w, https:\/\/speyer24news.com\/wp-content\/uploads\/2021\/01\/13-01-2021-Info-R\u00fcdiger-Frank-768x512.jpg 768w\" sizes=\"(max-width: 800px) 100vw, 800px\" \/><figcaption>Bereits 2018 wurde R\u00fcdiger Frank anl\u00e4sslich des Sieg beim bundesweiten Wettbewerb \u201eG\u00e4rten im St\u00e4dtebau\u201c bei einem Empfang im Rathaus von OB Hirsch geehrt.<br><em>(Quelle: Stadt Landau)<\/em> <\/figcaption><\/figure><\/div>\n\n\n\n<p>F\u00fcr ihr herausragendes\nEngagement wurden jetzt sechs Frauen und M\u00e4nner mit\ndem Verdienstorden des Landes Rheinland-Pfalz ausgezeichnet \u2013 darunter auch der Landauer\nR\u00fcdiger Frank, der sich seit Jahrzehnten zuerst im Kleingartenverein Horstring\nund sp\u00e4ter in der Kleingartenanlage \u201eAm Ebenberg\u201c engagiert. Seit 2006 ist er Vorsitzender\ndes Landesverbands der Kleing\u00e4rtner Rheinland-Pfalz. Auch Landaus Oberb\u00fcrgermeister\nThomas Hirsch dankt Frank f\u00fcr seinen Einsatz und gratuliert zur Ehrung mit der\nh\u00f6chsten Auszeichnung des Landes Rheinland-Pfalz.<\/p>\n\n\n\n<p>Neben der Leitung des Landesverbands\nder Kleing\u00e4rtner Rheinland-Pfalz ist R\u00fcdiger Frank verantwortlich f\u00fcr\nSchulungen und Fortbildungen, fungiert als Ansprechpartner f\u00fcr Vereine und\nStadtverb\u00e4nde in Sachen Kleingartenrecht sowie Vereinsrecht und kl\u00e4rt Fragen\nzum \u00f6kologischen G\u00e4rtnern. Au\u00dferdem ist er Mitorganisator des Landeswettbewerbs\n\u201eGarten im St\u00e4dtebau\u201c. Der letzte pr\u00e4mierte Kleingarten auf Landesebene, der\nauch gleichzeitig auf Bundesebene mit \u201eGold\u201c ausgezeichnet wurde, ist die\nKleingartenanlage \u201eAm Ebenberg\u201c in Landau. Sie wurde 2015 bei der\nLandesgartenschau in Landau auf R\u00fcdiger Franks Initiative und Mitwirken hin\nerrichtet. Auf den Parzellen verwirklichen Menschen aus 17 Nationen ihre Ideen\nvom Garten.<\/p>\n\n\n\n<p>OB Hirsch freut sich \u00fcber die\nAuszeichnung des Landauers: \u201eOhne R\u00fcdiger Franks Engagement w\u00e4re das\nKleingartenwesen in Landau nie so aufgebl\u00fcht und w\u00fcrde solch tolle Fr\u00fcchte\ntragen, wie wir sie vor einigen Jahren bei der Landesgartenschau feiern durften\nund von denen wir noch heute zehren.\u201c\n\nDer\nLandesverdienstorden ist die h\u00f6chste Auszeichnung des Landes. Um dieses Zeichen\nder Anerkennung w\u00fcrdig hervorzuheben, ist die Zahl auf 800 Ordenstr\u00e4gerinnen\nund Ordenstr\u00e4ger begrenzt.\n\n\n\n<\/p>\n\n\n\n<p><em>Stadt Landau in der Pfalz<br>14.01.2021<\/em><\/p>\n\n\n\n<h2 class=\"wp-block-heading\">Herzlichen Gl\u00fcckwunsch: Landauer Manfred Cronauer feiert 80. Geburtstag \u2013 OB Hirsch und Sportdezernent Dr. Ingenthron gratulieren Urgestein der Eis- und Rollsportabteilung im ASV<\/h2>\n\n\n\n<div class=\"wp-block-image\"><figure class=\"aligncenter\"><img decoding=\"async\" loading=\"lazy\" width=\"800\" height=\"533\" src=\"https:\/\/speyer24news.com\/wp-content\/uploads\/2021\/01\/12-01-2021-Info-Manfred-Cronauer.jpg\" alt=\"\" class=\"wp-image-32264\" srcset=\"https:\/\/speyer24news.com\/wp-content\/uploads\/2021\/01\/12-01-2021-Info-Manfred-Cronauer.jpg 800w, https:\/\/speyer24news.com\/wp-content\/uploads\/2021\/01\/12-01-2021-Info-Manfred-Cronauer-300x200.jpg 300w, https:\/\/speyer24news.com\/wp-content\/uploads\/2021\/01\/12-01-2021-Info-Manfred-Cronauer-768x512.jpg 768w\" sizes=\"(max-width: 800px) 100vw, 800px\" \/><figcaption>Ein Leben f\u00fcr den Rollsport: Sportdezernent Dr. Ingenthron (links) gratuliert Manfred Cronauer im Beisein seiner Frau Gudrun zum 80. Geburtstag.<br><em>(Quelle: Stadt Landau)<\/em> <\/figcaption><\/figure><\/div>\n\n\n\n<p>Er ist Kopf, Herz und Seele\nder Eis- und Rollsportabteilung im ASV Landau und seit 1978, also seit 43\nJahren, amtiert er als deren Vorsitzender: Die Rede ist vom Landauer Manfred\nCronauer, der jetzt seinen 80. Geburtstag feiern durfte. Sportdezernent Dr.\nMaximilian Ingenthron lie\u00df es sich nicht nehmen, dem Tr\u00e4ger der Ehrennadel der\nStadt Landau pers\u00f6nlich zu gratulieren. Auch Oberb\u00fcrgermeister Thomas Hirsch\nhatte \u2013 in alter Verbundenheit mit seinem ehemaligen Fullballtrainer \u2013 schriftlich\ngratuliert und Cronauers Verdienste gew\u00fcrdigt.<\/p>\n\n\n\n<p>\u201eEin Leben f\u00fcr den Sport und\nmehr als ein halbes Leben in Verantwortung f\u00fcr die Eis- und Rollsportabteilung:\nDas ist ein ganz fantastisches Engagement\u201c, so Dr. Ingenthron. \u201eVon Herzen\nw\u00fcnsche ich Ihnen alles Gute, Gesundheit, Lebensfreude und noch viele, viele\nJahre inmitten ihrer Eis- und Rollsportabteilung!\u201c\n\nSeit\nseiner Gr\u00fcndung im Jahre 1936 ist der Eis- und Rollsportverein im ASV Landau das\nZentrum des Rollkunstlaufens in der Region. War zun\u00e4chst auch noch das\nEiskunstlaufen integriert, steht l\u00e4ngst das Rollkunstlaufen im Mittelpunkt. Mit\nrund 90 Mitgliedern ist der Eis- und Rollsportverein zwar einer der kleinen\nVereine innerhalb des ASV, aber auch einer der besonders erfolgreichen. Auf der\nim Jahr 2008 sanierten Rollschuhbahn finden regelm\u00e4\u00dfig die\nrheinland-pf\u00e4lzischen Landesmeisterschaften im Rollkunstlaufen statt. Jedes\nJahr ist der Verein Ausrichter des rheinland-pf\u00e4lzischen\nJugendbestenwettbewerbs. Dar\u00fcber hinaus wird der vom Ehepaar Cronauer\ngestiftete Manfred-und Gudrun-Cronauer-Pokal f\u00fcr die Junioren ausgetragen.\n\n\n\n<\/p>\n\n\n\n<p><em>Stadt Landau in der Pfalz<br>14.01.2021<\/em><\/p>\n\n\n\n<h2 class=\"wp-block-heading\">Bezirksschornsteinfeger-Wechsel im Kehrbezirk Landau-Stadt II: Sven Leidner \u00fcbernimmt von Werner Stein<\/h2>\n\n\n\n<div class=\"wp-block-image\"><figure class=\"aligncenter\"><img decoding=\"async\" loading=\"lazy\" width=\"800\" height=\"533\" src=\"https:\/\/speyer24news.com\/wp-content\/uploads\/2021\/01\/12-01-2021-Info-Schornsteinfeger.jpg\" alt=\"\" class=\"wp-image-32263\" srcset=\"https:\/\/speyer24news.com\/wp-content\/uploads\/2021\/01\/12-01-2021-Info-Schornsteinfeger.jpg 800w, https:\/\/speyer24news.com\/wp-content\/uploads\/2021\/01\/12-01-2021-Info-Schornsteinfeger-300x200.jpg 300w, https:\/\/speyer24news.com\/wp-content\/uploads\/2021\/01\/12-01-2021-Info-Schornsteinfeger-768x512.jpg 768w\" sizes=\"(max-width: 800px) 100vw, 800px\" \/><figcaption>Beigeordneter Lukas Hartmann (Mitte) und der Leiter des st\u00e4dtischen Umweltamts Matthias Doll (rechts) hei\u00dfen Sven Leidner als neuen Bezirksschornsteinfeger f\u00fcr den Kehrbezirk Landau-Stadt II willkommen.<br><em>(Quelle: Stadt Landau)<\/em> <\/figcaption><\/figure><\/div>\n\n\n\n<p>Neuer Schornsteinfeger, neues Gl\u00fcck: Seit dem\n1. Januar 2021 ist f\u00fcr den Kehrbezirk Landau-Stadt II (Dammheim,\nHorstringgebiet und Teile der n\u00f6rdlichen Innenstadt) Schornsteinfegermeister\nSven Leidner zust\u00e4ndig. Sein Vorg\u00e4nger, Werner Stein, wurde zum 31. Dezember\n2020 in den Ruhestand versetzt. Landaus Beigeordneter Lukas Hartmann \u00fcberreichte\n\u201edem Neuen\u201c jetzt offiziell seinen Dienstausweis und hie\u00df ihn im Kreise der\nLandauer Bezirksschornsteinfeger willkommen.<\/p>\n\n\n\n<p>\u201eWir freuen uns sehr, mit Sven Leidner einen\nkompetenten Nachfolger f\u00fcr Werner Stein gefunden zu haben und w\u00fcnschen ihm viel\nErfolg bei seiner neuen Aufgabe in unserer Stadt\u201c, so Umweltdezernent Hartmann.\n\u201eDer bisherige Amtsinhaber, Werner Stein, hat seinen Kehrbezirk 20 Jahre lang\nwunderbar betreut \u2013 am 1. Januar 2001 hatte er dieses Amt \u00fcbernommen. Daf\u00fcr\ndanke ich ihm im Namen der Stadt ganz herzlich und w\u00fcnsche ihm f\u00fcr den\nRuhestand alles Gute.\u201c <\/p>\n\n\n\n<p>Im Landauer Stadtgebiet sind acht Bezirksschornsteinfegermeister\nt\u00e4tig. Neben traditionellen Kehrarbeiten geh\u00f6ren auch Energieberatungen bei\nUmbauten und Sanierungen, das \u00dcberpr\u00fcfen von Heizungen und Abgasanlagen,\nFeuerst\u00e4ttenschauen und weitere Abnahmet\u00e4tigkeiten zu ihren Aufgaben.\n\nN\u00e4here Informationen zu den\neinzelnen Kehrbezirken in der Stadt Landau und den Ortsteilen k\u00f6nnen im\nKehrverzeichnis unter <a href=\"www.landau.de\/formulare\/umweltamt\">www.landau.de\/formulare\/umweltamt<\/a> eingesehen werden.\n\n\n\n<\/p>\n\n\n\n<p><em>Stadt Landau in der Pfalz<br>14.01.2021<\/em><\/p>\n\n\n\n<h2 class=\"wp-block-heading\">Nach virtueller Preisverleihung: Deutscher Nachhaltigkeitspreis f\u00fcr Landau und Ruhango in der S\u00fcdpfalzmetropole angekommen \u2013 OB Hirsch: \u201eWerden weiter gemeinsam an erfolgreicher Zukunft arbeiten\u201c<\/h2>\n\n\n\n<figure class=\"wp-block-image\"><img decoding=\"async\" loading=\"lazy\" width=\"800\" height=\"533\" src=\"https:\/\/speyer24news.com\/wp-content\/uploads\/2021\/01\/12-01-2021-Info-Nachhaltigkeitspreis.jpg\" alt=\"\" class=\"wp-image-32262\" srcset=\"https:\/\/speyer24news.com\/wp-content\/uploads\/2021\/01\/12-01-2021-Info-Nachhaltigkeitspreis.jpg 800w, https:\/\/speyer24news.com\/wp-content\/uploads\/2021\/01\/12-01-2021-Info-Nachhaltigkeitspreis-300x200.jpg 300w, https:\/\/speyer24news.com\/wp-content\/uploads\/2021\/01\/12-01-2021-Info-Nachhaltigkeitspreis-768x512.jpg 768w\" sizes=\"(max-width: 800px) 100vw, 800px\" \/><figcaption>Der zun\u00e4chst online verliehene Nachhaltigkeitspreis ist jetzt in Form einer Preiskugel im Landauer Rathaus angekommen, wo er k\u00fcnftig einen Ehrenplatz erhalten wird.<br><em>(Quelle: Stadt Landau)<\/em> <\/figcaption><\/figure>\n\n\n\n<p>Da ist das Ding! Im Dezember\nwar die Freude in Landau und Ruhango gro\u00df, denn f\u00fcr ihre langj\u00e4hrige\nPartnerschaft wurden die beiden Kommunen mit dem Deutschen Nachhaltigkeitspreis\n2021 in der Kategorie \u201eKommunale Partnerschaften\u201c ausgezeichnet. Der zun\u00e4chst\nonline verliehene Preis ist jetzt in Form einer Preiskugel im Landauer Rathaus\nangekommen, wo er k\u00fcnftig einen Ehrenplatz erhalten wird. Eine Preiskugel ist\nauch nach Ruanda unterwegs. Den Sieg m\u00f6chte Landaus Oberb\u00fcrgermeister Thomas\nHirsch \u2013 sobald es die Infektionslage zul\u00e4sst \u2013 bei einem Empfang zu Ehren der\nan der Partnerschaft beteiligten Akteurinnen und Akteure feiern. Noch im Laufe\ndes Monats soll au\u00dferdem in einer Videokonferenz entschieden werden, in welche\nProjekte das Preisgeld von insgesamt 60.000 Euro flie\u00dfen wird.<\/p>\n\n\n\n<p>\u201eDass Europas gr\u00f6\u00dfte\nAuszeichnung f\u00fcr \u00f6kologisches und soziales Engagement nach Landau und Ruhango geht,\nist f\u00fcr uns eine ganz besondere Ehre\u201c, so OB Hirsch. In der Laudatio als \u201eMusterbeispiel f\u00fcr gelingende\nV\u00f6lkerverst\u00e4ndigung auf Augenh\u00f6he\u201c beschrieben, sei die Freundschaft zwischen\nLandau und Ruhango tats\u00e4chlich eine aktive Partnerschaft und nicht etwa eine\nPatenschaft, betont Hirsch. \u201eDie Ankunft des\nPreises im Rathaus ist dabei noch lange nicht das Ende. Vielmehr werden wir in\nLandau und Ruhango weiterhin zusammen daran arbeiten, dass wir gemeinsam\nerfolgreich in die Zukunft gehen.\u201c <\/p>\n\n\n\n<p>B\u00fcrgermeister Dr. Maximilian\nIngenthron, im Stadtvorstand f\u00fcr die kommunalen Partnerschaften zust\u00e4ndig und\nzugleich stellvertretender Vorsitzender des Freundeskreises Ruhango-Kigoma,\nerg\u00e4nzt: \u201eWir freuen uns, dass die Jury mit der Auszeichnung auch das\nEngagement von zahlreichen Menschen in beiden L\u00e4ndern, die die Partnerschaft\nseit mehr als 30 Jahren mit Leben f\u00fcllen, w\u00fcrdigt. Diese Verleihung ist absolut\nverdient, sie passt in diese Zeit, sie geh\u00f6rt an diesen Ort, sie honoriert die\nRichtigen. Die Partnerschaft ist ein Leuchtturm f\u00fcr die kommunale\nEntwicklungszusammenarbeit insgesamt \u2013 eine Graswurzelpartnerschaft von\nau\u00dferordentlicher Best\u00e4ndigkeit, von enormer Wirkungskraft und voller\ntatkr\u00e4ftig gelebter menschlicher Solidarit\u00e4t.\u201c<\/p>\n\n\n\n<p>Alleine im Ruhangomarkt, dem\nHerzst\u00fcck der Partnerschaft f\u00fcr Ruanda in Landau, konnten seit 1997 inklusive\nSpenden weit \u00fcber 2.396.000 Euro erwirtschaftet werden.<\/p>\n\n\n\n<p>Der Dank von OB Hirsch und\nB\u00fcrgermeister Dr. Ingenthron gilt besonders den Freundinnen und Freunden im\nruandischen Partnerbezirk, dem Freundeskreis Ruhango-Kigoma, der die\nPartnerschaft auf Landauer Seite mit Unterst\u00fctzung der Stadtverwaltung tr\u00e4gt,\ndem st\u00e4dtischen Entsorgungs- und Wirtschaftsbetrieb (EWL), der mit\nProjektpartnern in Ruanda in den Bereichen Klimaschutz, bezahlbare und saubere\nEnergie sowie Infrastruktur kooperiert, sowie den beteiligten Unternehmen,\nVereinen und Schulen.<\/p>\n\n\n\n<p><em>Stadt Landau in der Pfalz<br>14.01.2021<\/em><\/p>\n\n\n\n<h2 class=\"wp-block-heading\">Wegen Corona-Lockdown: Kulturstadt Landau sagt Spielplan-Veranstaltungen im Januar ab \u2013 Ticketgeb\u00fchr wird erstattet<\/h2>\n\n\n\n<div class=\"wp-block-image\"><figure class=\"aligncenter\"><img decoding=\"async\" loading=\"lazy\" width=\"800\" height=\"533\" src=\"https:\/\/speyer24news.com\/wp-content\/uploads\/2021\/01\/11-01-2021-Info-Kultur.jpg\" alt=\"\" class=\"wp-image-32260\" srcset=\"https:\/\/speyer24news.com\/wp-content\/uploads\/2021\/01\/11-01-2021-Info-Kultur.jpg 800w, https:\/\/speyer24news.com\/wp-content\/uploads\/2021\/01\/11-01-2021-Info-Kultur-300x200.jpg 300w, https:\/\/speyer24news.com\/wp-content\/uploads\/2021\/01\/11-01-2021-Info-Kultur-768x512.jpg 768w\" sizes=\"(max-width: 800px) 100vw, 800px\" \/><figcaption>Aufgrund des Corona-Lockdowns hat die Kulturstadt Landau zwei weitere Veranstaltungen ihres Spielplans 2020\/2021 absagen m\u00fcssen.<br><em>(Quelle: Stadt Landau) <\/em> <\/figcaption><\/figure><\/div>\n\n\n\n<p>Aufgrund der Verl\u00e4ngerung des Lockdowns bis mindestens 31. Januar m\u00fcssen das Schauspiel \u201eAch diese L\u00fccke, diese entsetzliche L\u00fccke\u201c am Mittwoch, 13. Januar, und das Aboplus-Konzert \u201eVilla Musica Meisterkl\u00e4nge\u201c mit Baiba und Lauma Skride am Mittwoch, 27. Januar, abgesagt werden. Darauf macht die Kulturabteilung der Stadt Landau jetzt aufmerksam. F\u00fcr bereits gekaufte Tickets wird die Ticketgeb\u00fchr \u00fcber das B\u00fcro f\u00fcr Tourismus im Rathaus unter der Mailadresse tickets-<a href=\"tourismus@landau.de\">tourismus@landau.de<\/a> erstattet.<\/p>\n\n\n\n<p>Die st\u00e4dtischen Galerien und Museen sind weiterhin geschlossen. Die urspr\u00fcnglich vom Kunstverein Villa Streccius und vom Verein Strieffler Haus der K\u00fcnste f\u00fcr Ende Januar\u00a0 geplante Ausstellung \u201eDIETER KISSEL \u2013 Ein Sammler aus Leidenschaft\u201c, die parallel in der Villa Streccius und im Strieffler Haus gezeigt werden soll, wird erneut verschoben. Der neue Termin wird bekannt gegeben. <\/p>\n\n\n\n<p><em>Stadt Landau in der Pfalz<br>14.01.2021<\/em><\/p>\n\n\n\n<h2 class=\"wp-block-heading\">Umsetzung der bundesweiten Impfstrategie auf kommunaler Ebene: Landaus OB Hirsch bittet B\u00fcrgerinnen und B\u00fcrger um Solidarit\u00e4t<\/h2>\n\n\n\n<div class=\"wp-block-image\"><figure class=\"aligncenter\"><img decoding=\"async\" loading=\"lazy\" width=\"800\" height=\"533\" src=\"https:\/\/speyer24news.com\/wp-content\/uploads\/2021\/01\/08-01-2021-Info-Solidarit\u00e4t.jpg\" alt=\"\" class=\"wp-image-32259\" srcset=\"https:\/\/speyer24news.com\/wp-content\/uploads\/2021\/01\/08-01-2021-Info-Solidarit\u00e4t.jpg 800w, https:\/\/speyer24news.com\/wp-content\/uploads\/2021\/01\/08-01-2021-Info-Solidarit\u00e4t-300x200.jpg 300w, https:\/\/speyer24news.com\/wp-content\/uploads\/2021\/01\/08-01-2021-Info-Solidarit\u00e4t-768x512.jpg 768w\" sizes=\"(max-width: 800px) 100vw, 800px\" \/><figcaption>Landaus OB Hirsch bittet in der Corona-Krise um die Solidarit\u00e4t der B\u00fcrgerinnen und B\u00fcrger.<em> (Quelle: Stadt Landau) <\/em> <\/figcaption><\/figure><\/div>\n\n\n\n<p>\u201eWir befinden uns in einer\nabsoluten Ausnahmesituation, die es so noch nie gegeben hat\u201c: Mit diesen Worten\nwirbt Landaus Oberb\u00fcrgermeister Thomas Hirsch um Verst\u00e4ndnis f\u00fcr die aktuelle\nCorona-Lage und besonders die Anlaufschwierigkeiten im Zusammenhang mit der\nUmsetzung der bundesweiten Impfstrategie auf unterschiedlichen Ebenen. Sein\nAppell an die B\u00fcrgerinnen und B\u00fcrger: \u201eBitte seien Sie geduldig und\nsolidarisch.\u201c <\/p>\n\n\n\n<p>Konkret bezieht sich Landaus\nStadtchef auf die Kritik, die seit dem offiziellen Impfstart die Verwaltungen\noder auch die haupt- und ehrenamtlichen Helferinnen und Helfer in der S\u00fcdpfalz\nerreicht. \u201eIch verstehe, dass viele Menschen mit ihrer Geduld am Ende sind. Ich\nwerbe aber auch um Verst\u00e4ndnis daf\u00fcr, wie schwer es ist, eine bundesweite\nImpfaktion auf die Beine zu stellen. F\u00fcr diese Mammutaufgabe gibt es keine\nBlaupause.\u201c <\/p>\n\n\n\n<p>Auf der kommunalen Ebene\nentlade sich aktuell viel Unmut, berichtet der OB \u2013 von Unsicherheiten \u00fcber die\nkritische Diskussion zur Impfstrategie bis hin zu allen unterschiedlichen\nexistenziellen Sorgen.\n\nHirschs\nBitte: \u201eGerade in der S\u00fcdpfalz sind wir bislang vergleichsweise gut durch die\nPandemie gekommen \u2013 bei allen Entbehrungen und Einschr\u00e4nkungen. Durch die\nImpfung sehen wir jetzt erstmals seit Pandemie-Beginn Licht am Ende des\nTunnels. Ich bitte Sie, zeigen Sie sich weiter solidarisch, haben Sie\nVerst\u00e4ndnis, wenn etwas nicht auf Anhieb klappt, lassen Sie sich auf einen\nDialog ein und achten Sie weiterhin auf sich und Ihre Mitmenschen.\u201c \n\n\n\n<\/p>\n\n\n\n<p><em>Stadt Landau in der Pfalz<br>14.01.2021<\/em><\/p>\n\n\n\n<h2 class=\"wp-block-heading\">Landauer Winter-Wochenmarkt wird fortgesetzt: Immer donnerstags von 10 bis 16 Uhr auf dem Rathausplatz<\/h2>\n\n\n\n<div class=\"wp-block-image\"><figure class=\"aligncenter\"><img decoding=\"async\" loading=\"lazy\" width=\"800\" height=\"533\" src=\"https:\/\/speyer24news.com\/wp-content\/uploads\/2021\/01\/07-01-2020-Info-WInter-Wochenmarkt.jpg\" alt=\"\" class=\"wp-image-32258\" srcset=\"https:\/\/speyer24news.com\/wp-content\/uploads\/2021\/01\/07-01-2020-Info-WInter-Wochenmarkt.jpg 800w, https:\/\/speyer24news.com\/wp-content\/uploads\/2021\/01\/07-01-2020-Info-WInter-Wochenmarkt-300x200.jpg 300w, https:\/\/speyer24news.com\/wp-content\/uploads\/2021\/01\/07-01-2020-Info-WInter-Wochenmarkt-768x512.jpg 768w\" sizes=\"(max-width: 800px) 100vw, 800px\" \/><figcaption>Marktmeisterin Sonja Brunner-Hagedorn und OB Thomas Hirsch beim Vor-Ort-Termin auf dem Winter-Wochenmarkt.<br><em>(Quelle: Stadt Landau)<\/em> <\/figcaption><\/figure><\/div>\n\n\n\n<p>Das Einkaufsgeschehen auf dem\ngut frequentierten Landauer Wochenmarkt ein bisschen zu entzerren: Das ist die\nHauptidee des Winter-Wochenmarkts, der Ende 2020 in der S\u00fcdpfalzmetropole\nPremiere feierte. Wie das st\u00e4dtische B\u00fcro f\u00fcr Tourismus (BfT) jetzt mitteilt,\nwird der Markt fortgesetzt, und zwar ab 14. Januar immer donnerstags von 10 bis\n16 Uhr \u2013 zun\u00e4chst auf unbestimmte Zeit. Stadt und BfT informieren, sobald sich\nam Ablauf etwas \u00e4ndert. \n\nIm\nGegensatz zum \u201eregul\u00e4ren\u201c Wochenmarkt findet die kleinere Donnerstagsausgabe\nmit einer Auswahl der bekannten Beschickerinnen und Beschicker auf dem\nRathausplatz statt. Dienstags und samstags von 7 bis 14 Uhr bleibt der Wochenmarkt\nvorerst auf dem Alten Me\u00dfplatz.\n\n\n\n<\/p>\n\n\n\n<p><em>Stadt Landau in der Pfalz<br>14.01.2021<\/em><\/p>\n\n\n\n<h2 class=\"wp-block-heading\">Landtagswahl am 14. M\u00e4rz: Kreiswahlausschuss l\u00e4sst acht Parteien f\u00fcr Wahlkreis 50 zu<\/h2>\n\n\n\n<div class=\"wp-block-image\"><figure class=\"aligncenter\"><img decoding=\"async\" loading=\"lazy\" width=\"800\" height=\"533\" src=\"https:\/\/speyer24news.com\/wp-content\/uploads\/2021\/01\/06-01-2021-Info-Wahlausschuss.jpg\" alt=\"\" class=\"wp-image-32255\" srcset=\"https:\/\/speyer24news.com\/wp-content\/uploads\/2021\/01\/06-01-2021-Info-Wahlausschuss.jpg 800w, https:\/\/speyer24news.com\/wp-content\/uploads\/2021\/01\/06-01-2021-Info-Wahlausschuss-300x200.jpg 300w, https:\/\/speyer24news.com\/wp-content\/uploads\/2021\/01\/06-01-2021-Info-Wahlausschuss-768x512.jpg 768w\" sizes=\"(max-width: 800px) 100vw, 800px\" \/><figcaption>Bei der Stadtverwaltung Landau laufen die Vorbereitungen auf die Landtagswahl im M\u00e4rz.<em> (Quelle: Stadt Landau)<\/em> <\/figcaption><\/figure><\/div>\n\n\n\n<p>Unter dem Vorsitz von Landaus\nOberb\u00fcrgermeister Thomas Hirsch hat am heutigen Mittwoch, 6. Januar, der\nKreiswahlausschuss f\u00fcr den Wahlkreis 50 getagt. Das Gremium entschied \u00fcber die\nZulassung der eingereichten Wahlvorschl\u00e4ge f\u00fcr die Landtagswahl am 14. M\u00e4rz\ndieses Jahres.&nbsp; <\/p>\n\n\n\n<p>Folgende Wahlvorschl\u00e4ge\nwurden vollst\u00e4ndig, form- und fristgerecht eingereicht und daher vom\nWahlausschuss f\u00fcr die Wahl zugelassen: <\/p>\n\n\n\n<ul><li>SPD<\/li><li>CDU<\/li><li>AfD<\/li><li>FDP<\/li><li>B\u00dcNDNIS 90\/DIE GR\u00dcNEN<\/li><li>DIE LINKE<\/li><li>FREIE W\u00c4HLER <\/li><li>Klimaliste RLP e.V.<\/li><\/ul>\n\n\n\n<p><em>Stadt Landau in der Pfalz<br>14.01.2021<\/em><\/p>\n\n\n\n<h2 class=\"wp-block-heading\">Landauer Jahresstatistik in Zeiten von Corona: Zahl der Geburten weiter auf hohem Niveau \u2013 In Landau wird weiter flei\u00dfig geheiratet!<\/h2>\n\n\n\n<div class=\"wp-block-image\"><figure class=\"aligncenter\"><img decoding=\"async\" loading=\"lazy\" width=\"800\" height=\"533\" src=\"https:\/\/speyer24news.com\/wp-content\/uploads\/2021\/01\/06-01-2021-Info-Statistik.jpg\" alt=\"\" class=\"wp-image-32254\" srcset=\"https:\/\/speyer24news.com\/wp-content\/uploads\/2021\/01\/06-01-2021-Info-Statistik.jpg 800w, https:\/\/speyer24news.com\/wp-content\/uploads\/2021\/01\/06-01-2021-Info-Statistik-300x200.jpg 300w, https:\/\/speyer24news.com\/wp-content\/uploads\/2021\/01\/06-01-2021-Info-Statistik-768x512.jpg 768w\" sizes=\"(max-width: 800px) 100vw, 800px\" \/><figcaption>Mit 253 Trauungen wurde im vergangenen Jahr in Landau trotz Pandemie sogar h\u00e4ufiger geheiratet als im Vorjahr.<br><em>(Quelle: Stadt Landau) <\/em><\/figcaption><\/figure><\/div>\n\n\n\n<p>Neues Jahr, neue Zahlen f\u00fcr die\nBev\u00f6lkerungsstatistik: Das Standesamt und das B\u00fcrgerb\u00fcro der\nStadt Landau haben jetzt ihre Statistiken f\u00fcr das abgelaufene Jahr vorgelegt. 2020\nwar in jeder Hinsicht ein besonderes Jahr, doch die Zahlen machen deutlich: Trotz\nPandemie ging das Leben in der S\u00fcdpfalzmetropole weiter.<\/p>\n\n\n\n<p>F\u00fcr die Statistik der Geburten und Sterbef\u00e4lle\nmuss zwischen den Zahlen des Standesamts und des B\u00fcrgerb\u00fcros unterschieden\nwerden. So z\u00e4hlt das Standesamt alle Geburten und Sterbef\u00e4lle in Landau,\nw\u00e4hrend das B\u00fcrgerb\u00fcro die Geburten und Sterbef\u00e4lle von Landauerinnen und\nLandauern in seine Statistik mit aufnimmt. Im zur\u00fcckliegenden\nJahr wurden in Landau 1.240 Kinder geboren \u2013 etwas weniger als im Babyboom-Jahr\n2019 mit 1.258 Geburten. Zum Vergleich: 2018 wurden in Landau 1.197 Babys\ngeboren, im Jahr 2017 waren es 1.231 Kinder. Betrachtet man die Zahlen des\nB\u00fcrgerb\u00fcros, so erblickten im vergangenen Jahr 384 kleine Landauerinnen und\nLandauer das Licht der Welt \u2013 im Vergleich zu 391 im Vorjahr.<\/p>\n\n\n\n<p>Dem gegen\u00fcber steht die Zahl der Sterbef\u00e4lle:\nIn Landau starben im Jahr 2020 787 Menschen. Das sind mehr als in den\nvergangenen Jahren (2019: 693; 2018: 664; 2017: 717). Unter den Landauerinnen\nund Landauern gab es 476 Sterbef\u00e4lle (2019: 466; 2018: 494; 2017: 499).<\/p>\n\n\n\n<p>Das Standesamt f\u00fchrt dar\u00fcber hinaus die Statistik\nder Eheschlie\u00dfungen. 253 Mal l\u00e4uteten in Landau im vergangenen Jahr die\nHochzeitsglocken \u2013 und damit trotz der Corona-Beschr\u00e4nkungen ungef\u00e4hr genauso\nh\u00e4ufig wie im Vorjahr mit 250 Eheschlie\u00dfungen. Von den 253 Paaren, die sich im\nvergangenen Jahr in Landau das Ja-Wort gaben, waren zehn gleichgeschlechtlich.\n\nEnde 2020 waren 48.202 Einwohnerinnen\nund Einwohner mit Haupt- und Nebenwohnsitz in Landau gemeldet \u2013 ein leichtes Minus\nvon 217 im Vergleich zum Vorjahr. Nachdem die Bev\u00f6lkerungszahl in den\nvergangenen zehn Jahren kontinuierlich gestiegen war, schreibt das st\u00e4dtische\nB\u00fcrgerb\u00fcro die neue Entwicklung dem Corona-bedingten Fernbleiben vieler\nStudentinnen und Studenten zu.\n\n\n\n<\/p>\n\n\n\n<p><em>Stadt Landau in der Pfalz<br>14.01.2021<\/em><\/p>\n\n\n\n<h2 class=\"wp-block-heading\">\u00bb20*C+M+B*21\u00ab: Rathaus erh\u00e4lt stellvertretend f\u00fcr alle Landauer Haushalte den Sternsinger-Segen<\/h2>\n\n\n\n<figure class=\"wp-block-image\"><img decoding=\"async\" loading=\"lazy\" width=\"800\" height=\"600\" src=\"https:\/\/speyer24news.com\/wp-content\/uploads\/2021\/01\/06-01-2021-Info-Sternsinger_1.jpg\" alt=\"\" class=\"wp-image-32252\" srcset=\"https:\/\/speyer24news.com\/wp-content\/uploads\/2021\/01\/06-01-2021-Info-Sternsinger_1.jpg 800w, https:\/\/speyer24news.com\/wp-content\/uploads\/2021\/01\/06-01-2021-Info-Sternsinger_1-300x225.jpg 300w, https:\/\/speyer24news.com\/wp-content\/uploads\/2021\/01\/06-01-2021-Info-Sternsinger_1-768x576.jpg 768w, https:\/\/speyer24news.com\/wp-content\/uploads\/2021\/01\/06-01-2021-Info-Sternsinger_1-678x509.jpg 678w, https:\/\/speyer24news.com\/wp-content\/uploads\/2021\/01\/06-01-2021-Info-Sternsinger_1-326x245.jpg 326w, https:\/\/speyer24news.com\/wp-content\/uploads\/2021\/01\/06-01-2021-Info-Sternsinger_1-80x60.jpg 80w\" sizes=\"(max-width: 800px) 100vw, 800px\" \/><figcaption>Bei der Rathaussegnung: B\u00fcrgermeister Dr. Maximilian Ingenthron, Dekan Axel Brecht, Oberb\u00fcrgermeister Thomas Hirsch, Laura Troubal (Vorstandsmitglied BDKJ Region S\u00fcdpfalz), Philipp Wagner (Jugendreferent Katholische Jugendzentrale Landau) und Pater Princewell Okeke.<br><em>(Quelle: Stadt Landau)<\/em> <\/figcaption><\/figure>\n\n\n\n<p>Dreik\u00f6nigssingen in\nCorona-Zeiten: Traditionell bringen die Sternsingerinnen und Sternsinger zu\nBeginn des neuen Jahres an den T\u00fcren der Landauerinnen und Landauer ihren\nSegensgru\u00df an und sammeln Spenden f\u00fcr verschiedene Hilfsprojekte. Da die\nkleinen Kaspars, Melchiors und Balthasars in diesem Jahr Pandemie-bedingt nicht\nvon Haus zu Haus gehen k\u00f6nnen, haben Vertreterinnen und Vertreter des BDKJ gemeinsam\nmit Dekan Axel&nbsp;Brecht jetzt stellvertretend f\u00fcr alle Haushalte in Landau\ndas Rathaus gesegnet. Oberb\u00fcrgermeister Thomas Hirsch und B\u00fcrgermeister\nDr.&nbsp;Maximilian Ingenthron empfingen die Delegation im Namen der\nStadtspitze. <\/p>\n\n\n\n<p>\u201eDie kleinen K\u00f6nige mit ihren\nBegleiterinnen und Begleiter bei uns im Rathaus begr\u00fc\u00dfen zu d\u00fcrfen, ist f\u00fcr uns\nimmer ein Highlight am Jahresanfang\u201c, erkl\u00e4rte OB Hirsch, der als Kind selbst als\nSternsinger unterwegs war. \u201eLeider ist das in diesem Jahr aufgrund der\naktuellen Situation nicht wie gewohnt m\u00f6glich. Aber wir sind sehr dankbar, dass\nwir den Haussegen trotzdem entgegennehmen d\u00fcrfen \u2013 und das f\u00fcr alle B\u00fcrgerinnen\nund B\u00fcrger der S\u00fcdpfalzmetropole. Ich glaube, diesen k\u00f6nnen wir alle aktuell sehr\ngut gebrauchen\u201c, so der Stadtchef weiter.<\/p>\n\n\n\n<p>Da die Hausbesuche der Sternsingerinnen und Sternsinger nicht m\u00f6glich sind, wird sich dies vermutlich auch auf die Spenden auswirken. Aber f\u00fcr die vielen Kinder in den Sternsinger-Projekten weltweit sind die Spenden der Sternsinger-Aktion in diesem Jahr wichtiger denn je. Denn sie leiden ganz besonders unter den Folgen der Corona-Krise. Gemeinsam rufen OB Hirsch und B\u00fcrgermeister Dr. Ingenthron deshalb die Landauerinnen und Landauer zum Spenden auf. <\/p>\n\n\n\n<div class=\"wp-block-image\"><figure class=\"aligncenter\"><img decoding=\"async\" loading=\"lazy\" width=\"800\" height=\"600\" src=\"https:\/\/speyer24news.com\/wp-content\/uploads\/2021\/01\/06-01-2021-Info-Sternsinger_2.jpg\" alt=\"\" class=\"wp-image-32253\" srcset=\"https:\/\/speyer24news.com\/wp-content\/uploads\/2021\/01\/06-01-2021-Info-Sternsinger_2.jpg 800w, https:\/\/speyer24news.com\/wp-content\/uploads\/2021\/01\/06-01-2021-Info-Sternsinger_2-300x225.jpg 300w, https:\/\/speyer24news.com\/wp-content\/uploads\/2021\/01\/06-01-2021-Info-Sternsinger_2-768x576.jpg 768w, https:\/\/speyer24news.com\/wp-content\/uploads\/2021\/01\/06-01-2021-Info-Sternsinger_2-678x509.jpg 678w, https:\/\/speyer24news.com\/wp-content\/uploads\/2021\/01\/06-01-2021-Info-Sternsinger_2-326x245.jpg 326w, https:\/\/speyer24news.com\/wp-content\/uploads\/2021\/01\/06-01-2021-Info-Sternsinger_2-80x60.jpg 80w\" sizes=\"(max-width: 800px) 100vw, 800px\" \/><figcaption>Christus segne dieses Haus: Pater Princewell Okeke bringt den Segensgru\u00df \u00bb20*C+M+B*21\u00ab am Rathaus an.<br><em>(Quelle: Stadt Landau)<\/em> <\/figcaption><\/figure><\/div>\n\n\n\n<p>Oberb\u00fcrgermeister Hirsch unterst\u00fctzt\ndie Landauer Sternsinger-Aktion mit einer Spende aus Mitteln der\nSparkassenstiftung in H\u00f6he von 1.000 Euro. <\/p>\n\n\n\n<p>Wer ebenfalls helfen m\u00f6chte, kann\nseine Spende direkt an das Kindermissionswerk \u201eDie Sternsinger\u201c richten: <\/p>\n\n\n\n<ul><li>Pax-Bank eG<\/li><li>Kindermissionswerk \u201aDie Sternsinger\u2018<\/li><li>IBAN: DE95 3706 0193 0000 0010 31<\/li><li>BIC: GENODED1PAX<\/li><li>Verwendungszweck: Stern<\/li><\/ul>\n\n\n\n<p>oder sich alternativ an seine\nKirchengemeinde wenden. So unterst\u00fctzt etwa die Katholische Kirchengemeinde\nMari\u00e4 Himmelfahrt mit den Spenden, die sie erh\u00e4lt, ein Aidswaisenprojekt in Voi\/Kenia\nsowie ein Stra\u00dfenkinderprojekt in Brasilien. Spenden k\u00f6nnen \u00fcberwiesen werden\nan:<\/p>\n\n\n\n<ul><li>LIGA Bank eG<\/li><li>Kath. Kirchengemeinde Mari\u00e4 Himmelfahrt Landau\u00a0 <\/li><li>IBAN: DE31 7509 0300 0000 0644 59<\/li><li>BIBC: GENODEF1MO5 Verwendungszweck: Spende Sternsinger <\/li><\/ul>\n\n\n\n<p><em>Stadt Landau in der Pfalz<br>14.01.2021<\/em><\/p>\n\n\n\n<h2 class=\"wp-block-heading\">Landauer Vornamen-Hitliste 2020: Emilia l\u00f6st Dauer-Spitzenreiterin Emma ab \u2013 Paul weiter ganz oben auf dem Treppchen<\/h2>\n\n\n\n<div class=\"wp-block-image\"><figure class=\"aligncenter\"><img decoding=\"async\" loading=\"lazy\" width=\"800\" height=\"533\" src=\"https:\/\/speyer24news.com\/wp-content\/uploads\/2021\/01\/05-01-2021-Info-Vornamen.jpg\" alt=\"\" class=\"wp-image-32251\" srcset=\"https:\/\/speyer24news.com\/wp-content\/uploads\/2021\/01\/05-01-2021-Info-Vornamen.jpg 800w, https:\/\/speyer24news.com\/wp-content\/uploads\/2021\/01\/05-01-2021-Info-Vornamen-300x200.jpg 300w, https:\/\/speyer24news.com\/wp-content\/uploads\/2021\/01\/05-01-2021-Info-Vornamen-768x512.jpg 768w\" sizes=\"(max-width: 800px) 100vw, 800px\" \/><figcaption>Emilia und Paul waren die beliebtesten Namen f\u00fcr 2020 in Landau geborene Kinder.<br><em>(Quelle: Stadt Landau)<\/em> <\/figcaption><\/figure><\/div>\n\n\n\n<p>Emilia und Paul waren 2020 die beliebtesten\nVornamen f\u00fcr in Landau geborene Kinder. Das geht aus der Jahresstatistik\nhervor, die das st\u00e4dtische Standesamt jetzt vorgelegt hat. Emilia wurde 13 Mal\nbeurkundet, Paul 12 Mal. Auf den Pl\u00e4tzen folgen bei den M\u00e4dchen Charlotte mit\n12 und Ella mit 11 Beurkundungen, bei den Jungen Anton und Elias, die jeweils 11\nMal beurkundet wurden. <\/p>\n\n\n\n<p>Emilia konnte Emma vom Thron sto\u00dfen, die drei\nJahre in Folge die Spitzenposition innehatte und in diesem Jahr \u201enur noch\u201c 6\nMal beurkundet wurde. Weitere beliebte M\u00e4dchennamen in der aktuellen Landauer\nStatistik f\u00fcr das Jahr 2020 waren Marie mit 8 Beurkundungen sowie Lara, Lea,\nMia, Sophia und Sophie mit jeweils 7 Beurkundungen. Nur je einmal im Ranking\nfinden sich M\u00e4dchennamen wie Alena, Charlie, Dahlia, Eleonora, Heidi, Joy,\nMadita, Ophelia, Ronja, Tilda und Zo\u00e9.<\/p>\n\n\n\n<p>Bei den Jungen konnte Paul den Spitzenplatz\naus dem Vorjahr verteidigen. Beliebt waren auch Ben und Noah mit 10\nBeurkundungen, Leo, Leon und Theo mit jeweils 9 Beurkundungen sowie Emil,\nFelix, Finn, Jonas und Oskar mit jeweils 8 Beurkundungen. Nur je einmal in der Statistik\ntauchen etwa Carlson, Filius, Hanno, Jake, Karl, Leonidas, Nathanial, Pelle, Thorge\nund Valentin auf. <\/p>\n\n\n\n<p>Die meisten Kinder, n\u00e4mlich mehr als 60\nProzent, erhalten von ihren Eltern \u201enur\u201c einen Vornamen, gut ein Drittel zus\u00e4tzlich\neinen zweiten. Drei und mehr Vornamen kommen \u00e4u\u00dferst selten vor. Bei den\nzweiten Vornamen liegt in Landau bei den M\u00e4dchen Marie mit Abstand vorne; bei\nden Jungen machen Karl und Emil die vorderen Pl\u00e4tze unter sich aus. <\/p>\n\n\n\n<p>Welche Vornamen erlaubt sind und welche nicht,\nist klar geregelt. Das Standesamt pr\u00fcft auf verschiedenen Wegen, ob es den\ngew\u00fcnschten Namen als Vornamen bereits gibt. Wird es nicht f\u00fcndig, liegt die\nNachweispflicht bei den Eltern. K\u00f6nnen auch diese den gew\u00fcnschten Namen nicht\nals bekannt nachweisen, ergeht eine Anfrage an die Namensberatungsstellen der\nUni Leipzig, der Gesellschaft f\u00fcr deutsche Sprache oder \u2013 bei ausl\u00e4ndischen\nStaatsb\u00fcrgerinnen und Staatsb\u00fcrgern \u2013 des jeweiligen Konsulats. Kann der Name\nals vorhanden nachgewiesen werden, wird er auch beurkundet.<\/p>\n\n\n\n<p><em>Stadt Landau in der Pfalz<br>14.01.2021<\/em><\/p>\n\n\n\n<h2 class=\"wp-block-heading\">Durchbruch bei Neubaugebieten in Landaus Stadtd\u00f6rfern: Gr\u00fcnd\u00e4cher und Solarnutzung als klimagerechte Antwort auf hohe Nachfrage nach Baupl\u00e4tzen<\/h2>\n\n\n\n<div class=\"wp-block-image\"><figure class=\"aligncenter\"><img decoding=\"async\" loading=\"lazy\" width=\"800\" height=\"533\" src=\"https:\/\/speyer24news.com\/wp-content\/uploads\/2021\/01\/04-01-2020-Info-Neubaugebiete.jpg\" alt=\"\" class=\"wp-image-32250\" srcset=\"https:\/\/speyer24news.com\/wp-content\/uploads\/2021\/01\/04-01-2020-Info-Neubaugebiete.jpg 800w, https:\/\/speyer24news.com\/wp-content\/uploads\/2021\/01\/04-01-2020-Info-Neubaugebiete-300x200.jpg 300w, https:\/\/speyer24news.com\/wp-content\/uploads\/2021\/01\/04-01-2020-Info-Neubaugebiete-768x512.jpg 768w\" sizes=\"(max-width: 800px) 100vw, 800px\" \/><figcaption>Gemeinsam haben sich Stadt und Stadtd\u00f6rfer auf einen Weg f\u00fcr eine klimagerechte, wassersensible und zukunftsf\u00e4hige Bebauung der Neubaugebiete in Arzheim, Godramstein, M\u00f6rzheim und Wollmesheim geeinigt.<br><em>(Quelle: Stadt Landau) <\/em> <\/figcaption><\/figure><\/div>\n\n\n\n<p>\u201eWei\u00dfer Rauch ist aufgestiegen\u201c: So fasst Landaus\nOB Thomas Hirsch die Ergebnisse mehrerer Diskussionsrunden mit der\nOrtsvorsteherin und den Ortsvorstehern sowie den Ortsbeir\u00e4ten von Arzheim,\nGodramstein, M\u00f6rzheim und Wollmesheim zur zuk\u00fcnftigen Ausgestaltung der\nNeubaugebiete in den vier Stadtd\u00f6rfern zusammen. Gemeinsam hat man sich auf einen\nWeg f\u00fcr eine klimagerechte, wassersensible und zukunftsf\u00e4hige Bebauung geeinigt\n\u2013 einen der Schwerpunkte bilden dabei begr\u00fcnte Schr\u00e4gd\u00e4cher. \u201eAber die\nindividuellen Vorstellungen der Bauwilligen k\u00f6nnen gewahrt werden\u201c, erl\u00e4utert\nder OB gemeinsam mit Ortsvorsteherin Dorothea M\u00fcller (M\u00f6rzheim) sowie den\nOrtsvorstehern Klaus Ki\u00dfel (Arzheim), Michael Schreiner (Godramstein) und Rolf\nKost (Wollmesheim). \u00dcber die Ortsvorsteherin und die Ortsvorsteher sowie die\nOrtsbeir\u00e4te flossen auch die Vorstellungen der Bauwilligen in die neue L\u00f6sung\nf\u00fcr die Ausgestaltung der Neubaugebiete mit ein. <\/p>\n\n\n\n<p>Zum Hintergrund: Wasserrechtliche Vorgaben,\nKlimaschutz, Klimaanpassung und zunehmende Starkregenereignisse erfordern es,\nNeubaugebiete, deren Versiegelung und deren Umgang mit dem Regenwasser neu zu\ndenken. Regenwasserabfluss, Regenwasserversickerung und die Verdunstung spielen\nheute eine viel gr\u00f6\u00dfere Rolle als in der Vergangenheit. Aus diesem Grund hatte\ndie Verwaltung sogenannte Retentions-Flachd\u00e4cher ins Spiel gebracht, begr\u00fcnte\nD\u00e4cher mit einer geringen Dachneigung. Mit ihnen erreicht man auch bei\nStarkregen einen gedrosselten Wasserabfluss sowie weniger \u00dcberschwemmungen und\nreduziert die Hitzeentwicklung im Wohnumfeld. Die D\u00f6rfer und ihre Ortsbeir\u00e4te\nmeldeten der Verwaltung jedoch den deutlichen Wunsch nach Schr\u00e4gd\u00e4chern und mehr\nIndividualit\u00e4t beim Bauen zur\u00fcck. <\/p>\n\n\n\n<p>\u201eWir sind deshalb in den vergangenen Monaten\nmit den gew\u00e4hlten Vertreterinnen und Vertretern der betroffenen Stadtd\u00f6rfer in\neinen intensiven Dialog getreten, um Alternativen zu diskutieren\u201c, berichtet OB\nHirsch. \u201eIm Ergebnis wurde eine Leitlinie erstellt, die ausgehend von den\n\u00f6rtlichen Bodenverh\u00e4ltnissen die wesentlichen Forderungen der Ortsteile ber\u00fccksichtigt,\njeweils auf die \u00f6rtlichen Gegebenheiten eingeht und dennoch eine\nklimaangepasste Siedlungsentwicklung sichert.\u201c<\/p>\n\n\n\n<p>Die wichtigsten Ergebnisse im \u00dcberblick: <\/p>\n\n\n\n<ul><li>Das begr\u00fcnte Schr\u00e4gdach wird die pr\u00e4gende\nDachform, Flachd\u00e4cher werden die Ausnahme bleiben.<\/li><li>Abweichungen von begr\u00fcnten Schr\u00e4gd\u00e4chern sind\nin den meisten Bereichen m\u00f6glich, wenn Zisternenl\u00f6sungen f\u00fcr die\nGartenbew\u00e4sserung oder Solarnutzungen auf den D\u00e4chern nachgewiesen werden.<\/li><li>Die Flexibilit\u00e4t der Planung und die\nIndividualit\u00e4t des Bauens ist gew\u00e4hrleistet, indem die Bauwilligen zwischen\nBaupl\u00e4tzen ausw\u00e4hlen k\u00f6nnen, die unterschiedliche Dachl\u00f6sungen erlauben.<\/li><li>Jeder Bebauungsplan wird mit unterschiedlichen\nFestsetzungen eine st\u00e4dtebauliche Grundordnung (z.B. Geb\u00e4udeh\u00f6he, Geb\u00e4udestellung,\nGeb\u00e4udefl\u00e4che) sichern, die auf die jeweilige Ortstypik reagiert, aber den Bauwilligen\ndennoch individuelle Gestaltungsspielr\u00e4ume l\u00e4sst.<\/li><\/ul>\n\n\n\n<p>Die Umsetzung erfolgt nach drei Grunds\u00e4tzen:<\/p>\n\n\n\n<p><strong>Grundsatz\n1: Zonierung<\/strong><\/p>\n\n\n\n<p>Die Baugebiete werden in eine Zone A \u2013 Ortsrand\nund eine Zone B \u2013 Innere Fl\u00e4chen untergliedert. In Zone A, die mindestens ein\nTeilgebiet von jeweils ca. einem Drittel der Neubaugebiete umfasst, ist das\nbegr\u00fcnte Satteldach die Vorgabe. Sofern, wie etwa im Bereich Nord in\nGodramstein, die B\u00f6den f\u00fcr eine Versickerung geeignet sind, sind auch\nSatteld\u00e4cher mit Ziegeldeckung m\u00f6glich. Diese sind dann aber f\u00fcr die\nSolarenergienutzung vorzusehen. Die \u00fcbrigen Baufl\u00e4chen in Zone B sollen den\nBed\u00fcrfnissen der Stadtd\u00f6rfer entsprechend individuelle Dachlandschaften\naufweisen k\u00f6nnen. Dabei sollen Grundvorgaben zu Geb\u00e4udeh\u00f6hen, Dachneigungen,\nBaustoffen und Begr\u00fcnungen jedoch f\u00fcr ein ausgewogenes Gesamtbild sorgen.<\/p>\n\n\n\n<p><strong>Grundsatz\n2: Bonusm\u00f6glichkeiten und Ersatzleistungen<\/strong><\/p>\n\n\n\n<p>Je nach gew\u00e4hlter Dacheindeckung kann es einen\nBonus oder muss es eine Ersatzleistung als Klimabeitrag geben. Als Bonus kann\nbei Herstellung eines begr\u00fcnten Retentions-Flachdachs mehr Fl\u00e4che des\nBaugrundst\u00fccks \u00fcberbaut werden. Wird kein Gr\u00fcndach hergestellt, sondern ein\nkonventionelles Ziegeldach, ist zur Mindestkompensation der dann fehlenden\nWasserverdunstungsfl\u00e4che eine Regenwasserzisterne einzubauen, dauerhaft zu\nerhalten und zur Gartenbew\u00e4sserung zu benutzen.<\/p>\n\n\n\n<p><strong>Grundsatz\n3: Extensive Dachbegr\u00fcnung auf Nebenanlagen und Wasserdurchl\u00e4ssigkeit\nbefestigter Hoffl\u00e4chen<\/strong><\/p>\n\n\n\n<p>Als dritter Grundsatz sollen\nMindestfestsetzungen in die Bebauungspl\u00e4ne aufgenommen werden, die f\u00fcr alle\nuntergeordneten Nebenanlagen wie Gartenschuppen oder M\u00fclleinhausungen sowie\nGaragen und \u00fcberdachte Stellpl\u00e4tze eine mindestens extensive Dachbegr\u00fcnung\nvorgeben. Auch sind Zufahrten, Zuwegungen und Terrassen mit wasserdurchl\u00e4ssigen\nund\/oder begr\u00fcnbaren Bodenbel\u00e4gen herzustellen, Schotterg\u00e4rten nicht zul\u00e4ssig,\nVorg\u00e4rten zu begr\u00fcnen und die Grundst\u00fccke in einem definierten Umfang mit\nheimischen und standortgerechten Geh\u00f6lzen zu bepflanzen.<\/p>\n\n\n\n<p>Aus den Stadtd\u00f6rfern kommen positive\nR\u00fcckmeldungen zu den neuen Planungen: <\/p>\n\n\n\n<p>\u201eIn M\u00f6rzheim begr\u00fc\u00dfen wir besonders die\nM\u00f6glichkeit der individuellen Gestaltung der Dachlandschaften bei\ngleichzeitiger Einbindung in eine Grundordnung. Auch wurden die Anregungen zur\nZisternennutzung aus den Stadtd\u00f6rfern sehr gut umgesetzt.\u201c (Ortsvorsteherin\nDorothea M\u00fcller) <\/p>\n\n\n\n<p>\u201eIn Godramstein sind wir erfreut, dass die\nunterschiedlichen Bodenverh\u00e4ltnisse umfangreich Ber\u00fccksichtigung finden konnten\nund sich somit ein gut durchmischtes Baugebiet ergeben kann.\u201c (Ortsvorsteher\nMichael Schreiner)<\/p>\n\n\n\n<p>\u201eIn Arzheim sehen wir besonders die Ausbildung\neines Ortsrands im Norden und im S\u00fcden positiv, was die besondere Lage des\nGebiets beachtet. In der inneren Zone ist ausreichend Raum f\u00fcr die gew\u00fcnschte\nindividuelle Gestaltung und eine dem Dorf angepasste Bauweise.\u201c (Ortsvorsteher\nKlaus Ki\u00dfel)<\/p>\n\n\n\n<p>\u201eIn Wollmesheim sind wir zufrieden mit der\nAusbildung des Ortsrands auf der s\u00fcdlichen Baufl\u00e4che:&nbsp; Schr\u00e4gd\u00e4cher passend zur vorhandenen\nAltbebauung und Gr\u00fcnd\u00e4cher, die sich gut an das vorhandene Weingut mit\nbegr\u00fcntem Dach anschlie\u00dfen. Auf der n\u00f6rdlichen Baufl\u00e4che ist etwas mehr Raum\nf\u00fcr eine gew\u00fcnschte individuelle Gestaltung m\u00f6glich.\u201c (Ortsvorsteher Rolf Kost)\n\n\nNach Einigung \u00fcber die Grunds\u00e4tze\nkann die Entwicklung der Neubaugebiete nun weiter betrieben werden: In M\u00f6rzheim\nund Godramstein soll im 1. Halbjahr 2021 der Bebauungsplan rechtskr\u00e4ftig\nwerden. Die vorgesehene B\u00fcrgerbeteiligung wird im Fr\u00fchjahr erfolgen. Parallel\nwerden die Erschlie\u00dfungsplanung und die Entwicklung der Vermarktungsstrategie\nerarbeitet. Ende 2021 ist die Ausschreibung der Baugrundst\u00fccke vorgesehen und\nauch der Bau der Erschlie\u00dfungsstra\u00dfen soll begonnen sein. Der Baubeginn f\u00fcr die\nprivaten Bauwilligen kann dann im 2. Halbjahr 2022 erfolgen. Arzheim und\nWollmesheim sollen schnellstm\u00f6glich folgen.\n\n\n\n<\/p>\n\n\n\n<p><em>Stadt Landau in der Pfalz<br>14.01.2021<\/em><\/p>\n\n\n\n<h2 class=\"wp-block-heading\">Zu Deutschlands Rolle in der Welt: 49 Landauerinnen und Landauer zum bundesweiten B\u00fcrgerrat eingeladen<\/h2>\n\n\n\n<div class=\"wp-block-image\"><figure class=\"aligncenter\"><img decoding=\"async\" loading=\"lazy\" width=\"800\" height=\"267\" src=\"https:\/\/speyer24news.com\/wp-content\/uploads\/2021\/01\/04-01-2021-Info-B\u00fcrgerrat.jpg\" alt=\"\" class=\"wp-image-32249\" srcset=\"https:\/\/speyer24news.com\/wp-content\/uploads\/2021\/01\/04-01-2021-Info-B\u00fcrgerrat.jpg 800w, https:\/\/speyer24news.com\/wp-content\/uploads\/2021\/01\/04-01-2021-Info-B\u00fcrgerrat-300x100.jpg 300w, https:\/\/speyer24news.com\/wp-content\/uploads\/2021\/01\/04-01-2021-Info-B\u00fcrgerrat-768x256.jpg 768w\" sizes=\"(max-width: 800px) 100vw, 800px\" \/><figcaption>Im bundesweiten B\u00fcrgerrat haben auch Teilnehmerinnen und Teilnehmer aus Landau die M\u00f6glichkeit sich zum Thema \u201eDeutschlands Rolle in der Welt\u201c einzubringen.<br><em>(Quelle: B\u00fcrgerrat)<\/em> <\/figcaption><\/figure><\/div>\n\n\n\n<p>Ungew\u00f6hnliche Post hatten 49 Landauerinnen und\nLandauer im alten Jahr in ihren Briefk\u00e4sten: Eine Einladung zum bundesweiten\nB\u00fcrgerrat. Dabei beraten 160 zuf\u00e4llig ausgeloste Menschen aus der ganzen\nRepublik quasi als eine Art \u201eMini-Deutschland\u201c unter der Schirmherrschaft von\nBundestagspr\u00e4sident Wolfgang Sch\u00e4uble \u00fcber \u201eDeutschlands Rolle in der Welt\u201c. Das\nBeteiligungsprojekt wird vom Verein \u201eMehr Demokratie\u201c organisiert und\nfinanziert. Stattfinden wird es in zehn Online-Sitzungen zwischen 13.\nJanuar und 20. Februar 2021. Die Vorschl\u00e4ge dazu, wie Deutschlands Rolle in der\nWelt aussehen kann, sollen am 19. M\u00e4rz dem Bundestag \u00fcberreicht werden.<\/p>\n\n\n\n<p>Die Teilnehmenden am B\u00fcrgerrat sollen nach\nBundesland, Wohnortgr\u00f6\u00dfe, Alter, Geschlecht, Bildungsgrad und\nMigrationshintergrund so verteilt sein, dass sie die Bev\u00f6lkerung in Deutschland\nann\u00e4hernd abbilden. Darum wurden deutschlandweit Gemeinden verschiedener\nGr\u00f6\u00dfenordnungen ausgelost und von dort jeweils eine Stichprobe an B\u00fcrgerinnen\nund B\u00fcrgern gezogen und eingeladen. Landau ist als einzige Mittelstadt in\nRheinland-Pfalz in dieser zuf\u00e4lligen Auswahl vertreten. \u201eDie Teilnahme am\nB\u00fcrgerrat ist selbstverst\u00e4ndlich freiwillig\u201c, betont Landaus Oberb\u00fcrgermeister\nThomas Hirsch. \u201eAber es w\u00fcrde mich sehr freuen, wenn unter den acht\nTeilnehmerinnen und Teilnehmern aus Rheinland-Pfalz auch Landauerinnen und\nLandauer vertreten w\u00e4ren.\u201c Der B\u00fcrgerrat sei eine tolle M\u00f6glichkeit f\u00fcr\nB\u00fcrgerinnen und B\u00fcrger, sich in die Bundespolitik einzubringen.<\/p>\n\n\n\n<h4 class=\"wp-block-heading\">Zum B\u00fcrgerrat:<\/h4>\n\n\n\n<p>Der losbasierte B\u00fcrgerrat liefert den Fraktionen\nim Bundestag Erkenntnisse dar\u00fcber, wie der Querschnitt der Bev\u00f6lkerung denkt\nund welche politischen Richtungsentscheidungen von den B\u00fcrgerinnen und B\u00fcrgern\nmitgetragen werden. Egal, ob es um Corona, Welthandel, Friedenssicherung,\nEntwicklungshilfe, Migration oder Umweltschutz geht. <\/p>\n\n\n\n<p><em>Stadt Landau in der Pfalz<br>14.01.2021<\/em><\/p>\n\n\n\n<h2 class=\"wp-block-heading\">\u201e\u00c4 Brezel wie \u00e4 Scheierdor\u201c: Landaus OB Hirsch freut sich \u00fcber riesige Neujahrsbrezel von B\u00e4ckermeister Becker als Gl\u00fccksbringer \u2013 Stadtchef blickt vorsichtig optimistisch ins neue Jahr \u2013 Kunstaktion geplant \u2013 Stadtverwaltung ist zunehmend digital unterwegs<\/h2>\n\n\n\n<div class=\"wp-block-image\"><figure class=\"aligncenter\"><img decoding=\"async\" loading=\"lazy\" width=\"800\" height=\"533\" src=\"https:\/\/speyer24news.com\/wp-content\/uploads\/2021\/01\/04-01-2021-Info-Neues-Jahr.jpg\" alt=\"\" class=\"wp-image-32248\" srcset=\"https:\/\/speyer24news.com\/wp-content\/uploads\/2021\/01\/04-01-2021-Info-Neues-Jahr.jpg 800w, https:\/\/speyer24news.com\/wp-content\/uploads\/2021\/01\/04-01-2021-Info-Neues-Jahr-300x200.jpg 300w, https:\/\/speyer24news.com\/wp-content\/uploads\/2021\/01\/04-01-2021-Info-Neues-Jahr-768x512.jpg 768w\" sizes=\"(max-width: 800px) 100vw, 800px\" \/><figcaption>Oberb\u00fcrgermeister Thomas Hirsch (links) bekommt von B\u00e4ckermeister Claus Becker als Vertreter des B\u00e4ckerhandwerks die Riesenneujahrsbrezel \u00fcberreicht.<\/figcaption><\/figure><\/div>\n\n\n\n<p>An manchen Traditionen lohnt es sich\nfestzuhalten: In den zur\u00fcckliegenden Jahren hatte B\u00e4ckermeister Claus Becker\nals Vertreter des s\u00fcdpf\u00e4lzischen B\u00e4ckerhandwerks beim Neujahrsempfang des\nLandauer Oberb\u00fcrgermeisters stets eine Riesen-Neujahrsbrezel als Gl\u00fccksbringer f\u00fcr\ndie Stadt an OB Thomas Hirsch \u00fcberreicht. Da es in diesem Jahr Corona-bedingt\nkeinen Neujahrsempfang geben wird, brachte der B\u00e4ckermeister dem Stadtchef die\nBrezel \u2013 so gro\u00df wie \u201e\u00e4 Scheierdor\u201c \u2013 jetzt direkt ins Rathaus. In diesem Jahr\ngeht die Riesenbrezel an das Landauer Frauenhaus statt, wie sonst, beim\nNeujahrsempfang verteilt zu werden. Der OB nutzte die \u00dcbergabe auch f\u00fcr\nNeujahrsgr\u00fc\u00dfe an die Landauerinnen und Landauer sowie einen Blick auf die aktuelle\nLage. <\/p>\n\n\n\n<p>Hirschs ausdr\u00fccklicher Dank gilt B\u00e4ckermeister\nBecker f\u00fcr das Festhalten an dieser sch\u00f6nen und optimistischen Tradition,\nbesonders in schwierigen Zeiten. Gleichzeitig dankt der OB Becker und dessen\nHandwerkskolleginnen und Handwerkskollegen f\u00fcr deren Engagement im Krisenjahr\n2020 \u2013 und gratuliert dem \u201eB\u00e4cker Becker\u201c zu dessen vor wenigen Monaten\nerfolgreich absolvierten Pr\u00fcfung zum Brot-Sommelier. <\/p>\n\n\n\n<p>Mit Blick auf die aktuelle (Corona-)Lage in\nder Stadt Landau zeigt sich der Stadtchef vorsichtig optimistisch, auch dank\nder \u201ezwischen den Jahren\u201c gemachten, gr\u00f6\u00dftenteils positiven Erfahrungen. \u201eDie\nallermeisten Menschen in unserer Stadt hielten sich \u00fcber die Feiertage an die\ngeltenden Regeln, waren umsichtig und nahmen auf ihre Mitmenschen R\u00fccksicht\u201c,\nso sein Fazit etwa mit Blick auf die ruhige Silvesternacht in Landau. <\/p>\n\n\n\n<p>Hirschs Wunsch: \u201eLasst uns den Ver\u00e4nderungen\nund Herausforderungen in diesem neuen Jahr mit frohem Herzen, ohne Angst und\nmit mutigem Geist entgegensehen.\u201c Mut, zitiert Landaus OB die US-Essayistin\nSusan Sontag, sei genauso ansteckend wie Angst. \u201eDas zur\u00fcckliegende Jahr war\nbeispiellos, mit vielen Entbehrungen und Einbu\u00dfen. Ich w\u00fcnsche mir, dass der\nJahreswechsel mit der Aussicht auf eine Impfung gegen das t\u00fcckische Corona-Virus\nuns allen neue Hoffnung gibt und uns im Kleinen wie im Gro\u00dfen optimistisch in\ndie Zukunft blicken l\u00e4sst.\u201c Der OB ist dankbar f\u00fcr den Zusammenhalt in der\nStadt Landau und der gesamten Region im Krisenjahr 2020. \u201eIch danke allen, die\nsich f\u00fcr ein gutes #miteinanderinLD einsetzen, f\u00fcr Menschlichkeit und\nN\u00e4chstenliebe, gegen Gewalt und Hass. Es gibt viele gute Beispiele und vieles,\ndas in aller Stille und im Verborgenen geleistet wurde und wird.\u201c<\/p>\n\n\n\n<p>Mit Optimismus und Tatkraft ins neue Jahr: Um\ndiese Botschaft zu senden, planen die Stadt Landau und ihr B\u00fcro f\u00fcr Tourismus\nin Zusammenarbeit mit Konzeptk\u00fcnstler Ottmar H\u00f6rl eine \u00f6ffentlichkeitswirksame\nKunstaktion, die in K\u00fcrze vorgestellt wird. <\/p>\n\n\n\n<p>Landaus Stadtchef wei\u00df aber auch: 2021 wird\nzun\u00e4chst nicht weniger Herausforderungen mit sich bringen als 2020. \u201eUnser\nGesundheitssystem arbeitet am Limit, das hat die schwierige Situation Ende des\nJahres in unserem Klinikum gezeigt.\u201c Hirsch ist froh, dass mittlerweile\nschrittweise wieder auf Normalbetrieb umgestellt werden konnte. Aber: \u201eBis\nalle, die das wollen, auch geimpft werden konnten, m\u00fcssen wir weiter vern\u00fcnftig\nsein und auf uns selbst und unsere Mitmenschen achtgeben. Das sollte\nselbstverst\u00e4ndlich sein und ein Grundpfeiler unserer Wertegemeinschaft, in der wir\ngut und gerne leben.\u201c <\/p>\n\n\n\n<p>Hirsch erwartet, dass der bundesweite Lockdown \u00fcber den 10. Januar hinaus verl\u00e4ngert wird. Die Sitzung des st\u00e4dtischen Hauptausschusses am 12. Januar soll daher in Form einer Videoschalte abgehalten werden. Die Verwaltung um den OB wird in diese Sitzung auch den Haushaltsentwurf f\u00fcr das Jahr 2021 einbringen, der viele Spuren der Corona-Krise aufweist, gleichzeitig aber auch Investitionen in H\u00f6he von knapp 40 Millionen Euro in eine weiterhin nachhaltige Stadtentwicklung vorsieht.<\/p>\n\n\n\n<p><em>Stadt Landau in der Pfalz<br>14.01.2021<\/em><\/p>\n","protected":false},"excerpt":{"rendered":"<div class=\"mh-excerpt\"><p>Corona Landau und Landkreis S\u00dcW Coronavirus &#8211; Fallzahlen von Mittwoch, 13.01.2021 Nach aktuellem Stand (13.01.2021, 11:00 Uhr) haben sich seit der gestrigen Meldung 39 weitereF\u00e4lle des Coronavirus (COVID-19) im Landkreis S\u00fcdliche Weinstra\u00dfe und der Stadt <a class=\"mh-excerpt-more\" href=\"https:\/\/speyer24news.com\/?p=32247\" title=\"Landau und Landkreis S\u00dcW\">[&#8230;]<\/a><\/p>\n<\/div>","protected":false},"author":3,"featured_media":23857,"comment_status":"open","ping_status":"open","sticky":false,"template":"","format":"standard","meta":{"_monsterinsights_skip_tracking":false,"_monsterinsights_sitenote_active":false,"_monsterinsights_sitenote_note":"","_monsterinsights_sitenote_category":0,"footnotes":""},"categories":[675,1622],"tags":[9312,9304,9310,9295,8601,9292,6648,8766,9176,7076,7252,7251,9305,9303,9307,9293,9291,9289,9290,9309,5928,2787,58,9297,9296,9301,2865,7765,9243,9302,9311,9300,3499,9299,9298,5308,9294,9308],"aioseo_notices":[],"amp_enabled":true,"_links":{"self":[{"href":"https:\/\/speyer24news.com\/index.php?rest_route=\/wp\/v2\/posts\/32247"}],"collection":[{"href":"https:\/\/speyer24news.com\/index.php?rest_route=\/wp\/v2\/posts"}],"about":[{"href":"https:\/\/speyer24news.com\/index.php?rest_route=\/wp\/v2\/types\/post"}],"author":[{"embeddable":true,"href":"https:\/\/speyer24news.com\/index.php?rest_route=\/wp\/v2\/users\/3"}],"replies":[{"embeddable":true,"href":"https:\/\/speyer24news.com\/index.php?rest_route=%2Fwp%2Fv2%2Fcomments&post=32247"}],"version-history":[{"count":1,"href":"https:\/\/speyer24news.com\/index.php?rest_route=\/wp\/v2\/posts\/32247\/revisions"}],"predecessor-version":[{"id":32269,"href":"https:\/\/speyer24news.com\/index.php?rest_route=\/wp\/v2\/posts\/32247\/revisions\/32269"}],"wp:featuredmedia":[{"embeddable":true,"href":"https:\/\/speyer24news.com\/index.php?rest_route=\/wp\/v2\/media\/23857"}],"wp:attachment":[{"href":"https:\/\/speyer24news.com\/index.php?rest_route=%2Fwp%2Fv2%2Fmedia&parent=32247"}],"wp:term":[{"taxonomy":"category","embeddable":true,"href":"https:\/\/speyer24news.com\/index.php?rest_route=%2Fwp%2Fv2%2Fcategories&post=32247"},{"taxonomy":"post_tag","embeddable":true,"href":"https:\/\/speyer24news.com\/index.php?rest_route=%2Fwp%2Fv2%2Ftags&post=32247"}],"curies":[{"name":"wp","href":"https:\/\/api.w.org\/{rel}","templated":true}]}}