{"id":32290,"date":"2021-01-16T08:48:40","date_gmt":"2021-01-16T07:48:40","guid":{"rendered":"https:\/\/speyer24news.com\/?p=32290"},"modified":"2021-01-16T08:50:08","modified_gmt":"2021-01-16T07:50:08","slug":"corona-speyer-20","status":"publish","type":"post","link":"https:\/\/speyer24news.com\/?p=32290","title":{"rendered":"Corona \/ Speyer"},"content":{"rendered":"<style type=\"text\/css\">\r\n\t.ads_top_disp{}\r\n\t.ads_top_corner_disp{ float:left; margin:0px 10px 10px 0px; }\r\n\t.ads_first_p_disp{}\r\n\t.ads_bottom_disp{}\r\n\t<\/style>\n<h2 class=\"wp-block-heading\">Coronafallzahlen von Freitag (15.01.2021)<\/h2>\n\n\n\n<figure class=\"wp-block-image\"><img decoding=\"async\" loading=\"lazy\" width=\"800\" height=\"400\" src=\"https:\/\/speyer24news.com\/wp-content\/uploads\/2020\/02\/virus-1812092_1920.jpg\" alt=\"\" class=\"wp-image-25128\" srcset=\"https:\/\/speyer24news.com\/wp-content\/uploads\/2020\/02\/virus-1812092_1920.jpg 800w, https:\/\/speyer24news.com\/wp-content\/uploads\/2020\/02\/virus-1812092_1920-300x150.jpg 300w, https:\/\/speyer24news.com\/wp-content\/uploads\/2020\/02\/virus-1812092_1920-768x384.jpg 768w\" sizes=\"(max-width: 800px) 100vw, 800px\" \/><\/figure>\n\n\n\n<p>Anzahl best\u00e4tigter F\u00e4lle von Coronavirus (SARS-CoV-2)-Infektionen in der Stadt Speyer:&nbsp;1829 ( +6 )<br>Davon bereits genesen: 1492<br>Todesf\u00e4lle: 44 ( +1 ) <br>Gemeldete F\u00e4lle der letzten sieben Tage pro 100.000 Einwohner*innen:&nbsp;106,8 (unver\u00e4ndert)<br>Warnstufe: Rot<\/p>\n\n\n\n<p>Stand: 15.01.2021, 14:10 Uhr<\/p>\n\n\n\n<p><em>Landesuntersuchungsamt Rheinland-Pfalz<br>16.01.2021<\/em><\/p>\n\n\n\n<h2 class=\"wp-block-heading\">W\u00f6chentliche Pressekonferenz zur Coronasituation in Speyer<\/h2>\n\n\n\n<h3 class=\"wp-block-heading\"> 1.166 Impfungen in Speyer bisher<\/h3>\n\n\n\n<div class=\"wp-block-image\"><figure class=\"aligncenter\"><img decoding=\"async\" loading=\"lazy\" width=\"800\" height=\"533\" src=\"https:\/\/speyer24news.com\/wp-content\/uploads\/2021\/01\/PK-Impfen2.jpg\" alt=\"\" class=\"wp-image-32291\" srcset=\"https:\/\/speyer24news.com\/wp-content\/uploads\/2021\/01\/PK-Impfen2.jpg 800w, https:\/\/speyer24news.com\/wp-content\/uploads\/2021\/01\/PK-Impfen2-300x200.jpg 300w, https:\/\/speyer24news.com\/wp-content\/uploads\/2021\/01\/PK-Impfen2-768x512.jpg 768w\" sizes=\"(max-width: 800px) 100vw, 800px\" \/><figcaption>v.l.: Stadtfeuerwehrinspektor Peter Eymann und Oberb\u00fcrgermeisterin Stefanie Seiler<\/figcaption><\/figure><\/div>\n\n\n\n<p> &#8211; das ist der aktuelle Stand seit Beginn der Impfungen in den acht Senioren- und Pflegeeinrichtungen sowie von sechs Tagen Impfzentrum. Im Rahmen eines Pressegespr\u00e4chs informierten am heutigen Nachmittag Oberb\u00fcrgermeisterin <a href=\"https:\/\/www.facebook.com\/stefanieseilerspeyer\/?__cft__[0]=AZVOZzAkXtDqiQaVtngMfVyGhF32zzuer2E7vEsfy9Mq3O6EhMHJh0S42w39OQPy5TvdAeubdBWxuNGK63a_Tb7NKj2bsVjxuGT4_HI0UGpjanD6xFI8A-fgRieM7M3_l27MZGiWITm2LmZ3S7pGXfpO&amp;__tn__=kK-R\">Stefanie Seiler<\/a>, Stadtfeuerwehrinspekteur Peter Eymann, unser medizinischer Fachberater Dr. Peter Wresch und Kreisgesch\u00e4ftsf\u00fchrerin Caroline Diven vom <a href=\"https:\/\/www.facebook.com\/DRK-Kreisverband-Speyer-eV-105383236968128\/?__cft__[0]=AZVOZzAkXtDqiQaVtngMfVyGhF32zzuer2E7vEsfy9Mq3O6EhMHJh0S42w39OQPy5TvdAeubdBWxuNGK63a_Tb7NKj2bsVjxuGT4_HI0UGpjanD6xFI8A-fgRieM7M3_l27MZGiWITm2LmZ3S7pGXfpO&amp;__tn__=kK-R\">DRK Kreisverband Speyer e.V.<\/a> \u00fcber den Stand der Impfungen in Speyer und die Arbeit im Impfzentrum.<\/p>\n\n\n\n<h4 class=\"wp-block-heading\">Die Zahlen im \u00dcberblick<\/h4>\n\n\n\n<ul><li>1.166 Impfungen in den acht Senioren- und Pflegeeinrichtungen und dem Impfzentrum (345 Menschen an sechs \u00d6ffnungstagen geimpft) <\/li><li>Am Mittwoch, 13. Januar 2021, erhielt mit dem Seniorenzentrum Storchenpark die letzte Einrichtung Besuch vom mobilen DRK-Impfteam. Die zweiten Impfungen beginnen am Montag, 18. Januar 2021, in der Einrichtung, die Ende Dezember den Auftakt gemacht hat<\/li><li>Pro \u00d6ffnungstag im Impfzentrum in der Stadthalle derzeit 60 Impfungen gem\u00e4\u00df Impfstoffverf\u00fcgbarkeit m\u00f6glich<\/li><li>Bei ausreichendem Impfstoff 200 Impfungen pro \u00d6ffnungstag <\/li><li>Zweite Impfstra\u00dfe f\u00fcr die zweiten Impfungen bis Mitte Februar fertig<\/li><\/ul>\n\n\n\n<div class=\"wp-block-image\"><figure class=\"aligncenter\"><img decoding=\"async\" loading=\"lazy\" width=\"800\" height=\"533\" src=\"https:\/\/speyer24news.com\/wp-content\/uploads\/2021\/01\/PK-Impfen3.jpg\" alt=\"\" class=\"wp-image-32292\" srcset=\"https:\/\/speyer24news.com\/wp-content\/uploads\/2021\/01\/PK-Impfen3.jpg 800w, https:\/\/speyer24news.com\/wp-content\/uploads\/2021\/01\/PK-Impfen3-300x200.jpg 300w, https:\/\/speyer24news.com\/wp-content\/uploads\/2021\/01\/PK-Impfen3-768x512.jpg 768w\" sizes=\"(max-width: 800px) 100vw, 800px\" \/><figcaption>v.l.: Dr. Klaus-Peter Wresch, Medizinischer Fachberater der Stadt und Caroline Diven, Kreisgesch\u00e4ftsf\u00fchrerin DRK Speyer.<\/figcaption><\/figure><\/div>\n\n\n\n<p>Impfungen in den beiden Speyerer Krankenh\u00e4usern am Donnerstag angelaufen, bisweilen insgesamt mehr als 700 zus\u00e4tzliche Impfungen erfolgt. Oberb\u00fcrgermeisterin <a href=\"https:\/\/www.facebook.com\/stefanieseilerspeyer\/?__cft__[0]=AZVOZzAkXtDqiQaVtngMfVyGhF32zzuer2E7vEsfy9Mq3O6EhMHJh0S42w39OQPy5TvdAeubdBWxuNGK63a_Tb7NKj2bsVjxuGT4_HI0UGpjanD6xFI8A-fgRieM7M3_l27MZGiWITm2LmZ3S7pGXfpO&amp;__tn__=kK-R\">Stefanie Seiler<\/a> betonte: \u201eIch bin sehr dankbar, f\u00fcr die hohe Flexibilit\u00e4t der Mitarbeiterinnen und Mitarbeiter im Impfzentrum und der Einsatzkr\u00e4fte der mobilen Teams des DRK. Die Impfbereitschaft bei den \u00fcber 80-j\u00e4hrigen Personen ist sehr hoch und bisher gab es weder im Impfzentrum noch in einer Einrichtung Nebenwirkungen infolge der Impfung. Darauf k\u00f6nnen wir aufbauen und werden in den kommenden Woche hoffentlich die Auslastung von 200 Erst- und 200-Zweitimpfungen pro Tag im Impfzentrum erreichen.\u201c<\/p>\n\n\n\n<p><em>Text: Stadt Speyer Foto: Speyer 24\/7 News, mah<br>16.01.2021<\/em><\/p>\n\n\n\n<h3 class=\"wp-block-heading\">Anmerkung der Redaktion:<\/h3>\n\n\n\n<p>In den kommenden Wochen wird es jeden Freitag ein Pressegespr\u00e4ch zum Impfstatus in Speyer geben. Wenn auch ihr Fragen habt gerne uns per <a href=\"24newsspeyer@web.de\">Email<\/a>, Whatsapp (017647709206), Kommentar auf der Website oder <a href=\"https:\/\/www.facebook.com\/Speyer24News\">PN in Facebook<\/a> schicken, dann werden wir dies am kommenden Freitag mit in das Pressegespr\u00e4ch einbringen.<\/p>\n\n\n\n<p><em>Speyer 24\/7 News<br>16.01.2021<\/em><\/p>\n\n\n\n<h2 class=\"wp-block-heading\"><strong>Besuch von Bewohner*innen von Alten- und Pflegeheimen<\/strong><\/h2>\n\n\n\n<figure class=\"wp-block-image\"><img decoding=\"async\" loading=\"lazy\" width=\"800\" height=\"600\" src=\"https:\/\/speyer24news.com\/wp-content\/uploads\/2021\/01\/Alten-und-Pflegeheim.jpg\" alt=\"\" class=\"wp-image-32293\" srcset=\"https:\/\/speyer24news.com\/wp-content\/uploads\/2021\/01\/Alten-und-Pflegeheim.jpg 800w, https:\/\/speyer24news.com\/wp-content\/uploads\/2021\/01\/Alten-und-Pflegeheim-300x225.jpg 300w, https:\/\/speyer24news.com\/wp-content\/uploads\/2021\/01\/Alten-und-Pflegeheim-768x576.jpg 768w, https:\/\/speyer24news.com\/wp-content\/uploads\/2021\/01\/Alten-und-Pflegeheim-678x509.jpg 678w, https:\/\/speyer24news.com\/wp-content\/uploads\/2021\/01\/Alten-und-Pflegeheim-326x245.jpg 326w, https:\/\/speyer24news.com\/wp-content\/uploads\/2021\/01\/Alten-und-Pflegeheim-80x60.jpg 80w\" sizes=\"(max-width: 800px) 100vw, 800px\" \/><\/figure>\n\n\n\n<p>Die Stadt Speyer befindet sich in stetigem, engem Austausch mit den Alten- und Pflegeheimen der Stadt. Diese zeigten sich zuletzt besorgt hinsichtlich der Folgen f\u00fcr die Bewohner*innen, die ihre Angeh\u00f6rigen besuchen. Denn die Vorgaben im Zusammenhang mit der Eind\u00e4mmung des Corona-Infektionsgeschehens sehen es vor, dass die Bewohner*innen im Falle eines Aufenthaltes au\u00dferhalb ihrer Einrichtung f\u00fcr eine gewisse Zeit isoliert werden m\u00fcssen, um die anderen Bewohner*innen und die Mitarbeiter*innen der Einrichtung vor einer potenziellen Infektion zu sch\u00fctzen.<\/p>\n\n\n\n<p>Dies kann aber zum Teil schwere Auswirkungen auf die seelische Gesundheit der Betroffenen haben, wie B\u00fcrgermeisterin Monika Kabs nach Gespr\u00e4chen mit den Tr\u00e4gern der Einrichtungen zu Bedenken gibt: \u201eGerade in den Wintermonaten kann l\u00e4ngere Zeit ohne direkten Kontakt, Teilhabe und Bewegung au\u00dferhalb des eigenen Zimmers sehr belastend sein. Viele der Bewohner*innen leiden unter dieser Isolation, die zwar im Rahmen der Eind\u00e4mmung der Pandemie notwendig, f\u00fcr einige aber nicht in vollem Ma\u00dfe nachzuvollziehen ist. Ich habe gro\u00dfes Verst\u00e4ndnis daf\u00fcr und finde es sogar \u00fcberaus wichtig, dass die Menschen ihre Liebsten sehen und Zeit mit ihnen verbringen k\u00f6nnen. Gerade&nbsp;in dieser speziellen Situation d\u00fcrfen wir die \u00e4lteren Menschen nicht alleine lassen. Um nach dem Besuch bei der Familie aber nicht einer gro\u00dfen psychischen Belastung ausgesetzt zu sein, w\u00e4re ein Besuch in der Einrichtung sinnvoller und h\u00e4tte letztendlich f\u00fcr viele eine nachhaltigere ausgleichende Wirkung auf das seelische Befinden. Daher bitte ich diejenigen, die den Kontakt zu ihren Angeh\u00f6rigen in Alten- und Pflegeheimen suchen, dieser Option Gewicht zu verleihen und im Sinne ihrer Liebsten zu handeln.\u201c<\/p>\n\n\n\n<p><em>Speyer 24\/7 News<br>16.01.2021<\/em><\/p>\n","protected":false},"excerpt":{"rendered":"<div class=\"mh-excerpt\"><p>Coronafallzahlen von Freitag (15.01.2021) Anzahl best\u00e4tigter F\u00e4lle von Coronavirus (SARS-CoV-2)-Infektionen in der Stadt Speyer:&nbsp;1829 ( +6 )Davon bereits genesen: 1492Todesf\u00e4lle: 44 ( +1 ) Gemeldete F\u00e4lle der letzten sieben Tage pro 100.000 Einwohner*innen:&nbsp;106,8 (unver\u00e4ndert)Warnstufe: Rot <a class=\"mh-excerpt-more\" href=\"https:\/\/speyer24news.com\/?p=32290\" title=\"Corona \/ Speyer\">[&#8230;]<\/a><\/p>\n<\/div>","protected":false},"author":3,"featured_media":23902,"comment_status":"open","ping_status":"open","sticky":false,"template":"","format":"standard","meta":{"_monsterinsights_skip_tracking":false,"_monsterinsights_sitenote_active":false,"_monsterinsights_sitenote_note":"","_monsterinsights_sitenote_category":0,"footnotes":""},"categories":[9],"tags":[9325,9324,6401,8404,6367,6940,8725,6359,6370,5904,6358,7003,5801,6342,9323,9326,8075],"aioseo_notices":[],"amp_enabled":true,"_links":{"self":[{"href":"https:\/\/speyer24news.com\/index.php?rest_route=\/wp\/v2\/posts\/32290"}],"collection":[{"href":"https:\/\/speyer24news.com\/index.php?rest_route=\/wp\/v2\/posts"}],"about":[{"href":"https:\/\/speyer24news.com\/index.php?rest_route=\/wp\/v2\/types\/post"}],"author":[{"embeddable":true,"href":"https:\/\/speyer24news.com\/index.php?rest_route=\/wp\/v2\/users\/3"}],"replies":[{"embeddable":true,"href":"https:\/\/speyer24news.com\/index.php?rest_route=%2Fwp%2Fv2%2Fcomments&post=32290"}],"version-history":[{"count":2,"href":"https:\/\/speyer24news.com\/index.php?rest_route=\/wp\/v2\/posts\/32290\/revisions"}],"predecessor-version":[{"id":32295,"href":"https:\/\/speyer24news.com\/index.php?rest_route=\/wp\/v2\/posts\/32290\/revisions\/32295"}],"wp:featuredmedia":[{"embeddable":true,"href":"https:\/\/speyer24news.com\/index.php?rest_route=\/wp\/v2\/media\/23902"}],"wp:attachment":[{"href":"https:\/\/speyer24news.com\/index.php?rest_route=%2Fwp%2Fv2%2Fmedia&parent=32290"}],"wp:term":[{"taxonomy":"category","embeddable":true,"href":"https:\/\/speyer24news.com\/index.php?rest_route=%2Fwp%2Fv2%2Fcategories&post=32290"},{"taxonomy":"post_tag","embeddable":true,"href":"https:\/\/speyer24news.com\/index.php?rest_route=%2Fwp%2Fv2%2Ftags&post=32290"}],"curies":[{"name":"wp","href":"https:\/\/api.w.org\/{rel}","templated":true}]}}