{"id":32301,"date":"2021-01-17T07:51:22","date_gmt":"2021-01-17T06:51:22","guid":{"rendered":"https:\/\/speyer24news.com\/?p=32301"},"modified":"2021-01-17T07:51:24","modified_gmt":"2021-01-17T06:51:24","slug":"polizei-470","status":"publish","type":"post","link":"https:\/\/speyer24news.com\/?p=32301","title":{"rendered":"Polizei"},"content":{"rendered":"<style type=\"text\/css\">\r\n\t.ads_top_disp{}\r\n\t.ads_top_corner_disp{ float:left; margin:0px 10px 10px 0px; }\r\n\t.ads_first_p_disp{}\r\n\t.ads_bottom_disp{}\r\n\t<\/style>\n<h2 class=\"wp-block-heading\">Polizeinachrichten vom Samstag (16.01.2021)<\/h2>\n\n\n\n<div class=\"wp-block-image\"><figure class=\"aligncenter\"><img decoding=\"async\" src=\"https:\/\/speyer24news.com\/wp-content\/uploads\/2020\/01\/Aktuelles-Polizeilogo.jpg\" alt=\"\" class=\"wp-image-23832\"\/><\/figure><\/div>\n\n\n\n<h4 class=\"wp-block-heading\">(Speyer) &#8211; Kontrollstelle im Stadtgebiet<\/h4>\n\n\n\n<p>Am St.- Guido- Stifts- Platz in Speyer wurden am 15.01. zwischen 20:50 &#8211; 21:40 Uhr zehn Fahrzeuge kontrolliert. Hier leiteten die Polizeibeamten gegen f\u00fcnf Verkehrsteilnehmer ein Ordnungswidrigkeitenverfahren wegen nicht mitgef\u00fchrter Gegenst\u00e4nde bzw. Dokumente ein. Weiterhin wurde diesen 5 Verkehrsteilnehmern ein M\u00e4ngelbericht ausgeh\u00e4ndigt. <\/p>\n\n\n\n<h4 class=\"wp-block-heading\">(Speyer) &#8211; Zeugen nach Verkehrsunfallflucht gesucht<\/h4>\n\n\n\n<p>Am 15.01.2021 um 09:25 Uhr kam es in der Paul- Egell- Stra\u00dfe in Speyer zu einer Verkehrsunfallflucht. Im Begegnungsverkehr touchierten sich die jeweiligen Au\u00dfenspiegel eines Hyundai i30, sowie eines schwarzen BMWs. Der Au\u00dfenspiegel des Hyundai wurde hierbei besch\u00e4digt. <\/p>\n\n\n\n<p>Nachdem die Fahrerin des Hyundai den Zusammensto\u00df bemerkte, hielt sie an und wollte zur Fahrerin des gegnerischen Fahrzeugs laufen. Die  Fahrerin des BMW gab jedoch Gas und entfernte sich unerlaubt von der  Unfallstelle. <\/p>\n\n\n\n<p>Bei dem fl\u00fcchtigen Fahrzeug soll es sich um einen schwarzen BMW,  vermutlich mit RP- Kennzeichen gehandelt haben. Hinweise zur Verkehrsunfallfl\u00fcchtigen nimmt die Polizei Speyer unter der Tel. 06232-1370 oder per E-Mail an <a href=\"mailto:pispeyer@polizei.rlp.de\">pispeyer@polizei.rlp.de<\/a>  entgegen.<\/p>\n\n\n\n<h4 class=\"wp-block-heading\">(Otterstadt) &#8211; Einbruchsdiebstahl in Wohnmobil<\/h4>\n\n\n\n<p>Am 15.01.2021 gegen 19:30 Uhr kam es in Otterstadt erneut zu einem  Diebstahl aus einem Fahrzeug. In der Mannheimer Stra\u00dfe wurde an einem Wohnmobil die Scheibe der Beifahrert\u00fcr eingeschlagen und das Fahrzeug anschlie\u00dfend durchw\u00fchlt. Es wurden Alkoholika, sowie ca. 50EUR  Bargeld entwendet. Bereits im Zeitraum vom 12.01.- 14.01. kam er zu insgesamt sechs Einbr\u00fcchen in Fahrzeuge.<\/p>\n\n\n\n<h4 class=\"wp-block-heading\">(R\u00fclzheim) -Verkehrsunfallflucht<\/h4>\n\n\n\n<p>An Hauswand h\u00e4ngen geblieben und abgehauen!<\/p>\n\n\n\n<p>Ein bis dato unbekannter Fahrzeugf\u00fchrer befuhr am Donnerstag, 14.01.2021, zwischen 11.00 Uhr &#8211; 18.00 Uhr, mit seinem Pkw die Grabengasse Richtung Mittlere Ortsstra\u00dfe in R\u00fclzheim. Aus bis dato ungekl\u00e4rter Ursache streifte er eine Ecke der Hauswand. Es entstand Sachschaden in H\u00f6he von ca. 500,- Euro. Der Unfallverursacher machte sich aus dem Staub! Zeugenhinweise nimmt die Polizei in Germersheim, Tel.: 07274-9580 entgegen.<\/p>\n\n\n\n<h4 class=\"wp-block-heading\">(W\u00f6rth) &#8211; Gefahr durch Eisplatten auf einem Lkw<\/h4>\n\n\n\n<p>Im Rahmen der Streife fiel auf der A65 in Fahrtrichtung Norden ein Lkw auf, von dessen Aufbau sich Eisplatten l\u00f6sten und auf die Fahrbahn fielen. Bei der folgenden Kontrolle wurde festgestellt, dass sich auf dem Aufbau eine etwa 10-15cm dicke gefrorene Schneeschicht befand. Dem Fahrer wurde bis zur Entfernung des Eises die Weiterfahrt untersagt. Ein entsprechendes Verfahren wurde eingeleitet. Zu konkreten Gef\u00e4hrdungen kam es nicht.<\/p>\n\n\n\n<p>Seitens der Polizei wird an alle Verkehrsteilnehmer appelliert, ihr Fahrzeuge vor Fahrtantritt von Schnee und Eis zu befreien.<\/p>\n\n\n\n<h4 class=\"wp-block-heading\">(Grenz\u00fcbergang Bienwald) &#8211; \u00dcberladener Lkw<\/h4>\n\n\n\n<p>Bei Grenzkontrollen konnte durch die Bundespolizei am Grenz\u00fcbergang Bienwald ein polnischer Lkw festgestellt werden, der offensichtlich stark \u00fcberladen war. Aus den Papieren ergab sich eine \u00dcberladung um fast das doppelte des erlaubten Gewichts. Die Weiterfahrt wurde untersagt und durch die Spedition musste ein Ersatzfahrzeug zur Kontrollstelle entsandt werden. Ein entsprechendes Verfahren wurde eingeleitet und vor Ort eine Sicherheitsleistung erhoben.<\/p>\n\n\n\n<h4 class=\"wp-block-heading\">(Kandel) &#8211; Wiederholtes Fahren ohne Fahrerlaubnis<\/h4>\n\n\n\n<p>Am 15.01.2021 konnte gegen 09:30 Uhr in Kandel ein bereits aus vorherigen Eins\u00e4tzen bekanntes Fahrzeug im Stra\u00dfenverkehr festgestellt werden. Der Fahrer wurde einer Verkehrskontrolle unterzogen. Dabei ergab sich, dass es sich um den ebenfalls bereits bekannten Fahrer handelte, welcher nicht im Besitz einer g\u00fcltigen Fahrerlaubnis ist. Erneut wurde ein entsprechendes Strafverfahren eingeleitet.<\/p>\n\n\n\n<h4 class=\"wp-block-heading\">(Bad Bergzabern) &#8211; Kanalschachtabdeckung entfernt<\/h4>\n\n\n\n<p>Am 16.1.21, gg. 04:20, wurden Anwohner der Neubergstra\u00dfe durch lauten L\u00e4rm wach und informierten die Polizei Bad Bergzabern. Bei der \u00dcberpr\u00fcfung wurde festgestellt, dass ein Kanaldeckel herausgerissen und in den Kanal geworfen worden war. Weiterhin lag ein Blumenk\u00fcbel im Kanal. Bei der Tat verletzte sich der T\u00e4ter augenscheinlich. Im Rahmen der weiteren \u00dcberpr\u00fcfung wurde ein 28 Jahre alter Tatverd\u00e4chtiger mit frischen Verletzungen an den H\u00e4nden ermittelt. Dieser bestreitet die Tat bisher. Der Bereich musste abgesperrt werden, da durch die ausgehobene Abdeckung eine Gefahr f\u00fcr den flie\u00dfenden Verkehr besteht. Woher der bepflanzte Blumenk\u00fcbel kommt ist bisher unbekannt. Die Ermittlungen dauern noch an.<\/p>\n\n\n\n<h4 class=\"wp-block-heading\">(Bad Bergzabern) &#8211; Betrunken gefahren<\/h4>\n\n\n\n<p>Ein 40 Jahre alter PKW-Fahrer wurde anl\u00e4sslich einer Routinekontrolle am 16.1.21 gg. 00:45 Uhr in Bad Bergzabern angehalten. Hierbei wurde Atemalkohol festgestellt. Ein Test erbrachte hierzu einen Wert, welcher eine Fortsetzung der Fahrt nicht mehr zulie\u00df. Es droht ein Bu\u00dfgeld von 500.- EUR und ein F\u00fchrerscheinentzug f\u00fcr 1 Monat.<\/p>\n\n\n\n<h4 class=\"wp-block-heading\">(Herxheim) &#8211; Unfallflucht<\/h4>\n\n\n\n<p>Am fr\u00fchen Morgen des 15. Januar 2021 kam es bei noch vorherrschender Dunkelheit gegen 05:35 Uhr zu einem Verkehrsunfall im Verlauf der L543 von Herxheim in Richtung Insheim ca. 300m nach dem Kreisverkehr vorm M\u00f6belhaus Weber. Ein am Unfall beteiligter PKW-Fahrer entfernte sich von der Unfall\u00f6rtlichkeit, nachdem er zuvor beinahe einen Frontalzusammensto\u00df verursachte und es nur durch schnelle Reaktion zu blo\u00dfem Kontakt und Sachschaden beider Au\u00dfenspiegel kam. Die Polizei bittet Zeugen des Unfalls, sich telefonisch unter 06341\/2870 oder per E-Mail an\u00a0<a href=\"mailto:pilandau@polizei.rlp.de\">pilandau@polizei.rlp.de<\/a>\u00a0bei der Polizeiinspektion Landau zu melden.<\/p>\n\n\n\n<h4 class=\"wp-block-heading\">(Landau) &#8211; Trunkenheitsfahrt<\/h4>\n\n\n\n<p>In der Nacht auf den 16. Januar wurde im Rahmen einer Verkehrskontrolle wegen eines defekten Scheinwerfers festgestellt, dass der Fahrzeugf\u00fchrer unter dem Einfluss von Bet\u00e4ubungsmitteln fuhr. Dem 25-j\u00e4hrigen Mann aus dem Bereich der VG Edenkoben wurde eine Blutprobe entnommen, sein F\u00fchrerschein sichergestellt und ihn erwartet neben einer Mitteilung an die Fahrerlaubnisbeh\u00f6rde ein Fahrverbot und ein Bu\u00dfgeld in H\u00f6he von 500 Euro.<\/p>\n\n\n\n<h4 class=\"wp-block-heading\">(Edenkoben) &#8211; Ladendiebstahl in Supermarkt<\/h4>\n\n\n\n<p>Am Freitagmittag, den 15.01.2012 um 13:00 Uhr, nahm ein 41-J\u00e4hriger scheinbar f\u00e4lschlicher Weise an, dass Auslagen eines Supermarktes gratis seien. Der Mann aus dem Raum Edenkoben steckte n\u00e4mlich Artikel im Wert von rund 35 EUR in seine Jackentasche, ohne der Ansicht zu sein, diese bezahlen zu m\u00fcssen. Dies fiel dem Ladendetektiv auf, der den Mann ansprach und die Polizei hinzuzog. Die Konsequenz daraus d\u00fcrfte ihn nun deutlich teurer kommen, als der Einkauf selbst. Ihn erwartet nun ein Strafverfahren wegen Ladendiebstahls.<\/p>\n\n\n\n<h4 class=\"wp-block-heading\">(Neustadt \/ OT Gimmeldingen) &#8211; Starke Rauchentwicklung im &#8222;Gelbw\u00e4rts&#8220; \/ Holzofen f\u00fchrt zu Dachstuhlbrand<a href=\"https:\/\/www.facebook.com\/sharer.php?u=https%3A%2F%2Fwww.presseportal.de%2Fblaulicht%2Fpm%2F117687%2F4813942%2F%3Futm_source%3Dfacebook%26utm_medium%3Dsocial\"><\/a><a href=\"https:\/\/twitter.com\/intent\/tweet?text=POL-PDNW%3A%20Neustadt%2FWeinstra%C3%9Fe%20OT%20Gimmeldingen%2C%20Starke%20Rauchentwicklung%20im%20%22Gelbw%C3%A4rts%22-%20Holzofen%20f%C3%BChrt%20zu%20Dachstuhlbrand&amp;url=https%3A%2F%2Fwww.presseportal.de%2Fblaulicht%2Fpm%2F117687%2F4813942%2F%3Futm_source%3Dtwitter%26utm_medium%3Dsocial&amp;hashtags=ots&amp;lang=de\"><\/a><a href=\"https:\/\/web.whatsapp.com\/send?text=POL-PDNW%3A%20Neustadt%2FWeinstra%C3%9Fe%20OT%20Gimmeldingen%2C%20Starke%20Rauchentwicklung%20im%20%22Gelbw%C3%A4rts%22-%20Holzofen%20f%C3%BChrt%20zu%20Dachstuhlbrand%0A%0Ahttps%3A%2F%2Fwww.presseportal.de%2Fblaulicht%2Fpm%2F117687%2F4813942%2F%3Futm_source%3Dwhatsapp%26utm_medium%3Dsocial\"><\/a><a href=\"https:\/\/www.xing.com\/app\/user?op=share;url=https%3A%2F%2Fwww.presseportal.de%2Fblaulicht%2Fpm%2F117687%2F4813942%2F%3Futm_source%3Dxing%26utm_medium%3Dsocial\"><\/a><a href=\"http:\/\/www.linkedin.com\/shareArticle?mini=true&amp;url=https%3A%2F%2Fwww.presseportal.de%2Fblaulicht%2Fpm%2F117687%2F4813942%2F%3Futm_source%3Dlinkedin%26utm_medium%3Dsocial&amp;title=POL-PDNW%3A+Neustadt%2FWeinstra%C3%9Fe+OT+Gimmeldingen%2C+Starke+Rauchentwicklung+im+%22Gelbw%C3%A4rts%22-+Holzofen+f%C3%BChrt+zu+Dachstuhlbrand\"><\/a><a href=\"mailto:?subject=POL-PDNW%3A%20Neustadt%2FWeinstra%C3%9Fe%20OT%20Gimmeldingen%2C%20Starke%20Rauchentwicklung%20im%20%22Gelbw%C3%A4rts%22-%20Holzofen%20f%C3%BChrt%20zu%20Dachstuhlbrand&amp;body=https:\/\/www.presseportal.de\/blaulicht\/pm\/117687\/4813942\"><\/a><\/h4>\n\n\n\n<div class=\"wp-block-image\"><figure class=\"aligncenter\"><img decoding=\"async\" loading=\"lazy\" width=\"800\" height=\"746\" src=\"https:\/\/speyer24news.com\/wp-content\/uploads\/2021\/01\/Brand.jpg\" alt=\"\" class=\"wp-image-32302\" srcset=\"https:\/\/speyer24news.com\/wp-content\/uploads\/2021\/01\/Brand.jpg 800w, https:\/\/speyer24news.com\/wp-content\/uploads\/2021\/01\/Brand-300x280.jpg 300w, https:\/\/speyer24news.com\/wp-content\/uploads\/2021\/01\/Brand-768x716.jpg 768w\" sizes=\"(max-width: 800px) 100vw, 800px\" \/><\/figure><\/div>\n\n\n\n<p>Am 16.01.2021 gegen 14:20 Uhr gingen mehrere Notrufe von Anwohnern ein, welche starke Rauchentwicklung aus einem leerstehenden Wohnhaus im Gelbw\u00e4rts im Ortsteil Gimmeldingen melden. Vor Ort konnte durch die eingesetzten Polizeibeamten sowie die Feuerwehr festgestellt werden, dass der Dachstuhl des seit Jahren leerstehenden Wohnhauses aus zun\u00e4chst ungekl\u00e4rter Ursache in Brand geraten war. Der Brand konnte mittels \u00d6ffnung des Dachstuhls nach einer Dreiviertelstunde unter Kontrolle gebracht und schlie\u00dflich gel\u00f6scht werden. M\u00f6glicherweise wurde der Brand durch einen unsachgem\u00e4\u00df installierten oder betriebenen Holzofen verursacht. Die polizeilichen Ermittlungen dauern an. Es entstand ein Sachschaden in H\u00f6he von ca. 10.000EUR. Im Einsatz waren die Feuerwehren Gimmeldingen, K\u00f6nigsbach, Mu\u00dfbach sowie Neustadt\/W. mit insgesamt 60 Einsatzkr\u00e4ften und 16 Einsatzfahrzeugen.<\/p>\n\n\n\n<h4 class=\"wp-block-heading\">(Bad D\u00fcrkheim) &#8211; Sachbesch\u00e4digung an Pkw<\/h4>\n\n\n\n<p>In der Nacht von Donnerstag auf Freitag, 15.01.2021, wurde der Pkw BMW in Bad D\u00fcrkheim (Grethen) in der Kaiserslauterer Stra\u00dfe besch\u00e4digt. Der Gesch\u00e4digte konnte einen langen Kratzer auf der Beifahrerseite feststellen. Der Schaden bel\u00e4uft sich auf ca. 1000 EUR.<\/p>\n\n\n\n<p>Zeugen die den Vorfall beobachtet oder Angaben machen k\u00f6nnen, sollen sich bitte bei der Polizeiinspektion Bad D\u00fcrkheim entweder telefonisch unter der 06322\/9630 oder per Mail unter der&nbsp;<a href=\"mailto:pibadduerkheim@polizei.rlp.de\">pibadduerkheim@polizei.rlp.de<\/a>&nbsp;melden.<\/p>\n\n\n\n<h4 class=\"wp-block-heading\">(Bad D\u00fcrkheim) &#8211; Widerstand gegen Polizeibeamte \/ Taser kam zum Einsatz<\/h4>\n\n\n\n<figure class=\"wp-block-image\"><img decoding=\"async\" src=\"https:\/\/speyer24news.com\/wp-content\/uploads\/2020\/11\/Taser-PI-LU.jpg\" alt=\"\" class=\"wp-image-31409\"\/><\/figure>\n\n\n\n<p>Ein 48-j\u00e4hriger Patient eines Krankenhaueses in Bad D\u00fcrkheim sollte zur \u00dcberwachung auf eine andere Station verlegt werden. Da er sich gegen die Verlegung str\u00e4ubte, wurde die Polizei hinzugezogen, um die Verlegung auch mit Zwangsma\u00dfnahmen zu unterst\u00fctzen. Der Patient war mit der Verlegung aufgrund seines alkoholisierten Zustands nicht einverstanden. Zudem mischte sich der 38-j\u00e4hriger Mitbewohner ein. Dieser drohte den eingesetzten Beamten &#8222;Schl\u00e4ge&#8220; an, wenn sein Freund verlegt werden w\u00fcrde. Weiterhin drohte er damit sich auf dem Fenster zu st\u00fcrzen, sollte sein Freund verlegt werden. Daher ordnete der Arzt auch die Verlegung des Freundes an. Der Patient wurde daher am Arm gepackt. Hiergegen sperrte er sich und schlug wild nach den eingesetzten Polizeibeamten. Ein Polizeibeamter setzte hierauf Pfefferspray ein, dass jedoch keine Wirkung zeigte. Daher wurde durch eine Polizeibeamtin das Distanzelektroimpulsger\u00e4t (Taser) eingesetzt. W\u00e4hrend der Ma\u00dfnahmen bedrohten und beleidigten die beiden die eingesetzten Beamten auf das massivste. Beide Personen konnten gefesselt und zur Station verbracht werden. Die eingesetzten Beamten und auch die beiden Patienten blieben unverletzt.<\/p>\n\n\n\n<h4 class=\"wp-block-heading\">(Ludwigshafen) &#8211; Besch\u00e4digung eines Funkstreifenwagens<\/h4>\n\n\n\n<p>Am Samstagmorgen, gegen 04:00 Uhr, suchte eine Funkstreife den angrenzenden Bereich der Pfalzgrafenstra\u00dfe nach dort randalierenden Personen ab. Hierbei konnte ein Radfahrer festgestellt werden, welcher beim Erblicken des Funkwagens sofort die Flucht ergriff. In der W\u00f6rthstra\u00dfe sprang der Fl\u00fcchtende von seinem Fahrrad und stie\u00df dieses gegen den hinter ihm befindlichen Streifenfahrzeug, so dass dieses hierdurch besch\u00e4digt wurde. Der nun zu Fu\u00df fl\u00fcchtende 21 j\u00e4hrige Ludwigshafener konnte durch die Beamten eingeholt und festgehalten werden. Dieser stand unter dem Einfluss von Alkohol und Bet\u00e4ubungsmittel, so dass ihm eine Blutprobe entnommen wurde.<\/p>\n\n\n\n<p>Zeugen werden gebeten, sich telefonisch unter 0621\/963-2222 oder per Email unter\u00a0<a href=\"mailto:piludwigshafen2@polizei.rlp.de\">piludwigshafen2@polizei.rlp.de<\/a>\u00a0zu melden<\/p>\n\n\n\n<h4 class=\"wp-block-heading\">(Ludwigshafen) &#8211; Versuchter Einbruchsdiebstahl<\/h4>\n\n\n\n<p>Anl\u00e4sslich eines von einem Supermarkt ausgehenden akustischen und optischen Alarmes wurden mehrere Funkstreifenwagenbesatzungen Freitagnacht gegen 23:00 Uhr in die Hagellochstra\u00dfe entsandt. An dem Geb\u00e4ude konnte an einer T\u00fcre frische Aufbruchspuren festgestellt werden. Die Polizeiinspektion Ludwigshafen 2 bittet um Hinweise, insbesondere zu Personen, welche sich zu diesem Zeitpunkt im Bereich der genannten \u00d6rtlichkeit aufgehalten haben.<\/p>\n\n\n\n<p>Zeugen werden gebeten, sich telefonisch unter 0621\/963-2222 oder per Email unter&nbsp;<a href=\"mailto:piludwigshafen2@polizei.rlp.de\">piludwigshafen2@polizei.rlp.de<\/a>&nbsp;zu melden<\/p>\n\n\n\n<h4 class=\"wp-block-heading\">(Ludwigshafen) &#8211; Einkaufswagenpflicht endete mit K\u00f6rperverletzung<\/h4>\n\n\n\n<p>Am Freitag, 15.01.2021, zwischen 18.00 und 18.15 Uhr, kam es in einem Einkaufsmarkt im Rathauscenter zuerst zu einer verbalen Auseinandersetzung zwischen einem 46j\u00e4hrigen Mann aus Ludwigshafen und einem 38j\u00e4hrigen Sicherheitsdienstmitarbeiter des Einkaufsmarktes. Grund f\u00fcr den Streit war die derzeitige Regelung des Einkaufsmarktes, dass man ohne Einkaufswagen den Markt nicht betreten darf. Nach dem verbalen Streit verlie\u00df der 46j\u00e4hrige Mann wutentbrannt das Rathauscenter und kam kurze Zeit sp\u00e4ter mit seinem 48j\u00e4hrigen Bruder wieder in den Einkaufsmarkt. Die beiden M\u00e4nner h\u00e4tten sich jetzt an eine 34j\u00e4hrige Kassiererin des Marktes gewandt und auf diese verbal eingewirkt. Die beiden M\u00e4nner wurden daraufhin von einem 30j\u00e4hrigen Mitarbeiter des Gesch\u00e4ftes verwiesen. Der 48j\u00e4hrige Mann packte den 30j\u00e4hrigen Mitarbeiter deswegen am Hals und schlug diesem unvermittelt in den Gesichtsbereich. Au\u00dferdem schlug auch der 46j\u00e4hrige Mann dem 30j\u00e4hrigen Mitarbeiter in das Gesicht. Kurz nach diesem k\u00f6rperlichen \u00dcbergriff der beiden M\u00e4nner auf den Mitarbeiter des Einkaufsmarktes, trafen mehrere Polizeibeamte vor Ort ein. Da die beiden M\u00e4nner auch aggressiv gegen\u00fcber den Polizeibeamten auftraten, mussten die beiden M\u00e4nner gefesselt und einer der M\u00e4nner zu Boden gebracht werden. Beide M\u00e4nner wurden im Anschluss zwecks weitere polizeilicher Ma\u00dfnahmen auf die Dienststelle verbracht. Nachdem bei dem stark alkoholisierten 48j\u00e4hrigen Beschuldigten eine Blutprobe entnommen wurde, konnte die beiden Br\u00fcder wieder die Polizeidienststelle verlassen. Gegen die beiden Br\u00fcder wurde ein Strafverfahren wegen gef\u00e4hrlicher K\u00f6rperverletzung eingeleitet.<\/p>\n\n\n\n<p>Zeugen werden gebeten mit der Polizeiinspektion Ludwigshafen 1 Kontakt aufzunehmen, Tel. 0621 963-2122 oder per E-Mail&nbsp;<a href=\"mailto:piludwigshafen1@polizei.rlp.de\">piludwigshafen1@polizei.rlp.de<\/a><\/p>\n\n\n\n<h4 class=\"wp-block-heading\">(Ludwigshafen) &#8211; Fahrraddiebstahl am Hauptbahnhof Ludwigshafen<\/h4>\n\n\n\n<p>Am Freitag, 15.01.2021, gegen 17.20 Uhr, meldete ein 20j\u00e4hriger Mann aus Eppelheim, dass zwei M\u00e4nner gerade sein Klapprad aus der S-Bahn am Hauptbahnhof Ludwigshafen entwendet h\u00e4tten. Der Gesch\u00e4digte konnte den T\u00e4tern nicht folgen, da die S-Bahn bereits weiterfuhr. Am Hauptbahnhof Ludwigshafen konnten zwei M\u00e4nner (19 und 20 Jahre alt), welche beide in Speyer gemeldet sind, in Begleitung des entwendeten Klapprades beim Verlassen des Hauptbahnhofs durch die Polizei angetroffen und einer Personenkontrolle unterzogen werden. Das Klapprad wurde sichergestellt und konnte sp\u00e4ter wieder an den 20j\u00e4hrigen Besitzer ausgeh\u00e4ndigt werden. Gegen die beiden 19 und 20 Jahre alten M\u00e4nner wurde ein Strafverfahren bzgl. des Fahrraddiebstahls eingeleitet.<\/p>\n\n\n\n<p>Zeugen werden gebeten mit der Polizeiinspektion Ludwigshafen 1 Kontakt aufzunehmen, Tel. 0621 963-2122 oder per E-Mail&nbsp;<a href=\"mailto:piludwigshafen1@polizei.rlp.de\">piludwigshafen1@polizei.rlp.de<\/a><\/p>\n\n\n\n<h4 class=\"wp-block-heading\">(Ludwigshafen) &#8211; Diebstahl unter Mitf\u00fchrung eines Messers<\/h4>\n\n\n\n<p>In der Oppauer Stra\u00dfe beging ein 43 j\u00e4hriger Ludwigshafener am Freitagnachmittag in einem Supermarkt einen Ladendiebstahl. Hierbei f\u00fchrte er ein K\u00fcchenmesser mit sich. Mit diesem bedrohte er eine Stunde zuvor seinen Vater im Stadtteil S\u00fcd. Aufgrund des Umstandes, dass der 43 j\u00e4hrige psychische Auff\u00e4lligkeiten zeigte, wurde er in einer Fachklinik aufgenommen.<\/p>\n\n\n\n<p>Zeugen werden gebeten, sich telefonisch unter 0621\/963-2222 oder per Email unter\u00a0<a href=\"mailto:piludwigshafen2@polizei.rlp.de\">piludwigshafen2@polizei.rlp.de<\/a>\u00a0zu melden<\/p>\n\n\n\n<h4 class=\"wp-block-heading\">(Mannheim-Innenstadt) &#8211; Geburtstagsparty f\u00fcr Kind veranstaltet \/ 22 Erwachsene und f\u00fcnf Kinder als G\u00e4ste angetroffen<\/h4>\n\n\n\n<div class=\"wp-block-image\"><figure class=\"aligncenter\"><img decoding=\"async\" loading=\"lazy\" width=\"500\" height=\"500\" src=\"https:\/\/speyer24news.com\/wp-content\/uploads\/2020\/02\/virus-4810549_1920.png\" alt=\"\" class=\"wp-image-25116\" srcset=\"https:\/\/speyer24news.com\/wp-content\/uploads\/2020\/02\/virus-4810549_1920.png 500w, https:\/\/speyer24news.com\/wp-content\/uploads\/2020\/02\/virus-4810549_1920-150x150.png 150w, https:\/\/speyer24news.com\/wp-content\/uploads\/2020\/02\/virus-4810549_1920-300x300.png 300w\" sizes=\"(max-width: 500px) 100vw, 500px\" \/><\/figure><\/div>\n\n\n\n<p>Am Freitag gegen 18.40 Uhr beendete die Polizei mit mehreren Streifen eine f\u00fcr ein dreij\u00e4hriges Kind veranstaltete Geburtstagsparty in den Innenstadt-Quadraten. Zeugen waren durch ein reges Besucheraufkommen im Treppenhaus aufmerksam geworden und hatten die Polizei verst\u00e4ndigt. Vor Ort wurden in der 4-Zimmer-Wohnung wurden neben den Veranstaltern 27 Geburtstagsg\u00e4ste, darunter f\u00fcnf Kinder festgestellt. Insgesamt waren f\u00fcnf Streifenbesatzungen im Einsatz. Nach Feststellung der Personalien wurden Platzverweise ausgesprochen, denen die Besucher auch nachkamen. Alle Beteiligten wurden wegen Verst\u00f6\u00dfe gegen die Corona-Verordnung zur Anzeige gebracht.<\/p>\n\n\n\n<h4 class=\"wp-block-heading\">(Mannheim-K\u00e4fertal) &#8211; Polizei beendet Geburtstagsparty mit 23 Personen<\/h4>\n\n\n\n<div class=\"wp-block-image\"><figure class=\"aligncenter\"><img decoding=\"async\" loading=\"lazy\" width=\"500\" height=\"500\" src=\"https:\/\/speyer24news.com\/wp-content\/uploads\/2020\/02\/virus-4810549_1920.png\" alt=\"\" class=\"wp-image-25116\" srcset=\"https:\/\/speyer24news.com\/wp-content\/uploads\/2020\/02\/virus-4810549_1920.png 500w, https:\/\/speyer24news.com\/wp-content\/uploads\/2020\/02\/virus-4810549_1920-150x150.png 150w, https:\/\/speyer24news.com\/wp-content\/uploads\/2020\/02\/virus-4810549_1920-300x300.png 300w\" sizes=\"(max-width: 500px) 100vw, 500px\" \/><\/figure><\/div>\n\n\n\n<p>Am Freitag gegen 18.15 Uhr wurde durch Zeugen eine Party mit mehreren Personen im Bereich B\u00e4ckerweg gemeldet. Wie die eingesetzten Beamten anschlie\u00dfend feststellten, handelte es sich hierbei um eine Geburtstagsparty, die f\u00fcr den Familienvater veranstaltet wurde. Insgesamt befanden sich 13 Erwachsene und 10 Kinder in der 2-Zimmer-Wohnung des Mehrfamilienhauses. Die Personalien der Personen wurden festgestellt. Den 18 anwesenden G\u00e4sten wurden Platzverweise erteilt, die befolgt wurden. Anzeigen wegen der Verst\u00f6\u00dfe gegen die Corona-Verordnung folgen.<\/p>\n\n\n\n<h4 class=\"wp-block-heading\">(Heidelberg) &#8211; Linksabbieger kollidiert mit entgegenkommenden Pkw \/ Zwei Leichtverletzte &#8211; jeweils Totalschaden<\/h4>\n\n\n\n<p>Bei einem Verkehrsunfall am Freitag um 21.15 Uhr auf dem Iqbalufer wurden die beiden Fahrer leicht verletzt, an den beiden Autos entstand Totalschaden. Ein 24-j\u00e4hriger Fiat-Fahrer war nach links in Richtung Vangerowstra\u00dfe abgebogen und dabei mit dem Fiat einer entgegenkommenden 47-j\u00e4hrigen Autofahrerin zusammengesto\u00dfen, Bei dem Zusammenprall l\u00f6sten die Airbags an beiden Autos aus, der Sachschaden bel\u00e4uft sich auf etwa 11.000 Euro. Nach der medizinischen Erstversorgung an der Unfallstelle wurden die beiden Beteiligten mit Rettungsfahrzeugen in eine Klinik gebracht. Die Autos wurden abgeschleppt, zur Fahrbahnreinigung musste eine Spezialfirma verst\u00e4ndigt werden.<\/p>\n\n\n\n<h4 class=\"wp-block-heading\">(Hockenheim \/ Rhein-Neckar-Kreis) &#8211; T\u00f6tungsdelikt bei Familienstreit \/ 35-j\u00e4hriger Tatverd\u00e4chtiger festgenommen &#8211; Staatsanwaltschaft Mannheim und Kriminalpolizei ermitteln<\/h4>\n\n\n\n<div class=\"wp-block-image\"><figure class=\"aligncenter\"><img decoding=\"async\" src=\"https:\/\/speyer24news.com\/wp-content\/uploads\/2020\/05\/Zelle-1.jpg\" alt=\"\" class=\"wp-image-27457\"\/><\/figure><\/div>\n\n\n\n<p>Bei einem Familienstreit in einer Wohnung in einem Mehrfamilienhaus wurde am Freitagabend gegen 22.20 Uhr der 59-j\u00e4hrige Bewohner get\u00f6tet. Ein erheblich alkoholisierter 35-j\u00e4hriger Tatverd\u00e4chtiger wurde noch am Tatort festgenommen. Die Ermittlungen der Staatsanwaltschaft Mannheim und des Kriminalkommissariats Mannheim dauern derzeit an.<\/p>\n\n\n\n<h4 class=\"wp-block-heading\">(Meckesheim \/ Rhein-Neckar-Kreis) &#8211; Gegen geparkten Mercedes gefahren und gefl\u00fcchtet \/ 5.000 Euro Sachschaden &#8211; Zeugen gesucht<\/h4>\n\n\n\n<p>Ein unbekannter Autofahrer hat am Freitag zwischen 18 und 22.10 Uhr vermutlich beim R\u00fcckw\u00e4rtsfahren einen auf dem REWE-Parkplatz in der Industriestra\u00dfe abgestellten Mercedes gerammt. Anschlie\u00dfend fl\u00fcchtete der Fahrer von der Unfallstelle ohne sich um den entstandenen Schaden in H\u00f6he von ca. 5.000 Euro zu k\u00fcmmern. Zeugen, die sachdienliche Hinweise auf den Unfallverursacher geben k\u00f6nnen, werden gebeten sich unter Telefon 06223\/92540 beim Polizeirevier Neckargem\u00fcnd zu melden.<\/p>\n\n\n\n<h4 class=\"wp-block-heading\">(Dossenheim \/ A 5 \/ Rhein-Neckar-Kreis) &#8211; Unerlaubtes Autorennen mit hoher Geschwindigkeit \/ Zusammenprall an der Ausfahrt &#8211; F\u00fchrerscheine beschlagnahmt &#8211; weitere Zeugen und Gesch\u00e4digte gesucht<\/h4>\n\n\n\n<p>Zwei Autofahrer haben sich am Freitagmorgen gegen 8.50 Uhr auf der A 5 zwischen dem Autobahnkreuz Weinheim und der Anschlussstelle Dossenheim ein Autorennen geliefert. Beim Abfahren an der Ausfahrt Dossenheim kam es zur Kollision zwischen den beiden Autos, dabei entstand Sachschaden von ca. 7.000 Euro. Nach den bisherigen Ermittlungen trafen ein 18-j\u00e4hriger Fahrer eines BMW Mini und ein 54-j\u00e4hriger Mercedes-Fahrer am Autobahnkreuz Weinheim aufeinander. Dabei soll der Mercedesfahrer auf den linken Fahrstreifen gewechselt haben, wodurch der 18-J\u00e4hrige von 180 km\/h auf ca. 100 km\/h abbremsen musste. Anschlie\u00dfend sollen beide hintereinander mit etwa 180 km\/h \u00fcber die Autobahn gerast sein, wobei der 54-J\u00e4hrige wiederholt stark abgebremst und beschleunigt haben soll. Der 18-J\u00e4hrige soll dagegen wiederholt Lichthupe gegeben haben und den Mercedesfahrer durch dichtes Auffahren gen\u00f6tigt haben. Ein Zeuge gab an, dass er auf den Standstreifen auswich, als die beiden Raser &#8222;angeschossen&#8220; kamen. Beiden beteiligten Fahrern wurden die F\u00fchrerscheine beschlagnahmt. Weitere Zeugen sowie Fahrer, die durch die r\u00fccksichtslose Fahrweise gef\u00e4hrdet wurden, werden gebeten, sich unter Telefon 0621\/470930 beim Autobahnpolizeirevier Mannheim-Seckenheim zu melden.<\/p>\n\n\n\n<h4 class=\"wp-block-heading\">(Ladenburg \/ Rhein-Neckar-Kreis) &#8211; Sprengung eines Geldautomaten \/ Diebstahlsschaden noch unbekannt &#8211; Sachschaden ca. 50.000 Euro &#8211; weitere Zeugen gesucht<\/h4>\n\n\n\n<figure class=\"wp-block-image\"><img decoding=\"async\" src=\"https:\/\/speyer24news.com\/wp-content\/uploads\/2021\/01\/Gesprengter-Geldautomat-Beispielfoto.jpg\" alt=\"\" class=\"wp-image-32303\"\/><figcaption>Beispielfoto eines gesprengten Geldautomatens<\/figcaption><\/figure>\n\n\n\n<p>Zwei m\u00e4nnliche T\u00e4ter brachten am fr\u00fchen Samstagmorgen, gegen 4 Uhr, den Geldautomaten im Bankraum des Erdgeschosses eines Mehrfamilienhauses auf dem Cornel-Serr-Platz auf bislang ungekl\u00e4rte Art und Weise zur Explosion. Dadurch wurde der Automat aufgerissen und die Verglasung des Bankraums v\u00f6llig zerst\u00f6rt. Anwohner, die durch die Detonation aufmerksam wurden, sahen, wie die T\u00e4ter mit einem Fahrzeug mit hoher Geschwindigkeit \u00fcber den Hinteren Rindweg fl\u00fcchteten. Die mit allen verf\u00fcgbaren Kr\u00e4ften sofort eingeleitete Fahndung mit Unterst\u00fctzung eines Polizeihubschraubers verlief bislang ohne Ergebnis.<\/p>\n\n\n\n<p>Laut eines Zeugen war einer der T\u00e4ter schwarz maskiert und schwarz bekleidet, er unterhielt sich mit dem zweiten T\u00e4ter in einer vermutlich slawischen Sprache.<\/p>\n\n\n\n<p>Die Zentrale Kriminaltechnik der Kriminalpolizeidirektion Heidelberg hat die Spurensicherung \u00fcbernommen. Die H\u00f6he des angerichteten Sachschadens bel\u00e4uft sich auf ca. 50.000 Euro. Die H\u00f6he der Beute steht bislang noch nicht fest.<\/p>\n\n\n\n<p>Weitere Zeugen, die Hinweise zur Tat, zu den T\u00e4tern und\/oder verd\u00e4chtigen Fahrzeugen geben k\u00f6nnen, werden gebeten, sich mit der Kriminalpolizei unter Tel.: 0621\/174-4444 in Verbindung zu setzen.<\/p>\n","protected":false},"excerpt":{"rendered":"<div class=\"mh-excerpt\"><p>Polizeinachrichten vom Samstag (16.01.2021) (Speyer) &#8211; Kontrollstelle im Stadtgebiet Am St.- Guido- Stifts- Platz in Speyer wurden am 15.01. zwischen 20:50 &#8211; 21:40 Uhr zehn Fahrzeuge kontrolliert. Hier leiteten die Polizeibeamten gegen f\u00fcnf Verkehrsteilnehmer ein <a class=\"mh-excerpt-more\" href=\"https:\/\/speyer24news.com\/?p=32301\" title=\"Polizei\">[&#8230;]<\/a><\/p>\n<\/div>","protected":false},"author":3,"featured_media":0,"comment_status":"open","ping_status":"open","sticky":false,"template":"","format":"standard","meta":{"_monsterinsights_skip_tracking":false,"_monsterinsights_sitenote_active":false,"_monsterinsights_sitenote_note":"","_monsterinsights_sitenote_category":0,"footnotes":""},"categories":[12],"tags":[3614,61,2555,6955,6986,6263,63,105,6987,53,4854,4683,1548,102,213,55,5261,103,106,2803,2423,427,2625,380,104,979,1565],"aioseo_notices":[],"amp_enabled":true,"_links":{"self":[{"href":"https:\/\/speyer24news.com\/index.php?rest_route=\/wp\/v2\/posts\/32301"}],"collection":[{"href":"https:\/\/speyer24news.com\/index.php?rest_route=\/wp\/v2\/posts"}],"about":[{"href":"https:\/\/speyer24news.com\/index.php?rest_route=\/wp\/v2\/types\/post"}],"author":[{"embeddable":true,"href":"https:\/\/speyer24news.com\/index.php?rest_route=\/wp\/v2\/users\/3"}],"replies":[{"embeddable":true,"href":"https:\/\/speyer24news.com\/index.php?rest_route=%2Fwp%2Fv2%2Fcomments&post=32301"}],"version-history":[{"count":1,"href":"https:\/\/speyer24news.com\/index.php?rest_route=\/wp\/v2\/posts\/32301\/revisions"}],"predecessor-version":[{"id":32304,"href":"https:\/\/speyer24news.com\/index.php?rest_route=\/wp\/v2\/posts\/32301\/revisions\/32304"}],"wp:attachment":[{"href":"https:\/\/speyer24news.com\/index.php?rest_route=%2Fwp%2Fv2%2Fmedia&parent=32301"}],"wp:term":[{"taxonomy":"category","embeddable":true,"href":"https:\/\/speyer24news.com\/index.php?rest_route=%2Fwp%2Fv2%2Fcategories&post=32301"},{"taxonomy":"post_tag","embeddable":true,"href":"https:\/\/speyer24news.com\/index.php?rest_route=%2Fwp%2Fv2%2Ftags&post=32301"}],"curies":[{"name":"wp","href":"https:\/\/api.w.org\/{rel}","templated":true}]}}