{"id":32316,"date":"2021-01-17T09:02:27","date_gmt":"2021-01-17T08:02:27","guid":{"rendered":"https:\/\/speyer24news.com\/?p=32316"},"modified":"2021-01-17T09:02:29","modified_gmt":"2021-01-17T08:02:29","slug":"rhein-pfalz-kreis-58","status":"publish","type":"post","link":"https:\/\/speyer24news.com\/?p=32316","title":{"rendered":"Rhein-Pfalz-Kreis"},"content":{"rendered":"<style type=\"text\/css\">\r\n\t.ads_top_disp{}\r\n\t.ads_top_corner_disp{ float:left; margin:0px 10px 10px 0px; }\r\n\t.ads_first_p_disp{}\r\n\t.ads_bottom_disp{}\r\n\t<\/style>\n<h2 class=\"wp-block-heading\"><strong>Coronavirus: Aktuelle Fallzahlen im Zust\u00e4ndigkeitsbereich des Gesundheitsamtes Rhein-Pfalz-Kreis<\/strong><\/h2>\n\n\n\n<figure class=\"wp-block-image\"><img decoding=\"async\" loading=\"lazy\" width=\"800\" height=\"400\" src=\"https:\/\/speyer24news.com\/wp-content\/uploads\/2020\/02\/virus-1812092_1920.jpg\" alt=\"\" class=\"wp-image-25128\" srcset=\"https:\/\/speyer24news.com\/wp-content\/uploads\/2020\/02\/virus-1812092_1920.jpg 800w, https:\/\/speyer24news.com\/wp-content\/uploads\/2020\/02\/virus-1812092_1920-300x150.jpg 300w, https:\/\/speyer24news.com\/wp-content\/uploads\/2020\/02\/virus-1812092_1920-768x384.jpg 768w\" sizes=\"(max-width: 800px) 100vw, 800px\" \/><\/figure>\n\n\n\n<h3 class=\"wp-block-heading\">Freitag, 15.01.2021<\/h3>\n\n\n\n<p>Die Kreisverwaltung Rhein-Pfalz-Kreis wird ab\nsofort eine ge\u00e4nderte \u00dcbersicht der Infektionszahlen aus ihrem\nZust\u00e4ndigkeitsbereich des Gesundheitsamtes \u00fcbermitteln. In den\nZust\u00e4ndigkeitsbereich des Gesundheitsamtes Rhein-Pfalz-Kreis geh\u00f6ren neben dem Landkreis\nauch die St\u00e4dte Ludwigshafen, Frankenthal und Speyer. <\/p>\n\n\n\n<p>Insgesamt wurden uns folgende\nFallzahlen genannt:<\/p>\n\n\n\n<table class=\"wp-block-table\"><tbody><tr><td>\n  <strong>Landkreis \/ Stadt \/ Gemeinde<\/strong>\n  <\/td><td>\n  <strong>Infizierte seit Beginn der Pandemie<\/strong>\n  <\/td><td>\n  <strong>Aktuell infizierte Personen<\/strong>\n  <\/td><td>\n  <strong>Heute neu infizierte Personen<\/strong>\n  <\/td><td>\n  <strong>Gesundete bzw. nicht mehr infizierte Personen<\/strong>\n  <\/td><td>\n  <strong>Leider an oder mit Covid-19 verstorbene Personen<\/strong>\n  <\/td><\/tr><tr><td>\n  Altrip\n  <\/td><td>\n  168\n  <\/td><td>\n  67\n  <\/td><td>\n  3\n  <\/td><td>\n  94\n  <\/td><td>\n  7\n  <\/td><\/tr><tr><td>\n  Beindersheim\n  <\/td><td>\n  68\n  <\/td><td>\n  9\n  <\/td><td>\n  1\n  <\/td><td>\n  59\n  <\/td><td>\n  &nbsp;\n  <\/td><\/tr><tr><td>\n  Birkenheide\n  <\/td><td>\n  51\n  <\/td><td>\n  6\n  <\/td><td>\n  1\n  <\/td><td>\n  44\n  <\/td><td>\n  1\n  <\/td><\/tr><tr><td>\n  Bobenheim-Roxheim\n  <\/td><td>\n  170\n  <\/td><td>\n  37\n  <\/td><td>\n  2\n  <\/td><td>\n  133\n  <\/td><td>\n  &nbsp;\n  <\/td><\/tr><tr><td>\n  B\u00f6hl-Iggelheim\n  <\/td><td>\n  283\n  <\/td><td>\n  21\n  <\/td><td>\n  &nbsp;\n  <\/td><td>\n  256\n  <\/td><td>\n  6\n  <\/td><\/tr><tr><td>\n  Dannstadt-Schauernheim\n  <\/td><td>\n  177\n  <\/td><td>\n  9\n  <\/td><td>\n  1\n  <\/td><td>\n  167\n  <\/td><td>\n  1\n  <\/td><\/tr><tr><td>\n  Dudenhofen\n  <\/td><td>\n  261\n  <\/td><td>\n  25\n  <\/td><td>\n  5\n  <\/td><td>\n  230\n  <\/td><td>\n  6\n  <\/td><\/tr><tr><td>\n  Fu\u00dfg\u00f6nheim\n  <\/td><td>\n  47\n  <\/td><td>\n  7\n  <\/td><td>\n  3\n  <\/td><td>\n  38\n  <\/td><td>\n  2\n  <\/td><\/tr><tr><td>\n  Gro\u00dfniedesheim\n  <\/td><td>\n  33\n  <\/td><td>\n  &nbsp;\n  <\/td><td>\n  &nbsp;\n  <\/td><td>\n  33\n  <\/td><td>\n  &nbsp;\n  <\/td><\/tr><tr><td>\n  Hanhofen\n  <\/td><td>\n  59\n  <\/td><td>\n  4\n  <\/td><td>\n  &nbsp;\n  <\/td><td>\n  55\n  <\/td><td>\n  &nbsp;\n  <\/td><\/tr><tr><td>\n  Harthausen\n  <\/td><td>\n  95\n  <\/td><td>\n  13\n  <\/td><td>\n  1\n  <\/td><td>\n  75\n  <\/td><td>\n  7\n  <\/td><\/tr><tr><td>\n  He\u00dfheim\n  <\/td><td>\n  56\n  <\/td><td>\n  3\n  <\/td><td>\n  &nbsp;\n  <\/td><td>\n  52\n  <\/td><td>\n  1\n  <\/td><\/tr><tr><td>\n  Heuchelheim\n  <\/td><td>\n  13\n  <\/td><td>\n  1\n  <\/td><td>\n  &nbsp;\n  <\/td><td>\n  12\n  <\/td><td>\n  &nbsp;\n  <\/td><\/tr><tr><td>\n  Hochdorf-Assenheim\n  <\/td><td>\n  53\n  <\/td><td>\n  1\n  <\/td><td>\n  &nbsp;\n  <\/td><td>\n  51\n  <\/td><td>\n  1\n  <\/td><\/tr><tr><td>\n  Kleinniedesheim\n  <\/td><td>\n  20\n  <\/td><td>\n  3\n  <\/td><td>\n  &nbsp;\n  <\/td><td>\n  17\n  <\/td><td>\n  &nbsp;\n  <\/td><\/tr><tr><td>\n  Lambsheim\n  <\/td><td>\n  109\n  <\/td><td>\n  10\n  <\/td><td>\n  &nbsp;\n  <\/td><td>\n  97\n  <\/td><td>\n  2\n  <\/td><\/tr><tr><td>\n  Limburgerhof\n  <\/td><td>\n  207\n  <\/td><td>\n  28\n  <\/td><td>\n  1\n  <\/td><td>\n  173\n  <\/td><td>\n  6\n  <\/td><\/tr><tr><td>\n  Maxdorf\n  <\/td><td>\n  225\n  <\/td><td>\n  19\n  <\/td><td>\n  3\n  <\/td><td>\n  193\n  <\/td><td>\n  13\n  <\/td><\/tr><tr><td>\n  Mutterstadt\n  <\/td><td>\n  398\n  <\/td><td>\n  18\n  <\/td><td>\n  2\n  <\/td><td>\n  364\n  <\/td><td>\n  16\n  <\/td><\/tr><tr><td>\n  Neuhofen\n  <\/td><td>\n  185\n  <\/td><td>\n  77\n  <\/td><td>\n  21\n  <\/td><td>\n  103\n  <\/td><td>\n  5\n  <\/td><\/tr><tr><td>\n  Otterstadt\n  <\/td><td>\n  100\n  <\/td><td>\n  8\n  <\/td><td>\n  1\n  <\/td><td>\n  92\n  <\/td><td>\n  &nbsp;\n  <\/td><\/tr><tr><td>\n  R\u00f6dersheim-Gronau\n  <\/td><td>\n  59\n  <\/td><td>\n  10\n  <\/td><td>\n  1\n  <\/td><td>\n  47\n  <\/td><td>\n  2\n  <\/td><\/tr><tr><td>\n  R\u00f6merberg\n  <\/td><td>\n  312\n  <\/td><td>\n  36\n  <\/td><td>\n  1\n  <\/td><td>\n  272\n  <\/td><td>\n  4\n  <\/td><\/tr><tr><td>\n  Schifferstadt\n  <\/td><td>\n  643\n  <\/td><td>\n  68\n  <\/td><td>\n  2\n  <\/td><td>\n  563\n  <\/td><td>\n  12\n  <\/td><\/tr><tr><td>\n  Waldsee\n  <\/td><td>\n  140\n  <\/td><td>\n  16\n  <\/td><td>\n  &nbsp;\n  <\/td><td>\n  122\n  <\/td><td>\n  2\n  <\/td><\/tr><tr><td>\n  &nbsp;\n  <\/td><td>\n  &nbsp;\n  <\/td><td>\n  &nbsp;\n  <\/td><td>\n  &nbsp;\n  <\/td><td>\n  &nbsp;\n  <\/td><td>\n  &nbsp;\n  <\/td><\/tr><tr><td>\n  <strong>LK Rhein-Pfalz-Kreis<\/strong>\n  <\/td><td>\n  <strong>3990<\/strong>\n  <\/td><td>\n  <strong>502<\/strong>\n  <\/td><td>\n  <strong>51<\/strong>\n  <\/td><td>\n  <strong>3392<\/strong>\n  <\/td><td>\n  <strong>96<\/strong>\n  <\/td><\/tr><tr><td>\n  <strong>Stadt Frankenthal<\/strong>\n  <\/td><td>\n  <strong>1184<\/strong>\n  <\/td><td>\n  <strong>111<\/strong>\n  <\/td><td>\n  <strong>1<\/strong>\n  <\/td><td>\n  <strong>1044<\/strong>\n  <\/td><td>\n  <strong>29<\/strong>\n  <\/td><\/tr><tr><td>\n  <strong>Stadt Ludwigshafen<\/strong>\n  <\/td><td>\n  <strong>6010<\/strong>\n  <\/td><td>\n  <strong>772<\/strong>\n  <\/td><td>\n  <strong>61<\/strong>\n  <\/td><td>\n  <strong>5051<\/strong>\n  <\/td><td>\n  <strong>187<\/strong>\n  <\/td><\/tr><tr><td>\n  <strong>Stadt Speyer<\/strong>\n  <\/td><td>\n  <strong>1830<\/strong>\n  <\/td><td>\n  <strong>129<\/strong>\n  <\/td><td>\n  <strong>4<\/strong>\n  <\/td><td>\n  <strong>1666<\/strong>\n  <\/td><td>\n  <strong>35<\/strong>\n  <\/td><\/tr><tr><td>\n  &nbsp;\n  <\/td><td>\n  &nbsp;\n  <\/td><td>\n  &nbsp;\n  <\/td><td>\n  &nbsp;\n  <\/td><td>\n  &nbsp;\n  <\/td><td>\n  &nbsp;\n  <\/td><\/tr><tr><td>\n  _AH *\n  <\/td><td>\n  5\n  <\/td><td>\n  &nbsp;\n  <\/td><td>\n  &nbsp;\n  <\/td><td>\n  5\n  <\/td><td>\n  &nbsp;\n  <\/td><\/tr><tr><td>\n  _FT *\n  <\/td><td>\n  9\n  <\/td><td>\n  2\n  <\/td><td>\n  &nbsp;\n  <\/td><td>\n  7\n  <\/td><td>\n  &nbsp;\n  <\/td><\/tr><tr><td>\n  _LU *\n  <\/td><td>\n  27\n  <\/td><td>\n  4\n  <\/td><td>\n  2\n  <\/td><td>\n  22\n  <\/td><td>\n  1\n  <\/td><\/tr><tr><td>\n  _SP *\n  <\/td><td>\n  17\n  <\/td><td>\n  &nbsp;\n  <\/td><td>\n  &nbsp;\n  <\/td><td>\n  16\n  <\/td><td>\n  1\n  <\/td><\/tr><\/tbody><\/table>\n\n\n\n<p>_AH *: Personen mit Hauptwohnsitz au\u00dferhalb des\nZust\u00e4ndigkeitsbereiches des Gesundheitsamts aber mit fehlerhaften Meldekreis\n\u201eLK Rhein-Pfalz-Kreis\u201c<\/p>\n\n\n\n<p>_FT *: Personen mit Hauptwohnsitz in Frankenthal aber mit fehlerhaften\nMeldekreis \u201eLK Rhein-Pfalz-Kreis\u201c<\/p>\n\n\n\n<p>_LU *: Personen mit Hauptwohnsitz in Ludwigshafen aber mit\nfehlerhaften Meldekreis \u201eLK Rhein-Pfalz-Kreis\u201c<\/p>\n\n\n\n<p>_SP *: Personen mit Hauptwohnsitz in Speyer aber mit\nfehlerhaften Meldekreis \u201eLK Rhein-Pfalz-Kreis\u201c<\/p>\n\n\n\n<p>Ob die F\u00e4lle \u201eFT\u201c, \u201eLU\u201c &amp; \u201eSP\u201c nachtr\u00e4glich richtig\nzugeordnet werden k\u00f6nnen, wird derzeit noch gepr\u00fcft. <\/p>\n\n\n\n<h4 class=\"wp-block-heading\"><strong>Die Todeszahlen aus\ndem Zust\u00e4ndigkeitsbereich:<\/strong><\/h4>\n\n\n\n<table class=\"wp-block-table\"><tbody><tr><td>\n  &nbsp;\n  <\/td><td>\n  15.01.2021\n  <\/td><\/tr><tr><td>\n  SK\n  Ludwigshafen\n  <\/td><td>\n  0\n  <\/td><\/tr><tr><td>\n  SK\n  Frankenthal\n  <\/td><td>\n  0\n  <\/td><\/tr><tr><td>\n  SK\n  Speyer\n  <\/td><td>\n  0\n  <\/td><\/tr><tr><td>\n  LK\n  Rhein-Pfalz-Kreis\n  <\/td><td>\n  20\n  <\/td><\/tr><tr><td>\n  Summe:\n  <\/td><td>\n  20\n  <\/td><\/tr><\/tbody><\/table>\n\n\n\n<p>Die betroffenen Gemeinden im Rhein-Pfalz-Kreis:<\/p>\n\n\n\n<p>Neuhofen, Mutterstadt 10x, B\u00f6hl-Iggelheim 3x, Maxdorf 6x<\/p>\n\n\n\n<p>Einrichtungen mit <strong>neuen<\/strong>\nCov19 Meldungen:<\/p>\n\n\n\n<table class=\"wp-block-table\"><tbody><tr><td>\n  <strong>&nbsp;<\/strong>\n  <strong>Lage<\/strong>\n  <\/td><td><\/td><td>\n  <strong>Typ<\/strong>\n  <\/td><td>\n  <strong>Name<\/strong>\n  <\/td><\/tr><tr><td>\n  RPK\n  <\/td><td>\n  Altrip\n  <\/td><td>\n  Pflege\n  <\/td><td>\n  Altenheim\n  Waldparkresidenz\n  <\/td><\/tr><\/tbody><\/table>\n\n\n\n<p>Weiterhin sind die Zahlen der mit dem\nCoronavirus infizierten Personen seit Beginn des Ausbruchs und die aktuellen\nZahlen sind auf den Seiten des Ministeriums f\u00fcr Soziales, Arbeit, Gesundheit\nund Demografie unter <a href=\"http:\/\/www.msagd.rlp.de\">www.msagd.rlp.de<\/a> oder www.corona.rlp einzusehen. <\/p>\n\n\n\n<p>Die Kreisverwaltung Rhein-Pfalz-Kreis weist darauf hin, dass es zu geringf\u00fcgigen Differenzen durch zeitlich versetzte Eingabezeiten zu den Zahlen des Landesuntersuchungsamtes bzw. des Robert-Koch-Institutes kommen kann.<\/p>\n\n\n\n<p>Stand: 15.01.2021 <\/p>\n\n\n\n<p><em>Kreisverwaltung Rhein-Pfalz-Kreis<br>17.01.2021<\/em><\/p>\n\n\n\n<h3 class=\"wp-block-heading\">Donnerstag, 14.01.2021<\/h3>\n\n\n\n<p>In den Zust\u00e4ndigkeitsbereich des\nGesundheitsamtes Rhein-Pfalz-Kreis geh\u00f6ren neben dem Rhein-Pfalz-Kreis auch die\nSt\u00e4dte Ludwigshafen, Frankenthal und Speyer. <\/p>\n\n\n\n<p>Die Zahlen der mit dem Coronavirus infizierten\nPersonen seit Beginn des Ausbruchs und die aktuellen Zahlen sind auf den Seiten\ndes Ministeriums f\u00fcr Soziales, Arbeit, Gesundheit und Demografie unter <a href=\"http:\/\/www.msagd.rlp.de\">www.msagd.rlp.de<\/a> einzusehen.<\/p>\n\n\n\n<p>Insgesamt wurden uns seit gestern (13.01.) folgende\nFallzahlen f\u00fcr die St\u00e4dte genannt:<\/p>\n\n\n\n<table class=\"wp-block-table\"><tbody><tr><td>\n  <strong>Frankenthal<\/strong>\n  <\/td><td>\n  15\n  <\/td><\/tr><tr><td>\n  <strong>Ludwigshafen<\/strong>\n  <\/td><td>\n  69\n  <\/td><\/tr><tr><td>\n  <strong>Speyer<\/strong>\n  <\/td><td>\n  9\n  <\/td><\/tr><\/tbody><\/table>\n\n\n\n<p>Aus dem <strong>Rhein-Pfalz-Kreis<\/strong>\nwurden uns seit gestern insgesamt\n<strong>29 <\/strong>infiziertePersonen gemeldet. Davon k\u00f6nnen auf\ndie Gemeinden zugordnet werden:<\/p>\n\n\n\n<table class=\"wp-block-table\"><tbody><tr><td>\n  <strong>Gemeinde<\/strong>\n  <\/td><td>\n  <strong>Gesamt<\/strong>\n  <\/td><\/tr><tr><td>\n  <strong>Altrip<\/strong>\n  <\/td><td>\n  0\n  <\/td><\/tr><tr><td>\n  <strong>Beindersheim<\/strong>\n  <\/td><td>\n  1\n  <\/td><\/tr><tr><td>\n  <strong>Birkenheide<\/strong>\n  <\/td><td>\n  0\n  <\/td><\/tr><tr><td>\n  <strong>Bobenheim-Roxheim<\/strong>\n  <\/td><td>\n  2\n  <\/td><\/tr><tr><td>\n  <strong>B\u00f6hl-Iggelheim<\/strong>\n  <\/td><td>\n  2\n  <\/td><\/tr><tr><td>\n  <strong>Dannstadt-Schauernheim<\/strong>\n  <\/td><td>\n  1\n  <\/td><\/tr><tr><td>\n  <strong>Dudenhofen<\/strong>\n  <\/td><td>\n  2\n  <\/td><\/tr><tr><td>\n  <strong>Fu\u00dfg\u00f6nheim<\/strong>\n  <\/td><td>\n  0\n  <\/td><\/tr><tr><td>\n  <strong>Gro\u00dfniedesheim<\/strong>\n  <\/td><td>\n  0\n  <\/td><\/tr><tr><td>\n  <strong>Hanhofen<\/strong>\n  <\/td><td>\n  0\n  <\/td><\/tr><tr><td>\n  <strong>Harthausen<\/strong>\n  <\/td><td>\n  3\n  <\/td><\/tr><tr><td>\n  <strong>He\u00dfheim<\/strong>\n  <\/td><td>\n  0\n  <\/td><\/tr><tr><td>\n  <strong>Heuchelheim<\/strong>\n  <\/td><td>\n  0\n  <\/td><\/tr><tr><td>\n  <strong>Hochdorf-Assenheim<\/strong>\n  <\/td><td>\n  0\n  <\/td><\/tr><tr><td>\n  <strong>Kleinniedesheim<\/strong>\n  <\/td><td>\n  0\n  <\/td><\/tr><tr><td>\n  <strong>Lambsheim<\/strong>\n  <\/td><td>\n  2\n  <\/td><\/tr><tr><td>\n  <strong>Limburgerhof<\/strong>\n  <\/td><td>\n  1\n  <\/td><\/tr><tr><td>\n  <strong>Maxdorf<\/strong>\n  <\/td><td>\n  2\n  <\/td><\/tr><tr><td>\n  <strong>Mutterstadt<\/strong>\n  <\/td><td>\n  1\n  <\/td><\/tr><tr><td>\n  <strong>Neuhofen<\/strong>\n  <\/td><td>\n  2\n  <\/td><\/tr><tr><td>\n  <strong>Otterstadt<\/strong>\n  <\/td><td>\n  1\n  <\/td><\/tr><tr><td>\n  <strong>R\u00f6dersheim-Gronau<\/strong>\n  <\/td><td>\n  2\n  <\/td><\/tr><tr><td>\n  <strong>R\u00f6merberg<\/strong>\n  <\/td><td>\n  5\n  <\/td><\/tr><tr><td>\n  <strong>Schifferstadt<\/strong>\n  <\/td><td>\n  0\n  <\/td><\/tr><tr><td>\n  <strong>Waldsee<\/strong>\n  <\/td><td>\n  1\n  <\/td><\/tr><\/tbody><\/table>\n\n\n\n<h4 class=\"wp-block-heading\"><strong>Betroffene\nEinrichtungen mit neuen Corona-Infektionen:<\/strong><\/h4>\n\n\n\n<p><strong>Ludwigshafen:<\/strong> <br>Vitanas Senioren Centrum am Rheinufer<\/p>\n\n\n\n<p>Weiterhin wurden uns leider auch <strong>17<\/strong> Todesf\u00e4lle aus dem Zust\u00e4ndigkeitsbereich des Gesundheitsamtes genannt:<\/p>\n\n\n\n<ul><li>Ludwigshafen:\u00a0 0<\/li><li>Frankenthal: 1<\/li><li>Speyer: 5<\/li><li>Rhein-Pfalz-Kreis: 11 (Dudenhofen 5, Harthausen 1, Mutterstadt 2, R\u00f6merberg 3)<\/li><\/ul>\n\n\n\n<p><em>Stand: 14.01.2021<\/em><\/p>\n\n\n\n<p><em>Kreisverwaltung Rhein-Pfalz-Kreis<br>17.01.2021<\/em><\/p>\n","protected":false},"excerpt":{"rendered":"<div class=\"mh-excerpt\"><p>Coronavirus: Aktuelle Fallzahlen im Zust\u00e4ndigkeitsbereich des Gesundheitsamtes Rhein-Pfalz-Kreis Freitag, 15.01.2021 Die Kreisverwaltung Rhein-Pfalz-Kreis wird ab sofort eine ge\u00e4nderte \u00dcbersicht der Infektionszahlen aus ihrem Zust\u00e4ndigkeitsbereich des Gesundheitsamtes \u00fcbermitteln. In den Zust\u00e4ndigkeitsbereich des Gesundheitsamtes Rhein-Pfalz-Kreis geh\u00f6ren neben <a class=\"mh-excerpt-more\" href=\"https:\/\/speyer24news.com\/?p=32316\" title=\"Rhein-Pfalz-Kreis\">[&#8230;]<\/a><\/p>\n<\/div>","protected":false},"author":3,"featured_media":0,"comment_status":"open","ping_status":"open","sticky":false,"template":"","format":"standard","meta":{"_monsterinsights_skip_tracking":false,"_monsterinsights_sitenote_active":false,"_monsterinsights_sitenote_note":"","_monsterinsights_sitenote_category":0,"footnotes":""},"categories":[1564],"tags":[6401,8741,8742,5904,8706,5801,6634,427,1565],"aioseo_notices":[],"amp_enabled":true,"_links":{"self":[{"href":"https:\/\/speyer24news.com\/index.php?rest_route=\/wp\/v2\/posts\/32316"}],"collection":[{"href":"https:\/\/speyer24news.com\/index.php?rest_route=\/wp\/v2\/posts"}],"about":[{"href":"https:\/\/speyer24news.com\/index.php?rest_route=\/wp\/v2\/types\/post"}],"author":[{"embeddable":true,"href":"https:\/\/speyer24news.com\/index.php?rest_route=\/wp\/v2\/users\/3"}],"replies":[{"embeddable":true,"href":"https:\/\/speyer24news.com\/index.php?rest_route=%2Fwp%2Fv2%2Fcomments&post=32316"}],"version-history":[{"count":1,"href":"https:\/\/speyer24news.com\/index.php?rest_route=\/wp\/v2\/posts\/32316\/revisions"}],"predecessor-version":[{"id":32317,"href":"https:\/\/speyer24news.com\/index.php?rest_route=\/wp\/v2\/posts\/32316\/revisions\/32317"}],"wp:attachment":[{"href":"https:\/\/speyer24news.com\/index.php?rest_route=%2Fwp%2Fv2%2Fmedia&parent=32316"}],"wp:term":[{"taxonomy":"category","embeddable":true,"href":"https:\/\/speyer24news.com\/index.php?rest_route=%2Fwp%2Fv2%2Fcategories&post=32316"},{"taxonomy":"post_tag","embeddable":true,"href":"https:\/\/speyer24news.com\/index.php?rest_route=%2Fwp%2Fv2%2Ftags&post=32316"}],"curies":[{"name":"wp","href":"https:\/\/api.w.org\/{rel}","templated":true}]}}