{"id":32318,"date":"2021-01-17T09:14:28","date_gmt":"2021-01-17T08:14:28","guid":{"rendered":"https:\/\/speyer24news.com\/?p=32318"},"modified":"2021-01-17T09:14:29","modified_gmt":"2021-01-17T08:14:29","slug":"wilhelma-zoologisch-botanischer-garten-stuttgart-8","status":"publish","type":"post","link":"https:\/\/speyer24news.com\/?p=32318","title":{"rendered":"Wilhelma &#8211; Zoologisch-Botanischer Garten Stuttgart"},"content":{"rendered":"<style type=\"text\/css\">\r\n\t.ads_top_disp{}\r\n\t.ads_top_corner_disp{ float:left; margin:0px 10px 10px 0px; }\r\n\t.ads_first_p_disp{}\r\n\t.ads_bottom_disp{}\r\n\t<\/style>\n<figure class=\"wp-block-image\"><img decoding=\"async\" loading=\"lazy\" width=\"800\" height=\"600\" src=\"https:\/\/speyer24news.com\/wp-content\/uploads\/2020\/09\/IMG_20200828_112835.jpg\" alt=\"\" class=\"wp-image-30180\" srcset=\"https:\/\/speyer24news.com\/wp-content\/uploads\/2020\/09\/IMG_20200828_112835.jpg 800w, https:\/\/speyer24news.com\/wp-content\/uploads\/2020\/09\/IMG_20200828_112835-300x225.jpg 300w, https:\/\/speyer24news.com\/wp-content\/uploads\/2020\/09\/IMG_20200828_112835-768x576.jpg 768w, https:\/\/speyer24news.com\/wp-content\/uploads\/2020\/09\/IMG_20200828_112835-678x509.jpg 678w, https:\/\/speyer24news.com\/wp-content\/uploads\/2020\/09\/IMG_20200828_112835-326x245.jpg 326w, https:\/\/speyer24news.com\/wp-content\/uploads\/2020\/09\/IMG_20200828_112835-80x60.jpg 80w\" sizes=\"(max-width: 800px) 100vw, 800px\" \/><\/figure>\n\n\n\n<h2 class=\"wp-block-heading\">R\u00fcckblick 2020 und Ausblick 2021<\/h2>\n\n\n\n<h3 class=\"wp-block-heading\">Wilhelma startet mit Gl\u00fccksferkeln und Hoffnung ins neue Jahr<\/h3>\n\n\n\n<div class=\"wp-block-image\"><figure class=\"aligncenter\"><img decoding=\"async\" loading=\"lazy\" width=\"800\" height=\"560\" src=\"https:\/\/speyer24news.com\/wp-content\/uploads\/2021\/01\/KW-02a-Wilhelma-R\u00fcckblick-und-Ausblick-11.01.2021-Bild-1.jpg\" alt=\"\" class=\"wp-image-32319\" srcset=\"https:\/\/speyer24news.com\/wp-content\/uploads\/2021\/01\/KW-02a-Wilhelma-R\u00fcckblick-und-Ausblick-11.01.2021-Bild-1.jpg 800w, https:\/\/speyer24news.com\/wp-content\/uploads\/2021\/01\/KW-02a-Wilhelma-R\u00fcckblick-und-Ausblick-11.01.2021-Bild-1-300x210.jpg 300w, https:\/\/speyer24news.com\/wp-content\/uploads\/2021\/01\/KW-02a-Wilhelma-R\u00fcckblick-und-Ausblick-11.01.2021-Bild-1-768x538.jpg 768w\" sizes=\"(max-width: 800px) 100vw, 800px\" \/><figcaption> Mit einer Bl\u00fcte der Sorte \u201eNuccio\u2018s Pearl\u201c, hier in ihrer Kameliensammlung zu sehen, hat die Wilhelma 2020 den Siegerpokal der 17. Deutschen Kamelienschau in Pirna gewonnen.<br><em>Foto: Wilhelma Stuttgart <\/em><\/figcaption><\/figure><\/div>\n\n\n\n<p>Das Corona-Jahr hat auch bei der Wilhelma ins Kontor geschlagen. Doch zerf\u00e4llt die Bilanz des ZoologischBotanischen Gartens in Stuttgart f\u00fcr 2020 in zwei Gegens\u00e4tze. W\u00e4hrend sich die Zahl der G\u00e4ste aufgrund der Infektionsschutz-Ma\u00dfnahmen glatt halbiert hat und die bisher weitgehende Eigenfinanzierung unm\u00f6glich machte, konnte die Wilhelma ihre inhaltliche Arbeit in Zoologie, Botanik, Parkpflege und Artenschutz fortsetzen und dabei einige Erfolge aufweisen. Statt jeweils rund 1,67 Millionen Besucherinnen und Besuchern in den beiden Vorjahren passierten 2020 exakt 805.001 G\u00e4ste die Tore. Der Bau moderner Gehege, seltene Geburten, neue Tierarten, umgestaltete Spielpl\u00e4tze, verst\u00e4rkte Kooperationen und hoher Besuch waren die H\u00f6hepunkte im abgelaufenen Jahr. F\u00fcr 2021 stehen bedeutende Neu- und Umbauten sowie die Vorbereitung der Gepardenzucht auf dem Programm. Zudem sollen neue B\u00e4ren einziehen. Wann der Park nach der aktuellen Corona-Schlie\u00dfung wieder \u00f6ffnen darf, steht noch nicht fest. Derzeit gilt die Schlie\u00dfung bis mindestens Ende Januar.<\/p>\n\n\n\n<p>Im Fr\u00fchling und Winter zusammen musste die Wilhelma 2020 ein Drittel des Jahres vorsorglich komplett schlie\u00dfen, und im Sommerhalbjahr herrschte durchgehend ein Besucherlimit. \u201eBei 800.000 G\u00e4sten sehe ich daher das Glas eher als halbvoll an\u201c, sagt Wilhelma-Direktor Dr. Thomas K\u00f6lpin. \u201eGerne h\u00e4tten wir mehr Menschen den Park zug\u00e4nglich gemacht. Aber wenn durch die Beschr\u00e4nkungen mehr gesund geblieben sind, war das ein notwendiger Kompromiss. Zum Gl\u00fcck gab es kaum Ansteckungsf\u00e4lle in unserer Belegschaft und wir haben keine Tiere durch COVID-19 verloren.\u201c Erleichtert habe es die Arbeit, dass die Wilhelma als Landesbetrieb das Land im R\u00fccken habe, das Verluste ausgleichen k\u00f6nne. \u201eWir mussten den Betrieb ohne einen Tag Pause aufrechterhalten, um unsere exotischen Tiere und Pflanzen \u00fcber die Runden zu bringen\u201c, betont der Direktor. \u201eDarauf, dass die Kolleginnen und Kollegen dies zur Einhaltung der Mindestabst\u00e4nde in kleineren Teams und Wechseldiensten so gut bewerkstelligt haben, k\u00f6nnen sie stolz sein. Ich bin ihnen sehr dankbar f\u00fcr den tollen zus\u00e4tzlichen Einsatz \u00fcber all die Monate.\u201c<\/p>\n\n\n\n<div class=\"wp-block-image\"><figure class=\"aligncenter\"><img decoding=\"async\" loading=\"lazy\" width=\"800\" height=\"569\" src=\"https:\/\/speyer24news.com\/wp-content\/uploads\/2021\/01\/KW-02a-Wilhelma-R\u00fcckblick-und-Ausblick-11.01.2021-Bild-2.jpg\" alt=\"\" class=\"wp-image-32320\" srcset=\"https:\/\/speyer24news.com\/wp-content\/uploads\/2021\/01\/KW-02a-Wilhelma-R\u00fcckblick-und-Ausblick-11.01.2021-Bild-2.jpg 800w, https:\/\/speyer24news.com\/wp-content\/uploads\/2021\/01\/KW-02a-Wilhelma-R\u00fcckblick-und-Ausblick-11.01.2021-Bild-2-300x213.jpg 300w, https:\/\/speyer24news.com\/wp-content\/uploads\/2021\/01\/KW-02a-Wilhelma-R\u00fcckblick-und-Ausblick-11.01.2021-Bild-2-768x546.jpg 768w\" sizes=\"(max-width: 800px) 100vw, 800px\" \/><figcaption>  Der kleine Okapi-Bulle Laluk wurde am 7. April 2020 geboren. <br><em>Foto: Wilhelma Stuttgart <\/em><\/figcaption><\/figure><\/div>\n\n\n\n<p>Zu den Besonderheiten geh\u00f6rten 2020 die Geburten bei extrem seltenen Tierarten: Wertvolle K\u00e4lber kamen bei den Okapis, den Bongos und den S\u00e4belantilopen zu Welt. Unter den Menschenaffen hatten die Bonobos Nachwuchs. Als Neuzug\u00e4nge sind jetzt erstmals in der Geschichte der Wilhelma Yaks und Kirk-Dikdiks zu sehen. Die Grunzochsen leben auf der neuen Anlage f\u00fcr Asiatische Huftiere. In diesen im Juli er\u00f6ffneten Gehegen leben au\u00dferdem Trampeltiere und Mesopotamische Damhirsche. Die Dikdiks geh\u00f6ren zu den kleinsten Antilopen der Welt und teilen sich ihr Domizil mit den gro\u00dfen Bongo-Antilopen, was f\u00fcr die Betrachter einen enormen Kontrast ergibt. Zu den Verbesserungen des vergangenen Jahres z\u00e4hlten auch die Erneuerung und Umgestaltung vieler Spielpl\u00e4tze, allen voran des Hauptspielplatzes vor dem Amazonienhaus. Auf seinen 1000 Quadratmetern hat er ein Dschungelflair erhalten und ist im Mai freigegeben worden. <\/p>\n\n\n\n<p>Das nationale und sogar internationale Renommee der Wilhelma st\u00e4rkten zus\u00e4tzlich die Fachbereiche der Botanik und der Parkpflege. Im Fr\u00fchjahr gewannen ihre Zierpflanzen-G\u00e4rtnerinnen und -G\u00e4rtner bei der Deutschen Kamelienbl\u00fctenschau im s\u00e4chsischen Pirna mit einem prachtvollen Exemplar der Sorte \u201eNuccio\u2019s Pearl\u201c unter rund 1000 Mitbewerbern den Preis f\u00fcr die sch\u00f6nste Bl\u00fcte Deutschlands. Mit ihrer im Aufbau befindlichen \u201eErhaltungssammlung f\u00fcr Kaffee-Variet\u00e4ten\u201c war die Wilhelma auf der Fachmesse f\u00fcr Gastronomie INTERGASTRA ein begehrter Anlaufpunkt f\u00fcr Kaffeeplantagen-Besitzer und Kaffeer\u00f6ster aus der ganzen Welt. Neuland hat der Zoologisch-Botanische Garten mit der Kooperation mit dem Inselstaat Palau betreten. Durch die systematische Erfassung und Nachzucht von nur dort vorkommenden Pflanzen soll der von den Effekten der Klimaerw\u00e4rmung bedrohten S\u00fcdsee-Flora in Stuttgart das \u00dcberleben gesichert werden.<\/p>\n\n\n\n<div class=\"wp-block-image\"><figure class=\"aligncenter\"><img decoding=\"async\" loading=\"lazy\" width=\"500\" height=\"678\" src=\"https:\/\/speyer24news.com\/wp-content\/uploads\/2021\/01\/KW-02a-Wilhelma-R\u00fcckblick-und-Ausblick-11.01.2021-Bild-3.jpg\" alt=\"\" class=\"wp-image-32321\" srcset=\"https:\/\/speyer24news.com\/wp-content\/uploads\/2021\/01\/KW-02a-Wilhelma-R\u00fcckblick-und-Ausblick-11.01.2021-Bild-3.jpg 500w, https:\/\/speyer24news.com\/wp-content\/uploads\/2021\/01\/KW-02a-Wilhelma-R\u00fcckblick-und-Ausblick-11.01.2021-Bild-3-221x300.jpg 221w\" sizes=\"(max-width: 500px) 100vw, 500px\" \/><figcaption> Seit Juli 2020 leben in der Wilhelma erstmals zwei Kirk-Dikdiks.<br><em>Foto: Wilhelma Stuttgart <\/em><\/figcaption><\/figure><\/div>\n\n\n\n<p>Die Erhaltung der heimischen Vielfalt stand im Mittelpunkt der Visite von \u00d6sterreichs Nationalratspr\u00e4sident Wolfgang Sobotka, der im Juli bei einem viert\u00e4gigen Staatsbesuch in Baden-W\u00fcrttemberg in der Wilhelma Station machte. Das Thema liegt dem Mitbegr\u00fcnder der Umweltbewegung \u201eNatur im Garten\u201c besonders am Herzen. Sie hat sich der F\u00f6rderung naturnaher G\u00e4rten verschrieben hat, damit der Artenreichtum auch in den vom Menschen geschaffenen Refugien bewahrt bleibt. \u201eGerade in Zeiten des Klimawandels und Artensterbens ist es wichtig, botanische Rarit\u00e4ten zu bewahren und die Vielfalt der Natur, wie hier in der Wilhelma, den Menschen zug\u00e4nglich zu machen\u201c, zeigte sich Sobotka beeindruckt.<\/p>\n\n\n\n<p>Eine Auszeichnung im Rahmen der UN-Dekade zur Biologischen Vielfalt erhielt der Fachbereich Parkpflege der Wilhelma zusammen mit dem BUND-Kreisverband Stuttgart f\u00fcr den gemeinsamen Schmetterlingsschutz. Durch naturnahe Wiesenpflege schaffen die Kooperationspartner seit zehn Jahren in der Landeshauptstadt insektenfreundliche Gr\u00fcnfl\u00e4chen und kartieren die dort wachsende Artenvielfalt unter den Faltern.<\/p>\n\n\n\n<figure class=\"wp-block-image\"><img decoding=\"async\" loading=\"lazy\" width=\"800\" height=\"533\" src=\"https:\/\/speyer24news.com\/wp-content\/uploads\/2021\/01\/KW-02a-Wilhelma-R\u00fcckblick-und-Ausblick-11.01.2021-Bild-4.jpg\" alt=\"\" class=\"wp-image-32322\" srcset=\"https:\/\/speyer24news.com\/wp-content\/uploads\/2021\/01\/KW-02a-Wilhelma-R\u00fcckblick-und-Ausblick-11.01.2021-Bild-4.jpg 800w, https:\/\/speyer24news.com\/wp-content\/uploads\/2021\/01\/KW-02a-Wilhelma-R\u00fcckblick-und-Ausblick-11.01.2021-Bild-4-300x200.jpg 300w, https:\/\/speyer24news.com\/wp-content\/uploads\/2021\/01\/KW-02a-Wilhelma-R\u00fcckblick-und-Ausblick-11.01.2021-Bild-4-768x512.jpg 768w\" sizes=\"(max-width: 800px) 100vw, 800px\" \/><figcaption>  Der Hauptspielplatz wurde 2020 fast komplett neu ausger\u00fcstet und erhielt zudem eine Wasserspielfl\u00e4che.<br>Foto: Wilhelma Stuttgart <\/figcaption><\/figure>\n\n\n\n<p>Trotz der Herausforderungen im eigenen Betrieb konnte die Wilhelma im \u201eKatastrophenjahr\u201c auch Regionen in gr\u00f6\u00dfter Not aushelfen. Die Buschbr\u00e4nde in Australien und Waldbr\u00e4nde im brasilianischen Pantanal hatten 2020 nie dagewesene Ausma\u00dfe angenommen. Mit umgerechnet 80.000 beziehungsweise 25.000 Dollar aus ihrem Artenschutz-Budget und Spenden ihrer G\u00e4ste unterst\u00fctzte die Wilhelma die Soforthilfe vor Ort. Die Gelder dienten der Rettung und Notversorgung von Tieren mit Brandverletzungen und der Beschaffung von Ausr\u00fcstung f\u00fcr Feuerwehrleute und Veterin\u00e4re.<\/p>\n\n\n\n<p>Einen unverhofft sch\u00f6nen Abschluss fand das schwierige Jahr mit der Geburt von \u201eGl\u00fccksschweinchen\u201c bei den Schw\u00e4bisch-H\u00e4llischen Landschweinen auf dem Schaubauernhof. Rechtzeitig zum Jahreswechsel brachte Hedda am zweiten Weihnachtstag \u00fcberraschend sechs Ferkel der seltenen heimischen Rasse zur Welt. Die Zuchtsauen Hedda und Arielle hatten lange nicht mehr geworfen. Alle Versuche, sie und Eber Porsche zu verpaaren, waren fehlgeschlagen. Bei einer \u00fcblichen Tragzeit von drei Monaten, drei Wochen und drei Tagen k\u00f6nnten sie dreimal im Jahr werfen. Doch seit 2018 war Stille im Stall. \u201eWir hatten unsere Anstrengungen schon eingestellt und nicht mehr damit gerechnet\u201c, sagt Revierleiter Stephan Paspalaris. \u201eWeil bei Schweinen Ultraschalluntersuchungen oft keine eindeutigen Ergebnisse liefern, waren wir jetzt v\u00f6llig \u00fcberrascht.\u201c<\/p>\n\n\n\n<div class=\"wp-block-image\"><figure class=\"aligncenter\"><img decoding=\"async\" loading=\"lazy\" width=\"800\" height=\"579\" src=\"https:\/\/speyer24news.com\/wp-content\/uploads\/2021\/01\/KW-02a-Wilhelma-R\u00fcckblick-und-Ausblick-11.01.2021-Bild-6.jpg\" alt=\"\" class=\"wp-image-32324\" srcset=\"https:\/\/speyer24news.com\/wp-content\/uploads\/2021\/01\/KW-02a-Wilhelma-R\u00fcckblick-und-Ausblick-11.01.2021-Bild-6.jpg 800w, https:\/\/speyer24news.com\/wp-content\/uploads\/2021\/01\/KW-02a-Wilhelma-R\u00fcckblick-und-Ausblick-11.01.2021-Bild-6-300x217.jpg 300w, https:\/\/speyer24news.com\/wp-content\/uploads\/2021\/01\/KW-02a-Wilhelma-R\u00fcckblick-und-Ausblick-11.01.2021-Bild-6-768x556.jpg 768w\" sizes=\"(max-width: 800px) 100vw, 800px\" \/><figcaption> Sechs Ferkel sind zum Jahreswechsel bei den Schw\u00e4bisch-H\u00e4llischen Landschweinen \u00fcberraschend auf die Welt gekommen (eines der Ferkel ist auf dem Bild verdeckt). <br><em>Foto: Wilhelma Stuttgart <\/em><\/figcaption><\/figure><\/div>\n\n\n\n<p>Direktor K\u00f6lpin freut sich \u00fcber den lebhaften Zuwachs: \u201eDen Symbolcharakter der Gl\u00fccksferkel nehme ich gern als gutes Omen auf, schlie\u00dflich wir k\u00f6nnen im neuen Jahr positive Nachrichten gebrauchen\u201c, sagt er. Denn die Wilhelma hat 2021 eine Menge vor. Als Erstes wird bereits Ende Januar auf der umgebauten ehemaligen Eisb\u00e4renanlage die Ankunft einer Gepardin aus dem Zoo Salzburg erwartet. Mit ihr und den beiden Wilhelma-Katern Zawadi und Haraka soll die Zucht der bedrohten Raubkatzen beginnen. Nachdem Brillenb\u00e4r Ambrose im November altersschwach gestorben ist, sollen ebenfalls im Fr\u00fchjahr neue Artgenossen einziehen. Gro\u00dfe Vorfreude herrscht auf die Fertigstellung des KVI: Das K\u00fcrzel steht als Arbeitstitel f\u00fcr ein neues, sehr vielf\u00e4ltiges Haus, in dem viele kleine S\u00e4ugetiere, V\u00f6gel und Insektivoren (also Fleischfressende Pflanzen) zu sehen sein werden. Das Geb\u00e4ude hinter dem Wintergarten soll im Sommer \u00f6ffnen.<\/p>\n\n\n\n<div class=\"wp-block-image\"><figure class=\"aligncenter\"><img decoding=\"async\" loading=\"lazy\" width=\"800\" height=\"522\" src=\"https:\/\/speyer24news.com\/wp-content\/uploads\/2021\/01\/KW-02a-Wilhelma-R\u00fcckblick-und-Ausblick-11.01.2021-Bild-5.jpg\" alt=\"\" class=\"wp-image-32323\" srcset=\"https:\/\/speyer24news.com\/wp-content\/uploads\/2021\/01\/KW-02a-Wilhelma-R\u00fcckblick-und-Ausblick-11.01.2021-Bild-5.jpg 800w, https:\/\/speyer24news.com\/wp-content\/uploads\/2021\/01\/KW-02a-Wilhelma-R\u00fcckblick-und-Ausblick-11.01.2021-Bild-5-300x196.jpg 300w, https:\/\/speyer24news.com\/wp-content\/uploads\/2021\/01\/KW-02a-Wilhelma-R\u00fcckblick-und-Ausblick-11.01.2021-Bild-5-768x501.jpg 768w\" sizes=\"(max-width: 800px) 100vw, 800px\" \/><figcaption> Yaks und Trampeltiere teilen sich einen Bereich der 2020 er\u00f6ffneten Asiatischen Huftieranlage in der Wilhelma in Stuttgart.<br><em>Foto: Wilhelma Stuttgart <\/em><\/figcaption><\/figure><\/div>\n\n\n\n<p>Zu den Bauvorhaben geh\u00f6rt auch Phase zwei der neuen Asienanlagen im oberen Parkbereich. Gegen\u00fcber der Huftieranlage soll im Laufe des Jahres ein asiatischer Bauernhof entstehen. Und ganz ambitioniert sei schon ein Blick auf das Ende des gerade begonnenen Jahres erlaubt: Das Gro\u00dfprojekt Terra Australis steht in den Startl\u00f6chern. Das fr\u00fchere Menschenaffenhaus ist daf\u00fcr bereits entkernt. Sobald die Baugenehmigung vorliegt, geht es an den Innenausbau, damit bei gutem Baufortschritt Ende 2021\/Anfang 2022 charismatische Botschafter vom F\u00fcnften Kontinent einziehen k\u00f6nnen: wie Koala, Baumk\u00e4nguru und Quoll.<\/p>\n\n\n\n<p><em>Wilhelma Zoologisch-Botanischer Garten Stuttgart<br>17.01.2021<\/em><\/p>\n","protected":false},"excerpt":{"rendered":"<div class=\"mh-excerpt\"><p>R\u00fcckblick 2020 und Ausblick 2021 Wilhelma startet mit Gl\u00fccksferkeln und Hoffnung ins neue Jahr Das Corona-Jahr hat auch bei der Wilhelma ins Kontor geschlagen. Doch zerf\u00e4llt die Bilanz des ZoologischBotanischen Gartens in Stuttgart f\u00fcr 2020 <a class=\"mh-excerpt-more\" href=\"https:\/\/speyer24news.com\/?p=32318\" title=\"Wilhelma &#8211; Zoologisch-Botanischer Garten Stuttgart\">[&#8230;]<\/a><\/p>\n<\/div>","protected":false},"author":3,"featured_media":30171,"comment_status":"open","ping_status":"open","sticky":false,"template":"","format":"standard","meta":{"_monsterinsights_skip_tracking":false,"_monsterinsights_sitenote_active":false,"_monsterinsights_sitenote_note":"","_monsterinsights_sitenote_category":0,"footnotes":""},"categories":[11],"tags":[8421,8422,8419,8420,142,8486,8811,8418],"aioseo_notices":[],"amp_enabled":true,"_links":{"self":[{"href":"https:\/\/speyer24news.com\/index.php?rest_route=\/wp\/v2\/posts\/32318"}],"collection":[{"href":"https:\/\/speyer24news.com\/index.php?rest_route=\/wp\/v2\/posts"}],"about":[{"href":"https:\/\/speyer24news.com\/index.php?rest_route=\/wp\/v2\/types\/post"}],"author":[{"embeddable":true,"href":"https:\/\/speyer24news.com\/index.php?rest_route=\/wp\/v2\/users\/3"}],"replies":[{"embeddable":true,"href":"https:\/\/speyer24news.com\/index.php?rest_route=%2Fwp%2Fv2%2Fcomments&post=32318"}],"version-history":[{"count":1,"href":"https:\/\/speyer24news.com\/index.php?rest_route=\/wp\/v2\/posts\/32318\/revisions"}],"predecessor-version":[{"id":32325,"href":"https:\/\/speyer24news.com\/index.php?rest_route=\/wp\/v2\/posts\/32318\/revisions\/32325"}],"wp:featuredmedia":[{"embeddable":true,"href":"https:\/\/speyer24news.com\/index.php?rest_route=\/wp\/v2\/media\/30171"}],"wp:attachment":[{"href":"https:\/\/speyer24news.com\/index.php?rest_route=%2Fwp%2Fv2%2Fmedia&parent=32318"}],"wp:term":[{"taxonomy":"category","embeddable":true,"href":"https:\/\/speyer24news.com\/index.php?rest_route=%2Fwp%2Fv2%2Fcategories&post=32318"},{"taxonomy":"post_tag","embeddable":true,"href":"https:\/\/speyer24news.com\/index.php?rest_route=%2Fwp%2Fv2%2Ftags&post=32318"}],"curies":[{"name":"wp","href":"https:\/\/api.w.org\/{rel}","templated":true}]}}