{"id":32358,"date":"2021-01-19T14:58:32","date_gmt":"2021-01-19T13:58:32","guid":{"rendered":"https:\/\/speyer24news.com\/?p=32358"},"modified":"2021-01-19T14:58:33","modified_gmt":"2021-01-19T13:58:33","slug":"renzo-bertolini-verstorben","status":"publish","type":"post","link":"https:\/\/speyer24news.com\/?p=32358","title":{"rendered":"Renzo Bertolini verstorben"},"content":{"rendered":"<style type=\"text\/css\">\r\n\t.ads_top_disp{}\r\n\t.ads_top_corner_disp{ float:left; margin:0px 10px 10px 0px; }\r\n\t.ads_first_p_disp{}\r\n\t.ads_bottom_disp{}\r\n\t<\/style>\n<h2 class=\"wp-block-heading\"><strong>Eisproduzent und Speyerer aus Herzen<\/strong><\/h2>\n\n\n\n<div class=\"wp-block-image\"><figure class=\"aligncenter\"><img decoding=\"async\" loading=\"lazy\" width=\"800\" height=\"600\" src=\"https:\/\/speyer24news.com\/wp-content\/uploads\/2021\/01\/DSC06534.jpg\" alt=\"\" class=\"wp-image-32359\" srcset=\"https:\/\/speyer24news.com\/wp-content\/uploads\/2021\/01\/DSC06534.jpg 800w, https:\/\/speyer24news.com\/wp-content\/uploads\/2021\/01\/DSC06534-300x225.jpg 300w, https:\/\/speyer24news.com\/wp-content\/uploads\/2021\/01\/DSC06534-768x576.jpg 768w, https:\/\/speyer24news.com\/wp-content\/uploads\/2021\/01\/DSC06534-678x509.jpg 678w, https:\/\/speyer24news.com\/wp-content\/uploads\/2021\/01\/DSC06534-326x245.jpg 326w, https:\/\/speyer24news.com\/wp-content\/uploads\/2021\/01\/DSC06534-80x60.jpg 80w\" sizes=\"(max-width: 800px) 100vw, 800px\" \/><figcaption> Renzo Bertolini bei der Er\u00f6ffnung der Kaisertafel im Jahr 2017<br> <em>Foto: \u00a9 Speyer<\/em>24\/7News<\/figcaption><\/figure><\/div>\n\n\n\n<p>\u201eRenzo Bertolini war nicht nur Eisproduzent aus ganzem Herzen, er war auch Speyerer durch und durch und hat viel f\u00fcr die Hotel- und Gastronomiebranche in unserer Stadt getan\u201c, so Oberb\u00fcrgermeisterin Stefanie Seiler zum Tod von Renzo Bertolini, der im Alter von 86 Jahren am 30. Dezember 2020 verstorben ist. Als langj\u00e4hriger Vorsitzender des Vereins zur F\u00f6rderung der Hotellerie und Gastronomie in Speyer und Umgebung war er Mitbegr\u00fcnder der Kaisertafel, die 1990 anl\u00e4sslich des Stadtjubil\u00e4ums initiiert wurde. Seither wurde immer am zweiten Wochenende im August an einer 800 Meter langen Tafel gespeist, gelacht und das Leben genossen \u2013 Also genau das getan, wof\u00fcr der geb\u00fcrtige Speyerer mit italienischen Wurzeln stand. Von 1999 bis 2004 \u00fcbernahm er als Mitglied des Stadtrates f\u00fcr die CDU-Fraktion auch kommunalpolitische Verantwortung.<\/p>\n\n\n\n<div class=\"wp-block-image\"><figure class=\"aligncenter\"><img decoding=\"async\" loading=\"lazy\" width=\"800\" height=\"600\" src=\"https:\/\/speyer24news.com\/wp-content\/uploads\/2021\/01\/190809_Er\u00f6ffnung-Kaisertafel.jpg\" alt=\"\" class=\"wp-image-32360\" srcset=\"https:\/\/speyer24news.com\/wp-content\/uploads\/2021\/01\/190809_Er\u00f6ffnung-Kaisertafel.jpg 800w, https:\/\/speyer24news.com\/wp-content\/uploads\/2021\/01\/190809_Er\u00f6ffnung-Kaisertafel-300x225.jpg 300w, https:\/\/speyer24news.com\/wp-content\/uploads\/2021\/01\/190809_Er\u00f6ffnung-Kaisertafel-768x576.jpg 768w, https:\/\/speyer24news.com\/wp-content\/uploads\/2021\/01\/190809_Er\u00f6ffnung-Kaisertafel-678x509.jpg 678w, https:\/\/speyer24news.com\/wp-content\/uploads\/2021\/01\/190809_Er\u00f6ffnung-Kaisertafel-326x245.jpg 326w, https:\/\/speyer24news.com\/wp-content\/uploads\/2021\/01\/190809_Er\u00f6ffnung-Kaisertafel-80x60.jpg 80w\" sizes=\"(max-width: 800px) 100vw, 800px\" \/><figcaption>Renzo Bertolini neben Kirchenpr\u00e4sident Dr. h. c. Christian Schad und mit Ministerpr\u00e4sidentin Malu Dreyer und Oberb\u00fcrgermeisterin Stefanie Seiler bei der Er\u00f6ffnung der Kaisertafel am 9. August 2019.<br><em>Foto: \u00a9 Stadt Speyer<\/em><\/figcaption><\/figure><\/div>\n\n\n\n<p>\u201eWie viele andere so habe auch ich noch viele, sch\u00f6ne Kindheitserinnerung an Besuche und Unternehmungen am Rhein, die fast immer mit einem Eis bei Renzo Bertolini endeten\u201c, erkl\u00e4rt die Speyerer Stadtchefin. Die Stadt wird ihm ein Andenken bewahren. Das tiefe Mitgef\u00fchl des Stadtvorstandes gilt Ehefrau Flora Bertolini und allen Angeh\u00f6rigen.<\/p>\n\n\n\n<p><em>Text: Stadt Speyer Foto: (1) Speyer 24\/7 News; (2) Stadt Speyer<br>19.01.2021<\/em><\/p>\n","protected":false},"excerpt":{"rendered":"<div class=\"mh-excerpt\"><p>Eisproduzent und Speyerer aus Herzen \u201eRenzo Bertolini war nicht nur Eisproduzent aus ganzem Herzen, er war auch Speyerer durch und durch und hat viel f\u00fcr die Hotel- und Gastronomiebranche in unserer Stadt getan\u201c, so Oberb\u00fcrgermeisterin <a class=\"mh-excerpt-more\" href=\"https:\/\/speyer24news.com\/?p=32358\" title=\"Renzo Bertolini verstorben\">[&#8230;]<\/a><\/p>\n<\/div>","protected":false},"author":3,"featured_media":32361,"comment_status":"open","ping_status":"open","sticky":false,"template":"","format":"standard","meta":{"_monsterinsights_skip_tracking":false,"_monsterinsights_sitenote_active":false,"_monsterinsights_sitenote_note":"","_monsterinsights_sitenote_category":0,"footnotes":""},"categories":[9],"tags":[522,9349,2577,9351,9347,9350,6],"aioseo_notices":[],"amp_enabled":true,"_links":{"self":[{"href":"https:\/\/speyer24news.com\/index.php?rest_route=\/wp\/v2\/posts\/32358"}],"collection":[{"href":"https:\/\/speyer24news.com\/index.php?rest_route=\/wp\/v2\/posts"}],"about":[{"href":"https:\/\/speyer24news.com\/index.php?rest_route=\/wp\/v2\/types\/post"}],"author":[{"embeddable":true,"href":"https:\/\/speyer24news.com\/index.php?rest_route=\/wp\/v2\/users\/3"}],"replies":[{"embeddable":true,"href":"https:\/\/speyer24news.com\/index.php?rest_route=%2Fwp%2Fv2%2Fcomments&post=32358"}],"version-history":[{"count":1,"href":"https:\/\/speyer24news.com\/index.php?rest_route=\/wp\/v2\/posts\/32358\/revisions"}],"predecessor-version":[{"id":32362,"href":"https:\/\/speyer24news.com\/index.php?rest_route=\/wp\/v2\/posts\/32358\/revisions\/32362"}],"wp:featuredmedia":[{"embeddable":true,"href":"https:\/\/speyer24news.com\/index.php?rest_route=\/wp\/v2\/media\/32361"}],"wp:attachment":[{"href":"https:\/\/speyer24news.com\/index.php?rest_route=%2Fwp%2Fv2%2Fmedia&parent=32358"}],"wp:term":[{"taxonomy":"category","embeddable":true,"href":"https:\/\/speyer24news.com\/index.php?rest_route=%2Fwp%2Fv2%2Fcategories&post=32358"},{"taxonomy":"post_tag","embeddable":true,"href":"https:\/\/speyer24news.com\/index.php?rest_route=%2Fwp%2Fv2%2Ftags&post=32358"}],"curies":[{"name":"wp","href":"https:\/\/api.w.org\/{rel}","templated":true}]}}