{"id":32363,"date":"2021-01-19T15:36:48","date_gmt":"2021-01-19T14:36:48","guid":{"rendered":"https:\/\/speyer24news.com\/?p=32363"},"modified":"2021-01-19T15:36:48","modified_gmt":"2021-01-19T14:36:48","slug":"wirtschaft-finanzen-62","status":"publish","type":"post","link":"https:\/\/speyer24news.com\/?p=32363","title":{"rendered":"Wirtschaft &#038; Finanzen"},"content":{"rendered":"<style type=\"text\/css\">\r\n\t.ads_top_disp{}\r\n\t.ads_top_corner_disp{ float:left; margin:0px 10px 10px 0px; }\r\n\t.ads_first_p_disp{}\r\n\t.ads_bottom_disp{}\r\n\t<\/style>\n<h1 class=\"wp-block-heading\" style=\"text-align:center\">Stadtwerke Speyer (SWS) GmbH<\/h1>\n\n\n\n<div class=\"wp-block-image\"><figure class=\"aligncenter\"><img decoding=\"async\" src=\"https:\/\/speyer24news.com\/wp-content\/uploads\/2020\/01\/SWS-Logo-1024x356.jpg\" alt=\"\" class=\"wp-image-23865\"\/><\/figure><\/div>\n\n\n\n<h2 class=\"wp-block-heading\"><strong>SWS-Stiftung: 12.000 Euro f\u00fcr nachhaltige Umweltprojekte<\/strong><\/h2>\n\n\n\n<div class=\"wp-block-image\"><figure class=\"aligncenter\"><img decoding=\"async\" loading=\"lazy\" width=\"800\" height=\"475\" src=\"https:\/\/speyer24news.com\/wp-content\/uploads\/2021\/01\/AdobeStock_296063404.jpeg\" alt=\"\" class=\"wp-image-32366\" srcset=\"https:\/\/speyer24news.com\/wp-content\/uploads\/2021\/01\/AdobeStock_296063404.jpeg 800w, https:\/\/speyer24news.com\/wp-content\/uploads\/2021\/01\/AdobeStock_296063404-300x178.jpeg 300w, https:\/\/speyer24news.com\/wp-content\/uploads\/2021\/01\/AdobeStock_296063404-768x456.jpeg 768w\" sizes=\"(max-width: 800px) 100vw, 800px\" \/><figcaption>Die Umwelt-Stiftung der SWS f\u00f6rdert Projekte und Bildungsma\u00dfnahmen rund um den Klimaschutz.<br><em>Foto: Lovelyday12 \u2013 Adobe Stock<\/em><\/figcaption><\/figure><\/div>\n\n\n\n<p>Die Stiftung der Stadtwerke Speyer (SWS) f\u00fcr erneuerbare Energien und Umwelt will auch 2021 Projekte im Sinne des Klima- und Umweltschutzes f\u00f6rdern. Daf\u00fcr wird ein Geldbetrag in H\u00f6he von 12.000 Euro ausgelobt.<\/p>\n\n\n\n<p>SWS-Gesch\u00e4ftsf\u00fchrer Wolfgang B\u00fchring beschreibt, worauf es dabei ankommt: \u201eDurch die F\u00f6rderung m\u00f6chten wir die Menschen in unserem Netzgebiet darin unterst\u00fctzen, sich \u00fcber die Nachhaltigkeit im Umgang mit erneuerbaren Energien weiter Gedanken zu machen und diese praktisch umzusetzen.\u201c Neben Speyer z\u00e4hlen R\u00f6merberg, Dudenhofen, Harthausen und Otterstadt zum Netzgebiet der SWS.<\/p>\n\n\n\n<p>Um das Bewusstsein im Umgang mit nat\u00fcrlichen Ressourcen zu sch\u00e4rfen, will die Stiftung mit dem j\u00e4hrlich ausgesch\u00fctteten Geld gemeinn\u00fctzige Einrichtungen und Organisationen f\u00f6rdern, die sich aktiv f\u00fcr den Klima- und Umweltschutz einsetzen. Das kann durch die Durchf\u00fchrung von Veranstaltungen oder Vortragsreihen sein, durch Bildungsma\u00dfnahmen zum Umweltschutz oder durch Projekte auf den Gebieten erneuerbare Energien, alternative Stromerzeugung, Ressourcenschonung, Umweltbildung oder -technik. \u201eDie Kreativit\u00e4t der lokalen Akteure ist hierbei gefragt\u201c, macht B\u00fchring deutlich. Im Besonderen freut sich der Gesch\u00e4ftsf\u00fchrer, wenn Kinder und Jugendliche von den Angeboten profitieren.<\/p>\n\n\n\n<p>Im vergangenen Jahr wurden einmalig 23.500 Euro ausgesch\u00fcttet. 15.000 Euro erhielt der Verein \u201eInSPEYERed\u201c zur Anschaffung zweier E-Lastenr\u00e4der zur kostenlosen Ausleihe. 5.000 Euro gingen an den Verein Forschungswerkstatt Natur-Kunst-Technik und 3.500 Euro an den Verein Miteinander.<\/p>\n\n\n\n<p>Bewerbungen f\u00fcr den Umweltpreis 2021 k\u00f6nnen inklusive einer kurzen Projektbeschreibung <strong>bis Dienstag, 23. Februar 2021<\/strong>, abgegeben werden: Stadtwerke Speyer GmbH, Georg-Peter-S\u00fc\u00df-Stra\u00dfe 2, 67346 Speyer oder per E-Mail:\u00a0<a rel=\"noreferrer noopener\" href=\"mailto:engagement@stadtwerke-speyer.de\" target=\"_blank\">engagement@stadtwerke-speyer.de<\/a>, Stichwort: \u201eSWS-Stiftung Umwelt\u201c. Die Projekte m\u00fcssen 2021\/22 umgesetzt werden.<\/p>\n\n\n\n<p><em>Text: Stadtwerke Speyer GmbH Foto: Lovelyday12 \u2013 Adobe Stock<br>19.01.2021<\/em><\/p>\n\n\n\n<h1 class=\"wp-block-heading\" style=\"text-align:center\">Bundesagentur f\u00fcr Arbeit<\/h1>\n\n\n\n<figure class=\"wp-block-image\"><img decoding=\"async\" loading=\"lazy\" width=\"640\" height=\"133\" src=\"https:\/\/speyer24news.com\/wp-content\/uploads\/2020\/04\/Agentur-f\u00fcr-Arbeit-1-1.png\" alt=\"\" class=\"wp-image-26310\" srcset=\"https:\/\/speyer24news.com\/wp-content\/uploads\/2020\/04\/Agentur-f\u00fcr-Arbeit-1-1.png 640w, https:\/\/speyer24news.com\/wp-content\/uploads\/2020\/04\/Agentur-f\u00fcr-Arbeit-1-1-300x62.png 300w\" sizes=\"(max-width: 640px) 100vw, 640px\" \/><\/figure>\n\n\n\n<h2 class=\"wp-block-heading\"><strong>Kinderbonus an 10 Millionen Familien ausgezahlt<\/strong><\/h2>\n\n\n\n<h3 class=\"wp-block-heading\">Familienkasse zieht positive Bilanz<\/h3>\n\n\n\n<p>Die Familienkasse der Bundesagentur f\u00fcr Arbeit hat die Auszahlung des Kinderbonus weitestgehend abgeschlossen. Die Bundesregierung hatte im letzten Jahr im Rahmen des Corona-Konjunkturpakets beschlossen, f\u00fcr jedes im Jahr 2020 kindergeldberechtigte Kind 300 \u20ac als Unterst\u00fctzung auszuzahlen.<\/p>\n\n\n\n<p>Der Kinderbonus wurde mit dem zweiten Corona-Steuerhilfegesetz geregelt, um den wirtschaftlichen Folgen der Corona-Pandemie entgegen zu treten. Er sollte die geschw\u00e4chte Kaufkraft st\u00e4rken und indirekt Arbeitspl\u00e4tze sichern. Mit dem Kinderbonus sollten dabei besonders Familien mit geringerem bis mittlerem Einkommen und mehreren Kindern finanziell unterst\u00fctzt werden.<\/p>\n\n\n\n<p>In den Monaten September und Oktober wurde der Kinderbonus in zwei Raten \u00fcberwiesen \u2013 zun\u00e4chst f\u00fcr Kinder, f\u00fcr die im Monat September ein laufender Anspruch auf Kindergeld bestand. In den Monaten November und Dezember erfolgte dann die Auszahlung des Kinderbonus f\u00fcr diejenigen Kinder, f\u00fcr die mindestens in einem anderen Monat des Jahres 2020 ein Anspruch auf Kindergeld vorlag.<br>Obwohl es nur eine kurze Vorlaufzeit gab, hat die Familienkasse damit den Betrag in knapp 10 Millionen F\u00e4llen f\u00fcr insgesamt \u00fcber 16 Millionen Kinder ohne gr\u00f6\u00dfere Verz\u00f6gerungen ausgezahlt.<\/p>\n\n\n\n<p>F\u00fcr Kinder, die noch im Jahr 2020 geboren wurden und f\u00fcr die bislang kein Antrag auf Kindergeld gestellt wurde, kann der Kinderbonus auch im Jahr 2021 nachtr\u00e4glich ausgezahlt werden. Voraussetzung ist, dass f\u00fcr die betroffenen Kinder ein Anspruch auf Kindergeld f\u00fcr mindestens einen Monat des Jahres 2020 entsteht.<\/p>\n\n\n\n<p>Der Antrag auf Kindergeld kann direkt online ausgef\u00fcllt werden. Informationen zur Antragstellung gibt es unter&nbsp;<a href=\"https:\/\/deref-web.de\/mail\/client\/ukEYzjeeaVI\/dereferrer\/?redirectUrl=http%3A%2F%2Fwww.familienkasse.de\" target=\"_blank\" rel=\"noreferrer noopener\">www.familienkasse.de<\/a>.\n\n<\/p>\n\n\n\n<p><em>Bundesagentur f\u00fcr Arbeit<br>19.01.2021<\/em><\/p>\n\n\n\n<h2 class=\"wp-block-heading\"><strong>Weniger Widerspr\u00fcche und Klagen in der Grundsicherung<\/strong><\/h2>\n\n\n\n<ul><li>Zahl der Widerspr\u00fcche und Klagen im Jahr 2020 erneut gesunken<\/li><li>Widerspruchsquote in gemeinsamen Einrichtungen bei 2,3 Prozent<\/li><\/ul>\n\n\n\n<p>Im Jahr 2020 wurden in der Grundsicherung (Jobcenter) 511.400 Widerspr\u00fcche und 79.000 Klagen eingereicht. Das waren 65.700 Widerspr\u00fcche bzw. 16.300 Klagen weniger als 2019, obwohl im letzten Jahr pandemiebedingt die Zahl der Regelleistungsberechtigten stieg.<\/p>\n\n\n\n<p>F\u00fcr den starken R\u00fcckgang gibt es vorrangig zwei Ursachen. (1) Mit dem Lockdown im Fr\u00fchjahr vereinfachte der Gesetzgeber den Zugang in die Grundsicherung. In den ersten sechs Monaten des Bewilligungszeitraumes werden seitdem die tats\u00e4chlichen Kosten der Unterkunft anerkannt, auch wenn diese zu hoch sind. Zudem wird darauf verzichtet, nicht erhebliches Verm\u00f6gen zu pr\u00fcfen. Beide Erleichterungen waren in den letzten Jahren h\u00e4ufige Gr\u00fcnde f\u00fcr Widerspr\u00fcche und Klagen. Durch die vereinfachten Regeln sank die Zahl der Widerspr\u00fcche und Klagen. (2) Durch die Auswirkungen der Pandemie konnten pers\u00f6nliche Termin kaum stattfinden. Dadurch verringerte sich die Zahl der Sanktionen erheblich, da bereits seit Jahren rund 75 Prozent aller Leistungsk\u00fcrzungen durch vers\u00e4umte Termine entstanden sind. Muss eine Sanktion nicht ausgesprochen werden, entf\u00e4llt auch der Widerspruchs- oder Klagegrund.<\/p>\n\n\n\n<h4 class=\"wp-block-heading\">Widerspruchs- und Klagequoten in Jobcenter mit BA-Beteiligung gering<\/h4>\n\n\n\n<p>Die Quote f\u00fcr Widerspr\u00fcche und Klagen kann nur f\u00fcr die 302 gemeinsamen Einrichtungen \u2013 also Jobcenter, die von der BA und dem Landkreis in gemeinsamer Tr\u00e4gerschaft verantwortet werden \u2013 ermittelt werden. 2020 haben diese 19,1 Millionen Leistungsbescheide versendet, gegen die 433.310 Widerspr\u00fcche und 64.010 Klagen eingereicht wurden. Die Widerspruchsquote lag rechnerisch bei 2,3 Prozent, die Klagequote bei 0,3 Prozent.<\/p>\n\n\n\n<h4 class=\"wp-block-heading\">Erledigte Widerspr\u00fcche und Klagen<\/h4>\n\n\n\n<p>Die Jobcenter haben im letzten Jahr \u00fcber 544.300 Widerspr\u00fcche entschieden. Knapp zwei Drittel der erledigten Widerspr\u00fcche wurden zur\u00fcckgewiesen oder durch Kunden zur\u00fcckgezogen. Bei 190.300 Widerspr\u00fcchen wurde die Entscheidung ge\u00e4ndert, am h\u00e4ufigsten deswegen, weil fehlende Unterlagen nachgereicht wurden (74.600). Fehlerhafte Rechtsanwendung wurde bei 62.300 Widerspr\u00fcchen festgestellt.<\/p>\n\n\n\n<p>87.200 Klagen wurden durch die Gerichte abgeschlossen. Davon wurden etwas mehr als 60 Prozent abgewiesen oder vom Kl\u00e4ger zur\u00fcckgenommen, rund 39 Prozent f\u00fchrten zu einer neuen Entscheidung. Die meisten Klagen werden ohne Urteil erledigt \u2013 h\u00e4ufig deswegen, weil die Leistungsempf\u00e4nger bislang fehlende Unterlagen im Klageverfahren nachreichen.<\/p>\n\n\n\n<p><em>Bundesagentur f\u00fcr Arbeit<br>19.01.2021<\/em><\/p>\n\n\n\n<h1 class=\"wp-block-heading\" style=\"text-align:center\">Verband der Immobilienverwalter (VDIV) Rheinland-Pfalz\/Saarland e. V.\u00a0<\/h1>\n\n\n\n<figure class=\"wp-block-image\"><img decoding=\"async\" src=\"https:\/\/speyer24news.com\/wp-content\/uploads\/2021\/01\/VDIV-Logo-1.png\" alt=\"\" class=\"wp-image-32365\"\/><\/figure>\n\n\n\n<h2 class=\"wp-block-heading\">Welche Pflichten haben Mieter bei Sch\u00f6nheitsreparaturen? <\/h2>\n\n\n\n<h3 class=\"wp-block-heading\">Der Verband der Immobilienverwalter Rheinland-Pfalz\/Saarland e.V. kl\u00e4rt auf <\/h3>\n\n\n\n<p>Rund um das Thema Sch\u00f6nheitsreparaturen bestehen in Mietverh\u00e4ltnissen viele Irrt\u00fcmer und Unsicherheiten, nicht jede von Vermieterseite im Mietvertrag verankerte Klausel ist zul\u00e4ssig. Der Verband der Immobilienverwalter Rheinland-Pfalz\/Saarland e.V. (kurz: VDIV-RPS) informiert \u00fcber die Rechtm\u00e4\u00dfigkeit derartiger Vertragsklauseln und erkl\u00e4rt, wann und in welchem Umfang Mieter Sch\u00f6nheitsreparaturen auch wirklich durchf\u00fchren m\u00fcssen.<\/p>\n\n\n\n<p>Der Eigent\u00fcmer ist rein formal verpflichtet, f\u00fcr die Instandsetzung- und Instandhaltung seiner Immobilie selbst aufzukommen, das umfasst auch anfallende Sch\u00f6nheitsreparaturen: Er \u00fcberl\u00e4sst einem Mieter gegen Mietzahlung sein Eigentum laut \u00a7 535 Abs. 1 BGB in einem geeigneten und vertragsgem\u00e4\u00dfen Zustand und hat daf\u00fcr zu sorgen, dass dieser auch unter Ber\u00fccksichtigung von Abnutzungserscheinungen w\u00e4hrend des gesamten Mietverh\u00e4ltnisses erhalten bleibt. Rechtlich ist es dem Eigent\u00fcmer gestattet, diese Pflicht \u00fcber entsprechende Klauseln im Mietvertrag an den Mieter \u201eweiterzugeben\u201c. Dabei darf die Gegenseite aber nicht grunds\u00e4tzlich f\u00fcr alle Reparaturen verantwortlich gemacht werden. Dr. iur. Oliver Martin, Vorstandsvorsitzender im VDIV-RPS. \u201eZu Sch\u00f6nheitsreparaturen k\u00f6nnen das Tapezieren oder Streichen von W\u00e4nden, Decken, Heizk\u00f6rpern, Innent\u00fcren, sowie die Beseitigung von Bohrl\u00f6chern an den W\u00e4nden z\u00e4hlen. Holzfenster und Wohnungseingangst\u00fcren w\u00e4ren jedoch nur von innen zu streichen; Sch\u00e4den, die auf normaler Abnutzung beruhen, etwa Gebrauchsspuren an Laminat und Teppich, m\u00fcssen von Mieterseite nicht \u00fcbernommen werden.\u201c<\/p>\n\n\n\n<p>Der Mieter muss f\u00fcr die Behebung nicht zwingend ein Handwerksunternehmen beauftragen, er kann die Arbeiten auch eigenst\u00e4ndig durchf\u00fchren. Ausgeschlossen von Sch\u00f6nheitsreparaturen sind das Streichen von Balkonen oder Au\u00dfenfenstern, die Erneuerung von Badarmaturen oder Bodenbel\u00e4gen wie Teppich und Laminat beziehungsweise das Versiegeln von Parkettb\u00f6den. Derartige Forderungen des Vermieters und Klauseln im Vertragswerk sind unwirksam. Dr. Oliver Martin: \u201eF\u00fchrt eine vertragliche Klausel Punkte auf, die \u00fcber die eigentlichen Sch\u00f6nheitsreparaturen hinausgehen, verliert die komplette Klausel ihre G\u00fcltigkeit und der Mieter ist zur \u00dcbernahme dieser Arbeiten nicht verpflichtet.\u201c<\/p>\n\n\n\n<p>Viele Mietvertr\u00e4gen geben zur Durchf\u00fchrung von Sch\u00f6nheitsreparaturen regelm\u00e4\u00dfige Zeitintervalle vor. Finden sich im Vertragswerk diesbez\u00fcglich keine Angaben, sollten laut Rechtsprechung &#8211; je nach Grad der Abnutzung &#8211; K\u00fcche und Badezimmer alle drei, Flure, Wohn- und Schlafr\u00e4ume alle f\u00fcnf sowie alle \u00fcbrigen Zimmer alle sieben Jahre gestrichen werden. Unwirksam sind allerdings Bestimmungen, die einen festen und verbindlichen Renovierungsturnus (\u201eEs ist alle drei Jahre zu streichen\u201c) beziehungsweise f\u00fcr die Renovierung die Verwendung bestimmter Streichfarben (\u201eDas Wohnzimmer ist wei\u00df zu streichen\u201c) fordern. Sinnvoller ist eine offene, weniger starre Formulierung dieser Punkte, Beispiel: Sch\u00f6nheitsreparaturen sind im Abstand von etwa allen drei Jahren durchzuf\u00fchren. F\u00fcr das Streichen der W\u00e4nde verwenden Sie bitte neutrale Farben.<\/p>\n\n\n\n<p>Hat der Mieter bei Einzug eine unrenovierte Wohnung \u00fcbernommen, muss er trotz Klausel im unterschriebenen Mietvertrag oder bei Aufforderung seines Vermieters zun\u00e4chst einmal nicht f\u00fcr anfallende Sch\u00f6nheitsreparaturen aufkommen und dem Vermieter bei Auszug keine renovierte Wohnung hinterlassen. Verschlechtert sich der Zustand der R\u00e4umlichkeiten mit der Zeit, kann er laut BGH (Urteile vom 8. Juli 2020 \u2013 VIII ZR 163\/18 und VIII ZR 270\/18) &#8211; bei Selbstbeteiligung von regelm\u00e4\u00dfig der H\u00e4lfte aller anfallenden Kosten &#8211; von Vermieterseite Instandsetzungsarbeiten und Sch\u00f6nheitsreparaturen fordern. Dr. Oliver Martin: \u201eDen Zustand der Wohnr\u00e4ume bei Vertragsantritt muss deshalb immer klar dokumentiert werden. Nicht selten kommt es im Laufe eines Mietverh\u00e4ltnisses oder bei Auszug zu Konflikten beider Vertragsparteien, wenn keine \u00dcbergabevereinbarung, ggfs. erg\u00e4nzt mit Belegfotos, vorliegt.\u201c<\/p>\n\n\n\n<p>Bezieht der Mieter eine neue oder komplett renovierte Wohnung, darf der Vermieter bei Auszug eine Wohnung ohne Abnutzungsspuren verlangen, wenn dies im Mietvertrag verbindlich und rechtswirksam definiert ist. Ung\u00fcltig sind dabei laut Gesetzgeber allerdings sogenannte Endrenovierungsklauseln, die besagen, dass Mieter die Wohnung unabh\u00e4ngig vom Gesamtzustand stets immer in renoviertem Zustand hinterlassen m\u00fcssen, oder vertragliche Abgeltungsregelungen. Sie fordern bei einem vorzeitigen Auszug eine prozentuale Beteiligung an den anfallenden Sch\u00f6nheitsreparaturen.<\/p>\n\n\n\n<p>Mieter und Vermieter sollten immer detailliert pr\u00fcfen, in welchem Umfang die jeweiligen Klauseln im Mietvertrag verankert sind und ob sie auch tats\u00e4chlich G\u00fcltigkeit besitzen. H\u00e4lt ein Mieter eine bestehende Klausel f\u00fcr fehlerhaft und sieht sich nicht in der Verantwortung, zum Auszug Sch\u00f6nheitsreparaturen zu \u00fcbernehmen, sollte er dies seinem Vermieter mit der Angabe der Gr\u00fcnde im Vorfeld des \u00dcbergabedatums schriftlich mitteilen, um im Nachgang drohenden \u00c4rger zu vermeiden. Beharrt der Vermieter ohne rechtliche Grundlage weiter auf dem Standpunkt, dass der Mieter die Instandsetzungsarbeiten durchzuf\u00fchren hat, sollte sich dieser unbedingt rechtlichen Rat einholen. Sind die Klauseln zu Sch\u00f6nheitsreparaturen im Mietvertrag allerdings wirksam, ist der Vermieter berechtigt, die entstandenen Renovierungskosten von der Mietkaution abzuziehen.<\/p>\n\n\n\n<p>Bei Fragen zu diesen oder andere Themen steht der Verband der Immobilienverwalter Rheinland-PfalzSaarland e.V. gerne per Mail an <a href=\"office@vdiv-rps.de\">office@vdiv-rps.de<\/a> zur Verf\u00fcgung. Allgemeine Informationen rund um Immobilien erhalten Interessierte auch im Internet unter <a href=\"http:\/\/www.vdiv-rps.de\">www.vdiv-rps.de<\/a> oder bei <a href=\"http:\/\/www.facebook.com\/vdivrps\">www.facebook.com\/vdivrps<\/a>. <\/p>\n\n\n\n<p><em>Verband der Immobilienverwalter (VDIV) Rheinland-Pfalz\/Saarland e.V.<br>19.01.2021<\/em><\/p>\n","protected":false},"excerpt":{"rendered":"<div class=\"mh-excerpt\"><p>Stadtwerke Speyer (SWS) GmbH SWS-Stiftung: 12.000 Euro f\u00fcr nachhaltige Umweltprojekte Die Stiftung der Stadtwerke Speyer (SWS) f\u00fcr erneuerbare Energien und Umwelt will auch 2021 Projekte im Sinne des Klima- und Umweltschutzes f\u00f6rdern. Daf\u00fcr wird ein <a class=\"mh-excerpt-more\" href=\"https:\/\/speyer24news.com\/?p=32363\" title=\"Wirtschaft &#038; Finanzen\">[&#8230;]<\/a><\/p>\n<\/div>","protected":false},"author":3,"featured_media":0,"comment_status":"open","ping_status":"open","sticky":false,"template":"","format":"standard","meta":{"_monsterinsights_skip_tracking":false,"_monsterinsights_sitenote_active":false,"_monsterinsights_sitenote_note":"","_monsterinsights_sitenote_category":0,"footnotes":""},"categories":[29],"tags":[551,5861,1088,5174,8615,9353,9354,31,1442,32,9352,2768,9206,9143,1087,4698,6539],"aioseo_notices":[],"amp_enabled":true,"_links":{"self":[{"href":"https:\/\/speyer24news.com\/index.php?rest_route=\/wp\/v2\/posts\/32363"}],"collection":[{"href":"https:\/\/speyer24news.com\/index.php?rest_route=\/wp\/v2\/posts"}],"about":[{"href":"https:\/\/speyer24news.com\/index.php?rest_route=\/wp\/v2\/types\/post"}],"author":[{"embeddable":true,"href":"https:\/\/speyer24news.com\/index.php?rest_route=\/wp\/v2\/users\/3"}],"replies":[{"embeddable":true,"href":"https:\/\/speyer24news.com\/index.php?rest_route=%2Fwp%2Fv2%2Fcomments&post=32363"}],"version-history":[{"count":1,"href":"https:\/\/speyer24news.com\/index.php?rest_route=\/wp\/v2\/posts\/32363\/revisions"}],"predecessor-version":[{"id":32367,"href":"https:\/\/speyer24news.com\/index.php?rest_route=\/wp\/v2\/posts\/32363\/revisions\/32367"}],"wp:attachment":[{"href":"https:\/\/speyer24news.com\/index.php?rest_route=%2Fwp%2Fv2%2Fmedia&parent=32363"}],"wp:term":[{"taxonomy":"category","embeddable":true,"href":"https:\/\/speyer24news.com\/index.php?rest_route=%2Fwp%2Fv2%2Fcategories&post=32363"},{"taxonomy":"post_tag","embeddable":true,"href":"https:\/\/speyer24news.com\/index.php?rest_route=%2Fwp%2Fv2%2Ftags&post=32363"}],"curies":[{"name":"wp","href":"https:\/\/api.w.org\/{rel}","templated":true}]}}