{"id":32380,"date":"2021-01-19T16:33:30","date_gmt":"2021-01-19T15:33:30","guid":{"rendered":"https:\/\/speyer24news.com\/?p=32380"},"modified":"2021-01-19T16:33:31","modified_gmt":"2021-01-19T15:33:31","slug":"wilhelma-zoologisch-botanischer-garten-stuttgart-9","status":"publish","type":"post","link":"https:\/\/speyer24news.com\/?p=32380","title":{"rendered":"Wilhelma &#8211; Zoologisch-Botanischer Garten Stuttgart"},"content":{"rendered":"<style type=\"text\/css\">\r\n\t.ads_top_disp{}\r\n\t.ads_top_corner_disp{ float:left; margin:0px 10px 10px 0px; }\r\n\t.ads_first_p_disp{}\r\n\t.ads_bottom_disp{}\r\n\t<\/style>\n<div class=\"wp-block-image\"><figure class=\"aligncenter\"><img decoding=\"async\" loading=\"lazy\" width=\"800\" height=\"600\" src=\"https:\/\/speyer24news.com\/wp-content\/uploads\/2020\/09\/IMG_20200828_112835.jpg\" alt=\"\" class=\"wp-image-30180\" srcset=\"https:\/\/speyer24news.com\/wp-content\/uploads\/2020\/09\/IMG_20200828_112835.jpg 800w, https:\/\/speyer24news.com\/wp-content\/uploads\/2020\/09\/IMG_20200828_112835-300x225.jpg 300w, https:\/\/speyer24news.com\/wp-content\/uploads\/2020\/09\/IMG_20200828_112835-768x576.jpg 768w, https:\/\/speyer24news.com\/wp-content\/uploads\/2020\/09\/IMG_20200828_112835-678x509.jpg 678w, https:\/\/speyer24news.com\/wp-content\/uploads\/2020\/09\/IMG_20200828_112835-326x245.jpg 326w, https:\/\/speyer24news.com\/wp-content\/uploads\/2020\/09\/IMG_20200828_112835-80x60.jpg 80w\" sizes=\"(max-width: 800px) 100vw, 800px\" \/><\/figure><\/div>\n\n\n\n<h2 class=\"wp-block-heading\">Erster deutscher Zoo in \u201eGlobaler Koalition f\u00fcr Artenvielfalt\u201c der Europ\u00e4ischen Kommission<\/h2>\n\n\n\n<h3 class=\"wp-block-heading\">Wilhelma ruft zum Schulterschluss gegen das Artensterben auf<\/h3>\n\n\n\n<div class=\"wp-block-image\"><figure class=\"aligncenter\"><img decoding=\"async\" loading=\"lazy\" width=\"800\" height=\"497\" src=\"https:\/\/speyer24news.com\/wp-content\/uploads\/2021\/01\/KW-03a-Wilhelma-erster-deutscher-Zoo-in-Globaler-Koalition-f\u00fcr-Biodiversit\u00e4t-18.01.2021-Bild-1.jpg\" alt=\"\" class=\"wp-image-32381\" srcset=\"https:\/\/speyer24news.com\/wp-content\/uploads\/2021\/01\/KW-03a-Wilhelma-erster-deutscher-Zoo-in-Globaler-Koalition-f\u00fcr-Biodiversit\u00e4t-18.01.2021-Bild-1.jpg 800w, https:\/\/speyer24news.com\/wp-content\/uploads\/2021\/01\/KW-03a-Wilhelma-erster-deutscher-Zoo-in-Globaler-Koalition-f\u00fcr-Biodiversit\u00e4t-18.01.2021-Bild-1-300x186.jpg 300w, https:\/\/speyer24news.com\/wp-content\/uploads\/2021\/01\/KW-03a-Wilhelma-erster-deutscher-Zoo-in-Globaler-Koalition-f\u00fcr-Biodiversit\u00e4t-18.01.2021-Bild-1-768x477.jpg 768w\" sizes=\"(max-width: 800px) 100vw, 800px\" \/><figcaption> Wilhelma-Direktor Dr. Thomas K\u00f6lpin pr\u00e4sentiert ein Banner zum Beitritt zur globalen Koalition \u201eVereint f\u00fcr die Artenvielfalt\u201c mit Stefanie Reska, Leiterin von Umweltbildung und Artenschutz, am Flamingo-Gehege.<br><em>Foto: Wilhelma<\/em><\/figcaption><\/figure><\/div>\n\n\n\n<p>Als erster deutscher Zoo und Botanischer Garten ist die Wilhelma jetzt der globalen Koalition \u201eVereint f\u00fcr die Artenvielfalt\u201c beigetreten. Mitten in der Corona-Pandemie f\u00e4llt es schwer, den Blick f\u00fcr weitere gro\u00dfe Menschheitsfragen zu sch\u00e4rfen. Doch steht 2021 mit der UNO-Konferenz f\u00fcr Biodiversit\u00e4t im chinesischen Kunming eine fundamentale Weichenstellung an, um das weltweit beispiellose Artensterben zumindest zu verlangsamen. Wissenschaftler warnen, dass bereits eine Million Arten unmittelbar bedroht sind. Deshalb hofft die Wilhelma in Stuttgart mit diesem Schritt ein Zeichen zu setzen und weitere Facheinrichtungen zu einem Schulterschluss und der Unterzeichnung eines gemeinsamen offiziellen Aufrufs zu motivieren. Dies soll der UNO-Tagung in der \u00d6ffentlichkeit den Weg bereiten und die Entschlusskraft der internationalen Gemeinschaft st\u00e4rken.<\/p>\n\n\n\n<div class=\"wp-block-image\"><figure class=\"aligncenter\"><img decoding=\"async\" loading=\"lazy\" width=\"800\" height=\"585\" src=\"https:\/\/speyer24news.com\/wp-content\/uploads\/2021\/01\/KW-03a-Wilhelma-erster-deutscher-Zoo-in-Globaler-Koalition-f\u00fcr-Biodiversit\u00e4t-18.01.2021-Bild-2.jpg\" alt=\"\" class=\"wp-image-32382\" srcset=\"https:\/\/speyer24news.com\/wp-content\/uploads\/2021\/01\/KW-03a-Wilhelma-erster-deutscher-Zoo-in-Globaler-Koalition-f\u00fcr-Biodiversit\u00e4t-18.01.2021-Bild-2.jpg 800w, https:\/\/speyer24news.com\/wp-content\/uploads\/2021\/01\/KW-03a-Wilhelma-erster-deutscher-Zoo-in-Globaler-Koalition-f\u00fcr-Biodiversit\u00e4t-18.01.2021-Bild-2-300x219.jpg 300w, https:\/\/speyer24news.com\/wp-content\/uploads\/2021\/01\/KW-03a-Wilhelma-erster-deutscher-Zoo-in-Globaler-Koalition-f\u00fcr-Biodiversit\u00e4t-18.01.2021-Bild-2-768x562.jpg 768w, https:\/\/speyer24news.com\/wp-content\/uploads\/2021\/01\/KW-03a-Wilhelma-erster-deutscher-Zoo-in-Globaler-Koalition-f\u00fcr-Biodiversit\u00e4t-18.01.2021-Bild-2-80x60.jpg 80w\" sizes=\"(max-width: 800px) 100vw, 800px\" \/><figcaption> Wilhelma-Direktor Dr. Thomas K\u00f6lpin pr\u00e4sentiert ein Banner zum Beitritt zur globalen Koalition \u201eVereint f\u00fcr die Artenvielfalt\u201c mit Stefanie Reska, Leiterin von Umweltbildung und Artenschutz, vor einer Gew\u00e4chshauskuppel des Maurischen Landhauses.<br><em>Foto: Wilhelma Stuttgart <\/em><\/figcaption><\/figure><\/div>\n\n\n\n<p>Die Europ\u00e4ische Kommission hatte diese Koalition #UnitedforBiodiversity am Welttag des Artenschutzes 2020 ins Leben gerufen. Sie ruft Nationalparks, Forschungszentren, Wissenschafts- und Naturkundemuseen, Botanische G\u00e4rten, Zoos und Aquarien auf, gemeinsam aufzutreten, um dem Erhalt der Natur eine st\u00e4rkere Stimme zu geben, mit dem sich die 15. Vertragsstaatenkonferenz (COP15) des \u00dcbereinkommens \u00fcber die biologische Vielfalt 2021 auseinandersetzen wird. Bisher zeigen international mehr als 150 Einrichtungen Flagge, vor allem in Frankreich und Spanien. Nach dem \u00f6ffentlichen Beitritt des Naturhistorischen Museums Biotopia in M\u00fcnchen und des Zoologischen Forschungsmuseums Alexander Koenig in Bonn schlie\u00dft sich die Wilhelma offiziell als dritte Einrichtung aus Deutschland an. Die Koalition wird ebenfalls vom Verband der Zoologischen G\u00e4rten (VdZ) unterst\u00fctzt, der alle ihre Mitglieder aus Deutschland, \u00d6sterreich und der Schweiz zum Beitritt einl\u00e4dt.<\/p>\n\n\n\n<p>\u201eF\u00fcr die Zukunft des Lebens auf der Erde gibt es drei zentrale Herausforderungen, die eng verkn\u00fcpft sind\u201c, sagt Wilhelma-Direktor Dr. Thomas K\u00f6lpin, \u201eden Klimawandel, das Artensterben und die stetig wachsende Weltbev\u00f6lkerung. Sie h\u00e4ngen zusammen, weil dieses Wachstum sowohl den Aussto\u00df an klimarelevanten Gasen verst\u00e4rkt als auch die ausufernden Siedlungsgebiete und Landwirtschaftsfl\u00e4chen fast ungebremst in die Lebensr\u00e4ume der Tiere vordringen l\u00e4sst.\u201c Der immer engere Kontakt zwischen Menschen und Wildtieren erleichtere nicht zuletzt auch das \u00dcberspringen von bis dahin unbekannten t\u00f6dlichen Krankheitserregern, wie schon bei Ebola, HIV oder SARS und jetzt Corona. Solche Pandemien machten leidvoll deutlich, dass globale Ph\u00e4nomene auch nur global in den Griff zu bekommen seien. Jede Tier- oder Pflanzenart, die aussterbe, sei unwiederbringlich verloren. Damit sinke zugleich auch die Widerstandsf\u00e4higkeit des ganzen \u00d6kosystems, sich durch seine Vielfalt auf wandelnde Rahmenbedingungen wie die Klimaerw\u00e4rmung einstellen zu k\u00f6nnen. Die Wechselbeziehungen und direkten Auswirkungen menschlicher Aktivit\u00e4ten h\u00e4tten zu der akuten, sich weiter versch\u00e4rfenden Klima- und Naturkrise gef\u00fchrt.<\/p>\n\n\n\n<div class=\"wp-block-image\"><figure class=\"aligncenter\"><img decoding=\"async\" loading=\"lazy\" width=\"800\" height=\"440\" src=\"https:\/\/speyer24news.com\/wp-content\/uploads\/2021\/01\/KW-03a-Wilhelma-erster-deutscher-Zoo-in-Globaler-Koalition-f\u00fcr-Biodiversit\u00e4t-18.01.2021-Bild-3.jpg\" alt=\"\" class=\"wp-image-32383\" srcset=\"https:\/\/speyer24news.com\/wp-content\/uploads\/2021\/01\/KW-03a-Wilhelma-erster-deutscher-Zoo-in-Globaler-Koalition-f\u00fcr-Biodiversit\u00e4t-18.01.2021-Bild-3.jpg 800w, https:\/\/speyer24news.com\/wp-content\/uploads\/2021\/01\/KW-03a-Wilhelma-erster-deutscher-Zoo-in-Globaler-Koalition-f\u00fcr-Biodiversit\u00e4t-18.01.2021-Bild-3-300x165.jpg 300w, https:\/\/speyer24news.com\/wp-content\/uploads\/2021\/01\/KW-03a-Wilhelma-erster-deutscher-Zoo-in-Globaler-Koalition-f\u00fcr-Biodiversit\u00e4t-18.01.2021-Bild-3-768x422.jpg 768w\" sizes=\"(max-width: 800px) 100vw, 800px\" \/><figcaption> Wilhelma-Direktor Dr. Thomas K\u00f6lpin pr\u00e4sentiert ein Banner zum Beitritt zur globalen Koalition \u201eVereint f\u00fcr die Artenvielfalt\u201c mit Stefanie Reska, Leiterin von Umweltbildung und Artenschutz, vor dem Maurischen Landhaus.<br><em>Foto: Wilhelma Stuttgart <\/em><\/figcaption><\/figure><\/div>\n\n\n\n<p>\u201eUm diese irreparablen Sch\u00e4den so gering wie m\u00f6glich zu halten, muss die UN-Biodiversit\u00e4tskonferenz von Kunming Ergebnisse gleicher Tragweite wie das Pariser Klimaschutz-Abkommen erreichen\u201c, betont K\u00f6lpin. \u201eDas kann nur gelingen, wenn ein steigendes Interesse und Problembewusstsein in der \u00d6ffentlichkeit den Handlungsdruck f\u00fcr die Delegationen aufbaut. Da ist es wichtig, dass vor allem die Fachleute an einem Strang ziehen und dem Thema in Deutschland, Europa und der ganzen Welt noch mehr Geh\u00f6r verschaffen.\u201c<\/p>\n\n\n\n<p>Die Wilhelma geh\u00f6rt mit normalerweise mehr als anderthalb Millionen Besucherinnen und Besucher jedes Jahr zu den beliebtesten Freizeiteinrichtungen und au\u00dferschulischen Lernorten in Baden-W\u00fcrttemberg. \u201eBei so vielen naturinteressierten G\u00e4sten haben wir die M\u00f6glichkeit, aber auch die Verantwortung, die \u00f6kologischen Zusammenh\u00e4nge und den Handlungsbedarf aufzuzeigen\u201c, so der Direktor. Die Wilhelma geh\u00f6rt mit fast 1200 Tierarten und rund 8500 Pflanzenarten und -sorten zu den artenreichsten Institutionen der Welt. Auf 30 Hektar h\u00e4lt und z\u00fcchtet sie bedrohte Tier- und Pflanzenarten und macht dazu zahlreiche umweltp\u00e4dagogische Angebote f\u00fcr Jung und Alt. Zudem f\u00f6rdert sie weltweit rund 20 Artenschutz-Projekte. Die Gestaltung ihrer derzeit neu entstehenden Asienanlagen stellt die Wilhelma unter den Blickwinkel des Mensch-Tier-Konfliktes.<\/p>\n\n\n\n<div class=\"wp-block-image\"><figure class=\"aligncenter\"><img decoding=\"async\" loading=\"lazy\" width=\"800\" height=\"600\" src=\"https:\/\/speyer24news.com\/wp-content\/uploads\/2021\/01\/KW-03a-Wilhelma-erster-deutscher-Zoo-in-Globaler-Koalition-f\u00fcr-Biodiversit\u00e4t-18.01.2021-Bild-4.jpg\" alt=\"\" class=\"wp-image-32384\" srcset=\"https:\/\/speyer24news.com\/wp-content\/uploads\/2021\/01\/KW-03a-Wilhelma-erster-deutscher-Zoo-in-Globaler-Koalition-f\u00fcr-Biodiversit\u00e4t-18.01.2021-Bild-4.jpg 800w, https:\/\/speyer24news.com\/wp-content\/uploads\/2021\/01\/KW-03a-Wilhelma-erster-deutscher-Zoo-in-Globaler-Koalition-f\u00fcr-Biodiversit\u00e4t-18.01.2021-Bild-4-300x225.jpg 300w, https:\/\/speyer24news.com\/wp-content\/uploads\/2021\/01\/KW-03a-Wilhelma-erster-deutscher-Zoo-in-Globaler-Koalition-f\u00fcr-Biodiversit\u00e4t-18.01.2021-Bild-4-768x576.jpg 768w, https:\/\/speyer24news.com\/wp-content\/uploads\/2021\/01\/KW-03a-Wilhelma-erster-deutscher-Zoo-in-Globaler-Koalition-f\u00fcr-Biodiversit\u00e4t-18.01.2021-Bild-4-678x509.jpg 678w, https:\/\/speyer24news.com\/wp-content\/uploads\/2021\/01\/KW-03a-Wilhelma-erster-deutscher-Zoo-in-Globaler-Koalition-f\u00fcr-Biodiversit\u00e4t-18.01.2021-Bild-4-326x245.jpg 326w, https:\/\/speyer24news.com\/wp-content\/uploads\/2021\/01\/KW-03a-Wilhelma-erster-deutscher-Zoo-in-Globaler-Koalition-f\u00fcr-Biodiversit\u00e4t-18.01.2021-Bild-4-80x60.jpg 80w\" sizes=\"(max-width: 800px) 100vw, 800px\" \/><figcaption> Als erster Zoo und Botanischer Garten in Deutschland tritt die Wilhelma der globalen Koalition \u201eVereint f\u00fcr die Artenvielfalt\u201c bei. Die Wilhelma f\u00f6rdert den Artenschutz weltweit an vielen Orten. Zur Bekanntgabe des Beitritts sind Direktor Dr. Thomas K\u00f6lpin und Stefanie Reska, Leiterin von Umweltbildung und Artenschutz, vor den Infotafeln zu dem Engagement am Eingang der Wilhelma zu sehen.<br><em>Foto: Wilhelma Stuttgart <\/em><\/figcaption><\/figure><\/div>\n\n\n\n<p>Die Globale Koalition f\u00fcr Biodiversit\u00e4t geht auf die Initiative von Virginijus Sinkevi\u010dius zur\u00fcck, dem EUKommissar f\u00fcr Umwelt, Meere und Fischerei. \u201eAlle Arten, von den Bakterien bis zu den S\u00e4ugetieren, von den Pflanzen bis zu den Insekten, sind Teile des einen gro\u00dfen Puzzles des Lebens. Sie sind alle miteinander verbunden und h\u00e4ngen voneinander ab\u201c, sagt er und hebt hervor: \u201eDoch eine dieser Spezies, unsere Spezies, ist jetzt f\u00fcr die Klimakrise und die Krise der Natur verantwortlich und verursacht einen massiven Verlust der Artenvielfalt. Indem wir die \u00d6kosysteme der Erde zerst\u00f6ren, gef\u00e4hrden wir Menschen unsere Nahrung, unsere Gesundheit, unsere Wirtschaft und unsere eigene Zukunft.\u201c Deshalb sei es h\u00f6chste Zeit, die Weichen neu zu stellen. Sinkevi\u010dius appelliert: \u201eWeltweit zeigen uns Botanische G\u00e4rten, Zoos, Parks, Museen, Forschungszentren und Aquarien, was wir auf diesem Planeten sch\u00fctzen oder wiederherstellen m\u00fcssen. Wir m\u00fcssen dringend handeln \u2013 auf allen Ebenen, von der lokalen bis zur globalen \u2013, sonst existiert k\u00fcnftig die einzige Chance, die Natur zu erleben, nur noch in diesen Institutionen. Das w\u00e4re ein Versagen der Menschheit. Es ist Zeit f\u00fcr uns, wieder eine Verbindung mit der Natur einzugehen.\u201c<\/p>\n\n\n\n<p>Der Aufruf der Europ\u00e4ischen Kommission, sich der Bewegung f\u00fcr den Erhalt der Artenvielfalt anzuschlie\u00dfen, findet sich im Internet unter #UnitedforBiodiversity: <a href=\"https:\/\/ec.europa.eu\/environment\/nature\/biodiversity\/coalition\/index_en.htm\">https:\/\/ec.europa.eu\/environment\/nature\/biodiversity\/coalition\/index_en.htm<\/a><\/p>\n\n\n\n<p><em>Wilhelma \u2013 Zoologisch-Botanischer Garten Stuttgart<br>19.01.2021<\/em><\/p>\n","protected":false},"excerpt":{"rendered":"<div class=\"mh-excerpt\"><p>Erster deutscher Zoo in \u201eGlobaler Koalition f\u00fcr Artenvielfalt\u201c der Europ\u00e4ischen Kommission Wilhelma ruft zum Schulterschluss gegen das Artensterben auf Als erster deutscher Zoo und Botanischer Garten ist die Wilhelma jetzt der globalen Koalition \u201eVereint f\u00fcr <a class=\"mh-excerpt-more\" href=\"https:\/\/speyer24news.com\/?p=32380\" title=\"Wilhelma &#8211; Zoologisch-Botanischer Garten Stuttgart\">[&#8230;]<\/a><\/p>\n<\/div>","protected":false},"author":3,"featured_media":30171,"comment_status":"open","ping_status":"open","sticky":false,"template":"","format":"standard","meta":{"_monsterinsights_skip_tracking":false,"_monsterinsights_sitenote_active":false,"_monsterinsights_sitenote_note":"","_monsterinsights_sitenote_category":0,"footnotes":""},"categories":[11],"tags":[9374,8088,8421,8422,8569,9373,8419,8420,8811,6716,8418],"aioseo_notices":[],"amp_enabled":true,"_links":{"self":[{"href":"https:\/\/speyer24news.com\/index.php?rest_route=\/wp\/v2\/posts\/32380"}],"collection":[{"href":"https:\/\/speyer24news.com\/index.php?rest_route=\/wp\/v2\/posts"}],"about":[{"href":"https:\/\/speyer24news.com\/index.php?rest_route=\/wp\/v2\/types\/post"}],"author":[{"embeddable":true,"href":"https:\/\/speyer24news.com\/index.php?rest_route=\/wp\/v2\/users\/3"}],"replies":[{"embeddable":true,"href":"https:\/\/speyer24news.com\/index.php?rest_route=%2Fwp%2Fv2%2Fcomments&post=32380"}],"version-history":[{"count":1,"href":"https:\/\/speyer24news.com\/index.php?rest_route=\/wp\/v2\/posts\/32380\/revisions"}],"predecessor-version":[{"id":32385,"href":"https:\/\/speyer24news.com\/index.php?rest_route=\/wp\/v2\/posts\/32380\/revisions\/32385"}],"wp:featuredmedia":[{"embeddable":true,"href":"https:\/\/speyer24news.com\/index.php?rest_route=\/wp\/v2\/media\/30171"}],"wp:attachment":[{"href":"https:\/\/speyer24news.com\/index.php?rest_route=%2Fwp%2Fv2%2Fmedia&parent=32380"}],"wp:term":[{"taxonomy":"category","embeddable":true,"href":"https:\/\/speyer24news.com\/index.php?rest_route=%2Fwp%2Fv2%2Fcategories&post=32380"},{"taxonomy":"post_tag","embeddable":true,"href":"https:\/\/speyer24news.com\/index.php?rest_route=%2Fwp%2Fv2%2Ftags&post=32380"}],"curies":[{"name":"wp","href":"https:\/\/api.w.org\/{rel}","templated":true}]}}