{"id":32440,"date":"2021-01-21T15:54:19","date_gmt":"2021-01-21T14:54:19","guid":{"rendered":"https:\/\/speyer24news.com\/?p=32440"},"modified":"2021-01-21T15:54:20","modified_gmt":"2021-01-21T14:54:20","slug":"erinnern-gedenken-mahnen","status":"publish","type":"post","link":"https:\/\/speyer24news.com\/?p=32440","title":{"rendered":"Erinnern \u2013 Gedenken \u2013 Mahnen"},"content":{"rendered":"<style type=\"text\/css\">\r\n\t.ads_top_disp{}\r\n\t.ads_top_corner_disp{ float:left; margin:0px 10px 10px 0px; }\r\n\t.ads_first_p_disp{}\r\n\t.ads_bottom_disp{}\r\n\t<\/style>\n<h2 class=\"wp-block-heading\"><strong>Gedenken an die Opfer des Nationalsozialismus<\/strong><\/h2>\n\n\n\n<h3 class=\"wp-block-heading\">Digitale Gedenkfeier am <strong>Mittwoch, den 27. Januar 2021<\/strong><\/h3>\n\n\n\n<div class=\"wp-block-image\"><figure class=\"aligncenter\"><img decoding=\"async\" loading=\"lazy\" width=\"800\" height=\"600\" src=\"https:\/\/speyer24news.com\/wp-content\/uploads\/2021\/01\/Mahnmal-Synagoge-Speyer-9.jpg\" alt=\"\" class=\"wp-image-32441\" srcset=\"https:\/\/speyer24news.com\/wp-content\/uploads\/2021\/01\/Mahnmal-Synagoge-Speyer-9.jpg 800w, https:\/\/speyer24news.com\/wp-content\/uploads\/2021\/01\/Mahnmal-Synagoge-Speyer-9-300x225.jpg 300w, https:\/\/speyer24news.com\/wp-content\/uploads\/2021\/01\/Mahnmal-Synagoge-Speyer-9-768x576.jpg 768w, https:\/\/speyer24news.com\/wp-content\/uploads\/2021\/01\/Mahnmal-Synagoge-Speyer-9-678x509.jpg 678w, https:\/\/speyer24news.com\/wp-content\/uploads\/2021\/01\/Mahnmal-Synagoge-Speyer-9-326x245.jpg 326w, https:\/\/speyer24news.com\/wp-content\/uploads\/2021\/01\/Mahnmal-Synagoge-Speyer-9-80x60.jpg 80w\" sizes=\"(max-width: 800px) 100vw, 800px\" \/><\/figure><\/div>\n\n\n\n<p>Anl\u00e4sslich des 100. Geburtstages von Sophie Scholl am 9. Mai 2021 wird online gemeinsam der Opfer des Nationalsozialismus gedacht. \u00a0\u00a0\u00a0\u00a0\u00a0\u00a0\u00a0\u00a0\u00a0\u00a0<br>Die Arbeitsstelle Frieden und Umwelt der Evangelischen Kirche der Pfalz, die Deutsch-Israelische Gesellschaft, die J\u00fcdische Kultusgemeinde der Rheinpfalz, die Katholische Erwachsenenbildung der Di\u00f6zese Speyer und die Stadt Speyer laden zur \u00f6ffentlichen Gedenkfeier ein. Die Veranstaltung findet am <strong>Mittwoch, den 27. Januar 2021<\/strong> um 18:00 im digitalen Format statt, da pandemiebedingt derzeit keine Pr\u00e4senzveranstaltungen m\u00f6glich sind.<\/p>\n\n\n\n<p>Als Bundespr\u00e4sident Roman Herzog im Jahr 1996 den 27. Januar zum Gedenktag an die Opfer des Nationalsozialismus erkl\u00e4rte, betonte er: \u201eDie Erinnerung darf nicht enden; sie muss auch k\u00fcnftige Generationen zur Wachsamkeit mahnen. Es ist wichtig, eine Form des Erinnerns zu finden, die in die Zukunft wirkt. Sie soll Trauer \u00fcber Leid und Verlust ausdr\u00fccken, dem Gedenken an die Opfer gewidmet sein und jeder Gefahr der Wiederholung entgegenwirken.\u201c<\/p>\n\n\n\n<figure class=\"wp-block-image\"><img decoding=\"async\" loading=\"lazy\" width=\"1024\" height=\"768\" src=\"https:\/\/speyer24news.com\/wp-content\/uploads\/2021\/01\/DSC08056-1024x768.jpg\" alt=\"\" class=\"wp-image-32442\" srcset=\"https:\/\/speyer24news.com\/wp-content\/uploads\/2021\/01\/DSC08056-1024x768.jpg 1024w, https:\/\/speyer24news.com\/wp-content\/uploads\/2021\/01\/DSC08056-300x225.jpg 300w, https:\/\/speyer24news.com\/wp-content\/uploads\/2021\/01\/DSC08056-768x576.jpg 768w, https:\/\/speyer24news.com\/wp-content\/uploads\/2021\/01\/DSC08056-678x509.jpg 678w, https:\/\/speyer24news.com\/wp-content\/uploads\/2021\/01\/DSC08056-326x245.jpg 326w, https:\/\/speyer24news.com\/wp-content\/uploads\/2021\/01\/DSC08056-80x60.jpg 80w\" sizes=\"(max-width: 1024px) 100vw, 1024px\" \/><\/figure>\n\n\n\n<p>Auf dieser Basis gestalten Sch\u00fclerinnen der Edith-Stein-Realschule, des Edith-Stein-Gymnasiums, des Hans-Purrmann-Gymnasiums und des Gymnasiums am Kaiserdom gemeinsam mit der Oberb\u00fcrgermeisterin der Stadt Speyer, Stefanie Seiler, die Gedenkfeier. Die musikalische Gestaltung erfolgt durch eine Sch\u00fclerin und einen Lehrer des Nikolaus-von-Weis-Gymnasiums.<\/p>\n\n\n\n<p>\u201eDen Opfern des Nationalsozialismus wurde unvorstellbares Leid zugef\u00fcgt \u2013 fernab jeglicher Menschlichkeit. Umso wichtiger sind\u00a0Gedenkveranstaltungen wie diese, damit wir uns regelm\u00e4\u00dfig daran erinnern, dass solche Grausamkeiten nie wieder passieren d\u00fcrfen. Zu verhindern, dass Menschen auf Merkmale wie Religion, Herkunft oder Hautfarbe reduziert werden, ist unser aller Aufgabe\u201c, betont Stefanie Seiler.<\/p>\n\n\n\n<figure class=\"wp-block-image\"><img decoding=\"async\" loading=\"lazy\" width=\"800\" height=\"600\" src=\"https:\/\/speyer24news.com\/wp-content\/uploads\/2021\/01\/DSC03882.jpg\" alt=\"\" class=\"wp-image-32443\" srcset=\"https:\/\/speyer24news.com\/wp-content\/uploads\/2021\/01\/DSC03882.jpg 800w, https:\/\/speyer24news.com\/wp-content\/uploads\/2021\/01\/DSC03882-300x225.jpg 300w, https:\/\/speyer24news.com\/wp-content\/uploads\/2021\/01\/DSC03882-768x576.jpg 768w, https:\/\/speyer24news.com\/wp-content\/uploads\/2021\/01\/DSC03882-678x509.jpg 678w, https:\/\/speyer24news.com\/wp-content\/uploads\/2021\/01\/DSC03882-326x245.jpg 326w, https:\/\/speyer24news.com\/wp-content\/uploads\/2021\/01\/DSC03882-80x60.jpg 80w\" sizes=\"(max-width: 800px) 100vw, 800px\" \/><\/figure>\n\n\n\n<p>Der Zugang zur Gedenkfeier erfolgt \u00fcber den Link&nbsp;<a href=\"https:\/\/deref-web.de\/mail\/client\/tQLnXPJ4Qts\/dereferrer\/?redirectUrl=https%3A%2F%2Fkonferenz.bbb3.de%2Fb%2Fkeb-t2q-3y6-lzm\" target=\"_blank\" rel=\"noreferrer noopener\">https:\/\/konferenz.bbb3.de\/b\/keb-t2q-3y6-lzm<\/a>, der auch auf den Homepages der Katholischen Erwachsenenbildung Di\u00f6zese Speyer unter&nbsp;<a href=\"https:\/\/deref-web.de\/mail\/client\/qNKaNO30PUA\/dereferrer\/?redirectUrl=http%3A%2F%2Fwww.keb-speyer.de\" target=\"_blank\" rel=\"noreferrer noopener\">www.keb-speyer.de<\/a>&nbsp;sowie der Stadt Speyer unter&nbsp;<a href=\"https:\/\/deref-web.de\/mail\/client\/VX_rnXDx1lU\/dereferrer\/?redirectUrl=http%3A%2F%2Fwww.speyer.de\" target=\"_blank\" rel=\"noreferrer noopener\">www.speyer.de<\/a>&nbsp;abrufbar ist.<br>Die geplanten Begleitveranstaltungen zur Gedenkfeier im Januar 2021 mussten abgesagt werden. Eine Neuterminierung in der ersten Maih\u00e4lfte wird derzeit gepr\u00fcft.<\/p>\n\n\n\n<p><strong>Weitere Informationen bei:<\/strong><\/p>\n\n\n\n<ul><li>Katholische Erwachsenenbildung Di\u00f6zese Speyer<\/li><li>Tel. 06232 \/ 102-180, E-Mail:\u00a0<a rel=\"noreferrer noopener\" href=\"mailto:keb@bistum-speyer.de\" target=\"_blank\">keb@bistum-speyer.de<\/a><\/li><\/ul>\n\n\n\n<p><em>Text: Gemeinsame Pressemitteilung der Katholischen Erwachsenenbildung der Di\u00f6zese Speyer und der Stadt Speyer Foto: Speyer 24\/7 News<br>21.01.2021<\/em><\/p>\n","protected":false},"excerpt":{"rendered":"<div class=\"mh-excerpt\"><p>Gedenken an die Opfer des Nationalsozialismus Digitale Gedenkfeier am Mittwoch, den 27. Januar 2021 Anl\u00e4sslich des 100. Geburtstages von Sophie Scholl am 9. Mai 2021 wird online gemeinsam der Opfer des Nationalsozialismus gedacht. \u00a0\u00a0\u00a0\u00a0\u00a0\u00a0\u00a0\u00a0\u00a0\u00a0Die Arbeitsstelle <a class=\"mh-excerpt-more\" href=\"https:\/\/speyer24news.com\/?p=32440\" title=\"Erinnern \u2013 Gedenken \u2013 Mahnen\">[&#8230;]<\/a><\/p>\n<\/div>","protected":false},"author":3,"featured_media":31136,"comment_status":"open","ping_status":"open","sticky":false,"template":"","format":"standard","meta":{"_monsterinsights_skip_tracking":false,"_monsterinsights_sitenote_active":false,"_monsterinsights_sitenote_note":"","_monsterinsights_sitenote_category":0,"footnotes":""},"categories":[14,9],"tags":[9406,9404,676,9405,4160,4161,5396,8789,9407],"aioseo_notices":[],"amp_enabled":true,"_links":{"self":[{"href":"https:\/\/speyer24news.com\/index.php?rest_route=\/wp\/v2\/posts\/32440"}],"collection":[{"href":"https:\/\/speyer24news.com\/index.php?rest_route=\/wp\/v2\/posts"}],"about":[{"href":"https:\/\/speyer24news.com\/index.php?rest_route=\/wp\/v2\/types\/post"}],"author":[{"embeddable":true,"href":"https:\/\/speyer24news.com\/index.php?rest_route=\/wp\/v2\/users\/3"}],"replies":[{"embeddable":true,"href":"https:\/\/speyer24news.com\/index.php?rest_route=%2Fwp%2Fv2%2Fcomments&post=32440"}],"version-history":[{"count":1,"href":"https:\/\/speyer24news.com\/index.php?rest_route=\/wp\/v2\/posts\/32440\/revisions"}],"predecessor-version":[{"id":32444,"href":"https:\/\/speyer24news.com\/index.php?rest_route=\/wp\/v2\/posts\/32440\/revisions\/32444"}],"wp:featuredmedia":[{"embeddable":true,"href":"https:\/\/speyer24news.com\/index.php?rest_route=\/wp\/v2\/media\/31136"}],"wp:attachment":[{"href":"https:\/\/speyer24news.com\/index.php?rest_route=%2Fwp%2Fv2%2Fmedia&parent=32440"}],"wp:term":[{"taxonomy":"category","embeddable":true,"href":"https:\/\/speyer24news.com\/index.php?rest_route=%2Fwp%2Fv2%2Fcategories&post=32440"},{"taxonomy":"post_tag","embeddable":true,"href":"https:\/\/speyer24news.com\/index.php?rest_route=%2Fwp%2Fv2%2Ftags&post=32440"}],"curies":[{"name":"wp","href":"https:\/\/api.w.org\/{rel}","templated":true}]}}