{"id":32447,"date":"2021-01-22T07:31:11","date_gmt":"2021-01-22T06:31:11","guid":{"rendered":"https:\/\/speyer24news.com\/?p=32447"},"modified":"2021-01-22T07:31:12","modified_gmt":"2021-01-22T06:31:12","slug":"leserbrief-17","status":"publish","type":"post","link":"https:\/\/speyer24news.com\/?p=32447","title":{"rendered":"Leserbrief"},"content":{"rendered":"<style type=\"text\/css\">\r\n\t.ads_top_disp{}\r\n\t.ads_top_corner_disp{ float:left; margin:0px 10px 10px 0px; }\r\n\t.ads_first_p_disp{}\r\n\t.ads_bottom_disp{}\r\n\t<\/style>\n<h2 class=\"wp-block-heading\">Lockdown 2.0, Nothilfen vom Staat und keine Ende in Sicht<\/h2>\n\n\n\n<figure class=\"wp-block-image\"><img decoding=\"async\" loading=\"lazy\" width=\"800\" height=\"598\" src=\"https:\/\/speyer24news.com\/wp-content\/uploads\/2021\/01\/lockdown-5551899_1920.jpg\" alt=\"\" class=\"wp-image-32389\" srcset=\"https:\/\/speyer24news.com\/wp-content\/uploads\/2021\/01\/lockdown-5551899_1920.jpg 800w, https:\/\/speyer24news.com\/wp-content\/uploads\/2021\/01\/lockdown-5551899_1920-300x224.jpg 300w, https:\/\/speyer24news.com\/wp-content\/uploads\/2021\/01\/lockdown-5551899_1920-768x574.jpg 768w, https:\/\/speyer24news.com\/wp-content\/uploads\/2021\/01\/lockdown-5551899_1920-326x245.jpg 326w, https:\/\/speyer24news.com\/wp-content\/uploads\/2021\/01\/lockdown-5551899_1920-80x60.jpg 80w\" sizes=\"(max-width: 800px) 100vw, 800px\" \/><\/figure>\n\n\n\n<p>Ich sitze jetzt bereits den dritten Tag an diesem\nLeserbrief. jedes Mal, wenn ich dar\u00fcber nachdenke beschleunigt sich mein Puls\nund mir kommen die Tr\u00e4nen, vor Wut Unverst\u00e4ndnis Trauer Ratlosigkeit und\nVerzweiflung. <\/p>\n\n\n\n<p>Wie in der Vergangenheit haben sich meine Sorgen, \u00c4ngste und Fragen nicht gelegt oder gekl\u00e4rt, im Gegenteil. <\/p>\n\n\n\n<p>Ich bin seit Juli 2019 selbstst\u00e4ndig,\nhabe mich sogar aus dem ALG2 Bezug gek\u00e4mpft ohne Unterst\u00fctzung, aus eigener\nKraft. <\/p>\n\n\n\n<p>Seit dieser Zeit hatte ich leider nur\nwenig Gelegenheit meine Freiheit, meine Selbstst\u00e4ndigkeit zu genie\u00dfen. <\/p>\n\n\n\n<p>Bereits im M\u00e4rz 2020 musste ich mein\nGesch\u00e4ft das erste Mal auf ungewisse Zeit schlie\u00dfen. Der Grund: CORONA. Das\nerste Mal Angst, Sorgen und viele Fragen. <\/p>\n\n\n\n<p>Allerdings kam in dieser Zeit eine\nSoforthilfe, diese kam auch recht schnell da sie auch schnell ben\u00f6tigt wurde.\nAuch wenn man eben jene Hilfe nicht f\u00fcr den privaten Gebrauch nutzen durfte.\n(was mir immer noch unbegreiflich ist) Im Mai 2020 dann die erhoffte\n\u201eErl\u00f6sung\u201c, ich durfte unter strengsten Auflagen wieder \u00f6ffnen. <\/p>\n\n\n\n<p>Ich hatte seit dieser Zeit nicht mal\nann\u00e4hernd die M\u00f6glichkeit, die Chance, die Gelegenheit meine normalen Ums\u00e4tze\nzu erzielen. Dennoch habe ich weiter gemacht, weitergek\u00e4mpft, um mich und meine\nFamilie weiter ern\u00e4hren k\u00f6nnen. <\/p>\n\n\n\n<p>Dann der neuerliche Schock Ende Oktober,\nab dem 02. November 2020 wieder schlie\u00dfen, auf unbestimmte Zeit. <\/p>\n\n\n\n<p>Auf die zahlreichen Anfragen bei den\nunterschiedlichsten Stellen wurde man, wie schon mehrfach berichtet auf ALG2\nverwiesen. <\/p>\n\n\n\n<p>Diesen Antrag zu stellen war f\u00fcr mich ein\nso schwerer Gang, aber schlussendlich musste ich ihn gehen, um nicht mit meinem\nvierj\u00e4hrigen Sohn auf der Stra\u00dfe zu sitzen. <\/p>\n\n\n\n<p>Erneut stehe ich wie so viele andere\nKleinunternehmer*innen, Fris\u00f6re*innen, Kulturschaffende etc. vor dem Ruin, meine Existenz ist innerhalb nicht mal eines Jahres das\nzweite Mal massiv bedroht. Wie auch im M\u00e4rz 2020 standen hier eine geraume Zeit\nkeine Hilfen f\u00fcr Soloselbstst\u00e4ndige und kleine Betriebe fest, w\u00e4hrend\nMilliardenschwere Unternehmen gef\u00fchlt schon ihre Hilfen hatten, bevor wir\n\u00fcberhaupt Antr\u00e4ge stellen konnten.<\/p>\n\n\n\n<p>Wir, die kleinen unscheinbaren, scheinbar\nunwichtigen Gastronomen und kleinen Betriebe wurden in der Luft h\u00e4ngen\ngelassen. Man kann es nicht anders sagen, wir wurden im Stich gelassen!!!<\/p>\n\n\n\n<p>Die erhoffte und so dringend ben\u00f6tigte\n\u201eErl\u00f6sung und Hilfe\u201c kam auch hier bei sehr vielen bis dato nicht! <\/p>\n\n\n\n<p>Die erstmals nur f\u00fcr November\nangek\u00fcndigte Hilfe f\u00fcr Soloselbstst\u00e4ndige, die ohne pr\u00fcfenden Dritten gestellt\nwerden kann (Stichtag hierf\u00fcr war der 25.11.2020). Ein Schelm wer \u00fcbles dabei\ndenkt, eine Hilfe f\u00fcr einen Monat erst am Ende dieses Monats beantragen zu\nk\u00f6nnen. <\/p>\n\n\n\n<p>Eben jene Hilfe sollte schnell und\nunb\u00fcrokratisch gestellt werden k\u00f6nnen und auch ausbezahlt werden. Haben Sie\nsich einen solchen Antrag einmal angesehen? <\/p>\n\n\n\n<p>Wir schreiben heute den 22.01.2021 und bis heute ist diese Hilfe bei sehr vielen noch nicht ausgezahlt, nicht einmal wie angek\u00fcndigt eine Abschlagszahlung. Der Grund seinen angeblich die technischen Schwierigkeiten. <\/p>\n\n\n\n<p>Bei allem Verst\u00e4ndnis f\u00fcr das hohe\nAuftragsaufkommen und Probleme, die immer und \u00fcberall auftreten k\u00f6nnen, geht mir\ndas doch jetzt zur G\u00e4nze aus. <\/p>\n\n\n\n<p>Dann wurde der Lockdown erneut\nverl\u00e4ngert, bis zum 10.01.2021, oder besser gesagt bis zum 31.01.2021, und\nschlussendlich bis zum 14.02.2021. Vermutlich noch l\u00e4nger, denn die Hoffnung\nund das Vertrauen, das ich in die Regierung gesetzt hatte, habe ich leider\nverloren. <\/p>\n\n\n\n<p>F\u00fcr Dezember standen wenigstens hier die\nHilfen, relativ schnell fest. Auch hier habe ich bereits kurz nachdem ich\nerfahren habe das ich einen Antrag stellen kann, einen gestellt. <\/p>\n\n\n\n<p>Allerdings kam auch hier noch kein Geld\nan, nicht mal eine Abschlagszahlung. Auf Nachfragen bekommt man jedes Mal etwas\nanderes erz\u00e4hlt. Das Einzige was immer gleich bleibt, ist die Aussage das die\nnetten Mitarbeiter keine Einsicht in die Antr\u00e4ge haben. Warum gibt es diese\nHotline denn dann \u00fcberhaupt? Denn Hilfe bekommt man da leider nicht im Geringsten.<\/p>\n\n\n\n<p>Jetzt sitze ich hier zum ungez\u00e4hlten Male\nin meinem geschlossenen Gesch\u00e4ft, in dem ich mich immer an die Vorgaben\ngehalten habe und in dem sich KEINER meiner G\u00e4ste zu keinem Zeitpunkt infiziert\nhat und weine vor Wut, Verzweiflung und Ratlosigkeit. <\/p>\n\n\n\n<p>Wir wurden ohne Grund bestraft. Wir\nmussten als erstes unter dem Lockdown (light) leiden. Wir die gro\u00dfen und\nkleinen Gastronomen, die alles daf\u00fcr getan haben die Vorschriften einzuhalten\nund gute Konzepte vorlegen konnten. Bei uns haben wie WENIGSTEN Infektionen\nstattgefunden! Dennoch mussten wir als erstes schlie\u00dfen und m\u00fcssen weiter\ngeschlossen bleiben. Vermutlich noch l\u00e4nger als bis zum 14.02.2021. <\/p>\n\n\n\n<p>K\u00f6nnen Sie sich vorstellen, wie es mir bei\nder aktuellen Situation geht?<\/p>\n\n\n\n<p>Diese Krise hat mich krank gemacht! Nicht\nnur meine Psyche ist enorm angegriffen, nein auch k\u00f6rperlich bin ich seit\nmehreren Wochen schwer angeschlagen. <\/p>\n\n\n\n<p>So wird es mit Sicherheit nicht nur mir\ngehen, sondern sehr vielen anderen auch! Leider kann ich nur f\u00fcr mich selbst\nsprechen. <\/p>\n\n\n\n<p>Wissen Sie wie es mir \u00fcber Weihnachten\nging? Geschenke? Naja, was Kleines f\u00fcr das Kind. Ein gewohntes Fest?\nFehlanzeige! Familie und Freunde sehen und feiern? Oh nein! Zwischen den\nJahren? Dasselbe Spiel. <\/p>\n\n\n\n<p>Ja, mir ging schon vor Wochen das Geld\naus, meine \u201eR\u00fccklagen\u201c sind g\u00e4nzlich aufgebraucht. <\/p>\n\n\n\n<p>Ich m\u00f6chte weder jammern noch Mitleid! Ich m\u00f6chte auf meine Situation aufmerksam machen. Ich m\u00f6chte mir Geh\u00f6r verschaffen. Ich w\u00fcrde mich freuen, wenn Sie versuchen sich mal in diese Lage, in der ich mich befinde, hinein zu versetzen. Da man mittlerweile nicht mal mehr von der n\u00e4chsth\u00f6heren Stelle Antwort bekommt. Denn sind wir mal ehrlich wie lang sollen Wir das noch still und leise verarbeiten und hinnehmen. Ich f\u00fcr meinen Teil m\u00f6chte der Obrigkeit gerne mal ein paar Dinge erkl\u00e4ren und sagen aus der Sicht eines Betroffenen! Nein, eigentlich m\u00f6chte ich schreien! <\/p>\n\n\n\n<p>Ich danke f\u00fcr Ihre Aufmerksamkeit. <\/p>\n\n\n\n<p>Mit den besten Gr\u00fc\u00dfen und W\u00fcnschen<\/p>\n\n\n\n<p>Eine k\u00e4mpfende Wirtin und Mutter (Name der Redaktion bekannt)<\/p>\n\n\n\n<p><em>22.01.2021<\/em><\/p>\n\n\n\n<h2 class=\"wp-block-heading\">Anmerkung der Redaktion:<\/h2>\n\n\n\n<p>Leserbriefe m\u00fcssen nicht die Meinung der Redaktion widerspiegeln. Sollten auch sie uns etwas mitteilen wollen freuen wir uns \u00fcber<\/p>\n\n\n\n<p><strong>Email:<\/strong>&nbsp;<a href=\"https:\/\/speyer24news.com\/24newsspeyer@web.de\">24newsspeyer@web.de<\/a><\/p>\n\n\n\n<p>sowie \u00fcber<\/p>\n\n\n\n<p><strong>Whatsapp<\/strong>&nbsp;017647709206<\/p>\n\n\n\n<p>In diesem besonderen Fall haben wir uns aber intensiv mit Frau M. ausgetauscht und sind weiter am Recherchieren, lesen sie hierzu auch die eingegangenen Stellungnahmen.<\/p>\n\n\n\n<p><em>Speyer 24\/7 News<br>22.01.2021<\/em><\/p>\n","protected":false},"excerpt":{"rendered":"<div class=\"mh-excerpt\"><p>Lockdown 2.0, Nothilfen vom Staat und keine Ende in Sicht Ich sitze jetzt bereits den dritten Tag an diesem Leserbrief. jedes Mal, wenn ich dar\u00fcber nachdenke beschleunigt sich mein Puls und mir kommen die Tr\u00e4nen, <a class=\"mh-excerpt-more\" href=\"https:\/\/speyer24news.com\/?p=32447\" title=\"Leserbrief\">[&#8230;]<\/a><\/p>\n<\/div>","protected":false},"author":3,"featured_media":31371,"comment_status":"open","ping_status":"open","sticky":false,"template":"","format":"standard","meta":{"_monsterinsights_skip_tracking":false,"_monsterinsights_sitenote_active":false,"_monsterinsights_sitenote_note":"","_monsterinsights_sitenote_category":0,"footnotes":""},"categories":[1453],"tags":[8766,9409,6891,3299,6614,8993,9408,6],"aioseo_notices":[],"amp_enabled":true,"_links":{"self":[{"href":"https:\/\/speyer24news.com\/index.php?rest_route=\/wp\/v2\/posts\/32447"}],"collection":[{"href":"https:\/\/speyer24news.com\/index.php?rest_route=\/wp\/v2\/posts"}],"about":[{"href":"https:\/\/speyer24news.com\/index.php?rest_route=\/wp\/v2\/types\/post"}],"author":[{"embeddable":true,"href":"https:\/\/speyer24news.com\/index.php?rest_route=\/wp\/v2\/users\/3"}],"replies":[{"embeddable":true,"href":"https:\/\/speyer24news.com\/index.php?rest_route=%2Fwp%2Fv2%2Fcomments&post=32447"}],"version-history":[{"count":1,"href":"https:\/\/speyer24news.com\/index.php?rest_route=\/wp\/v2\/posts\/32447\/revisions"}],"predecessor-version":[{"id":32448,"href":"https:\/\/speyer24news.com\/index.php?rest_route=\/wp\/v2\/posts\/32447\/revisions\/32448"}],"wp:featuredmedia":[{"embeddable":true,"href":"https:\/\/speyer24news.com\/index.php?rest_route=\/wp\/v2\/media\/31371"}],"wp:attachment":[{"href":"https:\/\/speyer24news.com\/index.php?rest_route=%2Fwp%2Fv2%2Fmedia&parent=32447"}],"wp:term":[{"taxonomy":"category","embeddable":true,"href":"https:\/\/speyer24news.com\/index.php?rest_route=%2Fwp%2Fv2%2Fcategories&post=32447"},{"taxonomy":"post_tag","embeddable":true,"href":"https:\/\/speyer24news.com\/index.php?rest_route=%2Fwp%2Fv2%2Ftags&post=32447"}],"curies":[{"name":"wp","href":"https:\/\/api.w.org\/{rel}","templated":true}]}}