{"id":32497,"date":"2021-01-25T18:31:56","date_gmt":"2021-01-25T17:31:56","guid":{"rendered":"https:\/\/speyer24news.com\/?p=32497"},"modified":"2021-01-25T18:34:34","modified_gmt":"2021-01-25T17:34:34","slug":"polizei-477","status":"publish","type":"post","link":"https:\/\/speyer24news.com\/?p=32497","title":{"rendered":"Polizei"},"content":{"rendered":"<style type=\"text\/css\">\r\n\t.ads_top_disp{}\r\n\t.ads_top_corner_disp{ float:left; margin:0px 10px 10px 0px; }\r\n\t.ads_first_p_disp{}\r\n\t.ads_bottom_disp{}\r\n\t<\/style>\n<h2 class=\"wp-block-heading\">Polizeimeldungen vom Montag (25.01.2021)<\/h2>\n\n\n\n<div class=\"wp-block-image\"><figure class=\"aligncenter\"><img decoding=\"async\" src=\"https:\/\/speyer24news.com\/wp-content\/uploads\/2020\/01\/Aktuelles-Polizeilogo.jpg\" alt=\"\" class=\"wp-image-23832\"\/><\/figure><\/div>\n\n\n\n<h4 class=\"wp-block-heading\">(Speyer) &#8211; Unbekannte T\u00e4ter berauben Jugendlichen am Bahnhof<\/h4>\n\n\n\n<p>Am Sonntag gegen 19 Uhr wurde ein 16-j\u00e4hriger Jugendlicher aus Frankenthal am Hauptbahnhof Speyer seines Mobiltelefons beraubt. Er hielt sich zur Tatzeit am Gleis 2 auf, als zwei unbekannte m\u00e4nnliche Personen an ihn herantraten. Eine der Personen hielt ihn fest und trat ihm gegen das Bein, die andere Person stand daneben. Danach stellte der Jugendliche das Fehlen seines Mobiltelefons fest. Dieses hielt die Person, die ihn zuvor getreten hatte, bei der anschlie\u00dfenden Flucht in ihrer Hand. Beim Versuch, den verfolgten Tatverd\u00e4chtigen festzuhalten, wurde der Jugendliche von diesem weggesto\u00dfen. Danach gelang den beiden Tatverd\u00e4chtigen die Flucht in Richtung Busbahnhof. Bei einer umgehend eigeleiteten Fahndung der Polizei nach den beiden Personen, konnten diese nicht mehr festgestellt werden. <\/p>\n\n\n\n<ul><li>Laut Gesch\u00e4digtem soll es sich bei dem Hauptt\u00e4ter mit gr\u00fcnem Basecap und Bart um eine ca. 20-30-j\u00e4hrige Person dunkleren Hauttyps gehandelt haben, die franz\u00f6sisch sprach. <\/li><li>Zu seinem Begleiter ist lediglich bekannt, dass er einen gr\u00fcnen Parka mit Fellbesatz trug. <\/li><\/ul>\n\n\n\n<p>Die Polizei sucht Zeugen, Angaben zu den beschriebenen Personen machen k\u00f6nnen. Hinweise nimmt die Polizei Speyer unter der Tel. 06232-1370 oder per E-Mail an&nbsp;<a href=\"mailto:pispeyer@polizei.rlp.de\">pispeyer@polizei.rlp.de<\/a>&nbsp;entgegen.<\/p>\n\n\n\n<h4 class=\"wp-block-heading\">(Speyer) &#8211; Wodka aus Verkaufsraum einer Tankstelle gestohlen<\/h4>\n\n\n\n<p>Ein 32-J\u00e4hriger aus Speyer entwendete am Sonntag gegen 18:30 Uhr in der Landauer Stra\u00dfe aus dem Verkaufsraum einer Tankstelle eine Flasche Wodka im Wert von ca. 18EUR. Das unge\u00f6ffnete Diebesgut konnte bei der Durchsuchung des Beschuldigten in seiner Jackentasche aufgefunden und wieder an eine Angestellte der Tankstelle ausgeh\u00e4ndigt werden. Da der 32-J\u00e4hrige bereits zur\u00fcckliegend als Ladendieb in der Tankstelle aufgefallen ist und ihm in diesem Zusammenhang ein Hausverbot erteilt wurde, erwartet ihn nun neben strafrechtlichen Ermittlungen wegen Ladendiebstahl zudem eine Anzeige wegen Hausfriedensbruch.<\/p>\n\n\n\n<h4 class=\"wp-block-heading\">(Speyer) &#8211; Streit \u00fcber Verkehrssituation eskaliert<\/h4>\n\n\n\n<p>Strafrechtliche Ermittlungen wegen N\u00f6tigung im Stra\u00dfenverkehr und Beleidigung leitete die Polizei am Sonntag gegen einen derzeit noch unbekannten Fahrer eines Mercedes mit der Ortskennung Bad D\u00fcrkheim ein. Dieser fuhr dem 41-j\u00e4hrigen Anzeigenerstatter aus dem Rhein-Pfalz-Kreis, der die Stra\u00dfe Am Technikmuseum von der Industriestra\u00dfe aus mit der vorgegebenen Geschwindigkeit von 30 km\/h befuhr, zun\u00e4chst extrem nah auf. Er \u00fcberholte dann den VW Golf des Gesch\u00e4digtem im absolutem \u00dcberholverbot und stellte sein Fahrzeug quer vor dem Golf auf der Fahrbahn ab, so dass dieser seine Fahrt nichtmehr fortsetzen konnte. Im weiteren Verlauf verlie\u00dfen beide Fahrer ihre Fahrzeuge und es kam zu einem Streitgespr\u00e4ch. Dabei packte der Beschuldigte den Gesch\u00e4digten am Kragen und dr\u00fcckte ihn auf die Motorhaube des Golfs und beleidigte diesen. Als es dem Gesch\u00e4digten gelang, sich von dem Beschuldigten loszurei\u00dfen, entfernte sich dieser mit seinem Fahrzeug. Die Polizei sucht Zeugen, die beschriebene Verkehrssituation beobachtet haben und Angaben hierzu machen k\u00f6nnen. Hinweise in diesem Zusammenhang nimmt die Polizei Speyer unter der Tel. 06232-1370 oder per E-Mail an&nbsp;<a href=\"mailto:pispeyer@polizei.rlp.de\">pispeyer@polizei.rlp.de<\/a>&nbsp;entgegen.<\/p>\n\n\n\n<h4 class=\"wp-block-heading\">(Germersheim) &#8211; Durchfahrtsverbot \u00fcberwacht<\/h4>\n\n\n\n<p>Die vielen Rad-\/ und Wanderwege ziehen gerade am Wochenende viele Naturfreunde in das Gebiet &#8222;Insel Gr\u00fcn&#8220; in Germersheim. Daher wurde Sonntagnachmittag das dortige Durchfahrtsverbot \u00fcberwacht. Insgesamt ignorierten zehn Autofahrer das Verbot und wurden vor Ort verwarnt.<\/p>\n\n\n\n<h4 class=\"wp-block-heading\">(Germersheim) &#8211; Pedelec Fahrer wundert sich \u00fcber Bu\u00dfgeld<\/h4>\n\n\n\n<p>Am Sonntagmittag erblickten Germersheimer Polizisten bei ihrer Streifenfahrt einen Pedelec Fahrer, der w\u00e4hrend der Fahrt mit einer Hand sein Handy bediente. Bei der anschlie\u00dfenden Kontrolle zeigte er sich zun\u00e4chst einsichtig. Als ihm dann die H\u00f6he des Bu\u00dfgelds erl\u00e4utert wurde, \u00e4nderte sich seine Meinung und er war emp\u00f6rt \u00fcber diese Summe. Nachdem ihm die Gefahren durch Ablenkung im Stra\u00dfenverkehr verdeutlicht wurden, bezahlte er letztlich das Bu\u00dfgeld in H\u00f6he von 55 Euro.<\/p>\n\n\n\n<h4 class=\"wp-block-heading\">(Landau) &#8211; Schwerer Verkehrsunfall<\/h4>\n\n\n\n<p>Aktuell befindet sich die Polizei Landau in einer Verkehrsunfallaufnahme in der Horststra\u00dfe. Nach erstem Ermittlungsstand kam es hier am Montag gegen 11:10 Uhr zu einem Verkehrsunfall zwischen einem LKW und einem Fahrradfahrer. Der Fahrradfahrer erlag seinen schweren Verletzungen noch vor Ort. Die Horststra\u00dfe ist zurzeit voll gesperrt. Es wird nachberichtet.<\/p>\n\n\n\n<h4 class=\"wp-block-heading\">(Landau) &#8211; Schwerer Verkehrsunfall mit t\u00f6dlich verletztem Fahrradfahrer<\/h4>\n\n\n\n<h4 class=\"wp-block-heading\" style=\"text-align:center\">Nachtragsmeldung<\/h4>\n\n\n\n<figure class=\"wp-block-image\"><img decoding=\"async\" loading=\"lazy\" width=\"800\" height=\"533\" src=\"https:\/\/speyer24news.com\/wp-content\/uploads\/2021\/01\/Ruhe-in-Frieden.jpg\" alt=\"\" class=\"wp-image-32361\" srcset=\"https:\/\/speyer24news.com\/wp-content\/uploads\/2021\/01\/Ruhe-in-Frieden.jpg 800w, https:\/\/speyer24news.com\/wp-content\/uploads\/2021\/01\/Ruhe-in-Frieden-300x200.jpg 300w, https:\/\/speyer24news.com\/wp-content\/uploads\/2021\/01\/Ruhe-in-Frieden-768x512.jpg 768w\" sizes=\"(max-width: 800px) 100vw, 800px\" \/><\/figure>\n\n\n\n<p>Nach aktuellem Ermittlungsstand fuhr ein 70-j\u00e4hriger Fahrradfahrer aus Landau auf dem Fahrradweg in der Horststra\u00dfe in Richtung Horstbr\u00fccke. Ein 60-j\u00e4hriger LKW-Fahrer bog von der Albrecht-D\u00fcrer-Stra\u00dfe kommend nach rechts in die Horststra\u00dfe ein und \u00fcbersah hierbei den von rechts kommenden Fahrradfahrer auf dem Fahrradweg. Im Einm\u00fcndungsbereich kam es zum Zusammensto\u00df, infolgedessen der Fahrradfahrer unter den LKW geriet und an seinen schweren Verletzungen noch vor Ort verstarb.<\/p>\n\n\n\n<h4 class=\"wp-block-heading\">(Edenkoben \/ L 516) &#8211; Von der Stra\u00dfe abgekommen<\/h4>\n\n\n\n<div class=\"wp-block-image\"><figure class=\"aligncenter\"><img decoding=\"async\" loading=\"lazy\" width=\"800\" height=\"587\" src=\"https:\/\/speyer24news.com\/wp-content\/uploads\/2021\/01\/LKW_AbkommenvonderFahrbahn.jpg\" alt=\"\" class=\"wp-image-32498\" srcset=\"https:\/\/speyer24news.com\/wp-content\/uploads\/2021\/01\/LKW_AbkommenvonderFahrbahn.jpg 800w, https:\/\/speyer24news.com\/wp-content\/uploads\/2021\/01\/LKW_AbkommenvonderFahrbahn-300x220.jpg 300w, https:\/\/speyer24news.com\/wp-content\/uploads\/2021\/01\/LKW_AbkommenvonderFahrbahn-768x564.jpg 768w, https:\/\/speyer24news.com\/wp-content\/uploads\/2021\/01\/LKW_AbkommenvonderFahrbahn-80x60.jpg 80w\" sizes=\"(max-width: 800px) 100vw, 800px\" \/><\/figure><\/div>\n\n\n\n<p>Aus bislang ungekl\u00e4rter Ursache kam am Montagmorgen (25.01.2021, 11.40 Uhr) ein 60 Jahre alter LKW-Fahrer nach rechts von der Fahrbahn ab und kam mit seinem LKW im aufgeweichten Gr\u00fcnstreifen in Schr\u00e4glage zum Stehen. Am LKW entstand leichter Sachschaden. W\u00e4hrend der Bergung des LKW kam es zu leichten Verkehrsbehinderungen.<\/p>\n\n\n\n<h4 class=\"wp-block-heading\">(Neustadt) &#8211; Verkehrsunfall mit leicht verletztem E-Roller-Fahrer<\/h4>\n\n\n\n<p>Am Sonntag, den 24.01.2021, befuhr ein 19-j\u00e4hriger Mann aus Ludwigshafen mit einem E-Roller die Hindenburgstra\u00dfe auf dem dortigen Gehweg. Hierbei wurde er von einem 49-j\u00e4hrigen Neustadter \u00fcbersehen, welcher zur selben Zeit mit seinem VW von der Wiesenstra\u00dfe in die Hindenburgstra\u00dfe einfahren wollte. Es kam im Einm\u00fcndungsbereich zur Kollision der beiden Fahrzeuge, wobei der E-Roller-Fahrer zu Boden st\u00fcrzte und sich leicht an der Hand verletzte. Des Weiteren entstand ein Sachschaden von rund 2000EUR.<\/p>\n\n\n\n<h4 class=\"wp-block-heading\">(Dannstadt-Schauernheim) &#8211; Drohung durch Mann mit Dogge<\/h4>\n\n\n\n<p>Am Sonntagmittag gegen 13:30 Uhr war eine 18-j\u00e4hrige Frau zusammen mit ihrem Freund und ihren Hunden auf einem Feldweg entlang der L 530 spazieren. Ein Mann, der eine Dogge und einen kleinen wei\u00dfen Hund dabeihatte, kam ihnen entgegen. Die 18-j\u00e4hrige bat den Mann schon aus der Ferne wegen der geltenden Leinenpflicht die Hunde anzuleinen. Der Mann reagierte jedoch nicht. Als die Hunde aneinandergerieten, wiederholte sie ihre Bitte. Der Mann drohte ihr jedoch nur und forderte sie auf, ruhig zu sein. Die 18-j\u00e4hrige nahm ihr Handy in die Hand an und entfernte sich zusammen mit ihrem Freund und den Hunden von dem Mann. Dieser hatte inzwischen seine Hunde an einen Baum gebunden, rannte den beiden hinterher und beleidigte die junge Frau w\u00fcst. Es gelang ihnen den Mann abzuh\u00e4ngen. <\/p>\n\n\n\n<p>Er wird wie folgt beschrieben: <\/p>\n\n\n\n<ul><li>circa 50 bis 60 Jahre alt<\/li><li>etwa 185 cm gro\u00df und <\/li><li>von normaler Statur<\/li><li>Er hatte graue Haare und <\/li><li>einen Dreitagebart<\/li><li>trug dunkle Jeans und <\/li><li>eine schwarze Jacke<\/li><li>Die Dogge trug ein orange\/graues Hundegeschirr<\/li><\/ul>\n\n\n\n<p>Die Polizei ermittelt nun unter anderem wegen Bedrohung und Beleidigung. Zeugen, die Hinweise zu dem Vorfall oder dem Mann geben k\u00f6nnen, werden gebeten, sich mit der Polizeiinspektion Schifferstadt unter 06235 495-0 oder&nbsp;<a href=\"mailto:pischifferstadt@polizei.rlp.de\">pischifferstadt@polizei.rlp.de<\/a>&nbsp;in Verbindung zu setzen.<\/p>\n\n\n\n<h4 class=\"wp-block-heading\">(Ludwigshafen) &#8211; Versuchte r\u00e4uberische Erpressung \/ Zeugen gesucht<\/h4>\n\n\n\n<p>Am fr\u00fchen Montagmorgen gegen 05:50 Uhr wurde eine Frau in der Pfarrer-Krebs-Stra\u00dfe von einem unbekannten Mann angesprochen. Der Mann forderte unter Vorhalt eines Messers die Handtasche der Frau. Die Frau rannte daraufhin weg. Der T\u00e4ter fl\u00fcchtete mit dem Fahrrad in die entgegengesetzte Richtung, in die Saarlandstra\u00dfe in Richtung Hauptstra\u00dfe. Der Mann wird wie folgt beschrieben: <\/p>\n\n\n\n<ul><li>m\u00e4nnlich<\/li><li>ca. 170 cm gro\u00df<\/li><li>bekleidet mit schwarzer Daunenjacke (trug die Kapuze \u00fcber dem Kopf)<\/li><li>schwarzer Wollm\u00fctze und <\/li><li>hatte ein schwarzes Tuch vor dem Mund.<\/li><\/ul>\n\n\n\n<p>Wer hat die Tat beobachtet oder kann Hinweise zu dem T\u00e4ter geben?<\/p>\n\n\n\n<p>Sachdienliche Hinweise bitte an die Polizeiinspektion Ludwigshafen 1, Telefonnummer 0621 963-2122 oder per E-Mail&nbsp;<a href=\"mailto:piludwigshafen1@polizei.rlp.de\">piludwigshafen1@polizei.rlp.de<\/a>&nbsp;.<\/p>\n\n\n\n<h4 class=\"wp-block-heading\">(Ludwigshafen) &#8211; Verdacht des Fahrraddiebstahls \/ Eigent\u00fcmer gesucht<\/h4>\n\n\n\n<p>Am Sonntagabend gegen 22:15 Uhr wollten Beamte der Polizei Ludwigshafen einen Fahrradfahrer in der Brunckstra\u00dfe kontrollieren. Der Radfahrer versuchte zun\u00e4chst mit seinem Fahrrad und dann zu Fu\u00df zu fl\u00fcchten. Die Beamten konnten den Mann, einen 25-j\u00e4hrigen Ludwigshafener, stellen und fesseln. Bei der Kontrolle ergaben sich Hinweise, dass das mitgef\u00fchrte Fahrrad gestohlen sein k\u00f6nnte. Das Fahrrad wurde sichergestellt.<\/p>\n\n\n\n<p>Die Polizei sucht nun nach dem rechtm\u00e4\u00dfigen Eigent\u00fcmer des blauen Damenrades.<\/p>\n\n\n\n<p>Sachdienliche Hinweise bitte an die Polizeiinspektion Ludwigshafen 2, Telefonnummer 0621 963-2222 oder per E-Mail&nbsp;<a href=\"mailto:piludwigshafen2@polizei.rlp.de\">piludwigshafen2@polizei.rlp.de<\/a>&nbsp;.<\/p>\n\n\n\n<h4 class=\"wp-block-heading\">(Ludwigshafen) &#8211; Nach Unfall gefl\u00fcchtet<\/h4>\n\n\n\n<p>Am Sonntagabend gegen 19:15 Uhr kam es in der Schmalen Gasse zu einem Verkehrsunfall. Ein Autofahrer soll die Stra\u00dfe entgegen der vorgeschriebenen Richtung befahren und dabei ein entgegenkommendes Auto gestreift haben. Der Unfallverursacher entfernte sich unerlaubt vom Unfallort, ohne sich um den entstandenen Schaden in H\u00f6he von ca. 1200,- Euro zu k\u00fcmmern. Das Kennzeichen des fl\u00fcchtigen Autos konnte von den Gesch\u00e4digten abgelesen werden. Die Ermittlungen zu dem Fahrer dauern derzeit an.<\/p>\n\n\n\n<h4 class=\"wp-block-heading\">(Ludwigshafen \/ Pr\u00e4sidialbereich Rheinpfalz) &#8211; Landesweiter Kontrolltag am 28.01.2021 zur Einhaltung der Corona-Regeln<\/h4>\n\n\n\n<div class=\"wp-block-image\"><figure class=\"aligncenter\"><img decoding=\"async\" loading=\"lazy\" width=\"800\" height=\"450\" src=\"https:\/\/speyer24news.com\/wp-content\/uploads\/2021\/01\/Anlage_Bild1.jpg\" alt=\"\" class=\"wp-image-32499\" srcset=\"https:\/\/speyer24news.com\/wp-content\/uploads\/2021\/01\/Anlage_Bild1.jpg 800w, https:\/\/speyer24news.com\/wp-content\/uploads\/2021\/01\/Anlage_Bild1-300x169.jpg 300w, https:\/\/speyer24news.com\/wp-content\/uploads\/2021\/01\/Anlage_Bild1-768x432.jpg 768w, https:\/\/speyer24news.com\/wp-content\/uploads\/2021\/01\/Anlage_Bild1-678x381.jpg 678w\" sizes=\"(max-width: 800px) 100vw, 800px\" \/><\/figure><\/div>\n\n\n\n<p>Aufgrund der andauernden Corona-Pandemie findet am 28.01.2021 ein landesweiter Kontrolltag zur verst\u00e4rkten \u00dcberwachung der derzeit g\u00fcltigen Corona-Regeln statt.<\/p>\n\n\n\n<p>Die Polizei unterst\u00fctzt die origin\u00e4r zust\u00e4ndigen kommunalen Vollzugsdienste bereits seit Beginn der Corona-Pandemie bei der \u00dcberwachung der Einhaltung der Verbote und Beschr\u00e4nkungen im Rahmen der Vollzugs- oder Amtshilfe und in Eilzust\u00e4ndigkeit.<\/p>\n\n\n\n<p>Das Polizeipr\u00e4sidium Rheinpfalz wird ebenfalls an dem landesweiten Kontrolltag teilnehmen. Hierbei wird das Pr\u00e4sidium personell von der Bereitschaftspolizei unterst\u00fctzt.<\/p>\n\n\n\n<p>Die polizeilichen Kontrollen umfassen die \u00dcberwachung der allgemeinen Corona-Regeln, wie zum Beispiel das Abstandsgebot und die Maskentragepflicht an bestimmten Orten. Auch wird die neue Pflicht zum Tragen einer medizinischen Maske (OP-Maske oder FFP2-Maske) u.a. in Gesch\u00e4ften und \u00f6ffentlichen Verkehrsmitteln Be-standteil der Kontrollen sein. \u00dcberwacht werden auch regionale Vorschriften, wie z. B. die n\u00e4chtlichen Ausgangsbeschr\u00e4nkungen, welche in manchen Kommunen gelten. Daneben wird ein weiterer Schwerpunkt der polizeilichen Kontrollma\u00dfnahmen die \u00dcberwachung beliebter Ausflugsziele sein.<\/p>\n\n\n\n<p>Der landesweite Kontrolltag soll nochmals die Wichtigkeit der Einhaltung der bestehenden Regeln zum Schutz der Mitmenschen in den \u00f6ffentlichen Fokus r\u00fccken.<\/p>\n\n\n\n<p>Bitte beachten Sie die derzeit g\u00fcltigen Regeln und helfen Sie mit, das Infektionsgeschehen zu reduzieren.<\/p>\n\n\n\n<p>Die vollumf\u00e4nglichen Rechtsverordnungen finden Sie unter&nbsp;<a rel=\"noreferrer noopener\" target=\"_blank\" href=\"http:\/\/www.corona.rlp.de\/\">www.corona.rlp.de<\/a>&nbsp;oder bei der f\u00fcr Ihren Wohnort zust\u00e4ndigen Verwaltung.<\/p>\n\n\n\n<h4 class=\"wp-block-heading\">(Mannheim) &#8211; Polizei l\u00f6st erneut zwei private Veranstaltungen auf<\/h4>\n\n\n\n<p>Erneut musste die Polizei am Sonntag zwei Veranstaltungen in Privatwohnungen beenden. Gegen 2.30 Uhr wurde durch einen Anwohner mitgeteilt, dass mehrere Personen in der Schwetzinger Stra\u00dfe eine Party feiern w\u00fcrden. Vor der betreffenden Wohnung konnte deutlich laute Musik und mehrere Stimmen von verschiedenen Personen wahrgenommen werden. Insgesamt befanden sich in der Wohnung f\u00fcnf G\u00e4ste aus verschiedenen Haushalten im Alter zwischen 19 und 22 Jahren, die zuvor noch versuchten \u00fcber eine Feuertreppe zu fl\u00fcchten.<\/p>\n\n\n\n<p>Um 23.50 Uhr wurde der Polizei mitgeteilt, dass sich in einer Wohnung in der Riedfeldstra\u00dfe mehrere Personen treffen w\u00fcrden und es laut zugehe. Beim Eintreffen einer Polizeistreife best\u00e4tigte sich die Situation, insgesamt hielten sich sechs Personen in einer Wohnung auf. Nachdem die G\u00e4ste \u00fcber ein K\u00fcchenfenster gefl\u00fcchtet waren, \u00f6ffnete der Anwohner die T\u00fcre. Zuvor hatte der 20-J\u00e4hrige Kleidung und Handtaschen durch das Fenster hinterhergeworfen. Im Innenhof konnten zwar keine Personen mehr angetroffen, jedoch die durch den Bewohner hinterhergeworfenen Jacken, ein einzelner Schuh und zwei Handtaschen aufgefunden und sichergestellt werden. Etwa eine Stunde sp\u00e4ter meldeten sich die Eigent\u00fcmerinnen der Handtaschen im Alter von 21 und 24 Jahren und holten diese beim Polizeirevier ab. Wie sich herausstellte, feierte die 24-J\u00e4hrige an diesem Tag ihren Geburtstag.<\/p>\n\n\n\n<p>Alle Beteiligten erwartet eine Anzeige wegen des Versto\u00dfes gegen die Ausgangsbeschr\u00e4nkungen der aktuell g\u00fcltigen Corona-Verordnung.<\/p>\n\n\n\n<h4 class=\"wp-block-heading\">(Mannheim \/ Br\u00fchl \/ Rhein-Neckar-Kreis) &#8211; Geburtstagsfeier und Familientreffen beendet \/ Anzeigen wegen Versto\u00df Corona-Verordnung<\/h4>\n\n\n\n<p>Bei einem Familientreffen am Samstagnachmittag in der Bachstra\u00dfe in Br\u00fchl wurden gegen 14 Uhr nach einem Hinweis insgesamt 13 Personen, darunter drei Kinder, aus drei unterschiedlichen Haushalten angetroffen. Von allen erwachsenen Personen wurden die Personalien erhoben und das Treffen beendet. Kurze Zeit sp\u00e4ter musste die Polizei eine Geburtstagsfeier f\u00fcr ein neunj\u00e4hriges M\u00e4dchen beenden. Bei einer \u00dcberpr\u00fcfung gegen 15.30 Uhr wurden in einer Wohnung in der Bruchsaler Stra\u00dfe im Stadtteil Mannheim-Rheinau sieben erwachsene Personen aus vier Haushalten angetroffen. Die anwesenden Personen zeigten sich einsichtig und l\u00f6sten die Geburtstagsfeier umgehend auf. Die weiteren Ermittlungen f\u00fchrt das Polizeirevier Mannheim-Neckarau, gegen die Beteiligten werden Bu\u00dfgeldverfahren wegen Nichtbeachtung der Corona-Verordnung eingeleitet.<\/p>\n\n\n\n<h4 class=\"wp-block-heading\">(Mannheim-Oststadt) &#8211; Raub auf \u00e4ltere Dame \/ Polizei sucht Zeugen<\/h4>\n\n\n\n<p>In der Stresemannstra\u00dfe entriss am Samstagabend gegen 19 Uhr eine unbekannte m\u00e4nnliche Person die Handtasche einer 78-J\u00e4hrigen und fl\u00fcchtete. Die \u00e4ltere Dame befand sich auf dem Weg vom Rosengartenplatz zum Charlottenplatz. Der unbekannte R\u00e4uber n\u00e4herte sich der Frau in der Stresemannstra\u00dfe von hinten, griff nach ihrer schwarzen Handtasche mit den breiten langen Schulterriemen und riss kr\u00e4ftig daran. Mit der entrissenen Handtasche rannte er in Richtung Rathenaustra\u00dfe \/ Viktoriastra\u00dfe davon. Laut einem Zeugen, der sofort die Polizei verst\u00e4ndigte, befand sich der Unbekannte als er fl\u00fcchtete in Begleitung einer weiteren m\u00e4nnlichen Person, die etwas abseits auf ihn gewartet hatte. Eine sofort veranlasste polizeiliche Fahndung nach den Unbekannten blieb leider ohne Erfolg. <\/p>\n\n\n\n<p>Beide Personen waren <\/p>\n\n\n\n<ul><li>ca. 16-22 Jahre<\/li><li>ca. 170 cm gro\u00df und <\/li><li>schlank<\/li><li>Sie trugen beide schwarze Mund-Nasen-Schutz-Masken<\/li><\/ul>\n\n\n\n<ul><li>Derjenige, der der Dame die Tasche geraubt hatte, trug dunkelgraue, sportliche Bekleidung und eine schwarze Wollm\u00fctze. <\/li><\/ul>\n\n\n\n<p>Das Raubdezernat beim Kriminalkommissariat Mannheim hat die Ermittlungen aufgenommen. Sachdienliche Hinweise auf die unbekannten Tatverd\u00e4chtigen bzw. den Tathergang nimmt der Kriminaldauerdienst, Telefon 0621\/174-4444, entgegen.<\/p>\n\n\n\n<h4 class=\"wp-block-heading\">(Mannheim-Schwetzingerstadt) &#8211; Auto aufgebrochen \/ Ein Tatverd\u00e4chtiger festgenommen &#8211; Zeugen gesucht<\/h4>\n\n\n\n<p>Zwei zun\u00e4chst unbekannte T\u00e4ter brachen am fr\u00fchen Sonntagnachmittag im Stadtteil Schwetzingerstadt ein Auto auf. Die T\u00e4ter verschafften sich zun\u00e4chst auf unbekannte Weise Zugang zum Innenhof eines Anwesens in der Augartenstra\u00dfe. W\u00e4hrend einer der M\u00e4nner &#8222;Schmiere&#8220; stand, \u00f6ffnete der andere Mann ein im Innenhof abgestelltes Auto und wollte in den Innenraum eindringen. Die M\u00e4nner wurden jedoch von einer Zeugin beobachtet, die den Fahrzeugbesitzer verst\u00e4ndigte. Dieser begab sich zu seinem Fahrzeug und sprach die zwei T\u00e4ter an. Diese traten daraufhin sofort zu Fu\u00df die Flucht in Richtung Schwetzinger Stra\u00dfe stadteinw\u00e4rts an.<\/p>\n\n\n\n<p>Die beiden Fl\u00fcchtenden wurden wie folgt beschrieben:<\/p>\n\n\n\n<ol><li>T\u00e4ter: 165 bis 170 cm gro\u00df    &#8211; Mollige Statur    &#8211; Nordafrikanisches Erscheinungsbild    &#8211; War bekleidet mit einem br\u00e4unlichen langen Parka    &#8211; Trug eine schwarze Bauchtasche    &#8211; Schien alkoholisiert <\/li><li>T\u00e4ter: 190 cm gro\u00df    &#8211; Trug einen Parka mit fellbesetzter Kapuze    &#8211; Helle Sneakers    &#8211; Basecap    &#8211; Hatte einen Rucksack und ein helles Smartphone bei sich <\/li><\/ol>\n\n\n\n<p>Im Rahmen einer sofort eingeleiteten Fahndung konnte an der Bushaltestelle &#8222;Kopernikusstra\u00dfe&#8220; ein 30-j\u00e4hriger Mann angetroffen werden, auf den die Personenbeschreibung des &#8222;Schmiere&#8220; stehenden Mannes exakt zutraf. Er f\u00fchrte auch den genannten Rucksack bei sich. Diebesgut konnte bei ihm nicht aufgefunden werden.<\/p>\n\n\n\n<p>Der Mann wurde vorl\u00e4ufig festgenommen und zum Polizeirevier Mannheim-Oststadt gebracht. Er wurde nach Abschluss der polizeilichen Ma\u00dfnahmen und erkennungsdienstlicher Behandlung wieder auf freien Fu\u00df entlassen.<\/p>\n\n\n\n<p>Die Ermittlungen bez\u00fcglich seines noch fl\u00fcchtigen Mitt\u00e4ters dauern an. Zeugen, die auf die Tat aufmerksam geworden sind und sachdienliche Hinweise zum fl\u00fcchtigen T\u00e4ter geben k\u00f6nnen, werden gebeten, sich beim Polizeirevier Mannheim-Oststadt, Tel.: 0621\/174-3310 zu melden.<\/p>\n\n\n\n<h4 class=\"wp-block-heading\">(Mannheim \/ Schwetzingerstadt) &#8211; Unfallflucht \/ Polizei sucht Zeugen<\/h4>\n\n\n\n<p>Im Zeitraum von Mittwoch bis Samstag besch\u00e4digte ein bislang unbekannter Autofahrer vermutlich beim Ein- oder Ausparken einen Nissan, der in der Traitteurstra\u00dfe abgestellt war, und fl\u00fcchtete anschlie\u00dfend von der Unfallstelle. Der wei\u00dfe Nissan Micra wies eine gro\u00dfe Delle im linken Bereich der vorderen Sto\u00dfstange und einen besch\u00e4digten Scheinwerfer auf. Der Sachschaden bel\u00e4uft sich auf rund 3.000 Euro.<\/p>\n\n\n\n<p>Zeugen, die den Unfall beobachtet haben und Hinweise zu dem fl\u00fcchtigen Fahrzeug und dessen Fahrer geben k\u00f6nnen, werden gebeten sich mit dem Polizeirevier Mannheim-Oststadt, Tel.: 0621\/174-3310, in Verbindung zu setzen.<\/p>\n\n\n\n<h4 class=\"wp-block-heading\">(Mannheim-Neuhermsheim) &#8211; Einbruch in Kleingartenanlage \/ Polizei sucht Zeugen<\/h4>\n\n\n\n<p>Am Samstagmittag meldete ein Gesch\u00e4digter den Einbruch in seine Parzelle in der Kleingartenanlage im Stadtteil Neuhermsheim. Ein Einbrecher hatte den Zaun einer Parzelle im Lilienweg \u00fcberstiegen, das Fenster der Gartenh\u00fctte eingeschlagen und war schlie\u00dflich in die H\u00fctte eingestiegen. Hier hatte er mehrere Schr\u00e4nke und Schubladen durchw\u00fchlt, eine Flasche Wasser getrunken und ein Medikamentenblister an sich genommen.<\/p>\n\n\n\n<p>Als der Besitzer der Parzelle am Samstag, gegen 11.15 Uhr seine Gartenparzelle aufsuchte, stellte er den Einbruch fest. In der H\u00fctte lag ein Kissen auf dem Boden, das offenbar durch einen Hund verschmutzt worden war. Es ist nicht auszuschlie\u00dfen, dass der Einbrecher in der H\u00fctte gen\u00e4chtigt hatte.<\/p>\n\n\n\n<p>Auch in eine benachbarte Parzelle im Krokusweg wurde in gleicher Weise eingebrochen. Hier wurde der Zaun \u00fcberstiegen und die Scheibe eines Fensters eingeschlagen. Im Inneren wiederum Schr\u00e4nke und Schubladen durchw\u00fchlt. Entwendet wurde jedoch nicht.<\/p>\n\n\n\n<p>Als Tatzeitraum kommt die Zeit zwischen dem 15.01.2021 und dem 23.01.2021 in Betracht. Zeugen, die im fraglichen Zeitraum verd\u00e4chtige Wahrnehmungen gemacht haben, werden gebeten, sich beim Polizeirevier Mannheim-Oststadt, Tel.: 0621\/174-3310 zu melden.<\/p>\n\n\n\n<h4 class=\"wp-block-heading\">(Mannheim-Seckenheim) &#8211; Unbekannte greifen zwei 15-J\u00e4hrige an \/ Polizei bittet um Mithilfe aus der Bev\u00f6lkerung<\/h4>\n\n\n\n<p>Drei bislang unbekannte m\u00e4nnliche Personen griffen am Sonntagnachmittag gegen 18 Uhr in der Kehler Stra\u00dfe zwei Jugendliche an. Zuerst p\u00f6belten sie die beiden an, schlugen ihnen mit den F\u00e4usten ins Gesicht, brachten sie dann zu Boden und traten ihnen in den Unterk\u00f6rper. Anschlie\u00dfend fl\u00fcchteten die drei M\u00e4nner zu Fu\u00df in Richtung Busbahnhof. Ein Zeuge, der die beiden augenscheinlich verletzten Jugendlichen am Stra\u00dfenrand bemerkte, hatte den Notruf verst\u00e4ndigt. Er hatte einen Verkehrsunfall angenommen. Durch einen Rettungswagen der Johanniter-Unfall-Hilfe wurden die beiden 15-J\u00e4hrigen noch an Ort und Stelle medizinisch erst versorgt und anschlie\u00dfend zur Durchf\u00fchrung weiterer Untersuchungen in eine nahegelegene Klinik gebracht. \u00dcber die Art ihrer Verletzungen liegen derzeit keine weiteren Erkenntnisse vor. Die Sorgeberechtigten wurden verst\u00e4ndigt. Die eingetroffenen Polizeibeamten veranlassten unverz\u00fcglich die Fahndung nach den Tatverd\u00e4chtigen. Diese blieb leider ohne Erfolg. <\/p>\n\n\n\n<ul><li>Die drei unbekannten m\u00e4nnlichen Personen waren ca. 30 Jahre alt, etwa 180cm gro\u00df und trugen alle einen sogenannten Dreitagebart. <\/li><li>Eine Person wurde als europ\u00e4ischer Ph\u00e4notyp beschrieben. <\/li><li>Zwei Personen sollen eine dunkle Hautfarbe haben. <\/li><li>Einer der m\u00e4nnlichen Personen trug eine schwarze Jacke und eine schwarze Kopfbedeckung. <\/li><\/ul>\n\n\n\n<p>Die Polizei ermittelt wegen gef\u00e4hrlicher K\u00f6rperverletzung und bittet Zeugen, die sachdienliche Hinweise zum Tathergang oder den drei unbekannten Tatverd\u00e4chtigen geben k\u00f6nnen, sich mit dem Polizeirevier Ladenburg, Telefon 06203-9305-0, in Verbindung zu setzen.<\/p>\n\n\n\n<h4 class=\"wp-block-heading\">(Mannheim-Neuostheim) &#8211; Selbstgebaute Alarmanlage schl\u00e4gt Einbrecher in die Flucht<\/h4>\n\n\n\n<p>In der Nacht von Sonntag auf Montag brach ein bislang unbekannter T\u00e4ter in die Souterrain-Wohnung eines Einfamilienhauses in der Karl-Ladenburg-Stra\u00dfe ein. Die Polizei geht davon aus, dass der T\u00e4ter mit Hilfe von aufgefundenen Werkzeugen des Bewohners zwei Fensterscheiben einschlug und so in den Wohnbereich gelangte. Dort hatte der 51-j\u00e4hrige Bewohner jedoch einen Bewegungsmelder installiert, welcher bei der Ausl\u00f6sung durch den T\u00e4ter Hundebellt\u00f6ne abgab. Daraufhin fl\u00fcchtete der T\u00e4ter unerkannt. Im Bereich des Bewegungsmelders war au\u00dferdem ein Babyfon installiert worden, das die T\u00f6ne wiederum an das Ausgabeger\u00e4t im Erdgeschoss abgab, wo sich zu diesem Zeitpunkt der Bewohner befand. So wurde der 51-J\u00e4hrige direkt alarmiert und verst\u00e4ndigte umgehend die Polizei. Eine sofort eingeleitete Fahndungsma\u00dfnahme blieb leider dennoch ohne Erfolg.<\/p>\n\n\n\n<p>Zeugen, die verd\u00e4chtige Beobachtungen gemacht haben und sachdienliche Hinweise zum T\u00e4ter geben k\u00f6nnen, werden gebeten sich beim Kriminaldauerdienst Heidelberg, Tel.: 0621\/174-4444, zu melden.<\/p>\n\n\n\n<h4 class=\"wp-block-heading\">(Mannheim-Vogelstang) &#8211; Baustelleneinbruch \/ Zeugen gesucht<\/h4>\n\n\n\n<p>Ein unbekannter T\u00e4ter brach in der Nach von Samstag auf Sonntag in eine Baustelle im Stadtteil Vogelstang ein. Der Einbrecher durchtrennte auf bislang unbekannte Art und Weise die Umz\u00e4unung einer Baustelle in der Weimarer Stra\u00dfe. Auf dem Baustellenareal brach er einen mit einem Vorh\u00e4ngeschloss gesicherten Baucontainer auf und entwendete daraus unbekannte Gegenst\u00e4nde.<\/p>\n\n\n\n<p>Eine Zeugin wurde gegen 3.30 Uhr durch ein dumpfes Ger\u00e4usch aus dem Schlaf gerissen und konnte beobachten, wie eine m\u00e4nnliche Person mehrfach zwischen dem Baucontainer und einem auf der anderen Stra\u00dfenseite geparkten Fahrzeug hin- und herlief.<\/p>\n\n\n\n<p>Den T\u00e4ter beschrieb sie wie folgt:<\/p>\n\n\n\n<ul><li>\u00dcber 45 Jahre alt<\/li><li>Dunkle Haare<\/li><li>War bekleidet mit dunkler Hose und blau\/t\u00fcrkisfarbener Jacke mit      Streifen. <\/li><li>Das Fahrzeug, zu dem der Mann lief, konnte sie nicht beschreiben.<\/li><\/ul>\n\n\n\n<p>Weitere Zeugen, die verd\u00e4chtige Wahrnehmungen gemacht haben und sachdienliche Hinweise zum T\u00e4ter geben k\u00f6nnen, werden gebeten, sich beim Polizeirevier Mannheim-K\u00e4fertal, Tel.: 0621\/71849-0 zu melden.<\/p>\n\n\n\n<h4 class=\"wp-block-heading\">(Heidelberg) &#8211; In Schule eingestiegen und Papierspender besch\u00e4digt \/ Zeugen gesucht<\/h4>\n\n\n\n<p>Im Zeitraum von Freitag auf Samstag (22.\/23.01.2021) zwischen 19 und 17.45 Uhr drangen bislang unbekannte T\u00e4ter durch eine Notausgangst\u00fcre in die R\u00e4ume der Heiligenbergschule in der Berliner Stra\u00dfe ein. Nachdem der Hausmeister offene T\u00fcren sowie ein offenstehendes Fenster bemerkte, benachrichtigte er die Schulleiterin, die die Polizei verst\u00e4ndigte. An den T\u00fcren sowie dem Fenster konnten keinerlei Aufbruchspuren festgestellt werden. Wie sich herausstellte, war ein Papierspender im Untergeschoss besch\u00e4digt worden. Die weiteren Ermittlungen f\u00fchrt das Polizeirevier Heidelberg-Nord, Zeugen, die verd\u00e4chtige Beobachtungen gemacht haben, werden gebeten sich unter Telefon 06221\/45690 zu melden.<\/p>\n\n\n\n<h4 class=\"wp-block-heading\">(Heidelberg-Bahnstadt) &#8211; Skateboard-Fahrstunde missgl\u00fcckt<\/h4>\n\n\n\n<p>Am Sonntagnachmittag entschloss sich eine 20-j\u00e4hrige Heidelbergerin auf dem Gadamerplatz Skateboard fahren zu lernen. W\u00e4hrend der Fahrt fiel sie r\u00fcckw\u00e4rts vom Skateboard und st\u00fcrzte auf ihr Stei\u00dfbein. Vor Ort wurde sie not\u00e4rztlich erst versorgt und anschlie\u00dfend mit einem Rettungswagen in ein Krankenhaus gebracht. \u00dcber Art und Schwere ihrer Verletzungen liegen keine weiteren Informationen vor.<\/p>\n\n\n\n<h4 class=\"wp-block-heading\">(Heidelberg-Neuenheim) &#8211; Radfahrer bei Unfall schwer verletzt<\/h4>\n\n\n\n<p>Am Sonntag gegen 17:30 Uhr kam es im Kreuzungsbereich M\u00f6nchhofstra\u00dfe\/Werderstra\u00dfe zu einem Unfall zwischen einem Auto und einem Radfahrer. Ein 27-j\u00e4hriger Mazda-Fahrer fuhr auf der Werderstra\u00dfe und wollte die M\u00f6nchhofstra\u00dfe \u00fcberqueren. Hierbei missachtete er die Vorfahrt des von rechts kommenden 40-j\u00e4hrigen Radfahrers und kollidierte mit diesem. Durch den Unfall zog sich der Radfahrer schwere Verletzungen zu und wurde durch den Rettungsdienst in ein nahegelegenes Krankenhaus gebracht. Es entstand ein Sachschaden von mehreren Tausend Euro.<\/p>\n\n\n\n<h4 class=\"wp-block-heading\">(Heidelberg-Bergheim) &#8211; Angriff auf Polizisten in Polizeirevier Heidelberg-Mitte<\/h4>\n\n\n\n<p>Am fr\u00fchen Montagmorgen gegen 02:00 Uhr brachte ein Taxi-Fahrer einen verwirrten 32-j\u00e4hrigen Mann zum Polizeirevier Heidelberg-Mitte, wo er pl\u00f6tzlich die Polizisten angriff. Der 32-J\u00e4hrige bat den Taxi-Fahrer zun\u00e4chst um einen Transport, wobei er kein Ziel angeben konnte. Da der Mann einen verwirrten Eindruck machte, entschied sich der Taxi-Fahrer, zum Polizeirevier Heidelberg-Mitte zu fahren. Im Laufe des Gespr\u00e4chs mit den Beamten im Revier griff der Mann einem Polizisten pl\u00f6tzlich an die Dienstwaffe und versuchte diese aus dem Holster zu ziehen. Dies gelang ihm gl\u00fccklicherweise nicht. Mit mehreren zu Hilfe eilenden Beamten konnte der Mann letztlich festgenommen werden, wogegen sich dieser jedoch erheblich zur Wehr setzte. Durch den Angriff wurde ein Polizeibeamter leicht verletzt. Aufgrund der psychischen Verfassung des Angreifers wurde dieser in eine psychiatrische Einrichtung gebracht. Hintergr\u00fcnde des Angriffs sind Gegenstand weiterer Ermittlungen.<\/p>\n\n\n\n<h4 class=\"wp-block-heading\">(Angelbachtal \/ Rhein-Neckar-Kreis) &#8211; Brand an Sonnenberghalle aufgekl\u00e4rt<\/h4>\n\n\n\n<p>Nach dem Brand in der Sonnenberghalle am 27.11.2020 wurden zwei Kinder als Tatverd\u00e4chtige ermittelt. Eine \u00dcberwachungskamera hatte bei dem Brand zwei Kinder gefilmt, welche mit Feuerwerksk\u00f6rpern spielten und dadurch ein Versorgungsschacht entflammten. Der Brand griff auf Teile des Geb\u00e4udes \u00fcber und verursachte einen Schaden von etwa 100.000 Euro. Durch intensive Ermittlungen des Polizeiposten Angelbachtals konnten die Kinder namhaft gemacht werden. Es handelt sich um zwei zw\u00f6lfj\u00e4hrige Jungen, die Eltern sind informiert, erste Schritte zur Schadensregulierung sind bereits eingeleitet.<\/p>\n\n\n\n<h4 class=\"wp-block-heading\">(Sinsheim \/ Rhein-Neckar-Kreis) &#8211; Verkehrsrowdy gef\u00e4hrdet mehrere Verkehrsteilnehmer \/ Zeugen und Gesch\u00e4digte gesucht!<\/h4>\n\n\n\n<p>Am Sonntag gegen 18:50 Uhr gef\u00e4hrdete ein BMW-Fahrer bei zwei \u00dcberholman\u00f6vern mehrere Verkehrsteilnehmer. Der BMW-Fahrer \u00fcberholte zun\u00e4chst in der Neulandstra\u00dfe in Fahrtrichtung Steinsfurt kurz vor dem neuen Kreisverkehr einen Autofahrer und konnte gerade noch rechtzeitig einscheren, um eine Kollision zu verhindern. Kurze Zeit sp\u00e4ter kommt es erneut zu einem gef\u00e4hrlichen \u00dcberholvorgang, bei dem der BMW-Fahrer kurz vor dem Kreisverkehr in der Au auf H\u00f6he der dortigen Tankstelle drei Fahrzeuge \u00fcberholte und ein entgegenkommendes Auto gef\u00e4hrdete. Zeugen oder gesch\u00e4digte Verkehrsteilnehmer werden gebeten, sich unter der Telefonnummer 07261\/690-0 beim Polizeirevier Sinsheim zu melden.<\/p>\n\n\n\n<h4 class=\"wp-block-heading\">(Sch\u00f6nbrunn \/ Rhein-Neckar-Kreis) &#8211; Wegen entgegenkommendem Auto von der Stra\u00dfe abgekommen \/ Fahrer leicht verletzt &#8211; 10.000 Euro Sachschaden &#8211; Zeugen gesucht<\/h4>\n\n\n\n<p>Bei einem Verkehrsunfall am Samstag gegen 15 Uhr auf der Kreisstra\u00dfe 4106 zwischen Allem\u00fchl und Moosbrunn wurde ein Autofahrer leicht verletzt, an seinem Auto entstand Sachschaden von ca. 10.000 Euro. Der 52-j\u00e4hrige Fahrer war mit seinem Mercedes in Richtung Moosbrunn unterwegs, als ihm nach eigenen Angaben eine bislang unbekannte Autofahrerin auf seiner Fahrspur entgegenkam. Der Fahrer musste deshalb nach rechts ausweichen und kam von der Stra\u00dfe ab. Der Mercedes fuhr anschlie\u00dfend \u00fcber eine steile B\u00f6schung in den Wald und kam nach ungef\u00e4hr 20 Meter zum Stehen. Der Fahrer zog sich Prellungen zu. Das Auto wurde am Folgetag durch einen Kran geborgen. Am Steuer des entgegenkommenden dunklen Seat, der mit zwei Personen besetzt war, soll eine Frau mit dunklen Haaren gewesen sein, sie soll eine gro\u00dfe Sonnenbrille getragen haben. Zeugen, die sachdienliche Hinweise geben k\u00f6nnen, werden gebeten sich unter Telefon 06271\/92100 beim Polizeirevier Eberbach zu melden.<\/p>\n\n\n\n<h4 class=\"wp-block-heading\">(Ilvesheim \/ Rhein-Neckar-Kreis) &#8211; Werkzeug aus LKW entwendet \/ Polizei sucht Zeugen<\/h4>\n\n\n\n<p>Am Wochenende entwendeten bislang unbekannte T\u00e4ter Werkzeug aus einem LKW, der in der Wachenheimer Stra\u00dfe abgestellt war. Dazu entfernten die T\u00e4ter auf unbekannte Weise ein Vorh\u00e4ngeschloss, welches eine Kiste auf der offenen Ladefl\u00e4che des LKW verschlossen hatte. Aus der Kiste entwendeten sie Werkzeug im Wert von ca. 1.500 Euro, darunter einen Akku-Bohrer, eine Handkreiss\u00e4ge und ein Nivellierger\u00e4t. Der Fahrer des LKW konnte den Zeitraum auf Freitag, 16.45 Uhr bis Sonntag, 12.00 Uhr eingrenzen.<\/p>\n\n\n\n<p>Zeugen, die sachdienliche Hinweise zum Tathergang oder zu den T\u00e4tern geben k\u00f6nnen, werden gebeten sich mit dem Polizeirevier Ladenburg, Tel.: 06203\/9305-0, in Verbindung zu setzen.<\/p>\n\n\n\n<h4 class=\"wp-block-heading\">(Hirschberg \/ Rhein-Neckar-Kreis) &#8211; Farbschmierereien h\u00e4ufen sich \/ Zeugen gesucht<\/h4>\n\n\n\n<p>Im Hirschberger Ortsteil Leutershausen haben bislang unbekannte T\u00e4ter in j\u00fcngster Vergangenheit vermehrt Farbschmierereien durch Graffiti hinterlassen. Im Bereich einer Grundschule in der Johann-Sebastian-Bach-Stra\u00dfe machten sich die T\u00e4ter im Zeitraum von Mittwoch, den 20.01., bis Donnerstag, den 21.01., an einer Wand zu schaffen. Weitere Graffiti-Schmierereien fand man im Bereich des Sportgel\u00e4ndes. Ein R\u00fcckschluss auf die Tatzeit hierf\u00fcr ist allerdings nicht mehr m\u00f6glich. Zuletzt machten sich die T\u00e4ter im Zeitraum von Freitag bis Samstag an der ehemaligen Feuerwehrhalle in der Raiffeisenstra\u00dfe zu schaffen und bespr\u00fchten die Tore mit schwarzer Farbe. Ob ein Tatzusammenhang besteht, bedarf noch weiterer Ermittlungen.<\/p>\n\n\n\n<p>Zeugen, die sachdienliche Hinweise zu den T\u00e4tern geben k\u00f6nnen, werden gebeten sich mit dem Polizeirevier Weinheim, Tel.: 06201\/1003-0, in Verbindung zu setzen.<\/p>\n","protected":false},"excerpt":{"rendered":"<div class=\"mh-excerpt\"><p>Polizeimeldungen vom Montag (25.01.2021) (Speyer) &#8211; Unbekannte T\u00e4ter berauben Jugendlichen am Bahnhof Am Sonntag gegen 19 Uhr wurde ein 16-j\u00e4hriger Jugendlicher aus Frankenthal am Hauptbahnhof Speyer seines Mobiltelefons beraubt. Er hielt sich zur Tatzeit am <a class=\"mh-excerpt-more\" href=\"https:\/\/speyer24news.com\/?p=32497\" title=\"Polizei\">[&#8230;]<\/a><\/p>\n<\/div>","protected":false},"author":3,"featured_media":0,"comment_status":"open","ping_status":"open","sticky":false,"template":"","format":"standard","meta":{"_monsterinsights_skip_tracking":false,"_monsterinsights_sitenote_active":false,"_monsterinsights_sitenote_note":"","_monsterinsights_sitenote_category":0,"footnotes":""},"categories":[12],"tags":[3614,61,2555,6955,6986,6263,63,105,6987,53,4854,4683,1548,102,213,55,5261,103,106,2803,2423,427,2625,380,104,979,1565],"aioseo_notices":[],"amp_enabled":true,"_links":{"self":[{"href":"https:\/\/speyer24news.com\/index.php?rest_route=\/wp\/v2\/posts\/32497"}],"collection":[{"href":"https:\/\/speyer24news.com\/index.php?rest_route=\/wp\/v2\/posts"}],"about":[{"href":"https:\/\/speyer24news.com\/index.php?rest_route=\/wp\/v2\/types\/post"}],"author":[{"embeddable":true,"href":"https:\/\/speyer24news.com\/index.php?rest_route=\/wp\/v2\/users\/3"}],"replies":[{"embeddable":true,"href":"https:\/\/speyer24news.com\/index.php?rest_route=%2Fwp%2Fv2%2Fcomments&post=32497"}],"version-history":[{"count":2,"href":"https:\/\/speyer24news.com\/index.php?rest_route=\/wp\/v2\/posts\/32497\/revisions"}],"predecessor-version":[{"id":32501,"href":"https:\/\/speyer24news.com\/index.php?rest_route=\/wp\/v2\/posts\/32497\/revisions\/32501"}],"wp:attachment":[{"href":"https:\/\/speyer24news.com\/index.php?rest_route=%2Fwp%2Fv2%2Fmedia&parent=32497"}],"wp:term":[{"taxonomy":"category","embeddable":true,"href":"https:\/\/speyer24news.com\/index.php?rest_route=%2Fwp%2Fv2%2Fcategories&post=32497"},{"taxonomy":"post_tag","embeddable":true,"href":"https:\/\/speyer24news.com\/index.php?rest_route=%2Fwp%2Fv2%2Ftags&post=32497"}],"curies":[{"name":"wp","href":"https:\/\/api.w.org\/{rel}","templated":true}]}}