{"id":32502,"date":"2021-01-25T18:46:26","date_gmt":"2021-01-25T17:46:26","guid":{"rendered":"https:\/\/speyer24news.com\/?p=32502"},"modified":"2021-01-25T18:46:26","modified_gmt":"2021-01-25T17:46:26","slug":"speyer-kultur-3","status":"publish","type":"post","link":"https:\/\/speyer24news.com\/?p=32502","title":{"rendered":"Speyer \/ Kultur"},"content":{"rendered":"<style type=\"text\/css\">\r\n\t.ads_top_disp{}\r\n\t.ads_top_corner_disp{ float:left; margin:0px 10px 10px 0px; }\r\n\t.ads_first_p_disp{}\r\n\t.ads_bottom_disp{}\r\n\t<\/style>\n<h2 class=\"wp-block-heading\"><strong>SchaufensterKunst \u2013 K\u00fcnstler*innen pr\u00e4sentieren ihre Arbeiten in Speyerer Gesch\u00e4ften<\/strong><\/h2>\n\n\n\n<div class=\"wp-block-image\"><figure class=\"aligncenter\"><img decoding=\"async\" loading=\"lazy\" width=\"800\" height=\"600\" src=\"https:\/\/speyer24news.com\/wp-content\/uploads\/2021\/01\/Gerdi-K\u00f6nig-bei-Stiller-Radsport-01.jpg\" alt=\"\" class=\"wp-image-32503\" srcset=\"https:\/\/speyer24news.com\/wp-content\/uploads\/2021\/01\/Gerdi-K\u00f6nig-bei-Stiller-Radsport-01.jpg 800w, https:\/\/speyer24news.com\/wp-content\/uploads\/2021\/01\/Gerdi-K\u00f6nig-bei-Stiller-Radsport-01-300x225.jpg 300w, https:\/\/speyer24news.com\/wp-content\/uploads\/2021\/01\/Gerdi-K\u00f6nig-bei-Stiller-Radsport-01-768x576.jpg 768w, https:\/\/speyer24news.com\/wp-content\/uploads\/2021\/01\/Gerdi-K\u00f6nig-bei-Stiller-Radsport-01-678x509.jpg 678w, https:\/\/speyer24news.com\/wp-content\/uploads\/2021\/01\/Gerdi-K\u00f6nig-bei-Stiller-Radsport-01-326x245.jpg 326w, https:\/\/speyer24news.com\/wp-content\/uploads\/2021\/01\/Gerdi-K\u00f6nig-bei-Stiller-Radsport-01-80x60.jpg 80w\" sizes=\"(max-width: 800px) 100vw, 800px\" \/><figcaption>Gerdi K\u00f6nig bei Stiller Radsport<\/figcaption><\/figure><\/div>\n\n\n\n<p>Nachdem s\u00e4mtliche Ausstellungsm\u00f6glichkeiten f\u00fcr bildende K\u00fcnstler*innen im zweiten Corona-Lockdown erneut wegfallen, hat das Kulturb\u00fcro der Stadt Speyer Einzelhandelsgesch\u00e4fte angefragt, ob sie bereit w\u00e4ren, ihre Schaufenster einen begrenzten Zeitraum f\u00fcr k\u00fcnstlerische Pr\u00e4sentationen zur Verf\u00fcgung zu stellen. Davon profitieren beide Partner: Gesch\u00e4fte erhalten Aufmerksamkeit f\u00fcr die neue \u201eSchaufensterKunst\u201c, K\u00fcnstler*innen k\u00f6nnen ihre Werke vorstellen und zum Verkauf anbieten.<br>Und das alles l\u00e4sst sich im Lockdown und bei geschlossenen Gesch\u00e4ften w\u00e4hrend eines Spaziergangs durch die Stadt genie\u00dfen und bewundern.<\/p>\n\n\n\n<div class=\"wp-block-image\"><figure class=\"aligncenter\"><img decoding=\"async\" loading=\"lazy\" width=\"500\" height=\"667\" src=\"https:\/\/speyer24news.com\/wp-content\/uploads\/2021\/01\/Gerdi-K\u00f6nig-bei-Stiller-Radsport-02.jpg\" alt=\"\" class=\"wp-image-32504\" srcset=\"https:\/\/speyer24news.com\/wp-content\/uploads\/2021\/01\/Gerdi-K\u00f6nig-bei-Stiller-Radsport-02.jpg 500w, https:\/\/speyer24news.com\/wp-content\/uploads\/2021\/01\/Gerdi-K\u00f6nig-bei-Stiller-Radsport-02-225x300.jpg 225w\" sizes=\"(max-width: 500px) 100vw, 500px\" \/><figcaption> Gerdi K\u00f6nig bei Stiller Radsport<\/figcaption><\/figure><\/div>\n\n\n\n<p>Oberb\u00fcrgermeisterin Stefanie Seiler und B\u00fcrgermeisterin Monika Kabs sehen darin ein gelungenes Beispiel f\u00fcr fruchtbare Kooperationen und den Zusammenhalt in der Stadt.<br>\u201eDie Innenstadt wird zu einem Ausstellungsraum, der allen Hygienekonzepten gerecht wird. Es ist ein Projekt, von dem H\u00e4ndler und K\u00fcnstler*innen gleicherma\u00dfen profitieren\u201c, so Seiler und Kabs.<br>\u201eEinige H\u00e4ndler haben W\u00fcnsche und Vorlieben\u201c, berichtet Fachbereichsleiter Matthias Nowack. Das Kulturb\u00fcro versucht dann den geeigneten K\u00fcnstler\/die geeignete K\u00fcnstlerin zu vermitteln.<\/p>\n\n\n\n<div class=\"wp-block-image\"><figure class=\"aligncenter\"><img decoding=\"async\" loading=\"lazy\" width=\"800\" height=\"680\" src=\"https:\/\/speyer24news.com\/wp-content\/uploads\/2021\/01\/Ren\u00e9-Buja-bei-Brillen-Bosslet-1.png\" alt=\"\" class=\"wp-image-32505\" srcset=\"https:\/\/speyer24news.com\/wp-content\/uploads\/2021\/01\/Ren\u00e9-Buja-bei-Brillen-Bosslet-1.png 800w, https:\/\/speyer24news.com\/wp-content\/uploads\/2021\/01\/Ren\u00e9-Buja-bei-Brillen-Bosslet-1-300x255.png 300w, https:\/\/speyer24news.com\/wp-content\/uploads\/2021\/01\/Ren\u00e9-Buja-bei-Brillen-Bosslet-1-768x653.png 768w\" sizes=\"(max-width: 800px) 100vw, 800px\" \/><figcaption>Ren\u00e9 Buja bei Brillen Bosslet<\/figcaption><\/figure><\/div>\n\n\n\n<p>Derzeit gibt es folgende Kooperationen mit K\u00fcnstler*innen, die bereits in Speyerer Schaufenstern sichtbar sind:<\/p>\n\n\n\n<ol><li>Gerdi K\u00f6nig &#8211; Fahrrad Stiller (Gilgenstra\u00dfe)<\/li><li>Silke Ballheimer &#8211; brillenhammer (CURACENTER)<\/li><li>Ren\u00e9 Buja \u2013 Brillen Bosslet (Gilgenstra\u00dfe)<\/li><li>Katja Meier-Chromik &#8211; Wein Wunderbar (Salzgasse)<\/li><li>Regina Reim \u2013 Buchhandlung Osiander (Wormser Stra\u00dfe)<\/li><\/ol>\n\n\n\n<div class=\"wp-block-image\"><figure class=\"aligncenter\"><img decoding=\"async\" loading=\"lazy\" width=\"800\" height=\"800\" src=\"https:\/\/speyer24news.com\/wp-content\/uploads\/2021\/01\/Ren\u00e9-Buja-bei-Brillen-Bosslet-2.jpeg\" alt=\"\" class=\"wp-image-32506\" srcset=\"https:\/\/speyer24news.com\/wp-content\/uploads\/2021\/01\/Ren\u00e9-Buja-bei-Brillen-Bosslet-2.jpeg 800w, https:\/\/speyer24news.com\/wp-content\/uploads\/2021\/01\/Ren\u00e9-Buja-bei-Brillen-Bosslet-2-150x150.jpeg 150w, https:\/\/speyer24news.com\/wp-content\/uploads\/2021\/01\/Ren\u00e9-Buja-bei-Brillen-Bosslet-2-300x300.jpeg 300w, https:\/\/speyer24news.com\/wp-content\/uploads\/2021\/01\/Ren\u00e9-Buja-bei-Brillen-Bosslet-2-768x768.jpeg 768w\" sizes=\"(max-width: 800px) 100vw, 800px\" \/><figcaption> Ren\u00e9 Buja bei Brillen Bosslet<\/figcaption><\/figure><\/div>\n\n\n\n<p>Es gibt weitere Interessenbekundungen von Speyerer Ladengesch\u00e4ften, die in den n\u00e4chsten Tagen realisiert werden sollen:<\/p>\n\n\n\n<ol><li>Aviva Beisel (Landauer Stra\u00dfe)<\/li><li>Kaufladen (Wormser Stra\u00dfe)<\/li><li>Kaffeer\u00f6sterei Schramm (Gilgenstra\u00dfe)<\/li><li>Modehaus Charlotte (Gutenbergstra\u00dfe)<\/li><li>Spei\u00b4rer Buchladen (Korngasse)<\/li><li>Frauenzimmer (Korngasse)<\/li><\/ol>\n\n\n\n<div class=\"wp-block-image\"><figure class=\"aligncenter\"><img decoding=\"async\" loading=\"lazy\" width=\"500\" height=\"625\" src=\"https:\/\/speyer24news.com\/wp-content\/uploads\/2021\/01\/Katja-Meier-Chromik-in-der-WeinWunderBar.jpeg\" alt=\"\" class=\"wp-image-32507\" srcset=\"https:\/\/speyer24news.com\/wp-content\/uploads\/2021\/01\/Katja-Meier-Chromik-in-der-WeinWunderBar.jpeg 500w, https:\/\/speyer24news.com\/wp-content\/uploads\/2021\/01\/Katja-Meier-Chromik-in-der-WeinWunderBar-240x300.jpeg 240w\" sizes=\"(max-width: 500px) 100vw, 500px\" \/><figcaption>Katja Meier-Chromik in der WeinWunderBar<\/figcaption><\/figure><\/div>\n\n\n\n<p>K\u00fcnstler*innen und Gesch\u00e4fte, die Interesse an weiteren Kooperationen haben, k\u00f6nnen sich im Kulturb\u00fcro der Stadt melden (<a rel=\"noreferrer noopener\" href=\"mailto:kulturbuero@stadt-speyer.de\" target=\"_blank\">kulturbuero@stadt-speyer.de<\/a>). Das Kulturb\u00fcro wird die Kontakte vermitteln.<\/p>\n\n\n\n<p>M\u00f6glicherweise l\u00e4sst sich daraus zu einem sp\u00e4teren Zeitpunkt eine Art \u201eCorona-Kunst-Wanderweg\u201c durch die Stadt entwickeln.<\/p>\n\n\n\n<p>\u00dcberlegt wird im Kulturb\u00fcro derzeit auch, ob leerstehende Gesch\u00e4fte in der Innenstadt in die Aktion miteinbezogen bzw. mitgenutzt werden k\u00f6nnen.<\/p>\n\n\n\n<p><em>Text: Stadt Speyer Foto: 1 &amp; 2 Gerdi K\u00f6nig; 3 &amp; 4 Ren\u00e9 Buja; 5 Katja Meier-Chromik<br>25.01.2021<\/em><\/p>\n","protected":false},"excerpt":{"rendered":"<div class=\"mh-excerpt\"><p>SchaufensterKunst \u2013 K\u00fcnstler*innen pr\u00e4sentieren ihre Arbeiten in Speyerer Gesch\u00e4ften Nachdem s\u00e4mtliche Ausstellungsm\u00f6glichkeiten f\u00fcr bildende K\u00fcnstler*innen im zweiten Corona-Lockdown erneut wegfallen, hat das Kulturb\u00fcro der Stadt Speyer Einzelhandelsgesch\u00e4fte angefragt, ob sie bereit w\u00e4ren, ihre Schaufenster einen <a class=\"mh-excerpt-more\" href=\"https:\/\/speyer24news.com\/?p=32502\" title=\"Speyer \/ Kultur\">[&#8230;]<\/a><\/p>\n<\/div>","protected":false},"author":3,"featured_media":0,"comment_status":"open","ping_status":"open","sticky":false,"template":"","format":"standard","meta":{"_monsterinsights_skip_tracking":false,"_monsterinsights_sitenote_active":false,"_monsterinsights_sitenote_note":"","_monsterinsights_sitenote_category":0,"footnotes":""},"categories":[14],"tags":[9455,9458,577,2200,9459,9457,9453,9454,9456,6],"aioseo_notices":[],"amp_enabled":true,"_links":{"self":[{"href":"https:\/\/speyer24news.com\/index.php?rest_route=\/wp\/v2\/posts\/32502"}],"collection":[{"href":"https:\/\/speyer24news.com\/index.php?rest_route=\/wp\/v2\/posts"}],"about":[{"href":"https:\/\/speyer24news.com\/index.php?rest_route=\/wp\/v2\/types\/post"}],"author":[{"embeddable":true,"href":"https:\/\/speyer24news.com\/index.php?rest_route=\/wp\/v2\/users\/3"}],"replies":[{"embeddable":true,"href":"https:\/\/speyer24news.com\/index.php?rest_route=%2Fwp%2Fv2%2Fcomments&post=32502"}],"version-history":[{"count":1,"href":"https:\/\/speyer24news.com\/index.php?rest_route=\/wp\/v2\/posts\/32502\/revisions"}],"predecessor-version":[{"id":32508,"href":"https:\/\/speyer24news.com\/index.php?rest_route=\/wp\/v2\/posts\/32502\/revisions\/32508"}],"wp:attachment":[{"href":"https:\/\/speyer24news.com\/index.php?rest_route=%2Fwp%2Fv2%2Fmedia&parent=32502"}],"wp:term":[{"taxonomy":"category","embeddable":true,"href":"https:\/\/speyer24news.com\/index.php?rest_route=%2Fwp%2Fv2%2Fcategories&post=32502"},{"taxonomy":"post_tag","embeddable":true,"href":"https:\/\/speyer24news.com\/index.php?rest_route=%2Fwp%2Fv2%2Ftags&post=32502"}],"curies":[{"name":"wp","href":"https:\/\/api.w.org\/{rel}","templated":true}]}}